{"id":270188,"date":"2017-06-25T08:46:27","date_gmt":"2017-06-25T06:46:27","guid":{"rendered":"http:\/\/hudo.com\/si\/?p=270188"},"modified":"2017-06-25T08:46:28","modified_gmt":"2017-06-25T06:46:28","slug":"lulajoci-manneken-pis-v-bruslju-bo-ze-cetrtic-oblecen-po-slovensko","status":"publish","type":"post","link":"https:\/\/hudo.com\/si\/aktualno\/lulajoci-manneken-pis-v-bruslju-bo-ze-cetrtic-oblecen-po-slovensko\/","title":{"rendered":"Lulajo\u010di Manneken Pis v Bruslju bo \u017ee \u010detrti\u010d oble\u010den po slovensko"},"content":{"rendered":"<p>Manneken Pis bo v slovensko no\u0161o oble\u010den \u017ee \u010detrti\u010d. Prvi\u010d so ga tako oblekli 30. aprila 2004, dan pred vstopom Slovenije v EU, drugi\u010d ob 20. obletnici osamosvojitve Slovenije, tretji\u010d pa lani, ob 25. obletnici samostojne dr\u017eave.<\/p>\n<p>Kipec, ki ga je v 17. stoletju izdelal Jerome Duqesnoy, je ena glavnih bruseljskih znamenitosti. Vsako leto si ga ogleda na tiso\u010de turistov, ki so pogosto presene\u010deni nad njegovo majhnostjo &#8211; visok je 60 centimetrov.<\/p>\n<p>Mannekena Pisa ob posebnih prilo\u017enostih oble\u010dejo v posebna obla\u010dila. Doslej si je nadel \u017ee ve\u010d kot 800 obla\u010dil, ki so mu jih podarile dr\u017eave, \u0161portniki, umetniki ali razli\u010dna interesna zdru\u017eenja. Vsa so na ogled v bruseljskem mestnem muzeju.<\/p>\n<p>De\u010dek, ki lula, domuje v sredi\u0161\u010du mesta, v bli\u017eini glavnega bruseljskega trga Grand Place. Nedale\u010d stran sta na dveh razli\u010dnih koncih tudi deklica, ki lula, in pes, ki lula, a sta precej manj slavna.<\/p>\n","protected":false},"excerpt":{"rendered":"<p>Znameniti bruseljski kipec Manneken Pis ali de\u010dek, ki lula, bo na dan dr\u017eavnosti danes popoldne znova odet v gorenjsko narodno no\u0161o. Ob tej prilo\u017enosti bo ob kipu ob 14. uri zbrane nagovoril predstavnik veleposlani\u0161tva, sledil pa bo nastop pevskega zbora Sveti Peter iz Rade\u010d pri Zidanem mostu, so sporo\u010dili s slovenskega veleposlani\u0161tva v Belgiji.<\/p>\n","protected":false},"author":7,"featured_media":270189,"comment_status":"closed","ping_status":"closed","sticky":false,"template":"","format":"standard","meta":{"footnotes":""},"categories":[1179],"tags":[4772,8984,1595],"source":[4511],"supertag":[],"acf":[],"yoast_head":"<!-- This site is optimized with the Yoast SEO plugin v21.3 - https:\/\/yoast.com\/wordpress\/plugins\/seo\/ -->\n<title>Lulajo\u010di Manneken Pis v Bruslju bo \u017ee \u010detrti\u010d oble\u010den po slovensko - Hudo Slovenija<\/title>\n<meta name=\"robots\" content=\"index, follow, max-snippet:-1, max-image-preview:large, max-video-preview:-1\" \/>\n<link rel=\"canonical\" href=\"https:\/\/hudo.com\/si\/aktualno\/lulajoci-manneken-pis-v-bruslju-bo-ze-cetrtic-oblecen-po-slovensko\/\" \/>\n<meta property=\"og:locale\" content=\"sl_SI\" \/>\n<meta property=\"og:type\" content=\"article\" \/>\n<meta property=\"og:title\" content=\"Lulajo\u010di Manneken Pis v Bruslju bo \u017ee \u010detrti\u010d oble\u010den po slovensko - Hudo Slovenija\" \/>\n<meta property=\"og:description\" content=\"Znameniti bruseljski kipec Manneken Pis ali de\u010dek, ki lula, bo na dan dr\u017eavnosti danes popoldne znova odet v gorenjsko narodno no\u0161o. Ob tej prilo\u017enosti bo ob kipu ob 14. uri zbrane nagovoril predstavnik veleposlani\u0161tva, sledil pa bo nastop pevskega zbora Sveti Peter iz Rade\u010d pri Zidanem mostu, so sporo\u010dili s slovenskega veleposlani\u0161tva v Belgiji.\" \/>\n<meta property=\"og:url\" content=\"https:\/\/hudo.com\/si\/aktualno\/lulajoci-manneken-pis-v-bruslju-bo-ze-cetrtic-oblecen-po-slovensko\/\" \/>\n<meta property=\"og:site_name\" content=\"Hudo Slovenija\" \/>\n<meta property=\"article:publisher\" content=\"https:\/\/www.facebook.com\/hudo.si\" \/>\n<meta property=\"article:published_time\" content=\"2017-06-25T06:46:27+00:00\" \/>\n<meta property=\"article:modified_time\" content=\"2017-06-25T06:46:28+00:00\" \/>\n<meta property=\"og:image\" content=\"https:\/\/hudo.com\/si\/wp-content\/uploads\/sites\/2\/2017\/06\/20160625-00703775.jpg\" \/>\n\t<meta property=\"og:image:width\" content=\"640\" \/>\n\t<meta property=\"og:image:height\" content=\"443\" \/>\n\t<meta property=\"og:image:type\" content=\"image\/jpeg\" \/>\n<meta name=\"author\" content=\"A. P., STA\" \/>\n<meta name=\"twitter:card\" content=\"summary_large_image\" \/>\n<meta name=\"twitter:creator\" content=\"@hudo_si\" \/>\n<meta name=\"twitter:site\" content=\"@hudo_si\" \/>\n<meta name=\"twitter:label1\" content=\"Written by\" \/>\n\t<meta name=\"twitter:data1\" content=\"A. P., STA\" \/>\n\t<meta name=\"twitter:label2\" content=\"Est. reading time\" \/>\n\t<meta name=\"twitter:data2\" content=\"1 minuta\" \/>\n<script type=\"application\/ld+json\" class=\"yoast-schema-graph\">{\"@context\":\"https:\/\/schema.org\",\"@graph\":[{\"@type\":\"Article\",\"@id\":\"https:\/\/hudo.com\/si\/aktualno\/lulajoci-manneken-pis-v-bruslju-bo-ze-cetrtic-oblecen-po-slovensko\/#article\",\"isPartOf\":{\"@id\":\"https:\/\/hudo.com\/si\/aktualno\/lulajoci-manneken-pis-v-bruslju-bo-ze-cetrtic-oblecen-po-slovensko\/\"},\"author\":{\"name\":\"A. P., STA\",\"@id\":\"https:\/\/hudo.com\/si\/#\/schema\/person\/18f09c02475ba9e606e941a565b80cff\"},\"headline\":\"Lulajo\u010di Manneken Pis v Bruslju bo \u017ee \u010detrti\u010d oble\u010den po slovensko\",\"datePublished\":\"2017-06-25T06:46:27+00:00\",\"dateModified\":\"2017-06-25T06:46:28+00:00\",\"mainEntityOfPage\":{\"@id\":\"https:\/\/hudo.com\/si\/aktualno\/lulajoci-manneken-pis-v-bruslju-bo-ze-cetrtic-oblecen-po-slovensko\/\"},\"wordCount\":166,\"publisher\":{\"@id\":\"https:\/\/hudo.com\/si\/#organization\"},\"keywords\":[\"Bruselj\",\"dan dr\u017eavnosti\",\"Slovenija\"],\"articleSection\":[\"Aktualno\"],\"inLanguage\":\"sl-SI\"},{\"@type\":\"WebPage\",\"@id\":\"https:\/\/hudo.com\/si\/aktualno\/lulajoci-manneken-pis-v-bruslju-bo-ze-cetrtic-oblecen-po-slovensko\/\",\"url\":\"https:\/\/hudo.com\/si\/aktualno\/lulajoci-manneken-pis-v-bruslju-bo-ze-cetrtic-oblecen-po-slovensko\/\",\"name\":\"Lulajo\u010di Manneken Pis v Bruslju bo \u017ee \u010detrti\u010d oble\u010den po slovensko - Hudo Slovenija\",\"isPartOf\":{\"@id\":\"https:\/\/hudo.com\/si\/#website\"},\"datePublished\":\"2017-06-25T06:46:27+00:00\",\"dateModified\":\"2017-06-25T06:46:28+00:00\",\"breadcrumb\":{\"@id\":\"https:\/\/hudo.com\/si\/aktualno\/lulajoci-manneken-pis-v-bruslju-bo-ze-cetrtic-oblecen-po-slovensko\/#breadcrumb\"},\"inLanguage\":\"sl-SI\",\"potentialAction\":[{\"@type\":\"ReadAction\",\"target\":[\"https:\/\/hudo.com\/si\/aktualno\/lulajoci-manneken-pis-v-bruslju-bo-ze-cetrtic-oblecen-po-slovensko\/\"]}]},{\"@type\":\"BreadcrumbList\",\"@id\":\"https:\/\/hudo.com\/si\/aktualno\/lulajoci-manneken-pis-v-bruslju-bo-ze-cetrtic-oblecen-po-slovensko\/#breadcrumb\",\"itemListElement\":[{\"@type\":\"ListItem\",\"position\":1,\"name\":\"Home\",\"item\":\"https:\/\/hudo.com\/si\/\"},{\"@type\":\"ListItem\",\"position\":2,\"name\":\"Lulajo\u010di Manneken Pis v Bruslju bo \u017ee \u010detrti\u010d oble\u010den po slovensko\"}]},{\"@type\":\"WebSite\",\"@id\":\"https:\/\/hudo.com\/si\/#website\",\"url\":\"https:\/\/hudo.com\/si\/\",\"name\":\"Hudo Slovenija\",\"description\":\"Vse novice iz Slovenije in sveta\",\"publisher\":{\"@id\":\"https:\/\/hudo.com\/si\/#organization\"},\"potentialAction\":[{\"@type\":\"SearchAction\",\"target\":{\"@type\":\"EntryPoint\",\"urlTemplate\":\"https:\/\/hudo.com\/si\/?s={search_term_string}\"},\"query-input\":\"required name=search_term_string\"}],\"inLanguage\":\"sl-SI\"},{\"@type\":\"Organization\",\"@id\":\"https:\/\/hudo.com\/si\/#organization\",\"name\":\"VSN Media\",\"url\":\"https:\/\/hudo.com\/si\/\",\"logo\":{\"@type\":\"ImageObject\",\"inLanguage\":\"sl-SI\",\"@id\":\"https:\/\/hudo.com\/si\/#\/schema\/logo\/image\/\",\"url\":\"https:\/\/hudo.com\/si\/wp-content\/uploads\/sites\/2\/2021\/03\/hudo-app-2.png\",\"contentUrl\":\"https:\/\/hudo.com\/si\/wp-content\/uploads\/sites\/2\/2021\/03\/hudo-app-2.png\",\"width\":2185,\"height\":2167,\"caption\":\"VSN Media\"},\"image\":{\"@id\":\"https:\/\/hudo.com\/si\/#\/schema\/logo\/image\/\"},\"sameAs\":[\"https:\/\/www.facebook.com\/hudo.si\",\"https:\/\/twitter.com\/hudo_si\"]},{\"@type\":\"Person\",\"@id\":\"https:\/\/hudo.com\/si\/#\/schema\/person\/18f09c02475ba9e606e941a565b80cff\",\"name\":\"A. P., STA\",\"image\":{\"@type\":\"ImageObject\",\"inLanguage\":\"sl-SI\",\"@id\":\"https:\/\/hudo.com\/si\/#\/schema\/person\/image\/\",\"url\":\"https:\/\/secure.gravatar.com\/avatar\/03eac8e609f5f04383125d80eaeaaf3e?s=96&d=mm&r=g\",\"contentUrl\":\"https:\/\/secure.gravatar.com\/avatar\/03eac8e609f5f04383125d80eaeaaf3e?s=96&d=mm&r=g\",\"caption\":\"A. P., STA\"},\"url\":\"https:\/\/hudo.com\/si\/author\/lubu\/\"}]}<\/script>\n<!-- \/ Yoast SEO plugin. -->","yoast_head_json":{"title":"Lulajo\u010di Manneken Pis v Bruslju bo \u017ee \u010detrti\u010d oble\u010den po slovensko - Hudo Slovenija","robots":{"index":"index","follow":"follow","max-snippet":"max-snippet:-1","max-image-preview":"max-image-preview:large","max-video-preview":"max-video-preview:-1"},"canonical":"https:\/\/hudo.com\/si\/aktualno\/lulajoci-manneken-pis-v-bruslju-bo-ze-cetrtic-oblecen-po-slovensko\/","og_locale":"sl_SI","og_type":"article","og_title":"Lulajo\u010di Manneken Pis v Bruslju bo \u017ee \u010detrti\u010d oble\u010den po slovensko - Hudo Slovenija","og_description":"Znameniti bruseljski kipec Manneken Pis ali de\u010dek, ki lula, bo na dan dr\u017eavnosti danes popoldne znova odet v gorenjsko narodno no\u0161o. Ob tej prilo\u017enosti bo ob kipu ob 14. uri zbrane nagovoril predstavnik veleposlani\u0161tva, sledil pa bo nastop pevskega zbora Sveti Peter iz Rade\u010d pri Zidanem mostu, so sporo\u010dili s slovenskega veleposlani\u0161tva v Belgiji.","og_url":"https:\/\/hudo.com\/si\/aktualno\/lulajoci-manneken-pis-v-bruslju-bo-ze-cetrtic-oblecen-po-slovensko\/","og_site_name":"Hudo Slovenija","article_publisher":"https:\/\/www.facebook.com\/hudo.si","article_published_time":"2017-06-25T06:46:27+00:00","article_modified_time":"2017-06-25T06:46:28+00:00","og_image":[{"width":640,"height":443,"url":"https:\/\/hudo.com\/si\/wp-content\/uploads\/sites\/2\/2017\/06\/20160625-00703775.jpg","type":"image\/jpeg"}],"author":"A. P., STA","twitter_card":"summary_large_image","twitter_creator":"@hudo_si","twitter_site":"@hudo_si","twitter_misc":{"Written by":"A. P., STA","Est. reading time":"1 minuta"},"schema":{"@context":"https:\/\/schema.org","@graph":[{"@type":"Article","@id":"https:\/\/hudo.com\/si\/aktualno\/lulajoci-manneken-pis-v-bruslju-bo-ze-cetrtic-oblecen-po-slovensko\/#article","isPartOf":{"@id":"https:\/\/hudo.com\/si\/aktualno\/lulajoci-manneken-pis-v-bruslju-bo-ze-cetrtic-oblecen-po-slovensko\/"},"author":{"name":"A. P., STA","@id":"https:\/\/hudo.com\/si\/#\/schema\/person\/18f09c02475ba9e606e941a565b80cff"},"headline":"Lulajo\u010di Manneken Pis v Bruslju bo \u017ee \u010detrti\u010d oble\u010den po slovensko","datePublished":"2017-06-25T06:46:27+00:00","dateModified":"2017-06-25T06:46:28+00:00","mainEntityOfPage":{"@id":"https:\/\/hudo.com\/si\/aktualno\/lulajoci-manneken-pis-v-bruslju-bo-ze-cetrtic-oblecen-po-slovensko\/"},"wordCount":166,"publisher":{"@id":"https:\/\/hudo.com\/si\/#organization"},"keywords":["Bruselj","dan dr\u017eavnosti","Slovenija"],"articleSection":["Aktualno"],"inLanguage":"sl-SI"},{"@type":"WebPage","@id":"https:\/\/hudo.com\/si\/aktualno\/lulajoci-manneken-pis-v-bruslju-bo-ze-cetrtic-oblecen-po-slovensko\/","url":"https:\/\/hudo.com\/si\/aktualno\/lulajoci-manneken-pis-v-bruslju-bo-ze-cetrtic-oblecen-po-slovensko\/","name":"Lulajo\u010di Manneken Pis v Bruslju bo \u017ee \u010detrti\u010d oble\u010den po slovensko - Hudo Slovenija","isPartOf":{"@id":"https:\/\/hudo.com\/si\/#website"},"datePublished":"2017-06-25T06:46:27+00:00","dateModified":"2017-06-25T06:46:28+00:00","breadcrumb":{"@id":"https:\/\/hudo.com\/si\/aktualno\/lulajoci-manneken-pis-v-bruslju-bo-ze-cetrtic-oblecen-po-slovensko\/#breadcrumb"},"inLanguage":"sl-SI","potentialAction":[{"@type":"ReadAction","target":["https:\/\/hudo.com\/si\/aktualno\/lulajoci-manneken-pis-v-bruslju-bo-ze-cetrtic-oblecen-po-slovensko\/"]}]},{"@type":"BreadcrumbList","@id":"https:\/\/hudo.com\/si\/aktualno\/lulajoci-manneken-pis-v-bruslju-bo-ze-cetrtic-oblecen-po-slovensko\/#breadcrumb","itemListElement":[{"@type":"ListItem","position":1,"name":"Home","item":"https:\/\/hudo.com\/si\/"},{"@type":"ListItem","position":2,"name":"Lulajo\u010di Manneken Pis v Bruslju bo \u017ee \u010detrti\u010d oble\u010den po slovensko"}]},{"@type":"WebSite","@id":"https:\/\/hudo.com\/si\/#website","url":"https:\/\/hudo.com\/si\/","name":"Hudo Slovenija","description":"Vse novice iz Slovenije in sveta","publisher":{"@id":"https:\/\/hudo.com\/si\/#organization"},"potentialAction":[{"@type":"SearchAction","target":{"@type":"EntryPoint","urlTemplate":"https:\/\/hudo.com\/si\/?s={search_term_string}"},"query-input":"required name=search_term_string"}],"inLanguage":"sl-SI"},{"@type":"Organization","@id":"https:\/\/hudo.com\/si\/#organization","name":"VSN Media","url":"https:\/\/hudo.com\/si\/","logo":{"@type":"ImageObject","inLanguage":"sl-SI","@id":"https:\/\/hudo.com\/si\/#\/schema\/logo\/image\/","url":"https:\/\/hudo.com\/si\/wp-content\/uploads\/sites\/2\/2021\/03\/hudo-app-2.png","contentUrl":"https:\/\/hudo.com\/si\/wp-content\/uploads\/sites\/2\/2021\/03\/hudo-app-2.png","width":2185,"height":2167,"caption":"VSN Media"},"image":{"@id":"https:\/\/hudo.com\/si\/#\/schema\/logo\/image\/"},"sameAs":["https:\/\/www.facebook.com\/hudo.si","https:\/\/twitter.com\/hudo_si"]},{"@type":"Person","@id":"https:\/\/hudo.com\/si\/#\/schema\/person\/18f09c02475ba9e606e941a565b80cff","name":"A. P., STA","image":{"@type":"ImageObject","inLanguage":"sl-SI","@id":"https:\/\/hudo.com\/si\/#\/schema\/person\/image\/","url":"https:\/\/secure.gravatar.com\/avatar\/03eac8e609f5f04383125d80eaeaaf3e?s=96&d=mm&r=g","contentUrl":"https:\/\/secure.gravatar.com\/avatar\/03eac8e609f5f04383125d80eaeaaf3e?s=96&d=mm&r=g","caption":"A. P., STA"},"url":"https:\/\/hudo.com\/si\/author\/lubu\/"}]}},"amp_enabled":true,"_links":{"self":[{"href":"https:\/\/hudo.com\/si\/wp-json\/wp\/v2\/posts\/270188"}],"collection":[{"href":"https:\/\/hudo.com\/si\/wp-json\/wp\/v2\/posts"}],"about":[{"href":"https:\/\/hudo.com\/si\/wp-json\/wp\/v2\/types\/post"}],"author":[{"embeddable":true,"href":"https:\/\/hudo.com\/si\/wp-json\/wp\/v2\/users\/7"}],"replies":[{"embeddable":true,"href":"https:\/\/hudo.com\/si\/wp-json\/wp\/v2\/comments?post=270188"}],"version-history":[{"count":1,"href":"https:\/\/hudo.com\/si\/wp-json\/wp\/v2\/posts\/270188\/revisions"}],"predecessor-version":[{"id":270190,"href":"https:\/\/hudo.com\/si\/wp-json\/wp\/v2\/posts\/270188\/revisions\/270190"}],"wp:featuredmedia":[{"embeddable":true,"href":"https:\/\/hudo.com\/si\/wp-json\/wp\/v2\/media\/270189"}],"wp:attachment":[{"href":"https:\/\/hudo.com\/si\/wp-json\/wp\/v2\/media?parent=270188"}],"wp:term":[{"taxonomy":"category","embeddable":true,"href":"https:\/\/hudo.com\/si\/wp-json\/wp\/v2\/categories?post=270188"},{"taxonomy":"post_tag","embeddable":true,"href":"https:\/\/hudo.com\/si\/wp-json\/wp\/v2\/tags?post=270188"},{"taxonomy":"source","embeddable":true,"href":"https:\/\/hudo.com\/si\/wp-json\/wp\/v2\/source?post=270188"},{"taxonomy":"supertag","embeddable":true,"href":"https:\/\/hudo.com\/si\/wp-json\/wp\/v2\/supertag?post=270188"}],"curies":[{"name":"wp","href":"https:\/\/api.w.org\/{rel}","templated":true}]}}