{"id":270734,"date":"2017-06-26T18:04:00","date_gmt":"2017-06-26T16:04:00","guid":{"rendered":"http:\/\/hudo.com\/si\/2017\/06\/26\/prvi-poletni-dez-ni-zaustavil-solinarjev\/"},"modified":"2017-06-26T18:04:00","modified_gmt":"2017-06-26T16:04:00","slug":"prvi-poletni-dez-ni-zaustavil-solinarjev","status":"publish","type":"post","link":"https:\/\/hudo.com\/si\/aktualno\/prvi-poletni-dez-ni-zaustavil-solinarjev\/","title":{"rendered":"Prvi poletni de\u017e ni zaustavil solinarjev"},"content":{"rendered":"<p>Kategorija: Podjetja Mon, 26 Jun 2017 20:04:00 +0200  \u00bbVe\u010dino normalnih sezon za\u010dnemo med 15. in 20. junijem. Je pa slanica tako gosta, da nedeljska ploha ni za dalj \u010dasa ustavila na\u0161ega dela. Samo en dan potrebujemo za ponovno grabljenje kupov soli,\u00ab pove najbolj izku\u0161en med solinarji. V prvih desetih dneh, ko proizvodnja \u0161e ni v polnem zamahu, so je pridelali pribli\u017eno 100 ton. Dario Sau \u017ee toliko pozna poletne vremenske razmere, da si upa napovedati \u0161e eno dobro letino. Lani so kljub poznemu za\u010detku na koncu pridelali okoli 2500 ton soli, od tega 1000 ton industrijske in 1500 ton prehrambne. Tri leta priprav za dobro petolo \u00bbProdali smo skoraj 1200 ton jedilne, njena cena se giblje med 90 centi in 1,09 evra za kilogram. \u010ce bo vse po sre\u010di, bomo tudi letos pove\u010dali prodajo jedilne soli za\u00a0&#8230;<\/p>\n","protected":false},"excerpt":{"rendered":"<p>Kategorija: Podjetja Mon, 26 Jun 2017 20:04:00 +0200  \u00bbVe\u010dino normalnih sezon za\u010dnemo med 15. in 20. junijem. Je pa slanica tako gosta, da nedeljska ploha ni za dalj \u010dasa ustavila na\u0161ega dela. Samo en dan potrebujemo za ponovno grabljenje kupov soli,\u00ab pove najbolj izku\u0161en med solinarji. V prvih desetih dneh, ko proizvodnja \u0161e ni v polnem zamahu, so je pridelali pribli\u017eno 100 ton. Dario Sau \u017ee toliko pozna poletne vremenske razmere, da si upa napovedati \u0161e eno dobro letino. Lani so kljub poznemu za\u010detku na koncu pridelali okoli 2500 ton soli, od tega 1000 ton industrijske in 1500 ton prehrambne. Tri leta priprav za dobro petolo \u00bbProdali smo skoraj 1200 ton jedilne, njena cena se giblje med 90 centi in 1,09 evra za kilogram. \u010ce bo vse po sre\u010di, bomo tudi letos pove\u010dali prodajo jedilne soli za\u00a0&#8230;<\/p>\n","protected":false},"author":1,"featured_media":0,"comment_status":"closed","ping_status":"closed","sticky":false,"template":"","format":"standard","meta":{"footnotes":""},"categories":[1179],"tags":[],"source":[1703],"supertag":[],"acf":[],"yoast_head":"<!-- This site is optimized with the Yoast SEO plugin v21.3 - https:\/\/yoast.com\/wordpress\/plugins\/seo\/ -->\n<title>Prvi poletni de\u017e ni zaustavil solinarjev - Hudo Slovenija<\/title>\n<meta name=\"robots\" content=\"index, follow, max-snippet:-1, max-image-preview:large, max-video-preview:-1\" \/>\n<link rel=\"canonical\" href=\"https:\/\/hudo.com\/si\/aktualno\/prvi-poletni-dez-ni-zaustavil-solinarjev\/\" \/>\n<meta property=\"og:locale\" content=\"sl_SI\" \/>\n<meta property=\"og:type\" content=\"article\" \/>\n<meta property=\"og:title\" content=\"Prvi poletni de\u017e ni zaustavil solinarjev - Hudo Slovenija\" \/>\n<meta property=\"og:description\" content=\"Kategorija: Podjetja Mon, 26 Jun 2017 20:04:00 +0200 \u00bbVe\u010dino normalnih sezon za\u010dnemo med 15. in 20. junijem. Je pa slanica tako gosta, da nedeljska ploha ni za dalj \u010dasa ustavila na\u0161ega dela. Samo en dan potrebujemo za ponovno grabljenje kupov soli,\u00ab pove najbolj izku\u0161en med solinarji. V prvih desetih dneh, ko proizvodnja \u0161e ni v polnem zamahu, so je pridelali pribli\u017eno 100 ton. Dario Sau \u017ee toliko pozna poletne vremenske razmere, da si upa napovedati \u0161e eno dobro letino. Lani so kljub poznemu za\u010detku na koncu pridelali okoli 2500 ton soli, od tega 1000 ton industrijske in 1500 ton prehrambne. Tri leta priprav za dobro petolo \u00bbProdali smo skoraj 1200 ton jedilne, njena cena se giblje med 90 centi in 1,09 evra za kilogram. \u010ce bo vse po sre\u010di, bomo tudi letos pove\u010dali prodajo jedilne soli za\u00a0...\" \/>\n<meta property=\"og:url\" content=\"https:\/\/hudo.com\/si\/aktualno\/prvi-poletni-dez-ni-zaustavil-solinarjev\/\" \/>\n<meta property=\"og:site_name\" content=\"Hudo Slovenija\" \/>\n<meta property=\"article:publisher\" content=\"https:\/\/www.facebook.com\/hudo.si\" \/>\n<meta property=\"article:published_time\" content=\"2017-06-26T16:04:00+00:00\" \/>\n<meta property=\"og:image\" content=\"https:\/\/hudo.com\/si\/wp-content\/uploads\/sites\/2\/2017\/06\/480x290_Zadnja_stran__Delo_Foto_201.49_hires0.jpeg\" \/>\n\t<meta property=\"og:image:width\" content=\"480\" \/>\n\t<meta property=\"og:image:height\" content=\"290\" \/>\n\t<meta property=\"og:image:type\" content=\"image\/jpeg\" \/>\n<meta name=\"author\" content=\"hudo\" \/>\n<meta name=\"twitter:card\" content=\"summary_large_image\" \/>\n<meta name=\"twitter:creator\" content=\"@hudo_si\" \/>\n<meta name=\"twitter:site\" content=\"@hudo_si\" \/>\n<meta name=\"twitter:label1\" content=\"Written by\" \/>\n\t<meta name=\"twitter:data1\" content=\"hudo\" \/>\n\t<meta name=\"twitter:label2\" content=\"Est. reading time\" \/>\n\t<meta name=\"twitter:data2\" content=\"1 minuta\" \/>\n<script type=\"application\/ld+json\" class=\"yoast-schema-graph\">{\"@context\":\"https:\/\/schema.org\",\"@graph\":[{\"@type\":\"Article\",\"@id\":\"https:\/\/hudo.com\/si\/aktualno\/prvi-poletni-dez-ni-zaustavil-solinarjev\/#article\",\"isPartOf\":{\"@id\":\"https:\/\/hudo.com\/si\/aktualno\/prvi-poletni-dez-ni-zaustavil-solinarjev\/\"},\"author\":{\"name\":\"hudo\",\"@id\":\"https:\/\/hudo.com\/si\/#\/schema\/person\/601cf3379633985b20f7e50f2bb47707\"},\"headline\":\"Prvi poletni de\u017e ni zaustavil solinarjev\",\"datePublished\":\"2017-06-26T16:04:00+00:00\",\"dateModified\":\"2017-06-26T16:04:00+00:00\",\"mainEntityOfPage\":{\"@id\":\"https:\/\/hudo.com\/si\/aktualno\/prvi-poletni-dez-ni-zaustavil-solinarjev\/\"},\"wordCount\":138,\"publisher\":{\"@id\":\"https:\/\/hudo.com\/si\/#organization\"},\"articleSection\":[\"Aktualno\"],\"inLanguage\":\"sl-SI\"},{\"@type\":\"WebPage\",\"@id\":\"https:\/\/hudo.com\/si\/aktualno\/prvi-poletni-dez-ni-zaustavil-solinarjev\/\",\"url\":\"https:\/\/hudo.com\/si\/aktualno\/prvi-poletni-dez-ni-zaustavil-solinarjev\/\",\"name\":\"Prvi poletni de\u017e ni zaustavil solinarjev - Hudo Slovenija\",\"isPartOf\":{\"@id\":\"https:\/\/hudo.com\/si\/#website\"},\"datePublished\":\"2017-06-26T16:04:00+00:00\",\"dateModified\":\"2017-06-26T16:04:00+00:00\",\"breadcrumb\":{\"@id\":\"https:\/\/hudo.com\/si\/aktualno\/prvi-poletni-dez-ni-zaustavil-solinarjev\/#breadcrumb\"},\"inLanguage\":\"sl-SI\",\"potentialAction\":[{\"@type\":\"ReadAction\",\"target\":[\"https:\/\/hudo.com\/si\/aktualno\/prvi-poletni-dez-ni-zaustavil-solinarjev\/\"]}]},{\"@type\":\"BreadcrumbList\",\"@id\":\"https:\/\/hudo.com\/si\/aktualno\/prvi-poletni-dez-ni-zaustavil-solinarjev\/#breadcrumb\",\"itemListElement\":[{\"@type\":\"ListItem\",\"position\":1,\"name\":\"Home\",\"item\":\"https:\/\/hudo.com\/si\/\"},{\"@type\":\"ListItem\",\"position\":2,\"name\":\"Prvi poletni de\u017e ni zaustavil solinarjev\"}]},{\"@type\":\"WebSite\",\"@id\":\"https:\/\/hudo.com\/si\/#website\",\"url\":\"https:\/\/hudo.com\/si\/\",\"name\":\"Hudo Slovenija\",\"description\":\"Vse novice iz Slovenije in sveta\",\"publisher\":{\"@id\":\"https:\/\/hudo.com\/si\/#organization\"},\"potentialAction\":[{\"@type\":\"SearchAction\",\"target\":{\"@type\":\"EntryPoint\",\"urlTemplate\":\"https:\/\/hudo.com\/si\/?s={search_term_string}\"},\"query-input\":\"required name=search_term_string\"}],\"inLanguage\":\"sl-SI\"},{\"@type\":\"Organization\",\"@id\":\"https:\/\/hudo.com\/si\/#organization\",\"name\":\"VSN Media\",\"url\":\"https:\/\/hudo.com\/si\/\",\"logo\":{\"@type\":\"ImageObject\",\"inLanguage\":\"sl-SI\",\"@id\":\"https:\/\/hudo.com\/si\/#\/schema\/logo\/image\/\",\"url\":\"https:\/\/hudo.com\/si\/wp-content\/uploads\/sites\/2\/2021\/03\/hudo-app-2.png\",\"contentUrl\":\"https:\/\/hudo.com\/si\/wp-content\/uploads\/sites\/2\/2021\/03\/hudo-app-2.png\",\"width\":2185,\"height\":2167,\"caption\":\"VSN Media\"},\"image\":{\"@id\":\"https:\/\/hudo.com\/si\/#\/schema\/logo\/image\/\"},\"sameAs\":[\"https:\/\/www.facebook.com\/hudo.si\",\"https:\/\/twitter.com\/hudo_si\"]},{\"@type\":\"Person\",\"@id\":\"https:\/\/hudo.com\/si\/#\/schema\/person\/601cf3379633985b20f7e50f2bb47707\",\"name\":\"hudo\",\"image\":{\"@type\":\"ImageObject\",\"inLanguage\":\"sl-SI\",\"@id\":\"https:\/\/hudo.com\/si\/#\/schema\/person\/image\/\",\"url\":\"https:\/\/secure.gravatar.com\/avatar\/c4ca25fa72cace7a696b52ff5db9e095?s=96&d=mm&r=g\",\"contentUrl\":\"https:\/\/secure.gravatar.com\/avatar\/c4ca25fa72cace7a696b52ff5db9e095?s=96&d=mm&r=g\",\"caption\":\"hudo\"},\"url\":\"https:\/\/hudo.com\/si\/author\/hudo\/\"}]}<\/script>\n<!-- \/ Yoast SEO plugin. -->","yoast_head_json":{"title":"Prvi poletni de\u017e ni zaustavil solinarjev - Hudo Slovenija","robots":{"index":"index","follow":"follow","max-snippet":"max-snippet:-1","max-image-preview":"max-image-preview:large","max-video-preview":"max-video-preview:-1"},"canonical":"https:\/\/hudo.com\/si\/aktualno\/prvi-poletni-dez-ni-zaustavil-solinarjev\/","og_locale":"sl_SI","og_type":"article","og_title":"Prvi poletni de\u017e ni zaustavil solinarjev - Hudo Slovenija","og_description":"Kategorija: Podjetja Mon, 26 Jun 2017 20:04:00 +0200 \u00bbVe\u010dino normalnih sezon za\u010dnemo med 15. in 20. junijem. Je pa slanica tako gosta, da nedeljska ploha ni za dalj \u010dasa ustavila na\u0161ega dela. Samo en dan potrebujemo za ponovno grabljenje kupov soli,\u00ab pove najbolj izku\u0161en med solinarji. V prvih desetih dneh, ko proizvodnja \u0161e ni v polnem zamahu, so je pridelali pribli\u017eno 100 ton. Dario Sau \u017ee toliko pozna poletne vremenske razmere, da si upa napovedati \u0161e eno dobro letino. Lani so kljub poznemu za\u010detku na koncu pridelali okoli 2500 ton soli, od tega 1000 ton industrijske in 1500 ton prehrambne. Tri leta priprav za dobro petolo \u00bbProdali smo skoraj 1200 ton jedilne, njena cena se giblje med 90 centi in 1,09 evra za kilogram. \u010ce bo vse po sre\u010di, bomo tudi letos pove\u010dali prodajo jedilne soli za\u00a0...","og_url":"https:\/\/hudo.com\/si\/aktualno\/prvi-poletni-dez-ni-zaustavil-solinarjev\/","og_site_name":"Hudo Slovenija","article_publisher":"https:\/\/www.facebook.com\/hudo.si","article_published_time":"2017-06-26T16:04:00+00:00","og_image":[{"width":480,"height":290,"url":"https:\/\/hudo.com\/si\/wp-content\/uploads\/sites\/2\/2017\/06\/480x290_Zadnja_stran__Delo_Foto_201.49_hires0.jpeg","type":"image\/jpeg"}],"author":"hudo","twitter_card":"summary_large_image","twitter_creator":"@hudo_si","twitter_site":"@hudo_si","twitter_misc":{"Written by":"hudo","Est. reading time":"1 minuta"},"schema":{"@context":"https:\/\/schema.org","@graph":[{"@type":"Article","@id":"https:\/\/hudo.com\/si\/aktualno\/prvi-poletni-dez-ni-zaustavil-solinarjev\/#article","isPartOf":{"@id":"https:\/\/hudo.com\/si\/aktualno\/prvi-poletni-dez-ni-zaustavil-solinarjev\/"},"author":{"name":"hudo","@id":"https:\/\/hudo.com\/si\/#\/schema\/person\/601cf3379633985b20f7e50f2bb47707"},"headline":"Prvi poletni de\u017e ni zaustavil solinarjev","datePublished":"2017-06-26T16:04:00+00:00","dateModified":"2017-06-26T16:04:00+00:00","mainEntityOfPage":{"@id":"https:\/\/hudo.com\/si\/aktualno\/prvi-poletni-dez-ni-zaustavil-solinarjev\/"},"wordCount":138,"publisher":{"@id":"https:\/\/hudo.com\/si\/#organization"},"articleSection":["Aktualno"],"inLanguage":"sl-SI"},{"@type":"WebPage","@id":"https:\/\/hudo.com\/si\/aktualno\/prvi-poletni-dez-ni-zaustavil-solinarjev\/","url":"https:\/\/hudo.com\/si\/aktualno\/prvi-poletni-dez-ni-zaustavil-solinarjev\/","name":"Prvi poletni de\u017e ni zaustavil solinarjev - Hudo Slovenija","isPartOf":{"@id":"https:\/\/hudo.com\/si\/#website"},"datePublished":"2017-06-26T16:04:00+00:00","dateModified":"2017-06-26T16:04:00+00:00","breadcrumb":{"@id":"https:\/\/hudo.com\/si\/aktualno\/prvi-poletni-dez-ni-zaustavil-solinarjev\/#breadcrumb"},"inLanguage":"sl-SI","potentialAction":[{"@type":"ReadAction","target":["https:\/\/hudo.com\/si\/aktualno\/prvi-poletni-dez-ni-zaustavil-solinarjev\/"]}]},{"@type":"BreadcrumbList","@id":"https:\/\/hudo.com\/si\/aktualno\/prvi-poletni-dez-ni-zaustavil-solinarjev\/#breadcrumb","itemListElement":[{"@type":"ListItem","position":1,"name":"Home","item":"https:\/\/hudo.com\/si\/"},{"@type":"ListItem","position":2,"name":"Prvi poletni de\u017e ni zaustavil solinarjev"}]},{"@type":"WebSite","@id":"https:\/\/hudo.com\/si\/#website","url":"https:\/\/hudo.com\/si\/","name":"Hudo Slovenija","description":"Vse novice iz Slovenije in sveta","publisher":{"@id":"https:\/\/hudo.com\/si\/#organization"},"potentialAction":[{"@type":"SearchAction","target":{"@type":"EntryPoint","urlTemplate":"https:\/\/hudo.com\/si\/?s={search_term_string}"},"query-input":"required name=search_term_string"}],"inLanguage":"sl-SI"},{"@type":"Organization","@id":"https:\/\/hudo.com\/si\/#organization","name":"VSN Media","url":"https:\/\/hudo.com\/si\/","logo":{"@type":"ImageObject","inLanguage":"sl-SI","@id":"https:\/\/hudo.com\/si\/#\/schema\/logo\/image\/","url":"https:\/\/hudo.com\/si\/wp-content\/uploads\/sites\/2\/2021\/03\/hudo-app-2.png","contentUrl":"https:\/\/hudo.com\/si\/wp-content\/uploads\/sites\/2\/2021\/03\/hudo-app-2.png","width":2185,"height":2167,"caption":"VSN Media"},"image":{"@id":"https:\/\/hudo.com\/si\/#\/schema\/logo\/image\/"},"sameAs":["https:\/\/www.facebook.com\/hudo.si","https:\/\/twitter.com\/hudo_si"]},{"@type":"Person","@id":"https:\/\/hudo.com\/si\/#\/schema\/person\/601cf3379633985b20f7e50f2bb47707","name":"hudo","image":{"@type":"ImageObject","inLanguage":"sl-SI","@id":"https:\/\/hudo.com\/si\/#\/schema\/person\/image\/","url":"https:\/\/secure.gravatar.com\/avatar\/c4ca25fa72cace7a696b52ff5db9e095?s=96&d=mm&r=g","contentUrl":"https:\/\/secure.gravatar.com\/avatar\/c4ca25fa72cace7a696b52ff5db9e095?s=96&d=mm&r=g","caption":"hudo"},"url":"https:\/\/hudo.com\/si\/author\/hudo\/"}]}},"amp_enabled":true,"_links":{"self":[{"href":"https:\/\/hudo.com\/si\/wp-json\/wp\/v2\/posts\/270734"}],"collection":[{"href":"https:\/\/hudo.com\/si\/wp-json\/wp\/v2\/posts"}],"about":[{"href":"https:\/\/hudo.com\/si\/wp-json\/wp\/v2\/types\/post"}],"author":[{"embeddable":true,"href":"https:\/\/hudo.com\/si\/wp-json\/wp\/v2\/users\/1"}],"replies":[{"embeddable":true,"href":"https:\/\/hudo.com\/si\/wp-json\/wp\/v2\/comments?post=270734"}],"version-history":[{"count":0,"href":"https:\/\/hudo.com\/si\/wp-json\/wp\/v2\/posts\/270734\/revisions"}],"wp:attachment":[{"href":"https:\/\/hudo.com\/si\/wp-json\/wp\/v2\/media?parent=270734"}],"wp:term":[{"taxonomy":"category","embeddable":true,"href":"https:\/\/hudo.com\/si\/wp-json\/wp\/v2\/categories?post=270734"},{"taxonomy":"post_tag","embeddable":true,"href":"https:\/\/hudo.com\/si\/wp-json\/wp\/v2\/tags?post=270734"},{"taxonomy":"source","embeddable":true,"href":"https:\/\/hudo.com\/si\/wp-json\/wp\/v2\/source?post=270734"},{"taxonomy":"supertag","embeddable":true,"href":"https:\/\/hudo.com\/si\/wp-json\/wp\/v2\/supertag?post=270734"}],"curies":[{"name":"wp","href":"https:\/\/api.w.org\/{rel}","templated":true}]}}