{"id":270744,"date":"2017-06-26T17:54:00","date_gmt":"2017-06-26T15:54:00","guid":{"rendered":"http:\/\/hudo.com\/si\/2017\/06\/26\/stirje-slovenci-na-letosnjem-touru\/"},"modified":"2017-06-26T17:54:00","modified_gmt":"2017-06-26T15:54:00","slug":"stirje-slovenci-na-letosnjem-touru","status":"publish","type":"post","link":"https:\/\/hudo.com\/si\/aktualno\/stirje-slovenci-na-letosnjem-touru\/","title":{"rendered":"\u0160tirje Slovenci na leto\u0161njem Touru"},"content":{"rendered":"<p>Kategorija: Kolesarstvo Mon, 26 Jun 2017 19:54:00 +0200  Ljubljana &#8211; V soboto se za\u010denja 104. izvedba najve\u010dje kolesarske dirke na svetu. Letos bodo na Touru nastopili \u0161tirje slovenski kolesarji. Barve Bahraina Meride bodo zastopali dr\u017eavni podprvak v cestni vo\u017enji Grega Bole ter Borut Bo\u017ei\u010d in Janez Brajkovi\u010d, za nizozemsko ekipo LottoNL-Jumbo pa bo nastopil Primo\u017e Rogli\u010d. \u00a0 Za slednjega bo to prvi nastop na tej dirki, \u017ee prvi dan pa bo imel tudi prilo\u017enost za to, da oble\u010de rumeno majico, saj se leto\u0161nji Tour za\u010dne s kronometrom v D\u00fcsseldorfu. Ostali trije kolesarji imajo z nastopanjem na francoski pentlji \u017ee nekaj ve\u010d izku\u0161enj, tokrat pa bodo na Touru v vlogi pomo\u010dnikov, saj ekipa ra\u010duna predvsem na boj za zeleno majico, v katerega naj bi se vme\u0161al Italijan\u00a0Sonny Colbrelli. \u00a0\u00a0 Leto\u0161nji Tour bo sicer potekal v \u0161tirih dr\u017eavah, saj se bodo kolesarji\u00a0&#8230;<\/p>\n","protected":false},"excerpt":{"rendered":"<p>Kategorija: Kolesarstvo Mon, 26 Jun 2017 19:54:00 +0200  Ljubljana &#8211; V soboto se za\u010denja 104. izvedba najve\u010dje kolesarske dirke na svetu. Letos bodo na Touru nastopili \u0161tirje slovenski kolesarji. Barve Bahraina Meride bodo zastopali dr\u017eavni podprvak v cestni vo\u017enji Grega Bole ter Borut Bo\u017ei\u010d in Janez Brajkovi\u010d, za nizozemsko ekipo LottoNL-Jumbo pa bo nastopil Primo\u017e Rogli\u010d. \u00a0 Za slednjega bo to prvi nastop na tej dirki, \u017ee prvi dan pa bo imel tudi prilo\u017enost za to, da oble\u010de rumeno majico, saj se leto\u0161nji Tour za\u010dne s kronometrom v D\u00fcsseldorfu. Ostali trije kolesarji imajo z nastopanjem na francoski pentlji \u017ee nekaj ve\u010d izku\u0161enj, tokrat pa bodo na Touru v vlogi pomo\u010dnikov, saj ekipa ra\u010duna predvsem na boj za zeleno majico, v katerega naj bi se vme\u0161al Italijan\u00a0Sonny Colbrelli. \u00a0\u00a0 Leto\u0161nji Tour bo sicer potekal v \u0161tirih dr\u017eavah, saj se bodo kolesarji\u00a0&#8230;<\/p>\n","protected":false},"author":1,"featured_media":0,"comment_status":"closed","ping_status":"closed","sticky":false,"template":"","format":"standard","meta":{"footnotes":""},"categories":[1179],"tags":[],"source":[1703],"supertag":[],"acf":[],"yoast_head":"<!-- This site is optimized with the Yoast SEO plugin v21.3 - https:\/\/yoast.com\/wordpress\/plugins\/seo\/ -->\n<title>\u0160tirje Slovenci na leto\u0161njem Touru - Hudo Slovenija<\/title>\n<meta name=\"robots\" content=\"index, follow, max-snippet:-1, max-image-preview:large, max-video-preview:-1\" \/>\n<link rel=\"canonical\" href=\"https:\/\/hudo.com\/si\/aktualno\/stirje-slovenci-na-letosnjem-touru\/\" \/>\n<meta property=\"og:locale\" content=\"sl_SI\" \/>\n<meta property=\"og:type\" content=\"article\" \/>\n<meta property=\"og:title\" content=\"\u0160tirje Slovenci na leto\u0161njem Touru - Hudo Slovenija\" \/>\n<meta property=\"og:description\" content=\"Kategorija: Kolesarstvo Mon, 26 Jun 2017 19:54:00 +0200 Ljubljana - V soboto se za\u010denja 104. izvedba najve\u010dje kolesarske dirke na svetu. Letos bodo na Touru nastopili \u0161tirje slovenski kolesarji. Barve Bahraina Meride bodo zastopali dr\u017eavni podprvak v cestni vo\u017enji Grega Bole ter Borut Bo\u017ei\u010d in Janez Brajkovi\u010d, za nizozemsko ekipo LottoNL-Jumbo pa bo nastopil Primo\u017e Rogli\u010d. \u00a0 Za slednjega bo to prvi nastop na tej dirki, \u017ee prvi dan pa bo imel tudi prilo\u017enost za to, da oble\u010de rumeno majico, saj se leto\u0161nji Tour za\u010dne s kronometrom v D\u00fcsseldorfu. Ostali trije kolesarji imajo z nastopanjem na francoski pentlji \u017ee nekaj ve\u010d izku\u0161enj, tokrat pa bodo na Touru v vlogi pomo\u010dnikov, saj ekipa ra\u010duna predvsem na boj za zeleno majico, v katerega naj bi se vme\u0161al Italijan\u00a0Sonny Colbrelli. \u00a0\u00a0 Leto\u0161nji Tour bo sicer potekal v \u0161tirih dr\u017eavah, saj se bodo kolesarji\u00a0...\" \/>\n<meta property=\"og:url\" content=\"https:\/\/hudo.com\/si\/aktualno\/stirje-slovenci-na-letosnjem-touru\/\" \/>\n<meta property=\"og:site_name\" content=\"Hudo Slovenija\" \/>\n<meta property=\"article:publisher\" content=\"https:\/\/www.facebook.com\/hudo.si\" \/>\n<meta property=\"article:published_time\" content=\"2017-06-26T15:54:00+00:00\" \/>\n<meta property=\"og:image\" content=\"https:\/\/hudo.com\/si\/wp-content\/uploads\/sites\/2\/2017\/06\/480x290_djvu_2520132_janezp_afp-CYCLING-TOUR-SUI-ROMANDIE-1.jpeg\" \/>\n\t<meta property=\"og:image:width\" content=\"480\" \/>\n\t<meta property=\"og:image:height\" content=\"290\" \/>\n\t<meta property=\"og:image:type\" content=\"image\/jpeg\" \/>\n<meta name=\"author\" content=\"hudo\" \/>\n<meta name=\"twitter:card\" content=\"summary_large_image\" \/>\n<meta name=\"twitter:creator\" content=\"@hudo_si\" \/>\n<meta name=\"twitter:site\" content=\"@hudo_si\" \/>\n<meta name=\"twitter:label1\" content=\"Written by\" \/>\n\t<meta name=\"twitter:data1\" content=\"hudo\" \/>\n\t<meta name=\"twitter:label2\" content=\"Est. reading time\" \/>\n\t<meta name=\"twitter:data2\" content=\"1 minuta\" \/>\n<script type=\"application\/ld+json\" class=\"yoast-schema-graph\">{\"@context\":\"https:\/\/schema.org\",\"@graph\":[{\"@type\":\"Article\",\"@id\":\"https:\/\/hudo.com\/si\/aktualno\/stirje-slovenci-na-letosnjem-touru\/#article\",\"isPartOf\":{\"@id\":\"https:\/\/hudo.com\/si\/aktualno\/stirje-slovenci-na-letosnjem-touru\/\"},\"author\":{\"name\":\"hudo\",\"@id\":\"https:\/\/hudo.com\/si\/#\/schema\/person\/601cf3379633985b20f7e50f2bb47707\"},\"headline\":\"\u0160tirje Slovenci na leto\u0161njem Touru\",\"datePublished\":\"2017-06-26T15:54:00+00:00\",\"dateModified\":\"2017-06-26T15:54:00+00:00\",\"mainEntityOfPage\":{\"@id\":\"https:\/\/hudo.com\/si\/aktualno\/stirje-slovenci-na-letosnjem-touru\/\"},\"wordCount\":156,\"publisher\":{\"@id\":\"https:\/\/hudo.com\/si\/#organization\"},\"articleSection\":[\"Aktualno\"],\"inLanguage\":\"sl-SI\"},{\"@type\":\"WebPage\",\"@id\":\"https:\/\/hudo.com\/si\/aktualno\/stirje-slovenci-na-letosnjem-touru\/\",\"url\":\"https:\/\/hudo.com\/si\/aktualno\/stirje-slovenci-na-letosnjem-touru\/\",\"name\":\"\u0160tirje Slovenci na leto\u0161njem Touru - Hudo Slovenija\",\"isPartOf\":{\"@id\":\"https:\/\/hudo.com\/si\/#website\"},\"datePublished\":\"2017-06-26T15:54:00+00:00\",\"dateModified\":\"2017-06-26T15:54:00+00:00\",\"breadcrumb\":{\"@id\":\"https:\/\/hudo.com\/si\/aktualno\/stirje-slovenci-na-letosnjem-touru\/#breadcrumb\"},\"inLanguage\":\"sl-SI\",\"potentialAction\":[{\"@type\":\"ReadAction\",\"target\":[\"https:\/\/hudo.com\/si\/aktualno\/stirje-slovenci-na-letosnjem-touru\/\"]}]},{\"@type\":\"BreadcrumbList\",\"@id\":\"https:\/\/hudo.com\/si\/aktualno\/stirje-slovenci-na-letosnjem-touru\/#breadcrumb\",\"itemListElement\":[{\"@type\":\"ListItem\",\"position\":1,\"name\":\"Home\",\"item\":\"https:\/\/hudo.com\/si\/\"},{\"@type\":\"ListItem\",\"position\":2,\"name\":\"\u0160tirje Slovenci na leto\u0161njem Touru\"}]},{\"@type\":\"WebSite\",\"@id\":\"https:\/\/hudo.com\/si\/#website\",\"url\":\"https:\/\/hudo.com\/si\/\",\"name\":\"Hudo Slovenija\",\"description\":\"Vse novice iz Slovenije in sveta\",\"publisher\":{\"@id\":\"https:\/\/hudo.com\/si\/#organization\"},\"potentialAction\":[{\"@type\":\"SearchAction\",\"target\":{\"@type\":\"EntryPoint\",\"urlTemplate\":\"https:\/\/hudo.com\/si\/?s={search_term_string}\"},\"query-input\":\"required name=search_term_string\"}],\"inLanguage\":\"sl-SI\"},{\"@type\":\"Organization\",\"@id\":\"https:\/\/hudo.com\/si\/#organization\",\"name\":\"VSN Media\",\"url\":\"https:\/\/hudo.com\/si\/\",\"logo\":{\"@type\":\"ImageObject\",\"inLanguage\":\"sl-SI\",\"@id\":\"https:\/\/hudo.com\/si\/#\/schema\/logo\/image\/\",\"url\":\"https:\/\/hudo.com\/si\/wp-content\/uploads\/sites\/2\/2021\/03\/hudo-app-2.png\",\"contentUrl\":\"https:\/\/hudo.com\/si\/wp-content\/uploads\/sites\/2\/2021\/03\/hudo-app-2.png\",\"width\":2185,\"height\":2167,\"caption\":\"VSN Media\"},\"image\":{\"@id\":\"https:\/\/hudo.com\/si\/#\/schema\/logo\/image\/\"},\"sameAs\":[\"https:\/\/www.facebook.com\/hudo.si\",\"https:\/\/twitter.com\/hudo_si\"]},{\"@type\":\"Person\",\"@id\":\"https:\/\/hudo.com\/si\/#\/schema\/person\/601cf3379633985b20f7e50f2bb47707\",\"name\":\"hudo\",\"image\":{\"@type\":\"ImageObject\",\"inLanguage\":\"sl-SI\",\"@id\":\"https:\/\/hudo.com\/si\/#\/schema\/person\/image\/\",\"url\":\"https:\/\/secure.gravatar.com\/avatar\/c4ca25fa72cace7a696b52ff5db9e095?s=96&d=mm&r=g\",\"contentUrl\":\"https:\/\/secure.gravatar.com\/avatar\/c4ca25fa72cace7a696b52ff5db9e095?s=96&d=mm&r=g\",\"caption\":\"hudo\"},\"url\":\"https:\/\/hudo.com\/si\/author\/hudo\/\"}]}<\/script>\n<!-- \/ Yoast SEO plugin. -->","yoast_head_json":{"title":"\u0160tirje Slovenci na leto\u0161njem Touru - Hudo Slovenija","robots":{"index":"index","follow":"follow","max-snippet":"max-snippet:-1","max-image-preview":"max-image-preview:large","max-video-preview":"max-video-preview:-1"},"canonical":"https:\/\/hudo.com\/si\/aktualno\/stirje-slovenci-na-letosnjem-touru\/","og_locale":"sl_SI","og_type":"article","og_title":"\u0160tirje Slovenci na leto\u0161njem Touru - Hudo Slovenija","og_description":"Kategorija: Kolesarstvo Mon, 26 Jun 2017 19:54:00 +0200 Ljubljana - V soboto se za\u010denja 104. izvedba najve\u010dje kolesarske dirke na svetu. Letos bodo na Touru nastopili \u0161tirje slovenski kolesarji. Barve Bahraina Meride bodo zastopali dr\u017eavni podprvak v cestni vo\u017enji Grega Bole ter Borut Bo\u017ei\u010d in Janez Brajkovi\u010d, za nizozemsko ekipo LottoNL-Jumbo pa bo nastopil Primo\u017e Rogli\u010d. \u00a0 Za slednjega bo to prvi nastop na tej dirki, \u017ee prvi dan pa bo imel tudi prilo\u017enost za to, da oble\u010de rumeno majico, saj se leto\u0161nji Tour za\u010dne s kronometrom v D\u00fcsseldorfu. Ostali trije kolesarji imajo z nastopanjem na francoski pentlji \u017ee nekaj ve\u010d izku\u0161enj, tokrat pa bodo na Touru v vlogi pomo\u010dnikov, saj ekipa ra\u010duna predvsem na boj za zeleno majico, v katerega naj bi se vme\u0161al Italijan\u00a0Sonny Colbrelli. \u00a0\u00a0 Leto\u0161nji Tour bo sicer potekal v \u0161tirih dr\u017eavah, saj se bodo kolesarji\u00a0...","og_url":"https:\/\/hudo.com\/si\/aktualno\/stirje-slovenci-na-letosnjem-touru\/","og_site_name":"Hudo Slovenija","article_publisher":"https:\/\/www.facebook.com\/hudo.si","article_published_time":"2017-06-26T15:54:00+00:00","og_image":[{"width":480,"height":290,"url":"https:\/\/hudo.com\/si\/wp-content\/uploads\/sites\/2\/2017\/06\/480x290_djvu_2520132_janezp_afp-CYCLING-TOUR-SUI-ROMANDIE-1.jpeg","type":"image\/jpeg"}],"author":"hudo","twitter_card":"summary_large_image","twitter_creator":"@hudo_si","twitter_site":"@hudo_si","twitter_misc":{"Written by":"hudo","Est. reading time":"1 minuta"},"schema":{"@context":"https:\/\/schema.org","@graph":[{"@type":"Article","@id":"https:\/\/hudo.com\/si\/aktualno\/stirje-slovenci-na-letosnjem-touru\/#article","isPartOf":{"@id":"https:\/\/hudo.com\/si\/aktualno\/stirje-slovenci-na-letosnjem-touru\/"},"author":{"name":"hudo","@id":"https:\/\/hudo.com\/si\/#\/schema\/person\/601cf3379633985b20f7e50f2bb47707"},"headline":"\u0160tirje Slovenci na leto\u0161njem Touru","datePublished":"2017-06-26T15:54:00+00:00","dateModified":"2017-06-26T15:54:00+00:00","mainEntityOfPage":{"@id":"https:\/\/hudo.com\/si\/aktualno\/stirje-slovenci-na-letosnjem-touru\/"},"wordCount":156,"publisher":{"@id":"https:\/\/hudo.com\/si\/#organization"},"articleSection":["Aktualno"],"inLanguage":"sl-SI"},{"@type":"WebPage","@id":"https:\/\/hudo.com\/si\/aktualno\/stirje-slovenci-na-letosnjem-touru\/","url":"https:\/\/hudo.com\/si\/aktualno\/stirje-slovenci-na-letosnjem-touru\/","name":"\u0160tirje Slovenci na leto\u0161njem Touru - Hudo Slovenija","isPartOf":{"@id":"https:\/\/hudo.com\/si\/#website"},"datePublished":"2017-06-26T15:54:00+00:00","dateModified":"2017-06-26T15:54:00+00:00","breadcrumb":{"@id":"https:\/\/hudo.com\/si\/aktualno\/stirje-slovenci-na-letosnjem-touru\/#breadcrumb"},"inLanguage":"sl-SI","potentialAction":[{"@type":"ReadAction","target":["https:\/\/hudo.com\/si\/aktualno\/stirje-slovenci-na-letosnjem-touru\/"]}]},{"@type":"BreadcrumbList","@id":"https:\/\/hudo.com\/si\/aktualno\/stirje-slovenci-na-letosnjem-touru\/#breadcrumb","itemListElement":[{"@type":"ListItem","position":1,"name":"Home","item":"https:\/\/hudo.com\/si\/"},{"@type":"ListItem","position":2,"name":"\u0160tirje Slovenci na leto\u0161njem Touru"}]},{"@type":"WebSite","@id":"https:\/\/hudo.com\/si\/#website","url":"https:\/\/hudo.com\/si\/","name":"Hudo Slovenija","description":"Vse novice iz Slovenije in sveta","publisher":{"@id":"https:\/\/hudo.com\/si\/#organization"},"potentialAction":[{"@type":"SearchAction","target":{"@type":"EntryPoint","urlTemplate":"https:\/\/hudo.com\/si\/?s={search_term_string}"},"query-input":"required name=search_term_string"}],"inLanguage":"sl-SI"},{"@type":"Organization","@id":"https:\/\/hudo.com\/si\/#organization","name":"VSN Media","url":"https:\/\/hudo.com\/si\/","logo":{"@type":"ImageObject","inLanguage":"sl-SI","@id":"https:\/\/hudo.com\/si\/#\/schema\/logo\/image\/","url":"https:\/\/hudo.com\/si\/wp-content\/uploads\/sites\/2\/2021\/03\/hudo-app-2.png","contentUrl":"https:\/\/hudo.com\/si\/wp-content\/uploads\/sites\/2\/2021\/03\/hudo-app-2.png","width":2185,"height":2167,"caption":"VSN Media"},"image":{"@id":"https:\/\/hudo.com\/si\/#\/schema\/logo\/image\/"},"sameAs":["https:\/\/www.facebook.com\/hudo.si","https:\/\/twitter.com\/hudo_si"]},{"@type":"Person","@id":"https:\/\/hudo.com\/si\/#\/schema\/person\/601cf3379633985b20f7e50f2bb47707","name":"hudo","image":{"@type":"ImageObject","inLanguage":"sl-SI","@id":"https:\/\/hudo.com\/si\/#\/schema\/person\/image\/","url":"https:\/\/secure.gravatar.com\/avatar\/c4ca25fa72cace7a696b52ff5db9e095?s=96&d=mm&r=g","contentUrl":"https:\/\/secure.gravatar.com\/avatar\/c4ca25fa72cace7a696b52ff5db9e095?s=96&d=mm&r=g","caption":"hudo"},"url":"https:\/\/hudo.com\/si\/author\/hudo\/"}]}},"amp_enabled":true,"_links":{"self":[{"href":"https:\/\/hudo.com\/si\/wp-json\/wp\/v2\/posts\/270744"}],"collection":[{"href":"https:\/\/hudo.com\/si\/wp-json\/wp\/v2\/posts"}],"about":[{"href":"https:\/\/hudo.com\/si\/wp-json\/wp\/v2\/types\/post"}],"author":[{"embeddable":true,"href":"https:\/\/hudo.com\/si\/wp-json\/wp\/v2\/users\/1"}],"replies":[{"embeddable":true,"href":"https:\/\/hudo.com\/si\/wp-json\/wp\/v2\/comments?post=270744"}],"version-history":[{"count":0,"href":"https:\/\/hudo.com\/si\/wp-json\/wp\/v2\/posts\/270744\/revisions"}],"wp:attachment":[{"href":"https:\/\/hudo.com\/si\/wp-json\/wp\/v2\/media?parent=270744"}],"wp:term":[{"taxonomy":"category","embeddable":true,"href":"https:\/\/hudo.com\/si\/wp-json\/wp\/v2\/categories?post=270744"},{"taxonomy":"post_tag","embeddable":true,"href":"https:\/\/hudo.com\/si\/wp-json\/wp\/v2\/tags?post=270744"},{"taxonomy":"source","embeddable":true,"href":"https:\/\/hudo.com\/si\/wp-json\/wp\/v2\/source?post=270744"},{"taxonomy":"supertag","embeddable":true,"href":"https:\/\/hudo.com\/si\/wp-json\/wp\/v2\/supertag?post=270744"}],"curies":[{"name":"wp","href":"https:\/\/api.w.org\/{rel}","templated":true}]}}