{"id":271596,"date":"2017-06-29T08:10:01","date_gmt":"2017-06-29T06:10:01","guid":{"rendered":"http:\/\/hudo.com\/si\/?p=271596"},"modified":"2017-06-29T10:12:35","modified_gmt":"2017-06-29T08:12:35","slug":"kardinal-blizu-papezu-obtozen-spolne-zlorabe-otrok","status":"publish","type":"post","link":"https:\/\/hudo.com\/si\/aktualno\/kardinal-blizu-papezu-obtozen-spolne-zlorabe-otrok\/","title":{"rendered":"Kardinal blizu pape\u017eu obto\u017een spolne zlorabe otrok"},"content":{"rendered":"<p>Pell je najvi\u0161ji predstavnik znotraj hierarhije Katoli\u0161ke cerkve iz Avstralije in je bil pred selitvijo v Rim nad\u0161kof Melbourna in Sydneyja. V za\u010detku leta 2014 je pape\u017e Fran\u010di\u0161ek danes 76-letnega kardinala imenoval na \u010delo nadzornega telesa za gospodarske zadeve, ki je neke vrste finan\u010dno ministrstvo Vatikana.<\/p>\n<p>Avstralska policija ni razkrila podrobnosti obto\u017eb na njegov ra\u010dun &#8211; niti starosti domnevnih \u017ertev niti \u010dasa, ko naj bi bila dejanja zagre\u0161ena. Kot je dejal predstavnik avstralske policije, je Pell pozvan na zasli\u0161anje na sodi\u0161\u010du v Melbournu 18. julija, navaja francoska tiskovna agencija AFP.<\/p>\n<p>V preteklosti so se sicer pojavile obto\u017ebe na njegov ra\u010dun v povezavi z domnevno zlorabo otrok v \u010dasu, ko je bil duhovnik v Ballaratu (1976-1980) in nad\u0161kof v Melbournu (1996-2001). Spolno naj bi nadlegoval ve\u010d fantov. Julija lani sta tovrstne o\u010ditke neposredno izrazila dva mo\u0161ka, poro\u010da nem\u0161ka tiskovna agencija dpa. Oktobra lani je bil Pell v zvezi z o\u010ditki \u017ee zasli\u0161an v Vatikanu.<\/p>\n<p>Kardinal je o\u010ditke \u017ee ve\u010dkrat zavrnil kot &#8220;popolnoma neresni\u010dne in napa\u010dne&#8221;, govoril je celo o namernem klevetanju. Kategori\u010dno je obto\u017ebe zavrnil tudi danes. &#8220;So neresni\u010dne. \u017de sama ideja spolne zlorabe mi je odvratna,&#8221; je dejal na novinarski konferenci, na kateri je tudi naznanil, da bo za\u010dasno zapustil Vatikan in od\u0161el v Avstralijo.<\/p>\n<p>&#8220;Veselim se \u017ee, da bom kon\u010dno imel svoj dan na sodi\u0161\u010du. Sem nedol\u017een,&#8221; je zatrdil. Dodal je, da je bil v zadnjih dneh v tesnem stiku s Fran\u010di\u0161kom, ter se mu zahvalil, da mu je odobril za\u010dasen odhod iz Vatikana.<\/p>\n<p>V izjavi je mo\u010dno podporo Pellu izrazil tudi Sveti sede\u017e, ki je sporo\u010dil, da bo v \u010dasu njegove odsotnosti delo opravljalo Pellovo osebje. Izpostavili so spo\u0161tovanje pape\u017ea Fran\u010di\u0161ka do &#8220;po\u0161tenosti&#8221; in &#8220;energi\u010dne predanosti&#8221; avstralskega kardinala svojemu delu pri finan\u010dni reformi Cerkve.<\/p>\n<p>Obenem Sveti sede\u017e izra\u017ea spo\u0161tovanje do avstralskega pravosodnega sistema, ki bo podalo sodbo glede zadeve. Spominja pa, da je Pell &#8220;odprto in ve\u010dkrat obsodil dejanja zlorab mladoletnikov kot nemoralna in nesprejemljiva&#8221; ter sodeloval z avstralskimi oblastmi.<\/p>\n<p>Naznanitev obto\u017ebe sovpada z zadnjo fazo dolgoletne preiskave odziva na spolne zlorabe otrok v Avstraliji, ki je bila odrejena leta 2012, in to po desetletju vse ve\u010djega pritiska za preiskavo raz\u0161irjenih obto\u017eb pedofilije v raznih institucijah, vklju\u010dno s Cerkvijo.<\/p>\n<p>Pristojna komisija je govorila z ve\u010d tiso\u010d ljudmi in prisluhnila obto\u017ebam spolnih zlorab otrok v cerkvenih institucijah, siroti\u0161nicah, \u0161portnih klubih in \u0161olah. Pell je pred komisijo nastopil trikrat, enkrat osebno in dvakrat prek video povezave. Priznal je, da bi lahko naredil ve\u010d, ko je v 70. letih izvedel za zlorabe s strani duhovnikov v dr\u017eavi Victoria.<\/p>\n","protected":false},"excerpt":{"rendered":"<p>Avstralski kardinal George Pell je v svoji domovini obto\u017een spolnih zlorab. Gre za obto\u017ebe v povezavi z dogodki iz preteklosti, je danes sporo\u010dila policija v zvezni dr\u017eavi Victoria in dodala, da je obto\u017ebe na njegov ra\u010dun podalo ve\u010d ljudi. \u0160ef vatikanskih financ, ki je najvi\u0161ji predstavnik Vatikana obto\u017een tovrstnih dejanj, vse obto\u017ebe zanika.<\/p>\n","protected":false},"author":7,"featured_media":271597,"comment_status":"closed","ping_status":"closed","sticky":false,"template":"","format":"standard","meta":{"footnotes":""},"categories":[1179],"tags":[1906,5891,6625],"source":[4511],"supertag":[],"acf":[],"yoast_head":"<!-- This site is optimized with the Yoast SEO plugin v21.3 - https:\/\/yoast.com\/wordpress\/plugins\/seo\/ -->\n<title>Kardinal blizu pape\u017eu obto\u017een spolne zlorabe otrok - Hudo Slovenija<\/title>\n<meta name=\"robots\" content=\"index, follow, max-snippet:-1, max-image-preview:large, max-video-preview:-1\" \/>\n<link rel=\"canonical\" href=\"https:\/\/hudo.com\/si\/aktualno\/kardinal-blizu-papezu-obtozen-spolne-zlorabe-otrok\/\" \/>\n<meta property=\"og:locale\" content=\"sl_SI\" \/>\n<meta property=\"og:type\" content=\"article\" \/>\n<meta property=\"og:title\" content=\"Kardinal blizu pape\u017eu obto\u017een spolne zlorabe otrok - Hudo Slovenija\" \/>\n<meta property=\"og:description\" content=\"Avstralski kardinal George Pell je v svoji domovini obto\u017een spolnih zlorab. Gre za obto\u017ebe v povezavi z dogodki iz preteklosti, je danes sporo\u010dila policija v zvezni dr\u017eavi Victoria in dodala, da je obto\u017ebe na njegov ra\u010dun podalo ve\u010d ljudi. \u0160ef vatikanskih financ, ki je najvi\u0161ji predstavnik Vatikana obto\u017een tovrstnih dejanj, vse obto\u017ebe zanika.\" \/>\n<meta property=\"og:url\" content=\"https:\/\/hudo.com\/si\/aktualno\/kardinal-blizu-papezu-obtozen-spolne-zlorabe-otrok\/\" \/>\n<meta property=\"og:site_name\" content=\"Hudo Slovenija\" \/>\n<meta property=\"article:publisher\" content=\"https:\/\/www.facebook.com\/hudo.si\" \/>\n<meta property=\"article:published_time\" content=\"2017-06-29T06:10:01+00:00\" \/>\n<meta property=\"article:modified_time\" content=\"2017-06-29T08:12:35+00:00\" \/>\n<meta property=\"og:image\" content=\"https:\/\/hudo.com\/si\/wp-content\/uploads\/sites\/2\/2017\/06\/profimedia-0306193853.jpg\" \/>\n\t<meta property=\"og:image:width\" content=\"1250\" \/>\n\t<meta property=\"og:image:height\" content=\"833\" \/>\n\t<meta property=\"og:image:type\" content=\"image\/jpeg\" \/>\n<meta name=\"author\" content=\"A. P., STA\" \/>\n<meta name=\"twitter:card\" content=\"summary_large_image\" \/>\n<meta name=\"twitter:creator\" content=\"@hudo_si\" \/>\n<meta name=\"twitter:site\" content=\"@hudo_si\" \/>\n<meta name=\"twitter:label1\" content=\"Written by\" \/>\n\t<meta name=\"twitter:data1\" content=\"A. P., STA\" \/>\n\t<meta name=\"twitter:label2\" content=\"Est. reading time\" \/>\n\t<meta name=\"twitter:data2\" content=\"2 minuti\" \/>\n<script type=\"application\/ld+json\" class=\"yoast-schema-graph\">{\"@context\":\"https:\/\/schema.org\",\"@graph\":[{\"@type\":\"Article\",\"@id\":\"https:\/\/hudo.com\/si\/aktualno\/kardinal-blizu-papezu-obtozen-spolne-zlorabe-otrok\/#article\",\"isPartOf\":{\"@id\":\"https:\/\/hudo.com\/si\/aktualno\/kardinal-blizu-papezu-obtozen-spolne-zlorabe-otrok\/\"},\"author\":{\"name\":\"A. P., STA\",\"@id\":\"https:\/\/hudo.com\/si\/#\/schema\/person\/18f09c02475ba9e606e941a565b80cff\"},\"headline\":\"Kardinal blizu pape\u017eu obto\u017een spolne zlorabe otrok\",\"datePublished\":\"2017-06-29T06:10:01+00:00\",\"dateModified\":\"2017-06-29T08:12:35+00:00\",\"mainEntityOfPage\":{\"@id\":\"https:\/\/hudo.com\/si\/aktualno\/kardinal-blizu-papezu-obtozen-spolne-zlorabe-otrok\/\"},\"wordCount\":478,\"publisher\":{\"@id\":\"https:\/\/hudo.com\/si\/#organization\"},\"keywords\":[\"avstralija\",\"pedofilija\",\"RKC\"],\"articleSection\":[\"Aktualno\"],\"inLanguage\":\"sl-SI\"},{\"@type\":\"WebPage\",\"@id\":\"https:\/\/hudo.com\/si\/aktualno\/kardinal-blizu-papezu-obtozen-spolne-zlorabe-otrok\/\",\"url\":\"https:\/\/hudo.com\/si\/aktualno\/kardinal-blizu-papezu-obtozen-spolne-zlorabe-otrok\/\",\"name\":\"Kardinal blizu pape\u017eu obto\u017een spolne zlorabe otrok - Hudo Slovenija\",\"isPartOf\":{\"@id\":\"https:\/\/hudo.com\/si\/#website\"},\"datePublished\":\"2017-06-29T06:10:01+00:00\",\"dateModified\":\"2017-06-29T08:12:35+00:00\",\"breadcrumb\":{\"@id\":\"https:\/\/hudo.com\/si\/aktualno\/kardinal-blizu-papezu-obtozen-spolne-zlorabe-otrok\/#breadcrumb\"},\"inLanguage\":\"sl-SI\",\"potentialAction\":[{\"@type\":\"ReadAction\",\"target\":[\"https:\/\/hudo.com\/si\/aktualno\/kardinal-blizu-papezu-obtozen-spolne-zlorabe-otrok\/\"]}]},{\"@type\":\"BreadcrumbList\",\"@id\":\"https:\/\/hudo.com\/si\/aktualno\/kardinal-blizu-papezu-obtozen-spolne-zlorabe-otrok\/#breadcrumb\",\"itemListElement\":[{\"@type\":\"ListItem\",\"position\":1,\"name\":\"Home\",\"item\":\"https:\/\/hudo.com\/si\/\"},{\"@type\":\"ListItem\",\"position\":2,\"name\":\"Kardinal blizu pape\u017eu obto\u017een spolne zlorabe otrok\"}]},{\"@type\":\"WebSite\",\"@id\":\"https:\/\/hudo.com\/si\/#website\",\"url\":\"https:\/\/hudo.com\/si\/\",\"name\":\"Hudo Slovenija\",\"description\":\"Vse novice iz Slovenije in sveta\",\"publisher\":{\"@id\":\"https:\/\/hudo.com\/si\/#organization\"},\"potentialAction\":[{\"@type\":\"SearchAction\",\"target\":{\"@type\":\"EntryPoint\",\"urlTemplate\":\"https:\/\/hudo.com\/si\/?s={search_term_string}\"},\"query-input\":\"required name=search_term_string\"}],\"inLanguage\":\"sl-SI\"},{\"@type\":\"Organization\",\"@id\":\"https:\/\/hudo.com\/si\/#organization\",\"name\":\"VSN Media\",\"url\":\"https:\/\/hudo.com\/si\/\",\"logo\":{\"@type\":\"ImageObject\",\"inLanguage\":\"sl-SI\",\"@id\":\"https:\/\/hudo.com\/si\/#\/schema\/logo\/image\/\",\"url\":\"https:\/\/hudo.com\/si\/wp-content\/uploads\/sites\/2\/2021\/03\/hudo-app-2.png\",\"contentUrl\":\"https:\/\/hudo.com\/si\/wp-content\/uploads\/sites\/2\/2021\/03\/hudo-app-2.png\",\"width\":2185,\"height\":2167,\"caption\":\"VSN Media\"},\"image\":{\"@id\":\"https:\/\/hudo.com\/si\/#\/schema\/logo\/image\/\"},\"sameAs\":[\"https:\/\/www.facebook.com\/hudo.si\",\"https:\/\/twitter.com\/hudo_si\"]},{\"@type\":\"Person\",\"@id\":\"https:\/\/hudo.com\/si\/#\/schema\/person\/18f09c02475ba9e606e941a565b80cff\",\"name\":\"A. P., STA\",\"image\":{\"@type\":\"ImageObject\",\"inLanguage\":\"sl-SI\",\"@id\":\"https:\/\/hudo.com\/si\/#\/schema\/person\/image\/\",\"url\":\"https:\/\/secure.gravatar.com\/avatar\/03eac8e609f5f04383125d80eaeaaf3e?s=96&d=mm&r=g\",\"contentUrl\":\"https:\/\/secure.gravatar.com\/avatar\/03eac8e609f5f04383125d80eaeaaf3e?s=96&d=mm&r=g\",\"caption\":\"A. P., STA\"},\"url\":\"https:\/\/hudo.com\/si\/author\/lubu\/\"}]}<\/script>\n<!-- \/ Yoast SEO plugin. -->","yoast_head_json":{"title":"Kardinal blizu pape\u017eu obto\u017een spolne zlorabe otrok - Hudo Slovenija","robots":{"index":"index","follow":"follow","max-snippet":"max-snippet:-1","max-image-preview":"max-image-preview:large","max-video-preview":"max-video-preview:-1"},"canonical":"https:\/\/hudo.com\/si\/aktualno\/kardinal-blizu-papezu-obtozen-spolne-zlorabe-otrok\/","og_locale":"sl_SI","og_type":"article","og_title":"Kardinal blizu pape\u017eu obto\u017een spolne zlorabe otrok - Hudo Slovenija","og_description":"Avstralski kardinal George Pell je v svoji domovini obto\u017een spolnih zlorab. Gre za obto\u017ebe v povezavi z dogodki iz preteklosti, je danes sporo\u010dila policija v zvezni dr\u017eavi Victoria in dodala, da je obto\u017ebe na njegov ra\u010dun podalo ve\u010d ljudi. \u0160ef vatikanskih financ, ki je najvi\u0161ji predstavnik Vatikana obto\u017een tovrstnih dejanj, vse obto\u017ebe zanika.","og_url":"https:\/\/hudo.com\/si\/aktualno\/kardinal-blizu-papezu-obtozen-spolne-zlorabe-otrok\/","og_site_name":"Hudo Slovenija","article_publisher":"https:\/\/www.facebook.com\/hudo.si","article_published_time":"2017-06-29T06:10:01+00:00","article_modified_time":"2017-06-29T08:12:35+00:00","og_image":[{"width":1250,"height":833,"url":"https:\/\/hudo.com\/si\/wp-content\/uploads\/sites\/2\/2017\/06\/profimedia-0306193853.jpg","type":"image\/jpeg"}],"author":"A. P., STA","twitter_card":"summary_large_image","twitter_creator":"@hudo_si","twitter_site":"@hudo_si","twitter_misc":{"Written by":"A. P., STA","Est. reading time":"2 minuti"},"schema":{"@context":"https:\/\/schema.org","@graph":[{"@type":"Article","@id":"https:\/\/hudo.com\/si\/aktualno\/kardinal-blizu-papezu-obtozen-spolne-zlorabe-otrok\/#article","isPartOf":{"@id":"https:\/\/hudo.com\/si\/aktualno\/kardinal-blizu-papezu-obtozen-spolne-zlorabe-otrok\/"},"author":{"name":"A. P., STA","@id":"https:\/\/hudo.com\/si\/#\/schema\/person\/18f09c02475ba9e606e941a565b80cff"},"headline":"Kardinal blizu pape\u017eu obto\u017een spolne zlorabe otrok","datePublished":"2017-06-29T06:10:01+00:00","dateModified":"2017-06-29T08:12:35+00:00","mainEntityOfPage":{"@id":"https:\/\/hudo.com\/si\/aktualno\/kardinal-blizu-papezu-obtozen-spolne-zlorabe-otrok\/"},"wordCount":478,"publisher":{"@id":"https:\/\/hudo.com\/si\/#organization"},"keywords":["avstralija","pedofilija","RKC"],"articleSection":["Aktualno"],"inLanguage":"sl-SI"},{"@type":"WebPage","@id":"https:\/\/hudo.com\/si\/aktualno\/kardinal-blizu-papezu-obtozen-spolne-zlorabe-otrok\/","url":"https:\/\/hudo.com\/si\/aktualno\/kardinal-blizu-papezu-obtozen-spolne-zlorabe-otrok\/","name":"Kardinal blizu pape\u017eu obto\u017een spolne zlorabe otrok - Hudo Slovenija","isPartOf":{"@id":"https:\/\/hudo.com\/si\/#website"},"datePublished":"2017-06-29T06:10:01+00:00","dateModified":"2017-06-29T08:12:35+00:00","breadcrumb":{"@id":"https:\/\/hudo.com\/si\/aktualno\/kardinal-blizu-papezu-obtozen-spolne-zlorabe-otrok\/#breadcrumb"},"inLanguage":"sl-SI","potentialAction":[{"@type":"ReadAction","target":["https:\/\/hudo.com\/si\/aktualno\/kardinal-blizu-papezu-obtozen-spolne-zlorabe-otrok\/"]}]},{"@type":"BreadcrumbList","@id":"https:\/\/hudo.com\/si\/aktualno\/kardinal-blizu-papezu-obtozen-spolne-zlorabe-otrok\/#breadcrumb","itemListElement":[{"@type":"ListItem","position":1,"name":"Home","item":"https:\/\/hudo.com\/si\/"},{"@type":"ListItem","position":2,"name":"Kardinal blizu pape\u017eu obto\u017een spolne zlorabe otrok"}]},{"@type":"WebSite","@id":"https:\/\/hudo.com\/si\/#website","url":"https:\/\/hudo.com\/si\/","name":"Hudo Slovenija","description":"Vse novice iz Slovenije in sveta","publisher":{"@id":"https:\/\/hudo.com\/si\/#organization"},"potentialAction":[{"@type":"SearchAction","target":{"@type":"EntryPoint","urlTemplate":"https:\/\/hudo.com\/si\/?s={search_term_string}"},"query-input":"required name=search_term_string"}],"inLanguage":"sl-SI"},{"@type":"Organization","@id":"https:\/\/hudo.com\/si\/#organization","name":"VSN Media","url":"https:\/\/hudo.com\/si\/","logo":{"@type":"ImageObject","inLanguage":"sl-SI","@id":"https:\/\/hudo.com\/si\/#\/schema\/logo\/image\/","url":"https:\/\/hudo.com\/si\/wp-content\/uploads\/sites\/2\/2021\/03\/hudo-app-2.png","contentUrl":"https:\/\/hudo.com\/si\/wp-content\/uploads\/sites\/2\/2021\/03\/hudo-app-2.png","width":2185,"height":2167,"caption":"VSN Media"},"image":{"@id":"https:\/\/hudo.com\/si\/#\/schema\/logo\/image\/"},"sameAs":["https:\/\/www.facebook.com\/hudo.si","https:\/\/twitter.com\/hudo_si"]},{"@type":"Person","@id":"https:\/\/hudo.com\/si\/#\/schema\/person\/18f09c02475ba9e606e941a565b80cff","name":"A. P., STA","image":{"@type":"ImageObject","inLanguage":"sl-SI","@id":"https:\/\/hudo.com\/si\/#\/schema\/person\/image\/","url":"https:\/\/secure.gravatar.com\/avatar\/03eac8e609f5f04383125d80eaeaaf3e?s=96&d=mm&r=g","contentUrl":"https:\/\/secure.gravatar.com\/avatar\/03eac8e609f5f04383125d80eaeaaf3e?s=96&d=mm&r=g","caption":"A. P., STA"},"url":"https:\/\/hudo.com\/si\/author\/lubu\/"}]}},"amp_enabled":true,"_links":{"self":[{"href":"https:\/\/hudo.com\/si\/wp-json\/wp\/v2\/posts\/271596"}],"collection":[{"href":"https:\/\/hudo.com\/si\/wp-json\/wp\/v2\/posts"}],"about":[{"href":"https:\/\/hudo.com\/si\/wp-json\/wp\/v2\/types\/post"}],"author":[{"embeddable":true,"href":"https:\/\/hudo.com\/si\/wp-json\/wp\/v2\/users\/7"}],"replies":[{"embeddable":true,"href":"https:\/\/hudo.com\/si\/wp-json\/wp\/v2\/comments?post=271596"}],"version-history":[{"count":2,"href":"https:\/\/hudo.com\/si\/wp-json\/wp\/v2\/posts\/271596\/revisions"}],"predecessor-version":[{"id":271705,"href":"https:\/\/hudo.com\/si\/wp-json\/wp\/v2\/posts\/271596\/revisions\/271705"}],"wp:featuredmedia":[{"embeddable":true,"href":"https:\/\/hudo.com\/si\/wp-json\/wp\/v2\/media\/271597"}],"wp:attachment":[{"href":"https:\/\/hudo.com\/si\/wp-json\/wp\/v2\/media?parent=271596"}],"wp:term":[{"taxonomy":"category","embeddable":true,"href":"https:\/\/hudo.com\/si\/wp-json\/wp\/v2\/categories?post=271596"},{"taxonomy":"post_tag","embeddable":true,"href":"https:\/\/hudo.com\/si\/wp-json\/wp\/v2\/tags?post=271596"},{"taxonomy":"source","embeddable":true,"href":"https:\/\/hudo.com\/si\/wp-json\/wp\/v2\/source?post=271596"},{"taxonomy":"supertag","embeddable":true,"href":"https:\/\/hudo.com\/si\/wp-json\/wp\/v2\/supertag?post=271596"}],"curies":[{"name":"wp","href":"https:\/\/api.w.org\/{rel}","templated":true}]}}