{"id":271625,"date":"2017-06-29T04:03:00","date_gmt":"2017-06-29T02:03:00","guid":{"rendered":"http:\/\/hudo.com\/si\/2017\/06\/29\/to-bo-najlepsa-plaza-v-portorozu\/"},"modified":"2017-06-29T04:03:00","modified_gmt":"2017-06-29T02:03:00","slug":"to-bo-najlepsa-plaza-v-portorozu","status":"publish","type":"post","link":"https:\/\/hudo.com\/si\/aktualno\/to-bo-najlepsa-plaza-v-portorozu\/","title":{"rendered":"\u201cTo bo najlep\u0161a pla\u017ea v Portoro\u017eu\u201d"},"content":{"rendered":"<p>\u201cZa parkiri\u0161\u010dem za avtodome bo \u0161e parkiri\u0161\u010de za obiskovalce, dve odbojkarski igri\u0161\u010di na mivki, center vodnih \u0161portov, sprehajalne poti med zelenjem, pla\u017ea, na novo bomo tlakovali mosti\u010dek do otoka,\u201d na\u0161teva Sebastjan Selan, kaj vse bodo umestili na otok na obmo\u010dju portoro\u0161ke marine. Z deli naj bi kon\u010dali do konca julija.<\/p>\n","protected":false},"excerpt":{"rendered":"<p>\u201cZa parkiri\u0161\u010dem za avtodome bo \u0161e parkiri\u0161\u010de za obiskovalce, dve odbojkarski igri\u0161\u010di na mivki, center vodnih \u0161portov, sprehajalne poti med zelenjem, pla\u017ea, na novo bomo tlakovali mosti\u010dek do otoka,\u201d na\u0161teva Sebastjan Selan, kaj vse bodo umestili na otok na obmo\u010dju portoro\u0161ke marine. Z deli naj bi kon\u010dali do konca julija.<\/p>\n","protected":false},"author":1,"featured_media":0,"comment_status":"closed","ping_status":"closed","sticky":false,"template":"","format":"standard","meta":{"footnotes":""},"categories":[1179],"tags":[],"source":[1707],"supertag":[],"acf":[],"yoast_head":"<!-- This site is optimized with the Yoast SEO plugin v21.3 - https:\/\/yoast.com\/wordpress\/plugins\/seo\/ -->\n<title>\u201cTo bo najlep\u0161a pla\u017ea v Portoro\u017eu\u201d - Hudo Slovenija<\/title>\n<meta name=\"robots\" content=\"index, follow, max-snippet:-1, max-image-preview:large, max-video-preview:-1\" \/>\n<link rel=\"canonical\" href=\"https:\/\/hudo.com\/si\/aktualno\/to-bo-najlepsa-plaza-v-portorozu\/\" \/>\n<meta property=\"og:locale\" content=\"sl_SI\" \/>\n<meta property=\"og:type\" content=\"article\" \/>\n<meta property=\"og:title\" content=\"\u201cTo bo najlep\u0161a pla\u017ea v Portoro\u017eu\u201d - Hudo Slovenija\" \/>\n<meta property=\"og:description\" content=\"\u201cZa parkiri\u0161\u010dem za avtodome bo \u0161e parkiri\u0161\u010de za obiskovalce, dve odbojkarski igri\u0161\u010di na mivki, center vodnih \u0161portov, sprehajalne poti med zelenjem, pla\u017ea, na novo bomo tlakovali mosti\u010dek do otoka,\u201d na\u0161teva Sebastjan Selan, kaj vse bodo umestili na otok na obmo\u010dju portoro\u0161ke marine. Z deli naj bi kon\u010dali do konca julija.\" \/>\n<meta property=\"og:url\" content=\"https:\/\/hudo.com\/si\/aktualno\/to-bo-najlepsa-plaza-v-portorozu\/\" \/>\n<meta property=\"og:site_name\" content=\"Hudo Slovenija\" \/>\n<meta property=\"article:publisher\" content=\"https:\/\/www.facebook.com\/hudo.si\" \/>\n<meta property=\"article:published_time\" content=\"2017-06-29T02:03:00+00:00\" \/>\n<meta property=\"og:image\" content=\"https:\/\/hudo.com\/si\/wp-content\/uploads\/sites\/2\/2017\/06\/F148MARINA06Z.jpg\" \/>\n\t<meta property=\"og:image:width\" content=\"620\" \/>\n\t<meta property=\"og:image:height\" content=\"413\" \/>\n\t<meta property=\"og:image:type\" content=\"image\/jpeg\" \/>\n<meta name=\"author\" content=\"hudo\" \/>\n<meta name=\"twitter:card\" content=\"summary_large_image\" \/>\n<meta name=\"twitter:creator\" content=\"@hudo_si\" \/>\n<meta name=\"twitter:site\" content=\"@hudo_si\" \/>\n<meta name=\"twitter:label1\" content=\"Written by\" \/>\n\t<meta name=\"twitter:data1\" content=\"hudo\" \/>\n<script type=\"application\/ld+json\" class=\"yoast-schema-graph\">{\"@context\":\"https:\/\/schema.org\",\"@graph\":[{\"@type\":\"Article\",\"@id\":\"https:\/\/hudo.com\/si\/aktualno\/to-bo-najlepsa-plaza-v-portorozu\/#article\",\"isPartOf\":{\"@id\":\"https:\/\/hudo.com\/si\/aktualno\/to-bo-najlepsa-plaza-v-portorozu\/\"},\"author\":{\"name\":\"hudo\",\"@id\":\"https:\/\/hudo.com\/si\/#\/schema\/person\/601cf3379633985b20f7e50f2bb47707\"},\"headline\":\"\u201cTo bo najlep\u0161a pla\u017ea v Portoro\u017eu\u201d\",\"datePublished\":\"2017-06-29T02:03:00+00:00\",\"dateModified\":\"2017-06-29T02:03:00+00:00\",\"mainEntityOfPage\":{\"@id\":\"https:\/\/hudo.com\/si\/aktualno\/to-bo-najlepsa-plaza-v-portorozu\/\"},\"wordCount\":68,\"publisher\":{\"@id\":\"https:\/\/hudo.com\/si\/#organization\"},\"articleSection\":[\"Aktualno\"],\"inLanguage\":\"sl-SI\"},{\"@type\":\"WebPage\",\"@id\":\"https:\/\/hudo.com\/si\/aktualno\/to-bo-najlepsa-plaza-v-portorozu\/\",\"url\":\"https:\/\/hudo.com\/si\/aktualno\/to-bo-najlepsa-plaza-v-portorozu\/\",\"name\":\"\u201cTo bo najlep\u0161a pla\u017ea v Portoro\u017eu\u201d - Hudo Slovenija\",\"isPartOf\":{\"@id\":\"https:\/\/hudo.com\/si\/#website\"},\"datePublished\":\"2017-06-29T02:03:00+00:00\",\"dateModified\":\"2017-06-29T02:03:00+00:00\",\"breadcrumb\":{\"@id\":\"https:\/\/hudo.com\/si\/aktualno\/to-bo-najlepsa-plaza-v-portorozu\/#breadcrumb\"},\"inLanguage\":\"sl-SI\",\"potentialAction\":[{\"@type\":\"ReadAction\",\"target\":[\"https:\/\/hudo.com\/si\/aktualno\/to-bo-najlepsa-plaza-v-portorozu\/\"]}]},{\"@type\":\"BreadcrumbList\",\"@id\":\"https:\/\/hudo.com\/si\/aktualno\/to-bo-najlepsa-plaza-v-portorozu\/#breadcrumb\",\"itemListElement\":[{\"@type\":\"ListItem\",\"position\":1,\"name\":\"Home\",\"item\":\"https:\/\/hudo.com\/si\/\"},{\"@type\":\"ListItem\",\"position\":2,\"name\":\"\u201cTo bo najlep\u0161a pla\u017ea v Portoro\u017eu\u201d\"}]},{\"@type\":\"WebSite\",\"@id\":\"https:\/\/hudo.com\/si\/#website\",\"url\":\"https:\/\/hudo.com\/si\/\",\"name\":\"Hudo Slovenija\",\"description\":\"Vse novice iz Slovenije in sveta\",\"publisher\":{\"@id\":\"https:\/\/hudo.com\/si\/#organization\"},\"potentialAction\":[{\"@type\":\"SearchAction\",\"target\":{\"@type\":\"EntryPoint\",\"urlTemplate\":\"https:\/\/hudo.com\/si\/?s={search_term_string}\"},\"query-input\":\"required name=search_term_string\"}],\"inLanguage\":\"sl-SI\"},{\"@type\":\"Organization\",\"@id\":\"https:\/\/hudo.com\/si\/#organization\",\"name\":\"VSN Media\",\"url\":\"https:\/\/hudo.com\/si\/\",\"logo\":{\"@type\":\"ImageObject\",\"inLanguage\":\"sl-SI\",\"@id\":\"https:\/\/hudo.com\/si\/#\/schema\/logo\/image\/\",\"url\":\"https:\/\/hudo.com\/si\/wp-content\/uploads\/sites\/2\/2021\/03\/hudo-app-2.png\",\"contentUrl\":\"https:\/\/hudo.com\/si\/wp-content\/uploads\/sites\/2\/2021\/03\/hudo-app-2.png\",\"width\":2185,\"height\":2167,\"caption\":\"VSN Media\"},\"image\":{\"@id\":\"https:\/\/hudo.com\/si\/#\/schema\/logo\/image\/\"},\"sameAs\":[\"https:\/\/www.facebook.com\/hudo.si\",\"https:\/\/twitter.com\/hudo_si\"]},{\"@type\":\"Person\",\"@id\":\"https:\/\/hudo.com\/si\/#\/schema\/person\/601cf3379633985b20f7e50f2bb47707\",\"name\":\"hudo\",\"image\":{\"@type\":\"ImageObject\",\"inLanguage\":\"sl-SI\",\"@id\":\"https:\/\/hudo.com\/si\/#\/schema\/person\/image\/\",\"url\":\"https:\/\/secure.gravatar.com\/avatar\/c4ca25fa72cace7a696b52ff5db9e095?s=96&d=mm&r=g\",\"contentUrl\":\"https:\/\/secure.gravatar.com\/avatar\/c4ca25fa72cace7a696b52ff5db9e095?s=96&d=mm&r=g\",\"caption\":\"hudo\"},\"url\":\"https:\/\/hudo.com\/si\/author\/hudo\/\"}]}<\/script>\n<!-- \/ Yoast SEO plugin. -->","yoast_head_json":{"title":"\u201cTo bo najlep\u0161a pla\u017ea v Portoro\u017eu\u201d - Hudo Slovenija","robots":{"index":"index","follow":"follow","max-snippet":"max-snippet:-1","max-image-preview":"max-image-preview:large","max-video-preview":"max-video-preview:-1"},"canonical":"https:\/\/hudo.com\/si\/aktualno\/to-bo-najlepsa-plaza-v-portorozu\/","og_locale":"sl_SI","og_type":"article","og_title":"\u201cTo bo najlep\u0161a pla\u017ea v Portoro\u017eu\u201d - Hudo Slovenija","og_description":"\u201cZa parkiri\u0161\u010dem za avtodome bo \u0161e parkiri\u0161\u010de za obiskovalce, dve odbojkarski igri\u0161\u010di na mivki, center vodnih \u0161portov, sprehajalne poti med zelenjem, pla\u017ea, na novo bomo tlakovali mosti\u010dek do otoka,\u201d na\u0161teva Sebastjan Selan, kaj vse bodo umestili na otok na obmo\u010dju portoro\u0161ke marine. Z deli naj bi kon\u010dali do konca julija.","og_url":"https:\/\/hudo.com\/si\/aktualno\/to-bo-najlepsa-plaza-v-portorozu\/","og_site_name":"Hudo Slovenija","article_publisher":"https:\/\/www.facebook.com\/hudo.si","article_published_time":"2017-06-29T02:03:00+00:00","og_image":[{"width":620,"height":413,"url":"https:\/\/hudo.com\/si\/wp-content\/uploads\/sites\/2\/2017\/06\/F148MARINA06Z.jpg","type":"image\/jpeg"}],"author":"hudo","twitter_card":"summary_large_image","twitter_creator":"@hudo_si","twitter_site":"@hudo_si","twitter_misc":{"Written by":"hudo"},"schema":{"@context":"https:\/\/schema.org","@graph":[{"@type":"Article","@id":"https:\/\/hudo.com\/si\/aktualno\/to-bo-najlepsa-plaza-v-portorozu\/#article","isPartOf":{"@id":"https:\/\/hudo.com\/si\/aktualno\/to-bo-najlepsa-plaza-v-portorozu\/"},"author":{"name":"hudo","@id":"https:\/\/hudo.com\/si\/#\/schema\/person\/601cf3379633985b20f7e50f2bb47707"},"headline":"\u201cTo bo najlep\u0161a pla\u017ea v Portoro\u017eu\u201d","datePublished":"2017-06-29T02:03:00+00:00","dateModified":"2017-06-29T02:03:00+00:00","mainEntityOfPage":{"@id":"https:\/\/hudo.com\/si\/aktualno\/to-bo-najlepsa-plaza-v-portorozu\/"},"wordCount":68,"publisher":{"@id":"https:\/\/hudo.com\/si\/#organization"},"articleSection":["Aktualno"],"inLanguage":"sl-SI"},{"@type":"WebPage","@id":"https:\/\/hudo.com\/si\/aktualno\/to-bo-najlepsa-plaza-v-portorozu\/","url":"https:\/\/hudo.com\/si\/aktualno\/to-bo-najlepsa-plaza-v-portorozu\/","name":"\u201cTo bo najlep\u0161a pla\u017ea v Portoro\u017eu\u201d - Hudo Slovenija","isPartOf":{"@id":"https:\/\/hudo.com\/si\/#website"},"datePublished":"2017-06-29T02:03:00+00:00","dateModified":"2017-06-29T02:03:00+00:00","breadcrumb":{"@id":"https:\/\/hudo.com\/si\/aktualno\/to-bo-najlepsa-plaza-v-portorozu\/#breadcrumb"},"inLanguage":"sl-SI","potentialAction":[{"@type":"ReadAction","target":["https:\/\/hudo.com\/si\/aktualno\/to-bo-najlepsa-plaza-v-portorozu\/"]}]},{"@type":"BreadcrumbList","@id":"https:\/\/hudo.com\/si\/aktualno\/to-bo-najlepsa-plaza-v-portorozu\/#breadcrumb","itemListElement":[{"@type":"ListItem","position":1,"name":"Home","item":"https:\/\/hudo.com\/si\/"},{"@type":"ListItem","position":2,"name":"\u201cTo bo najlep\u0161a pla\u017ea v Portoro\u017eu\u201d"}]},{"@type":"WebSite","@id":"https:\/\/hudo.com\/si\/#website","url":"https:\/\/hudo.com\/si\/","name":"Hudo Slovenija","description":"Vse novice iz Slovenije in sveta","publisher":{"@id":"https:\/\/hudo.com\/si\/#organization"},"potentialAction":[{"@type":"SearchAction","target":{"@type":"EntryPoint","urlTemplate":"https:\/\/hudo.com\/si\/?s={search_term_string}"},"query-input":"required name=search_term_string"}],"inLanguage":"sl-SI"},{"@type":"Organization","@id":"https:\/\/hudo.com\/si\/#organization","name":"VSN Media","url":"https:\/\/hudo.com\/si\/","logo":{"@type":"ImageObject","inLanguage":"sl-SI","@id":"https:\/\/hudo.com\/si\/#\/schema\/logo\/image\/","url":"https:\/\/hudo.com\/si\/wp-content\/uploads\/sites\/2\/2021\/03\/hudo-app-2.png","contentUrl":"https:\/\/hudo.com\/si\/wp-content\/uploads\/sites\/2\/2021\/03\/hudo-app-2.png","width":2185,"height":2167,"caption":"VSN Media"},"image":{"@id":"https:\/\/hudo.com\/si\/#\/schema\/logo\/image\/"},"sameAs":["https:\/\/www.facebook.com\/hudo.si","https:\/\/twitter.com\/hudo_si"]},{"@type":"Person","@id":"https:\/\/hudo.com\/si\/#\/schema\/person\/601cf3379633985b20f7e50f2bb47707","name":"hudo","image":{"@type":"ImageObject","inLanguage":"sl-SI","@id":"https:\/\/hudo.com\/si\/#\/schema\/person\/image\/","url":"https:\/\/secure.gravatar.com\/avatar\/c4ca25fa72cace7a696b52ff5db9e095?s=96&d=mm&r=g","contentUrl":"https:\/\/secure.gravatar.com\/avatar\/c4ca25fa72cace7a696b52ff5db9e095?s=96&d=mm&r=g","caption":"hudo"},"url":"https:\/\/hudo.com\/si\/author\/hudo\/"}]}},"amp_enabled":true,"_links":{"self":[{"href":"https:\/\/hudo.com\/si\/wp-json\/wp\/v2\/posts\/271625"}],"collection":[{"href":"https:\/\/hudo.com\/si\/wp-json\/wp\/v2\/posts"}],"about":[{"href":"https:\/\/hudo.com\/si\/wp-json\/wp\/v2\/types\/post"}],"author":[{"embeddable":true,"href":"https:\/\/hudo.com\/si\/wp-json\/wp\/v2\/users\/1"}],"replies":[{"embeddable":true,"href":"https:\/\/hudo.com\/si\/wp-json\/wp\/v2\/comments?post=271625"}],"version-history":[{"count":0,"href":"https:\/\/hudo.com\/si\/wp-json\/wp\/v2\/posts\/271625\/revisions"}],"wp:attachment":[{"href":"https:\/\/hudo.com\/si\/wp-json\/wp\/v2\/media?parent=271625"}],"wp:term":[{"taxonomy":"category","embeddable":true,"href":"https:\/\/hudo.com\/si\/wp-json\/wp\/v2\/categories?post=271625"},{"taxonomy":"post_tag","embeddable":true,"href":"https:\/\/hudo.com\/si\/wp-json\/wp\/v2\/tags?post=271625"},{"taxonomy":"source","embeddable":true,"href":"https:\/\/hudo.com\/si\/wp-json\/wp\/v2\/source?post=271625"},{"taxonomy":"supertag","embeddable":true,"href":"https:\/\/hudo.com\/si\/wp-json\/wp\/v2\/supertag?post=271625"}],"curies":[{"name":"wp","href":"https:\/\/api.w.org\/{rel}","templated":true}]}}