{"id":271683,"date":"2017-06-29T05:44:00","date_gmt":"2017-06-29T03:44:00","guid":{"rendered":"http:\/\/hudo.com\/si\/2017\/06\/29\/sef-vatikanskih-financ-obtozen-spolnih-zlorab\/"},"modified":"2017-06-29T05:44:00","modified_gmt":"2017-06-29T03:44:00","slug":"sef-vatikanskih-financ-obtozen-spolnih-zlorab","status":"publish","type":"post","link":"https:\/\/hudo.com\/si\/aktualno\/sef-vatikanskih-financ-obtozen-spolnih-zlorab\/","title":{"rendered":"\u0160ef vatikanskih financ obto\u017een spolnih zlorab"},"content":{"rendered":"<p>Kategorija: Globalno Thu, 29 Jun 2017 07:44:00 +0200  Sydney \u2212 Avstralski kardinal George Pell je v svoji domovini obto\u017een spolnih zlorab. Gre za obto\u017ebe v povezavi z dogodki iz preteklosti, je danes sporo\u010dila policija v zvezni dr\u017eavi Victoria in dodala, da je obto\u017ebe na njegov ra\u010dun podalo ve\u010d ljudi. \u0160ef vatikanskih financ, ki je najvi\u0161ji predstavnik Vatikana, obto\u017een tovrstnih dejanj, vse obto\u017ebe zanika. Pell je najvi\u0161ji predstavnik znotraj hierarhije Katoli\u0161ke cerkve iz Avstralije in je bil pred selitvijo v Rim nad\u0161kof Melbourna in Sydneyja. V za\u010detku leta 2014 je pape\u017e Fran\u010di\u0161ek danes 76-letnega kardinala imenoval na \u010delo nadzornega telesa za gospodarske zadeve, ki je neke vrste finan\u010dno ministrstvo Vatikana. Avstralska policija ni razkrila podrobnosti obto\u017eb na njegov ra\u010dun \u2212 niti starosti domnevnih \u017ertev niti \u010dasa, ko naj bi bile zagre\u0161ene. Kot je dejal predstavnik avstralske policije, je Pell pozvan na\u00a0&#8230;<\/p>\n","protected":false},"excerpt":{"rendered":"<p>Kategorija: Globalno Thu, 29 Jun 2017 07:44:00 +0200  Sydney \u2212 Avstralski kardinal George Pell je v svoji domovini obto\u017een spolnih zlorab. Gre za obto\u017ebe v povezavi z dogodki iz preteklosti, je danes sporo\u010dila policija v zvezni dr\u017eavi Victoria in dodala, da je obto\u017ebe na njegov ra\u010dun podalo ve\u010d ljudi. \u0160ef vatikanskih financ, ki je najvi\u0161ji predstavnik Vatikana, obto\u017een tovrstnih dejanj, vse obto\u017ebe zanika. Pell je najvi\u0161ji predstavnik znotraj hierarhije Katoli\u0161ke cerkve iz Avstralije in je bil pred selitvijo v Rim nad\u0161kof Melbourna in Sydneyja. V za\u010detku leta 2014 je pape\u017e Fran\u010di\u0161ek danes 76-letnega kardinala imenoval na \u010delo nadzornega telesa za gospodarske zadeve, ki je neke vrste finan\u010dno ministrstvo Vatikana. Avstralska policija ni razkrila podrobnosti obto\u017eb na njegov ra\u010dun \u2212 niti starosti domnevnih \u017ertev niti \u010dasa, ko naj bi bile zagre\u0161ene. Kot je dejal predstavnik avstralske policije, je Pell pozvan na\u00a0&#8230;<\/p>\n","protected":false},"author":1,"featured_media":0,"comment_status":"closed","ping_status":"closed","sticky":false,"template":"","format":"standard","meta":{"footnotes":""},"categories":[1179],"tags":[],"source":[1703],"supertag":[],"acf":[],"yoast_head":"<!-- This site is optimized with the Yoast SEO plugin v21.3 - https:\/\/yoast.com\/wordpress\/plugins\/seo\/ -->\n<title>\u0160ef vatikanskih financ obto\u017een spolnih zlorab - Hudo Slovenija<\/title>\n<meta name=\"robots\" content=\"index, follow, max-snippet:-1, max-image-preview:large, max-video-preview:-1\" \/>\n<link rel=\"canonical\" href=\"https:\/\/hudo.com\/si\/aktualno\/sef-vatikanskih-financ-obtozen-spolnih-zlorab\/\" \/>\n<meta property=\"og:locale\" content=\"sl_SI\" \/>\n<meta property=\"og:type\" content=\"article\" \/>\n<meta property=\"og:title\" content=\"\u0160ef vatikanskih financ obto\u017een spolnih zlorab - Hudo Slovenija\" \/>\n<meta property=\"og:description\" content=\"Kategorija: Globalno Thu, 29 Jun 2017 07:44:00 +0200 Sydney \u2212 Avstralski kardinal George Pell je v svoji domovini obto\u017een spolnih zlorab. Gre za obto\u017ebe v povezavi z dogodki iz preteklosti, je danes sporo\u010dila policija v zvezni dr\u017eavi Victoria in dodala, da je obto\u017ebe na njegov ra\u010dun podalo ve\u010d ljudi. \u0160ef vatikanskih financ, ki je najvi\u0161ji predstavnik Vatikana, obto\u017een tovrstnih dejanj, vse obto\u017ebe zanika. Pell je najvi\u0161ji predstavnik znotraj hierarhije Katoli\u0161ke cerkve iz Avstralije in je bil pred selitvijo v Rim nad\u0161kof Melbourna in Sydneyja. V za\u010detku leta 2014 je pape\u017e Fran\u010di\u0161ek danes 76-letnega kardinala imenoval na \u010delo nadzornega telesa za gospodarske zadeve, ki je neke vrste finan\u010dno ministrstvo Vatikana. Avstralska policija ni razkrila podrobnosti obto\u017eb na njegov ra\u010dun \u2212 niti starosti domnevnih \u017ertev niti \u010dasa, ko naj bi bile zagre\u0161ene. Kot je dejal predstavnik avstralske policije, je Pell pozvan na\u00a0...\" \/>\n<meta property=\"og:url\" content=\"https:\/\/hudo.com\/si\/aktualno\/sef-vatikanskih-financ-obtozen-spolnih-zlorab\/\" \/>\n<meta property=\"og:site_name\" content=\"Hudo Slovenija\" \/>\n<meta property=\"article:publisher\" content=\"https:\/\/www.facebook.com\/hudo.si\" \/>\n<meta property=\"article:published_time\" content=\"2017-06-29T03:44:00+00:00\" \/>\n<meta property=\"og:image\" content=\"https:\/\/hudo.com\/si\/wp-content\/uploads\/sites\/2\/2017\/06\/480x290_AP_Pictures-20170629051843-32057700.jpeg\" \/>\n\t<meta property=\"og:image:width\" content=\"480\" \/>\n\t<meta property=\"og:image:height\" content=\"290\" \/>\n\t<meta property=\"og:image:type\" content=\"image\/jpeg\" \/>\n<meta name=\"author\" content=\"hudo\" \/>\n<meta name=\"twitter:card\" content=\"summary_large_image\" \/>\n<meta name=\"twitter:creator\" content=\"@hudo_si\" \/>\n<meta name=\"twitter:site\" content=\"@hudo_si\" \/>\n<meta name=\"twitter:label1\" content=\"Written by\" \/>\n\t<meta name=\"twitter:data1\" content=\"hudo\" \/>\n\t<meta name=\"twitter:label2\" content=\"Est. reading time\" \/>\n\t<meta name=\"twitter:data2\" content=\"1 minuta\" \/>\n<script type=\"application\/ld+json\" class=\"yoast-schema-graph\">{\"@context\":\"https:\/\/schema.org\",\"@graph\":[{\"@type\":\"Article\",\"@id\":\"https:\/\/hudo.com\/si\/aktualno\/sef-vatikanskih-financ-obtozen-spolnih-zlorab\/#article\",\"isPartOf\":{\"@id\":\"https:\/\/hudo.com\/si\/aktualno\/sef-vatikanskih-financ-obtozen-spolnih-zlorab\/\"},\"author\":{\"name\":\"hudo\",\"@id\":\"https:\/\/hudo.com\/si\/#\/schema\/person\/601cf3379633985b20f7e50f2bb47707\"},\"headline\":\"\u0160ef vatikanskih financ obto\u017een spolnih zlorab\",\"datePublished\":\"2017-06-29T03:44:00+00:00\",\"dateModified\":\"2017-06-29T03:44:00+00:00\",\"mainEntityOfPage\":{\"@id\":\"https:\/\/hudo.com\/si\/aktualno\/sef-vatikanskih-financ-obtozen-spolnih-zlorab\/\"},\"wordCount\":159,\"publisher\":{\"@id\":\"https:\/\/hudo.com\/si\/#organization\"},\"articleSection\":[\"Aktualno\"],\"inLanguage\":\"sl-SI\"},{\"@type\":\"WebPage\",\"@id\":\"https:\/\/hudo.com\/si\/aktualno\/sef-vatikanskih-financ-obtozen-spolnih-zlorab\/\",\"url\":\"https:\/\/hudo.com\/si\/aktualno\/sef-vatikanskih-financ-obtozen-spolnih-zlorab\/\",\"name\":\"\u0160ef vatikanskih financ obto\u017een spolnih zlorab - Hudo Slovenija\",\"isPartOf\":{\"@id\":\"https:\/\/hudo.com\/si\/#website\"},\"datePublished\":\"2017-06-29T03:44:00+00:00\",\"dateModified\":\"2017-06-29T03:44:00+00:00\",\"breadcrumb\":{\"@id\":\"https:\/\/hudo.com\/si\/aktualno\/sef-vatikanskih-financ-obtozen-spolnih-zlorab\/#breadcrumb\"},\"inLanguage\":\"sl-SI\",\"potentialAction\":[{\"@type\":\"ReadAction\",\"target\":[\"https:\/\/hudo.com\/si\/aktualno\/sef-vatikanskih-financ-obtozen-spolnih-zlorab\/\"]}]},{\"@type\":\"BreadcrumbList\",\"@id\":\"https:\/\/hudo.com\/si\/aktualno\/sef-vatikanskih-financ-obtozen-spolnih-zlorab\/#breadcrumb\",\"itemListElement\":[{\"@type\":\"ListItem\",\"position\":1,\"name\":\"Home\",\"item\":\"https:\/\/hudo.com\/si\/\"},{\"@type\":\"ListItem\",\"position\":2,\"name\":\"\u0160ef vatikanskih financ obto\u017een spolnih zlorab\"}]},{\"@type\":\"WebSite\",\"@id\":\"https:\/\/hudo.com\/si\/#website\",\"url\":\"https:\/\/hudo.com\/si\/\",\"name\":\"Hudo Slovenija\",\"description\":\"Vse novice iz Slovenije in sveta\",\"publisher\":{\"@id\":\"https:\/\/hudo.com\/si\/#organization\"},\"potentialAction\":[{\"@type\":\"SearchAction\",\"target\":{\"@type\":\"EntryPoint\",\"urlTemplate\":\"https:\/\/hudo.com\/si\/?s={search_term_string}\"},\"query-input\":\"required name=search_term_string\"}],\"inLanguage\":\"sl-SI\"},{\"@type\":\"Organization\",\"@id\":\"https:\/\/hudo.com\/si\/#organization\",\"name\":\"VSN Media\",\"url\":\"https:\/\/hudo.com\/si\/\",\"logo\":{\"@type\":\"ImageObject\",\"inLanguage\":\"sl-SI\",\"@id\":\"https:\/\/hudo.com\/si\/#\/schema\/logo\/image\/\",\"url\":\"https:\/\/hudo.com\/si\/wp-content\/uploads\/sites\/2\/2021\/03\/hudo-app-2.png\",\"contentUrl\":\"https:\/\/hudo.com\/si\/wp-content\/uploads\/sites\/2\/2021\/03\/hudo-app-2.png\",\"width\":2185,\"height\":2167,\"caption\":\"VSN Media\"},\"image\":{\"@id\":\"https:\/\/hudo.com\/si\/#\/schema\/logo\/image\/\"},\"sameAs\":[\"https:\/\/www.facebook.com\/hudo.si\",\"https:\/\/twitter.com\/hudo_si\"]},{\"@type\":\"Person\",\"@id\":\"https:\/\/hudo.com\/si\/#\/schema\/person\/601cf3379633985b20f7e50f2bb47707\",\"name\":\"hudo\",\"image\":{\"@type\":\"ImageObject\",\"inLanguage\":\"sl-SI\",\"@id\":\"https:\/\/hudo.com\/si\/#\/schema\/person\/image\/\",\"url\":\"https:\/\/secure.gravatar.com\/avatar\/c4ca25fa72cace7a696b52ff5db9e095?s=96&d=mm&r=g\",\"contentUrl\":\"https:\/\/secure.gravatar.com\/avatar\/c4ca25fa72cace7a696b52ff5db9e095?s=96&d=mm&r=g\",\"caption\":\"hudo\"},\"url\":\"https:\/\/hudo.com\/si\/author\/hudo\/\"}]}<\/script>\n<!-- \/ Yoast SEO plugin. -->","yoast_head_json":{"title":"\u0160ef vatikanskih financ obto\u017een spolnih zlorab - Hudo Slovenija","robots":{"index":"index","follow":"follow","max-snippet":"max-snippet:-1","max-image-preview":"max-image-preview:large","max-video-preview":"max-video-preview:-1"},"canonical":"https:\/\/hudo.com\/si\/aktualno\/sef-vatikanskih-financ-obtozen-spolnih-zlorab\/","og_locale":"sl_SI","og_type":"article","og_title":"\u0160ef vatikanskih financ obto\u017een spolnih zlorab - Hudo Slovenija","og_description":"Kategorija: Globalno Thu, 29 Jun 2017 07:44:00 +0200 Sydney \u2212 Avstralski kardinal George Pell je v svoji domovini obto\u017een spolnih zlorab. Gre za obto\u017ebe v povezavi z dogodki iz preteklosti, je danes sporo\u010dila policija v zvezni dr\u017eavi Victoria in dodala, da je obto\u017ebe na njegov ra\u010dun podalo ve\u010d ljudi. \u0160ef vatikanskih financ, ki je najvi\u0161ji predstavnik Vatikana, obto\u017een tovrstnih dejanj, vse obto\u017ebe zanika. Pell je najvi\u0161ji predstavnik znotraj hierarhije Katoli\u0161ke cerkve iz Avstralije in je bil pred selitvijo v Rim nad\u0161kof Melbourna in Sydneyja. V za\u010detku leta 2014 je pape\u017e Fran\u010di\u0161ek danes 76-letnega kardinala imenoval na \u010delo nadzornega telesa za gospodarske zadeve, ki je neke vrste finan\u010dno ministrstvo Vatikana. Avstralska policija ni razkrila podrobnosti obto\u017eb na njegov ra\u010dun \u2212 niti starosti domnevnih \u017ertev niti \u010dasa, ko naj bi bile zagre\u0161ene. Kot je dejal predstavnik avstralske policije, je Pell pozvan na\u00a0...","og_url":"https:\/\/hudo.com\/si\/aktualno\/sef-vatikanskih-financ-obtozen-spolnih-zlorab\/","og_site_name":"Hudo Slovenija","article_publisher":"https:\/\/www.facebook.com\/hudo.si","article_published_time":"2017-06-29T03:44:00+00:00","og_image":[{"width":480,"height":290,"url":"https:\/\/hudo.com\/si\/wp-content\/uploads\/sites\/2\/2017\/06\/480x290_AP_Pictures-20170629051843-32057700.jpeg","type":"image\/jpeg"}],"author":"hudo","twitter_card":"summary_large_image","twitter_creator":"@hudo_si","twitter_site":"@hudo_si","twitter_misc":{"Written by":"hudo","Est. reading time":"1 minuta"},"schema":{"@context":"https:\/\/schema.org","@graph":[{"@type":"Article","@id":"https:\/\/hudo.com\/si\/aktualno\/sef-vatikanskih-financ-obtozen-spolnih-zlorab\/#article","isPartOf":{"@id":"https:\/\/hudo.com\/si\/aktualno\/sef-vatikanskih-financ-obtozen-spolnih-zlorab\/"},"author":{"name":"hudo","@id":"https:\/\/hudo.com\/si\/#\/schema\/person\/601cf3379633985b20f7e50f2bb47707"},"headline":"\u0160ef vatikanskih financ obto\u017een spolnih zlorab","datePublished":"2017-06-29T03:44:00+00:00","dateModified":"2017-06-29T03:44:00+00:00","mainEntityOfPage":{"@id":"https:\/\/hudo.com\/si\/aktualno\/sef-vatikanskih-financ-obtozen-spolnih-zlorab\/"},"wordCount":159,"publisher":{"@id":"https:\/\/hudo.com\/si\/#organization"},"articleSection":["Aktualno"],"inLanguage":"sl-SI"},{"@type":"WebPage","@id":"https:\/\/hudo.com\/si\/aktualno\/sef-vatikanskih-financ-obtozen-spolnih-zlorab\/","url":"https:\/\/hudo.com\/si\/aktualno\/sef-vatikanskih-financ-obtozen-spolnih-zlorab\/","name":"\u0160ef vatikanskih financ obto\u017een spolnih zlorab - Hudo Slovenija","isPartOf":{"@id":"https:\/\/hudo.com\/si\/#website"},"datePublished":"2017-06-29T03:44:00+00:00","dateModified":"2017-06-29T03:44:00+00:00","breadcrumb":{"@id":"https:\/\/hudo.com\/si\/aktualno\/sef-vatikanskih-financ-obtozen-spolnih-zlorab\/#breadcrumb"},"inLanguage":"sl-SI","potentialAction":[{"@type":"ReadAction","target":["https:\/\/hudo.com\/si\/aktualno\/sef-vatikanskih-financ-obtozen-spolnih-zlorab\/"]}]},{"@type":"BreadcrumbList","@id":"https:\/\/hudo.com\/si\/aktualno\/sef-vatikanskih-financ-obtozen-spolnih-zlorab\/#breadcrumb","itemListElement":[{"@type":"ListItem","position":1,"name":"Home","item":"https:\/\/hudo.com\/si\/"},{"@type":"ListItem","position":2,"name":"\u0160ef vatikanskih financ obto\u017een spolnih zlorab"}]},{"@type":"WebSite","@id":"https:\/\/hudo.com\/si\/#website","url":"https:\/\/hudo.com\/si\/","name":"Hudo Slovenija","description":"Vse novice iz Slovenije in sveta","publisher":{"@id":"https:\/\/hudo.com\/si\/#organization"},"potentialAction":[{"@type":"SearchAction","target":{"@type":"EntryPoint","urlTemplate":"https:\/\/hudo.com\/si\/?s={search_term_string}"},"query-input":"required name=search_term_string"}],"inLanguage":"sl-SI"},{"@type":"Organization","@id":"https:\/\/hudo.com\/si\/#organization","name":"VSN Media","url":"https:\/\/hudo.com\/si\/","logo":{"@type":"ImageObject","inLanguage":"sl-SI","@id":"https:\/\/hudo.com\/si\/#\/schema\/logo\/image\/","url":"https:\/\/hudo.com\/si\/wp-content\/uploads\/sites\/2\/2021\/03\/hudo-app-2.png","contentUrl":"https:\/\/hudo.com\/si\/wp-content\/uploads\/sites\/2\/2021\/03\/hudo-app-2.png","width":2185,"height":2167,"caption":"VSN Media"},"image":{"@id":"https:\/\/hudo.com\/si\/#\/schema\/logo\/image\/"},"sameAs":["https:\/\/www.facebook.com\/hudo.si","https:\/\/twitter.com\/hudo_si"]},{"@type":"Person","@id":"https:\/\/hudo.com\/si\/#\/schema\/person\/601cf3379633985b20f7e50f2bb47707","name":"hudo","image":{"@type":"ImageObject","inLanguage":"sl-SI","@id":"https:\/\/hudo.com\/si\/#\/schema\/person\/image\/","url":"https:\/\/secure.gravatar.com\/avatar\/c4ca25fa72cace7a696b52ff5db9e095?s=96&d=mm&r=g","contentUrl":"https:\/\/secure.gravatar.com\/avatar\/c4ca25fa72cace7a696b52ff5db9e095?s=96&d=mm&r=g","caption":"hudo"},"url":"https:\/\/hudo.com\/si\/author\/hudo\/"}]}},"amp_enabled":true,"_links":{"self":[{"href":"https:\/\/hudo.com\/si\/wp-json\/wp\/v2\/posts\/271683"}],"collection":[{"href":"https:\/\/hudo.com\/si\/wp-json\/wp\/v2\/posts"}],"about":[{"href":"https:\/\/hudo.com\/si\/wp-json\/wp\/v2\/types\/post"}],"author":[{"embeddable":true,"href":"https:\/\/hudo.com\/si\/wp-json\/wp\/v2\/users\/1"}],"replies":[{"embeddable":true,"href":"https:\/\/hudo.com\/si\/wp-json\/wp\/v2\/comments?post=271683"}],"version-history":[{"count":0,"href":"https:\/\/hudo.com\/si\/wp-json\/wp\/v2\/posts\/271683\/revisions"}],"wp:attachment":[{"href":"https:\/\/hudo.com\/si\/wp-json\/wp\/v2\/media?parent=271683"}],"wp:term":[{"taxonomy":"category","embeddable":true,"href":"https:\/\/hudo.com\/si\/wp-json\/wp\/v2\/categories?post=271683"},{"taxonomy":"post_tag","embeddable":true,"href":"https:\/\/hudo.com\/si\/wp-json\/wp\/v2\/tags?post=271683"},{"taxonomy":"source","embeddable":true,"href":"https:\/\/hudo.com\/si\/wp-json\/wp\/v2\/source?post=271683"},{"taxonomy":"supertag","embeddable":true,"href":"https:\/\/hudo.com\/si\/wp-json\/wp\/v2\/supertag?post=271683"}],"curies":[{"name":"wp","href":"https:\/\/api.w.org\/{rel}","templated":true}]}}