{"id":271755,"date":"2017-06-29T06:03:40","date_gmt":"2017-06-29T04:03:40","guid":{"rendered":"http:\/\/hudo.com\/si\/2017\/06\/29\/arbitraza-ne-bo-prinesla-sprememb-cez-noc\/"},"modified":"2017-06-29T06:03:40","modified_gmt":"2017-06-29T04:03:40","slug":"arbitraza-ne-bo-prinesla-sprememb-cez-noc","status":"publish","type":"post","link":"https:\/\/hudo.com\/si\/aktualno\/arbitraza-ne-bo-prinesla-sprememb-cez-noc\/","title":{"rendered":"\u201cArbitra\u017ea ne bo prinesla sprememb \u010dez no\u010d\u201d"},"content":{"rendered":"<p>\u201cNajprej je treba vedeti, da kakr\u0161na koli \u017ee bo odlo\u010ditev arbitra\u017enega sodi\u0161\u010da, do sprememb ne bo pri\u0161lo \u010dez no\u010d, pa\u010d pa se bo problematiko urejevalo v dalj\u0161em \u010dasovnem obdobju in ob politi\u010dni volji obeh dr\u017eav,\u201d meni Ivan Seljak, na\u010delnik piranske upravne enote. Predsednik krajevne skupnosti Se\u010dovlje Denis Fakin izpostavlja, da je marsikoga, ki \u017eivi ob meji, strah, da bi se v medijsko napihnjenem in pregretem ozra\u010dju lahko zgodil kak\u0161en incident.<\/p>\n","protected":false},"excerpt":{"rendered":"<p>\u201cNajprej je treba vedeti, da kakr\u0161na koli \u017ee bo odlo\u010ditev arbitra\u017enega sodi\u0161\u010da, do sprememb ne bo pri\u0161lo \u010dez no\u010d, pa\u010d pa se bo problematiko urejevalo v dalj\u0161em \u010dasovnem obdobju in ob politi\u010dni volji obeh dr\u017eav,\u201d meni Ivan Seljak, na\u010delnik piranske upravne enote. Predsednik krajevne skupnosti Se\u010dovlje Denis Fakin izpostavlja, da je marsikoga, ki \u017eivi ob meji, strah, da bi se v medijsko napihnjenem in pregretem ozra\u010dju lahko zgodil kak\u0161en incident.<\/p>\n","protected":false},"author":1,"featured_media":0,"comment_status":"closed","ping_status":"closed","sticky":false,"template":"","format":"standard","meta":{"footnotes":""},"categories":[1179],"tags":[],"source":[1707],"supertag":[],"acf":[],"yoast_head":"<!-- This site is optimized with the Yoast SEO plugin v21.3 - https:\/\/yoast.com\/wordpress\/plugins\/seo\/ -->\n<title>\u201cArbitra\u017ea ne bo prinesla sprememb \u010dez no\u010d\u201d - Hudo Slovenija<\/title>\n<meta name=\"robots\" content=\"index, follow, max-snippet:-1, max-image-preview:large, max-video-preview:-1\" \/>\n<link rel=\"canonical\" href=\"https:\/\/hudo.com\/si\/aktualno\/arbitraza-ne-bo-prinesla-sprememb-cez-noc\/\" \/>\n<meta property=\"og:locale\" content=\"sl_SI\" \/>\n<meta property=\"og:type\" content=\"article\" \/>\n<meta property=\"og:title\" content=\"\u201cArbitra\u017ea ne bo prinesla sprememb \u010dez no\u010d\u201d - Hudo Slovenija\" \/>\n<meta property=\"og:description\" content=\"\u201cNajprej je treba vedeti, da kakr\u0161na koli \u017ee bo odlo\u010ditev arbitra\u017enega sodi\u0161\u010da, do sprememb ne bo pri\u0161lo \u010dez no\u010d, pa\u010d pa se bo problematiko urejevalo v dalj\u0161em \u010dasovnem obdobju in ob politi\u010dni volji obeh dr\u017eav,\u201d meni Ivan Seljak, na\u010delnik piranske upravne enote. Predsednik krajevne skupnosti Se\u010dovlje Denis Fakin izpostavlja, da je marsikoga, ki \u017eivi ob meji, strah, da bi se v medijsko napihnjenem in pregretem ozra\u010dju lahko zgodil kak\u0161en incident.\" \/>\n<meta property=\"og:url\" content=\"https:\/\/hudo.com\/si\/aktualno\/arbitraza-ne-bo-prinesla-sprememb-cez-noc\/\" \/>\n<meta property=\"og:site_name\" content=\"Hudo Slovenija\" \/>\n<meta property=\"article:publisher\" content=\"https:\/\/www.facebook.com\/hudo.si\" \/>\n<meta property=\"article:published_time\" content=\"2017-06-29T04:03:40+00:00\" \/>\n<meta property=\"og:image\" content=\"https:\/\/hudo.com\/si\/wp-content\/uploads\/sites\/2\/2017\/06\/SKODELIN0.jpg\" \/>\n\t<meta property=\"og:image:width\" content=\"620\" \/>\n\t<meta property=\"og:image:height\" content=\"465\" \/>\n\t<meta property=\"og:image:type\" content=\"image\/jpeg\" \/>\n<meta name=\"author\" content=\"hudo\" \/>\n<meta name=\"twitter:card\" content=\"summary_large_image\" \/>\n<meta name=\"twitter:creator\" content=\"@hudo_si\" \/>\n<meta name=\"twitter:site\" content=\"@hudo_si\" \/>\n<meta name=\"twitter:label1\" content=\"Written by\" \/>\n\t<meta name=\"twitter:data1\" content=\"hudo\" \/>\n<script type=\"application\/ld+json\" class=\"yoast-schema-graph\">{\"@context\":\"https:\/\/schema.org\",\"@graph\":[{\"@type\":\"Article\",\"@id\":\"https:\/\/hudo.com\/si\/aktualno\/arbitraza-ne-bo-prinesla-sprememb-cez-noc\/#article\",\"isPartOf\":{\"@id\":\"https:\/\/hudo.com\/si\/aktualno\/arbitraza-ne-bo-prinesla-sprememb-cez-noc\/\"},\"author\":{\"name\":\"hudo\",\"@id\":\"https:\/\/hudo.com\/si\/#\/schema\/person\/601cf3379633985b20f7e50f2bb47707\"},\"headline\":\"\u201cArbitra\u017ea ne bo prinesla sprememb \u010dez no\u010d\u201d\",\"datePublished\":\"2017-06-29T04:03:40+00:00\",\"dateModified\":\"2017-06-29T04:03:40+00:00\",\"mainEntityOfPage\":{\"@id\":\"https:\/\/hudo.com\/si\/aktualno\/arbitraza-ne-bo-prinesla-sprememb-cez-noc\/\"},\"wordCount\":90,\"publisher\":{\"@id\":\"https:\/\/hudo.com\/si\/#organization\"},\"articleSection\":[\"Aktualno\"],\"inLanguage\":\"sl-SI\"},{\"@type\":\"WebPage\",\"@id\":\"https:\/\/hudo.com\/si\/aktualno\/arbitraza-ne-bo-prinesla-sprememb-cez-noc\/\",\"url\":\"https:\/\/hudo.com\/si\/aktualno\/arbitraza-ne-bo-prinesla-sprememb-cez-noc\/\",\"name\":\"\u201cArbitra\u017ea ne bo prinesla sprememb \u010dez no\u010d\u201d - Hudo Slovenija\",\"isPartOf\":{\"@id\":\"https:\/\/hudo.com\/si\/#website\"},\"datePublished\":\"2017-06-29T04:03:40+00:00\",\"dateModified\":\"2017-06-29T04:03:40+00:00\",\"breadcrumb\":{\"@id\":\"https:\/\/hudo.com\/si\/aktualno\/arbitraza-ne-bo-prinesla-sprememb-cez-noc\/#breadcrumb\"},\"inLanguage\":\"sl-SI\",\"potentialAction\":[{\"@type\":\"ReadAction\",\"target\":[\"https:\/\/hudo.com\/si\/aktualno\/arbitraza-ne-bo-prinesla-sprememb-cez-noc\/\"]}]},{\"@type\":\"BreadcrumbList\",\"@id\":\"https:\/\/hudo.com\/si\/aktualno\/arbitraza-ne-bo-prinesla-sprememb-cez-noc\/#breadcrumb\",\"itemListElement\":[{\"@type\":\"ListItem\",\"position\":1,\"name\":\"Home\",\"item\":\"https:\/\/hudo.com\/si\/\"},{\"@type\":\"ListItem\",\"position\":2,\"name\":\"\u201cArbitra\u017ea ne bo prinesla sprememb \u010dez no\u010d\u201d\"}]},{\"@type\":\"WebSite\",\"@id\":\"https:\/\/hudo.com\/si\/#website\",\"url\":\"https:\/\/hudo.com\/si\/\",\"name\":\"Hudo Slovenija\",\"description\":\"Vse novice iz Slovenije in sveta\",\"publisher\":{\"@id\":\"https:\/\/hudo.com\/si\/#organization\"},\"potentialAction\":[{\"@type\":\"SearchAction\",\"target\":{\"@type\":\"EntryPoint\",\"urlTemplate\":\"https:\/\/hudo.com\/si\/?s={search_term_string}\"},\"query-input\":\"required name=search_term_string\"}],\"inLanguage\":\"sl-SI\"},{\"@type\":\"Organization\",\"@id\":\"https:\/\/hudo.com\/si\/#organization\",\"name\":\"VSN Media\",\"url\":\"https:\/\/hudo.com\/si\/\",\"logo\":{\"@type\":\"ImageObject\",\"inLanguage\":\"sl-SI\",\"@id\":\"https:\/\/hudo.com\/si\/#\/schema\/logo\/image\/\",\"url\":\"https:\/\/hudo.com\/si\/wp-content\/uploads\/sites\/2\/2021\/03\/hudo-app-2.png\",\"contentUrl\":\"https:\/\/hudo.com\/si\/wp-content\/uploads\/sites\/2\/2021\/03\/hudo-app-2.png\",\"width\":2185,\"height\":2167,\"caption\":\"VSN Media\"},\"image\":{\"@id\":\"https:\/\/hudo.com\/si\/#\/schema\/logo\/image\/\"},\"sameAs\":[\"https:\/\/www.facebook.com\/hudo.si\",\"https:\/\/twitter.com\/hudo_si\"]},{\"@type\":\"Person\",\"@id\":\"https:\/\/hudo.com\/si\/#\/schema\/person\/601cf3379633985b20f7e50f2bb47707\",\"name\":\"hudo\",\"image\":{\"@type\":\"ImageObject\",\"inLanguage\":\"sl-SI\",\"@id\":\"https:\/\/hudo.com\/si\/#\/schema\/person\/image\/\",\"url\":\"https:\/\/secure.gravatar.com\/avatar\/c4ca25fa72cace7a696b52ff5db9e095?s=96&d=mm&r=g\",\"contentUrl\":\"https:\/\/secure.gravatar.com\/avatar\/c4ca25fa72cace7a696b52ff5db9e095?s=96&d=mm&r=g\",\"caption\":\"hudo\"},\"url\":\"https:\/\/hudo.com\/si\/author\/hudo\/\"}]}<\/script>\n<!-- \/ Yoast SEO plugin. -->","yoast_head_json":{"title":"\u201cArbitra\u017ea ne bo prinesla sprememb \u010dez no\u010d\u201d - Hudo Slovenija","robots":{"index":"index","follow":"follow","max-snippet":"max-snippet:-1","max-image-preview":"max-image-preview:large","max-video-preview":"max-video-preview:-1"},"canonical":"https:\/\/hudo.com\/si\/aktualno\/arbitraza-ne-bo-prinesla-sprememb-cez-noc\/","og_locale":"sl_SI","og_type":"article","og_title":"\u201cArbitra\u017ea ne bo prinesla sprememb \u010dez no\u010d\u201d - Hudo Slovenija","og_description":"\u201cNajprej je treba vedeti, da kakr\u0161na koli \u017ee bo odlo\u010ditev arbitra\u017enega sodi\u0161\u010da, do sprememb ne bo pri\u0161lo \u010dez no\u010d, pa\u010d pa se bo problematiko urejevalo v dalj\u0161em \u010dasovnem obdobju in ob politi\u010dni volji obeh dr\u017eav,\u201d meni Ivan Seljak, na\u010delnik piranske upravne enote. Predsednik krajevne skupnosti Se\u010dovlje Denis Fakin izpostavlja, da je marsikoga, ki \u017eivi ob meji, strah, da bi se v medijsko napihnjenem in pregretem ozra\u010dju lahko zgodil kak\u0161en incident.","og_url":"https:\/\/hudo.com\/si\/aktualno\/arbitraza-ne-bo-prinesla-sprememb-cez-noc\/","og_site_name":"Hudo Slovenija","article_publisher":"https:\/\/www.facebook.com\/hudo.si","article_published_time":"2017-06-29T04:03:40+00:00","og_image":[{"width":620,"height":465,"url":"https:\/\/hudo.com\/si\/wp-content\/uploads\/sites\/2\/2017\/06\/SKODELIN0.jpg","type":"image\/jpeg"}],"author":"hudo","twitter_card":"summary_large_image","twitter_creator":"@hudo_si","twitter_site":"@hudo_si","twitter_misc":{"Written by":"hudo"},"schema":{"@context":"https:\/\/schema.org","@graph":[{"@type":"Article","@id":"https:\/\/hudo.com\/si\/aktualno\/arbitraza-ne-bo-prinesla-sprememb-cez-noc\/#article","isPartOf":{"@id":"https:\/\/hudo.com\/si\/aktualno\/arbitraza-ne-bo-prinesla-sprememb-cez-noc\/"},"author":{"name":"hudo","@id":"https:\/\/hudo.com\/si\/#\/schema\/person\/601cf3379633985b20f7e50f2bb47707"},"headline":"\u201cArbitra\u017ea ne bo prinesla sprememb \u010dez no\u010d\u201d","datePublished":"2017-06-29T04:03:40+00:00","dateModified":"2017-06-29T04:03:40+00:00","mainEntityOfPage":{"@id":"https:\/\/hudo.com\/si\/aktualno\/arbitraza-ne-bo-prinesla-sprememb-cez-noc\/"},"wordCount":90,"publisher":{"@id":"https:\/\/hudo.com\/si\/#organization"},"articleSection":["Aktualno"],"inLanguage":"sl-SI"},{"@type":"WebPage","@id":"https:\/\/hudo.com\/si\/aktualno\/arbitraza-ne-bo-prinesla-sprememb-cez-noc\/","url":"https:\/\/hudo.com\/si\/aktualno\/arbitraza-ne-bo-prinesla-sprememb-cez-noc\/","name":"\u201cArbitra\u017ea ne bo prinesla sprememb \u010dez no\u010d\u201d - Hudo Slovenija","isPartOf":{"@id":"https:\/\/hudo.com\/si\/#website"},"datePublished":"2017-06-29T04:03:40+00:00","dateModified":"2017-06-29T04:03:40+00:00","breadcrumb":{"@id":"https:\/\/hudo.com\/si\/aktualno\/arbitraza-ne-bo-prinesla-sprememb-cez-noc\/#breadcrumb"},"inLanguage":"sl-SI","potentialAction":[{"@type":"ReadAction","target":["https:\/\/hudo.com\/si\/aktualno\/arbitraza-ne-bo-prinesla-sprememb-cez-noc\/"]}]},{"@type":"BreadcrumbList","@id":"https:\/\/hudo.com\/si\/aktualno\/arbitraza-ne-bo-prinesla-sprememb-cez-noc\/#breadcrumb","itemListElement":[{"@type":"ListItem","position":1,"name":"Home","item":"https:\/\/hudo.com\/si\/"},{"@type":"ListItem","position":2,"name":"\u201cArbitra\u017ea ne bo prinesla sprememb \u010dez no\u010d\u201d"}]},{"@type":"WebSite","@id":"https:\/\/hudo.com\/si\/#website","url":"https:\/\/hudo.com\/si\/","name":"Hudo Slovenija","description":"Vse novice iz Slovenije in sveta","publisher":{"@id":"https:\/\/hudo.com\/si\/#organization"},"potentialAction":[{"@type":"SearchAction","target":{"@type":"EntryPoint","urlTemplate":"https:\/\/hudo.com\/si\/?s={search_term_string}"},"query-input":"required name=search_term_string"}],"inLanguage":"sl-SI"},{"@type":"Organization","@id":"https:\/\/hudo.com\/si\/#organization","name":"VSN Media","url":"https:\/\/hudo.com\/si\/","logo":{"@type":"ImageObject","inLanguage":"sl-SI","@id":"https:\/\/hudo.com\/si\/#\/schema\/logo\/image\/","url":"https:\/\/hudo.com\/si\/wp-content\/uploads\/sites\/2\/2021\/03\/hudo-app-2.png","contentUrl":"https:\/\/hudo.com\/si\/wp-content\/uploads\/sites\/2\/2021\/03\/hudo-app-2.png","width":2185,"height":2167,"caption":"VSN Media"},"image":{"@id":"https:\/\/hudo.com\/si\/#\/schema\/logo\/image\/"},"sameAs":["https:\/\/www.facebook.com\/hudo.si","https:\/\/twitter.com\/hudo_si"]},{"@type":"Person","@id":"https:\/\/hudo.com\/si\/#\/schema\/person\/601cf3379633985b20f7e50f2bb47707","name":"hudo","image":{"@type":"ImageObject","inLanguage":"sl-SI","@id":"https:\/\/hudo.com\/si\/#\/schema\/person\/image\/","url":"https:\/\/secure.gravatar.com\/avatar\/c4ca25fa72cace7a696b52ff5db9e095?s=96&d=mm&r=g","contentUrl":"https:\/\/secure.gravatar.com\/avatar\/c4ca25fa72cace7a696b52ff5db9e095?s=96&d=mm&r=g","caption":"hudo"},"url":"https:\/\/hudo.com\/si\/author\/hudo\/"}]}},"amp_enabled":true,"_links":{"self":[{"href":"https:\/\/hudo.com\/si\/wp-json\/wp\/v2\/posts\/271755"}],"collection":[{"href":"https:\/\/hudo.com\/si\/wp-json\/wp\/v2\/posts"}],"about":[{"href":"https:\/\/hudo.com\/si\/wp-json\/wp\/v2\/types\/post"}],"author":[{"embeddable":true,"href":"https:\/\/hudo.com\/si\/wp-json\/wp\/v2\/users\/1"}],"replies":[{"embeddable":true,"href":"https:\/\/hudo.com\/si\/wp-json\/wp\/v2\/comments?post=271755"}],"version-history":[{"count":0,"href":"https:\/\/hudo.com\/si\/wp-json\/wp\/v2\/posts\/271755\/revisions"}],"wp:attachment":[{"href":"https:\/\/hudo.com\/si\/wp-json\/wp\/v2\/media?parent=271755"}],"wp:term":[{"taxonomy":"category","embeddable":true,"href":"https:\/\/hudo.com\/si\/wp-json\/wp\/v2\/categories?post=271755"},{"taxonomy":"post_tag","embeddable":true,"href":"https:\/\/hudo.com\/si\/wp-json\/wp\/v2\/tags?post=271755"},{"taxonomy":"source","embeddable":true,"href":"https:\/\/hudo.com\/si\/wp-json\/wp\/v2\/source?post=271755"},{"taxonomy":"supertag","embeddable":true,"href":"https:\/\/hudo.com\/si\/wp-json\/wp\/v2\/supertag?post=271755"}],"curies":[{"name":"wp","href":"https:\/\/api.w.org\/{rel}","templated":true}]}}