{"id":272972,"date":"2017-07-03T07:00:00","date_gmt":"2017-07-03T05:00:00","guid":{"rendered":"http:\/\/hudo.com\/si\/2017\/07\/03\/superliga-je-neizogibna-a-ne-bo-prinesla-razkola\/"},"modified":"2017-07-03T07:00:00","modified_gmt":"2017-07-03T05:00:00","slug":"superliga-je-neizogibna-a-ne-bo-prinesla-razkola","status":"publish","type":"post","link":"https:\/\/hudo.com\/si\/aktualno\/superliga-je-neizogibna-a-ne-bo-prinesla-razkola\/","title":{"rendered":"Superliga je neizogibna, a ne bo prinesla razkola"},"content":{"rendered":"<p>Kategorija: Rokomet Mon, 03 Jul 2017 09:00:00 +0200  Ljubljana \u2013 Gala ve\u010der z \u017erebom za jubilejno 25. sezono lige prvakov na Ljubljanskem gradu je bil \u010de\u0161nja na torti izjemnega leta za slovenski rokomet, v katerem je mo\u0161ka reprezentanca igrala na OI v Riu in osvojila bron na SP v Franciji, \u017eenska pa nastopila na EP na \u0160vedskem in se uvrstila na SP v Nem\u010diji. Med elito bodo po treh letih znova nastopili trije na\u0161i klubi \u2013 Celje Pivovarna La\u0161ko, Gorenje in Krim Mercator. \u017de res, da je \u017ereb organizirala Evropska rokometna zveza, toda odmevnega dogodka, ki so mu prisostovala mnoga ugledna imena, ne bi bilo v Ljubljani, \u010de se Slovenci januarja ne bi okitili z bronom v Parizu, kar je potrdil tudi predsednik EHF Michael Wiederer. \u00bbPo tisti neverjetni zmagi proti Hrva\u0161ki sva kramljala s Franjom Bobincem (predsednik\u00a0&#8230;<\/p>\n","protected":false},"excerpt":{"rendered":"<p>Kategorija: Rokomet Mon, 03 Jul 2017 09:00:00 +0200  Ljubljana \u2013 Gala ve\u010der z \u017erebom za jubilejno 25. sezono lige prvakov na Ljubljanskem gradu je bil \u010de\u0161nja na torti izjemnega leta za slovenski rokomet, v katerem je mo\u0161ka reprezentanca igrala na OI v Riu in osvojila bron na SP v Franciji, \u017eenska pa nastopila na EP na \u0160vedskem in se uvrstila na SP v Nem\u010diji. Med elito bodo po treh letih znova nastopili trije na\u0161i klubi \u2013 Celje Pivovarna La\u0161ko, Gorenje in Krim Mercator. \u017de res, da je \u017ereb organizirala Evropska rokometna zveza, toda odmevnega dogodka, ki so mu prisostovala mnoga ugledna imena, ne bi bilo v Ljubljani, \u010de se Slovenci januarja ne bi okitili z bronom v Parizu, kar je potrdil tudi predsednik EHF Michael Wiederer. \u00bbPo tisti neverjetni zmagi proti Hrva\u0161ki sva kramljala s Franjom Bobincem (predsednik\u00a0&#8230;<\/p>\n","protected":false},"author":1,"featured_media":0,"comment_status":"closed","ping_status":"closed","sticky":false,"template":"","format":"standard","meta":{"footnotes":""},"categories":[1179],"tags":[],"source":[1703],"supertag":[],"acf":[],"yoast_head":"<!-- This site is optimized with the Yoast SEO plugin v21.3 - https:\/\/yoast.com\/wordpress\/plugins\/seo\/ -->\n<title>Superliga je neizogibna, a ne bo prinesla razkola - Hudo Slovenija<\/title>\n<meta name=\"robots\" content=\"index, follow, max-snippet:-1, max-image-preview:large, max-video-preview:-1\" \/>\n<link rel=\"canonical\" href=\"https:\/\/hudo.com\/si\/aktualno\/superliga-je-neizogibna-a-ne-bo-prinesla-razkola\/\" \/>\n<meta property=\"og:locale\" content=\"sl_SI\" \/>\n<meta property=\"og:type\" content=\"article\" \/>\n<meta property=\"og:title\" content=\"Superliga je neizogibna, a ne bo prinesla razkola - Hudo Slovenija\" \/>\n<meta property=\"og:description\" content=\"Kategorija: Rokomet Mon, 03 Jul 2017 09:00:00 +0200 Ljubljana \u2013 Gala ve\u010der z \u017erebom za jubilejno 25. sezono lige prvakov na Ljubljanskem gradu je bil \u010de\u0161nja na torti izjemnega leta za slovenski rokomet, v katerem je mo\u0161ka reprezentanca igrala na OI v Riu in osvojila bron na SP v Franciji, \u017eenska pa nastopila na EP na \u0160vedskem in se uvrstila na SP v Nem\u010diji. Med elito bodo po treh letih znova nastopili trije na\u0161i klubi \u2013 Celje Pivovarna La\u0161ko, Gorenje in Krim Mercator. \u017de res, da je \u017ereb organizirala Evropska rokometna zveza, toda odmevnega dogodka, ki so mu prisostovala mnoga ugledna imena, ne bi bilo v Ljubljani, \u010de se Slovenci januarja ne bi okitili z bronom v Parizu, kar je potrdil tudi predsednik EHF Michael Wiederer. \u00bbPo tisti neverjetni zmagi proti Hrva\u0161ki sva kramljala s Franjom Bobincem (predsednik\u00a0...\" \/>\n<meta property=\"og:url\" content=\"https:\/\/hudo.com\/si\/aktualno\/superliga-je-neizogibna-a-ne-bo-prinesla-razkola\/\" \/>\n<meta property=\"og:site_name\" content=\"Hudo Slovenija\" \/>\n<meta property=\"article:publisher\" content=\"https:\/\/www.facebook.com\/hudo.si\" \/>\n<meta property=\"article:published_time\" content=\"2017-07-03T05:00:00+00:00\" \/>\n<meta property=\"og:image\" content=\"https:\/\/hudo.com\/si\/wp-content\/uploads\/sites\/2\/2017\/07\/480x290_Sport__Delo_Foto_2017070212_hires0.jpeg\" \/>\n\t<meta property=\"og:image:width\" content=\"480\" \/>\n\t<meta property=\"og:image:height\" content=\"290\" \/>\n\t<meta property=\"og:image:type\" content=\"image\/jpeg\" \/>\n<meta name=\"author\" content=\"hudo\" \/>\n<meta name=\"twitter:card\" content=\"summary_large_image\" \/>\n<meta name=\"twitter:creator\" content=\"@hudo_si\" \/>\n<meta name=\"twitter:site\" content=\"@hudo_si\" \/>\n<meta name=\"twitter:label1\" content=\"Written by\" \/>\n\t<meta name=\"twitter:data1\" content=\"hudo\" \/>\n\t<meta name=\"twitter:label2\" content=\"Est. reading time\" \/>\n\t<meta name=\"twitter:data2\" content=\"1 minuta\" \/>\n<script type=\"application\/ld+json\" class=\"yoast-schema-graph\">{\"@context\":\"https:\/\/schema.org\",\"@graph\":[{\"@type\":\"Article\",\"@id\":\"https:\/\/hudo.com\/si\/aktualno\/superliga-je-neizogibna-a-ne-bo-prinesla-razkola\/#article\",\"isPartOf\":{\"@id\":\"https:\/\/hudo.com\/si\/aktualno\/superliga-je-neizogibna-a-ne-bo-prinesla-razkola\/\"},\"author\":{\"name\":\"hudo\",\"@id\":\"https:\/\/hudo.com\/si\/#\/schema\/person\/601cf3379633985b20f7e50f2bb47707\"},\"headline\":\"Superliga je neizogibna, a ne bo prinesla razkola\",\"datePublished\":\"2017-07-03T05:00:00+00:00\",\"dateModified\":\"2017-07-03T05:00:00+00:00\",\"mainEntityOfPage\":{\"@id\":\"https:\/\/hudo.com\/si\/aktualno\/superliga-je-neizogibna-a-ne-bo-prinesla-razkola\/\"},\"wordCount\":146,\"publisher\":{\"@id\":\"https:\/\/hudo.com\/si\/#organization\"},\"articleSection\":[\"Aktualno\"],\"inLanguage\":\"sl-SI\"},{\"@type\":\"WebPage\",\"@id\":\"https:\/\/hudo.com\/si\/aktualno\/superliga-je-neizogibna-a-ne-bo-prinesla-razkola\/\",\"url\":\"https:\/\/hudo.com\/si\/aktualno\/superliga-je-neizogibna-a-ne-bo-prinesla-razkola\/\",\"name\":\"Superliga je neizogibna, a ne bo prinesla razkola - Hudo Slovenija\",\"isPartOf\":{\"@id\":\"https:\/\/hudo.com\/si\/#website\"},\"datePublished\":\"2017-07-03T05:00:00+00:00\",\"dateModified\":\"2017-07-03T05:00:00+00:00\",\"breadcrumb\":{\"@id\":\"https:\/\/hudo.com\/si\/aktualno\/superliga-je-neizogibna-a-ne-bo-prinesla-razkola\/#breadcrumb\"},\"inLanguage\":\"sl-SI\",\"potentialAction\":[{\"@type\":\"ReadAction\",\"target\":[\"https:\/\/hudo.com\/si\/aktualno\/superliga-je-neizogibna-a-ne-bo-prinesla-razkola\/\"]}]},{\"@type\":\"BreadcrumbList\",\"@id\":\"https:\/\/hudo.com\/si\/aktualno\/superliga-je-neizogibna-a-ne-bo-prinesla-razkola\/#breadcrumb\",\"itemListElement\":[{\"@type\":\"ListItem\",\"position\":1,\"name\":\"Home\",\"item\":\"https:\/\/hudo.com\/si\/\"},{\"@type\":\"ListItem\",\"position\":2,\"name\":\"Superliga je neizogibna, a ne bo prinesla razkola\"}]},{\"@type\":\"WebSite\",\"@id\":\"https:\/\/hudo.com\/si\/#website\",\"url\":\"https:\/\/hudo.com\/si\/\",\"name\":\"Hudo Slovenija\",\"description\":\"Vse novice iz Slovenije in sveta\",\"publisher\":{\"@id\":\"https:\/\/hudo.com\/si\/#organization\"},\"potentialAction\":[{\"@type\":\"SearchAction\",\"target\":{\"@type\":\"EntryPoint\",\"urlTemplate\":\"https:\/\/hudo.com\/si\/?s={search_term_string}\"},\"query-input\":\"required name=search_term_string\"}],\"inLanguage\":\"sl-SI\"},{\"@type\":\"Organization\",\"@id\":\"https:\/\/hudo.com\/si\/#organization\",\"name\":\"VSN Media\",\"url\":\"https:\/\/hudo.com\/si\/\",\"logo\":{\"@type\":\"ImageObject\",\"inLanguage\":\"sl-SI\",\"@id\":\"https:\/\/hudo.com\/si\/#\/schema\/logo\/image\/\",\"url\":\"https:\/\/hudo.com\/si\/wp-content\/uploads\/sites\/2\/2021\/03\/hudo-app-2.png\",\"contentUrl\":\"https:\/\/hudo.com\/si\/wp-content\/uploads\/sites\/2\/2021\/03\/hudo-app-2.png\",\"width\":2185,\"height\":2167,\"caption\":\"VSN Media\"},\"image\":{\"@id\":\"https:\/\/hudo.com\/si\/#\/schema\/logo\/image\/\"},\"sameAs\":[\"https:\/\/www.facebook.com\/hudo.si\",\"https:\/\/twitter.com\/hudo_si\"]},{\"@type\":\"Person\",\"@id\":\"https:\/\/hudo.com\/si\/#\/schema\/person\/601cf3379633985b20f7e50f2bb47707\",\"name\":\"hudo\",\"image\":{\"@type\":\"ImageObject\",\"inLanguage\":\"sl-SI\",\"@id\":\"https:\/\/hudo.com\/si\/#\/schema\/person\/image\/\",\"url\":\"https:\/\/secure.gravatar.com\/avatar\/c4ca25fa72cace7a696b52ff5db9e095?s=96&d=mm&r=g\",\"contentUrl\":\"https:\/\/secure.gravatar.com\/avatar\/c4ca25fa72cace7a696b52ff5db9e095?s=96&d=mm&r=g\",\"caption\":\"hudo\"},\"url\":\"https:\/\/hudo.com\/si\/author\/hudo\/\"}]}<\/script>\n<!-- \/ Yoast SEO plugin. -->","yoast_head_json":{"title":"Superliga je neizogibna, a ne bo prinesla razkola - Hudo Slovenija","robots":{"index":"index","follow":"follow","max-snippet":"max-snippet:-1","max-image-preview":"max-image-preview:large","max-video-preview":"max-video-preview:-1"},"canonical":"https:\/\/hudo.com\/si\/aktualno\/superliga-je-neizogibna-a-ne-bo-prinesla-razkola\/","og_locale":"sl_SI","og_type":"article","og_title":"Superliga je neizogibna, a ne bo prinesla razkola - Hudo Slovenija","og_description":"Kategorija: Rokomet Mon, 03 Jul 2017 09:00:00 +0200 Ljubljana \u2013 Gala ve\u010der z \u017erebom za jubilejno 25. sezono lige prvakov na Ljubljanskem gradu je bil \u010de\u0161nja na torti izjemnega leta za slovenski rokomet, v katerem je mo\u0161ka reprezentanca igrala na OI v Riu in osvojila bron na SP v Franciji, \u017eenska pa nastopila na EP na \u0160vedskem in se uvrstila na SP v Nem\u010diji. Med elito bodo po treh letih znova nastopili trije na\u0161i klubi \u2013 Celje Pivovarna La\u0161ko, Gorenje in Krim Mercator. \u017de res, da je \u017ereb organizirala Evropska rokometna zveza, toda odmevnega dogodka, ki so mu prisostovala mnoga ugledna imena, ne bi bilo v Ljubljani, \u010de se Slovenci januarja ne bi okitili z bronom v Parizu, kar je potrdil tudi predsednik EHF Michael Wiederer. \u00bbPo tisti neverjetni zmagi proti Hrva\u0161ki sva kramljala s Franjom Bobincem (predsednik\u00a0...","og_url":"https:\/\/hudo.com\/si\/aktualno\/superliga-je-neizogibna-a-ne-bo-prinesla-razkola\/","og_site_name":"Hudo Slovenija","article_publisher":"https:\/\/www.facebook.com\/hudo.si","article_published_time":"2017-07-03T05:00:00+00:00","og_image":[{"width":480,"height":290,"url":"https:\/\/hudo.com\/si\/wp-content\/uploads\/sites\/2\/2017\/07\/480x290_Sport__Delo_Foto_2017070212_hires0.jpeg","type":"image\/jpeg"}],"author":"hudo","twitter_card":"summary_large_image","twitter_creator":"@hudo_si","twitter_site":"@hudo_si","twitter_misc":{"Written by":"hudo","Est. reading time":"1 minuta"},"schema":{"@context":"https:\/\/schema.org","@graph":[{"@type":"Article","@id":"https:\/\/hudo.com\/si\/aktualno\/superliga-je-neizogibna-a-ne-bo-prinesla-razkola\/#article","isPartOf":{"@id":"https:\/\/hudo.com\/si\/aktualno\/superliga-je-neizogibna-a-ne-bo-prinesla-razkola\/"},"author":{"name":"hudo","@id":"https:\/\/hudo.com\/si\/#\/schema\/person\/601cf3379633985b20f7e50f2bb47707"},"headline":"Superliga je neizogibna, a ne bo prinesla razkola","datePublished":"2017-07-03T05:00:00+00:00","dateModified":"2017-07-03T05:00:00+00:00","mainEntityOfPage":{"@id":"https:\/\/hudo.com\/si\/aktualno\/superliga-je-neizogibna-a-ne-bo-prinesla-razkola\/"},"wordCount":146,"publisher":{"@id":"https:\/\/hudo.com\/si\/#organization"},"articleSection":["Aktualno"],"inLanguage":"sl-SI"},{"@type":"WebPage","@id":"https:\/\/hudo.com\/si\/aktualno\/superliga-je-neizogibna-a-ne-bo-prinesla-razkola\/","url":"https:\/\/hudo.com\/si\/aktualno\/superliga-je-neizogibna-a-ne-bo-prinesla-razkola\/","name":"Superliga je neizogibna, a ne bo prinesla razkola - Hudo Slovenija","isPartOf":{"@id":"https:\/\/hudo.com\/si\/#website"},"datePublished":"2017-07-03T05:00:00+00:00","dateModified":"2017-07-03T05:00:00+00:00","breadcrumb":{"@id":"https:\/\/hudo.com\/si\/aktualno\/superliga-je-neizogibna-a-ne-bo-prinesla-razkola\/#breadcrumb"},"inLanguage":"sl-SI","potentialAction":[{"@type":"ReadAction","target":["https:\/\/hudo.com\/si\/aktualno\/superliga-je-neizogibna-a-ne-bo-prinesla-razkola\/"]}]},{"@type":"BreadcrumbList","@id":"https:\/\/hudo.com\/si\/aktualno\/superliga-je-neizogibna-a-ne-bo-prinesla-razkola\/#breadcrumb","itemListElement":[{"@type":"ListItem","position":1,"name":"Home","item":"https:\/\/hudo.com\/si\/"},{"@type":"ListItem","position":2,"name":"Superliga je neizogibna, a ne bo prinesla razkola"}]},{"@type":"WebSite","@id":"https:\/\/hudo.com\/si\/#website","url":"https:\/\/hudo.com\/si\/","name":"Hudo Slovenija","description":"Vse novice iz Slovenije in sveta","publisher":{"@id":"https:\/\/hudo.com\/si\/#organization"},"potentialAction":[{"@type":"SearchAction","target":{"@type":"EntryPoint","urlTemplate":"https:\/\/hudo.com\/si\/?s={search_term_string}"},"query-input":"required name=search_term_string"}],"inLanguage":"sl-SI"},{"@type":"Organization","@id":"https:\/\/hudo.com\/si\/#organization","name":"VSN Media","url":"https:\/\/hudo.com\/si\/","logo":{"@type":"ImageObject","inLanguage":"sl-SI","@id":"https:\/\/hudo.com\/si\/#\/schema\/logo\/image\/","url":"https:\/\/hudo.com\/si\/wp-content\/uploads\/sites\/2\/2021\/03\/hudo-app-2.png","contentUrl":"https:\/\/hudo.com\/si\/wp-content\/uploads\/sites\/2\/2021\/03\/hudo-app-2.png","width":2185,"height":2167,"caption":"VSN Media"},"image":{"@id":"https:\/\/hudo.com\/si\/#\/schema\/logo\/image\/"},"sameAs":["https:\/\/www.facebook.com\/hudo.si","https:\/\/twitter.com\/hudo_si"]},{"@type":"Person","@id":"https:\/\/hudo.com\/si\/#\/schema\/person\/601cf3379633985b20f7e50f2bb47707","name":"hudo","image":{"@type":"ImageObject","inLanguage":"sl-SI","@id":"https:\/\/hudo.com\/si\/#\/schema\/person\/image\/","url":"https:\/\/secure.gravatar.com\/avatar\/c4ca25fa72cace7a696b52ff5db9e095?s=96&d=mm&r=g","contentUrl":"https:\/\/secure.gravatar.com\/avatar\/c4ca25fa72cace7a696b52ff5db9e095?s=96&d=mm&r=g","caption":"hudo"},"url":"https:\/\/hudo.com\/si\/author\/hudo\/"}]}},"amp_enabled":true,"_links":{"self":[{"href":"https:\/\/hudo.com\/si\/wp-json\/wp\/v2\/posts\/272972"}],"collection":[{"href":"https:\/\/hudo.com\/si\/wp-json\/wp\/v2\/posts"}],"about":[{"href":"https:\/\/hudo.com\/si\/wp-json\/wp\/v2\/types\/post"}],"author":[{"embeddable":true,"href":"https:\/\/hudo.com\/si\/wp-json\/wp\/v2\/users\/1"}],"replies":[{"embeddable":true,"href":"https:\/\/hudo.com\/si\/wp-json\/wp\/v2\/comments?post=272972"}],"version-history":[{"count":0,"href":"https:\/\/hudo.com\/si\/wp-json\/wp\/v2\/posts\/272972\/revisions"}],"wp:attachment":[{"href":"https:\/\/hudo.com\/si\/wp-json\/wp\/v2\/media?parent=272972"}],"wp:term":[{"taxonomy":"category","embeddable":true,"href":"https:\/\/hudo.com\/si\/wp-json\/wp\/v2\/categories?post=272972"},{"taxonomy":"post_tag","embeddable":true,"href":"https:\/\/hudo.com\/si\/wp-json\/wp\/v2\/tags?post=272972"},{"taxonomy":"source","embeddable":true,"href":"https:\/\/hudo.com\/si\/wp-json\/wp\/v2\/source?post=272972"},{"taxonomy":"supertag","embeddable":true,"href":"https:\/\/hudo.com\/si\/wp-json\/wp\/v2\/supertag?post=272972"}],"curies":[{"name":"wp","href":"https:\/\/api.w.org\/{rel}","templated":true}]}}