{"id":272991,"date":"2017-07-03T08:16:00","date_gmt":"2017-07-03T06:16:00","guid":{"rendered":"http:\/\/hudo.com\/si\/2017\/07\/03\/po-nesreci-avtobusa-na-bavarskem-pogresajo-vec-ljudi\/"},"modified":"2017-07-03T08:16:00","modified_gmt":"2017-07-03T06:16:00","slug":"po-nesreci-avtobusa-na-bavarskem-pogresajo-vec-ljudi","status":"publish","type":"post","link":"https:\/\/hudo.com\/si\/aktualno\/po-nesreci-avtobusa-na-bavarskem-pogresajo-vec-ljudi\/","title":{"rendered":"Po nesre\u010di avtobusa na Bavarskem pogre\u0161ajo ve\u010d ljudi"},"content":{"rendered":"<p>Kategorija: Evropa Mon, 03 Jul 2017 10:16:00 +0200  Berlin \u2013 Na nem\u0161ki avtocesti A9 se je zjutraj zgodila huda prometna nesre\u010da. Pri bavarskem M\u00fcnchbergu v smeri proti N\u00fcrnbergu se je potni\u0161ki avtobus zaletel v tovornjak, ki je stal v cestnem zastoju, in zagorel. Ve\u010d deset potnikov je ranjenih, nekateri med njimi hudo, 18 ljudi pa pogre\u0161ajo. Pri policiji so kmalu po nesre\u010di upali, da nekateri od njih tavajo po okolici v \u0161oku, a so se tudi \u017ee bali, da se jim ni pravo\u010dasno posre\u010dilo iz gore\u010dega avtobusa. Po poro\u010dilih nem\u0161kih medijev se je z avtobusom na izlet peljala skupina upokojencev. Avtocesta A9, ki povezuje bavarsko prestolnico M\u00fcnchen in nem\u0161ko glavno mesto Berlin, je bila dopoldne na mestu nesre\u010de zaprta v obe smeri, za smer proti severu pa so napovedovali odprtje enega voznega pasu.<\/p>\n","protected":false},"excerpt":{"rendered":"<p>Kategorija: Evropa Mon, 03 Jul 2017 10:16:00 +0200  Berlin \u2013 Na nem\u0161ki avtocesti A9 se je zjutraj zgodila huda prometna nesre\u010da. Pri bavarskem M\u00fcnchbergu v smeri proti N\u00fcrnbergu se je potni\u0161ki avtobus zaletel v tovornjak, ki je stal v cestnem zastoju, in zagorel. Ve\u010d deset potnikov je ranjenih, nekateri med njimi hudo, 18 ljudi pa pogre\u0161ajo. Pri policiji so kmalu po nesre\u010di upali, da nekateri od njih tavajo po okolici v \u0161oku, a so se tudi \u017ee bali, da se jim ni pravo\u010dasno posre\u010dilo iz gore\u010dega avtobusa. Po poro\u010dilih nem\u0161kih medijev se je z avtobusom na izlet peljala skupina upokojencev. Avtocesta A9, ki povezuje bavarsko prestolnico M\u00fcnchen in nem\u0161ko glavno mesto Berlin, je bila dopoldne na mestu nesre\u010de zaprta v obe smeri, za smer proti severu pa so napovedovali odprtje enega voznega pasu.<\/p>\n","protected":false},"author":1,"featured_media":0,"comment_status":"closed","ping_status":"closed","sticky":false,"template":"","format":"standard","meta":{"footnotes":""},"categories":[1179],"tags":[],"source":[1703],"supertag":[],"acf":[],"yoast_head":"<!-- This site is optimized with the Yoast SEO plugin v21.3 - https:\/\/yoast.com\/wordpress\/plugins\/seo\/ -->\n<title>Po nesre\u010di avtobusa na Bavarskem pogre\u0161ajo ve\u010d ljudi - Hudo Slovenija<\/title>\n<meta name=\"robots\" content=\"index, follow, max-snippet:-1, max-image-preview:large, max-video-preview:-1\" \/>\n<link rel=\"canonical\" href=\"https:\/\/hudo.com\/si\/aktualno\/po-nesreci-avtobusa-na-bavarskem-pogresajo-vec-ljudi\/\" \/>\n<meta property=\"og:locale\" content=\"sl_SI\" \/>\n<meta property=\"og:type\" content=\"article\" \/>\n<meta property=\"og:title\" content=\"Po nesre\u010di avtobusa na Bavarskem pogre\u0161ajo ve\u010d ljudi - Hudo Slovenija\" \/>\n<meta property=\"og:description\" content=\"Kategorija: Evropa Mon, 03 Jul 2017 10:16:00 +0200 Berlin \u2013 Na nem\u0161ki avtocesti A9 se je zjutraj zgodila huda prometna nesre\u010da. Pri bavarskem M\u00fcnchbergu v smeri proti N\u00fcrnbergu se je potni\u0161ki avtobus zaletel v tovornjak, ki je stal v cestnem zastoju, in zagorel. Ve\u010d deset potnikov je ranjenih, nekateri med njimi hudo, 18 ljudi pa pogre\u0161ajo. Pri policiji so kmalu po nesre\u010di upali, da nekateri od njih tavajo po okolici v \u0161oku, a so se tudi \u017ee bali, da se jim ni pravo\u010dasno posre\u010dilo iz gore\u010dega avtobusa. Po poro\u010dilih nem\u0161kih medijev se je z avtobusom na izlet peljala skupina upokojencev. Avtocesta A9, ki povezuje bavarsko prestolnico M\u00fcnchen in nem\u0161ko glavno mesto Berlin, je bila dopoldne na mestu nesre\u010de zaprta v obe smeri, za smer proti severu pa so napovedovali odprtje enega voznega pasu.\" \/>\n<meta property=\"og:url\" content=\"https:\/\/hudo.com\/si\/aktualno\/po-nesreci-avtobusa-na-bavarskem-pogresajo-vec-ljudi\/\" \/>\n<meta property=\"og:site_name\" content=\"Hudo Slovenija\" \/>\n<meta property=\"article:publisher\" content=\"https:\/\/www.facebook.com\/hudo.si\" \/>\n<meta property=\"article:published_time\" content=\"2017-07-03T06:16:00+00:00\" \/>\n<meta property=\"og:image\" content=\"https:\/\/hudo.com\/si\/wp-content\/uploads\/sites\/2\/2017\/07\/480x290_Reuters_Pictures-20170703100756-43067600.jpeg\" \/>\n\t<meta property=\"og:image:width\" content=\"480\" \/>\n\t<meta property=\"og:image:height\" content=\"290\" \/>\n\t<meta property=\"og:image:type\" content=\"image\/jpeg\" \/>\n<meta name=\"author\" content=\"hudo\" \/>\n<meta name=\"twitter:card\" content=\"summary_large_image\" \/>\n<meta name=\"twitter:creator\" content=\"@hudo_si\" \/>\n<meta name=\"twitter:site\" content=\"@hudo_si\" \/>\n<meta name=\"twitter:label1\" content=\"Written by\" \/>\n\t<meta name=\"twitter:data1\" content=\"hudo\" \/>\n\t<meta name=\"twitter:label2\" content=\"Est. reading time\" \/>\n\t<meta name=\"twitter:data2\" content=\"1 minuta\" \/>\n<script type=\"application\/ld+json\" class=\"yoast-schema-graph\">{\"@context\":\"https:\/\/schema.org\",\"@graph\":[{\"@type\":\"Article\",\"@id\":\"https:\/\/hudo.com\/si\/aktualno\/po-nesreci-avtobusa-na-bavarskem-pogresajo-vec-ljudi\/#article\",\"isPartOf\":{\"@id\":\"https:\/\/hudo.com\/si\/aktualno\/po-nesreci-avtobusa-na-bavarskem-pogresajo-vec-ljudi\/\"},\"author\":{\"name\":\"hudo\",\"@id\":\"https:\/\/hudo.com\/si\/#\/schema\/person\/601cf3379633985b20f7e50f2bb47707\"},\"headline\":\"Po nesre\u010di avtobusa na Bavarskem pogre\u0161ajo ve\u010d ljudi\",\"datePublished\":\"2017-07-03T06:16:00+00:00\",\"dateModified\":\"2017-07-03T06:16:00+00:00\",\"mainEntityOfPage\":{\"@id\":\"https:\/\/hudo.com\/si\/aktualno\/po-nesreci-avtobusa-na-bavarskem-pogresajo-vec-ljudi\/\"},\"wordCount\":152,\"publisher\":{\"@id\":\"https:\/\/hudo.com\/si\/#organization\"},\"articleSection\":[\"Aktualno\"],\"inLanguage\":\"sl-SI\"},{\"@type\":\"WebPage\",\"@id\":\"https:\/\/hudo.com\/si\/aktualno\/po-nesreci-avtobusa-na-bavarskem-pogresajo-vec-ljudi\/\",\"url\":\"https:\/\/hudo.com\/si\/aktualno\/po-nesreci-avtobusa-na-bavarskem-pogresajo-vec-ljudi\/\",\"name\":\"Po nesre\u010di avtobusa na Bavarskem pogre\u0161ajo ve\u010d ljudi - Hudo Slovenija\",\"isPartOf\":{\"@id\":\"https:\/\/hudo.com\/si\/#website\"},\"datePublished\":\"2017-07-03T06:16:00+00:00\",\"dateModified\":\"2017-07-03T06:16:00+00:00\",\"breadcrumb\":{\"@id\":\"https:\/\/hudo.com\/si\/aktualno\/po-nesreci-avtobusa-na-bavarskem-pogresajo-vec-ljudi\/#breadcrumb\"},\"inLanguage\":\"sl-SI\",\"potentialAction\":[{\"@type\":\"ReadAction\",\"target\":[\"https:\/\/hudo.com\/si\/aktualno\/po-nesreci-avtobusa-na-bavarskem-pogresajo-vec-ljudi\/\"]}]},{\"@type\":\"BreadcrumbList\",\"@id\":\"https:\/\/hudo.com\/si\/aktualno\/po-nesreci-avtobusa-na-bavarskem-pogresajo-vec-ljudi\/#breadcrumb\",\"itemListElement\":[{\"@type\":\"ListItem\",\"position\":1,\"name\":\"Home\",\"item\":\"https:\/\/hudo.com\/si\/\"},{\"@type\":\"ListItem\",\"position\":2,\"name\":\"Po nesre\u010di avtobusa na Bavarskem pogre\u0161ajo ve\u010d ljudi\"}]},{\"@type\":\"WebSite\",\"@id\":\"https:\/\/hudo.com\/si\/#website\",\"url\":\"https:\/\/hudo.com\/si\/\",\"name\":\"Hudo Slovenija\",\"description\":\"Vse novice iz Slovenije in sveta\",\"publisher\":{\"@id\":\"https:\/\/hudo.com\/si\/#organization\"},\"potentialAction\":[{\"@type\":\"SearchAction\",\"target\":{\"@type\":\"EntryPoint\",\"urlTemplate\":\"https:\/\/hudo.com\/si\/?s={search_term_string}\"},\"query-input\":\"required name=search_term_string\"}],\"inLanguage\":\"sl-SI\"},{\"@type\":\"Organization\",\"@id\":\"https:\/\/hudo.com\/si\/#organization\",\"name\":\"VSN Media\",\"url\":\"https:\/\/hudo.com\/si\/\",\"logo\":{\"@type\":\"ImageObject\",\"inLanguage\":\"sl-SI\",\"@id\":\"https:\/\/hudo.com\/si\/#\/schema\/logo\/image\/\",\"url\":\"https:\/\/hudo.com\/si\/wp-content\/uploads\/sites\/2\/2021\/03\/hudo-app-2.png\",\"contentUrl\":\"https:\/\/hudo.com\/si\/wp-content\/uploads\/sites\/2\/2021\/03\/hudo-app-2.png\",\"width\":2185,\"height\":2167,\"caption\":\"VSN Media\"},\"image\":{\"@id\":\"https:\/\/hudo.com\/si\/#\/schema\/logo\/image\/\"},\"sameAs\":[\"https:\/\/www.facebook.com\/hudo.si\",\"https:\/\/twitter.com\/hudo_si\"]},{\"@type\":\"Person\",\"@id\":\"https:\/\/hudo.com\/si\/#\/schema\/person\/601cf3379633985b20f7e50f2bb47707\",\"name\":\"hudo\",\"image\":{\"@type\":\"ImageObject\",\"inLanguage\":\"sl-SI\",\"@id\":\"https:\/\/hudo.com\/si\/#\/schema\/person\/image\/\",\"url\":\"https:\/\/secure.gravatar.com\/avatar\/c4ca25fa72cace7a696b52ff5db9e095?s=96&d=mm&r=g\",\"contentUrl\":\"https:\/\/secure.gravatar.com\/avatar\/c4ca25fa72cace7a696b52ff5db9e095?s=96&d=mm&r=g\",\"caption\":\"hudo\"},\"url\":\"https:\/\/hudo.com\/si\/author\/hudo\/\"}]}<\/script>\n<!-- \/ Yoast SEO plugin. -->","yoast_head_json":{"title":"Po nesre\u010di avtobusa na Bavarskem pogre\u0161ajo ve\u010d ljudi - Hudo Slovenija","robots":{"index":"index","follow":"follow","max-snippet":"max-snippet:-1","max-image-preview":"max-image-preview:large","max-video-preview":"max-video-preview:-1"},"canonical":"https:\/\/hudo.com\/si\/aktualno\/po-nesreci-avtobusa-na-bavarskem-pogresajo-vec-ljudi\/","og_locale":"sl_SI","og_type":"article","og_title":"Po nesre\u010di avtobusa na Bavarskem pogre\u0161ajo ve\u010d ljudi - Hudo Slovenija","og_description":"Kategorija: Evropa Mon, 03 Jul 2017 10:16:00 +0200 Berlin \u2013 Na nem\u0161ki avtocesti A9 se je zjutraj zgodila huda prometna nesre\u010da. Pri bavarskem M\u00fcnchbergu v smeri proti N\u00fcrnbergu se je potni\u0161ki avtobus zaletel v tovornjak, ki je stal v cestnem zastoju, in zagorel. Ve\u010d deset potnikov je ranjenih, nekateri med njimi hudo, 18 ljudi pa pogre\u0161ajo. Pri policiji so kmalu po nesre\u010di upali, da nekateri od njih tavajo po okolici v \u0161oku, a so se tudi \u017ee bali, da se jim ni pravo\u010dasno posre\u010dilo iz gore\u010dega avtobusa. Po poro\u010dilih nem\u0161kih medijev se je z avtobusom na izlet peljala skupina upokojencev. Avtocesta A9, ki povezuje bavarsko prestolnico M\u00fcnchen in nem\u0161ko glavno mesto Berlin, je bila dopoldne na mestu nesre\u010de zaprta v obe smeri, za smer proti severu pa so napovedovali odprtje enega voznega pasu.","og_url":"https:\/\/hudo.com\/si\/aktualno\/po-nesreci-avtobusa-na-bavarskem-pogresajo-vec-ljudi\/","og_site_name":"Hudo Slovenija","article_publisher":"https:\/\/www.facebook.com\/hudo.si","article_published_time":"2017-07-03T06:16:00+00:00","og_image":[{"width":480,"height":290,"url":"https:\/\/hudo.com\/si\/wp-content\/uploads\/sites\/2\/2017\/07\/480x290_Reuters_Pictures-20170703100756-43067600.jpeg","type":"image\/jpeg"}],"author":"hudo","twitter_card":"summary_large_image","twitter_creator":"@hudo_si","twitter_site":"@hudo_si","twitter_misc":{"Written by":"hudo","Est. reading time":"1 minuta"},"schema":{"@context":"https:\/\/schema.org","@graph":[{"@type":"Article","@id":"https:\/\/hudo.com\/si\/aktualno\/po-nesreci-avtobusa-na-bavarskem-pogresajo-vec-ljudi\/#article","isPartOf":{"@id":"https:\/\/hudo.com\/si\/aktualno\/po-nesreci-avtobusa-na-bavarskem-pogresajo-vec-ljudi\/"},"author":{"name":"hudo","@id":"https:\/\/hudo.com\/si\/#\/schema\/person\/601cf3379633985b20f7e50f2bb47707"},"headline":"Po nesre\u010di avtobusa na Bavarskem pogre\u0161ajo ve\u010d ljudi","datePublished":"2017-07-03T06:16:00+00:00","dateModified":"2017-07-03T06:16:00+00:00","mainEntityOfPage":{"@id":"https:\/\/hudo.com\/si\/aktualno\/po-nesreci-avtobusa-na-bavarskem-pogresajo-vec-ljudi\/"},"wordCount":152,"publisher":{"@id":"https:\/\/hudo.com\/si\/#organization"},"articleSection":["Aktualno"],"inLanguage":"sl-SI"},{"@type":"WebPage","@id":"https:\/\/hudo.com\/si\/aktualno\/po-nesreci-avtobusa-na-bavarskem-pogresajo-vec-ljudi\/","url":"https:\/\/hudo.com\/si\/aktualno\/po-nesreci-avtobusa-na-bavarskem-pogresajo-vec-ljudi\/","name":"Po nesre\u010di avtobusa na Bavarskem pogre\u0161ajo ve\u010d ljudi - Hudo Slovenija","isPartOf":{"@id":"https:\/\/hudo.com\/si\/#website"},"datePublished":"2017-07-03T06:16:00+00:00","dateModified":"2017-07-03T06:16:00+00:00","breadcrumb":{"@id":"https:\/\/hudo.com\/si\/aktualno\/po-nesreci-avtobusa-na-bavarskem-pogresajo-vec-ljudi\/#breadcrumb"},"inLanguage":"sl-SI","potentialAction":[{"@type":"ReadAction","target":["https:\/\/hudo.com\/si\/aktualno\/po-nesreci-avtobusa-na-bavarskem-pogresajo-vec-ljudi\/"]}]},{"@type":"BreadcrumbList","@id":"https:\/\/hudo.com\/si\/aktualno\/po-nesreci-avtobusa-na-bavarskem-pogresajo-vec-ljudi\/#breadcrumb","itemListElement":[{"@type":"ListItem","position":1,"name":"Home","item":"https:\/\/hudo.com\/si\/"},{"@type":"ListItem","position":2,"name":"Po nesre\u010di avtobusa na Bavarskem pogre\u0161ajo ve\u010d ljudi"}]},{"@type":"WebSite","@id":"https:\/\/hudo.com\/si\/#website","url":"https:\/\/hudo.com\/si\/","name":"Hudo Slovenija","description":"Vse novice iz Slovenije in sveta","publisher":{"@id":"https:\/\/hudo.com\/si\/#organization"},"potentialAction":[{"@type":"SearchAction","target":{"@type":"EntryPoint","urlTemplate":"https:\/\/hudo.com\/si\/?s={search_term_string}"},"query-input":"required name=search_term_string"}],"inLanguage":"sl-SI"},{"@type":"Organization","@id":"https:\/\/hudo.com\/si\/#organization","name":"VSN Media","url":"https:\/\/hudo.com\/si\/","logo":{"@type":"ImageObject","inLanguage":"sl-SI","@id":"https:\/\/hudo.com\/si\/#\/schema\/logo\/image\/","url":"https:\/\/hudo.com\/si\/wp-content\/uploads\/sites\/2\/2021\/03\/hudo-app-2.png","contentUrl":"https:\/\/hudo.com\/si\/wp-content\/uploads\/sites\/2\/2021\/03\/hudo-app-2.png","width":2185,"height":2167,"caption":"VSN Media"},"image":{"@id":"https:\/\/hudo.com\/si\/#\/schema\/logo\/image\/"},"sameAs":["https:\/\/www.facebook.com\/hudo.si","https:\/\/twitter.com\/hudo_si"]},{"@type":"Person","@id":"https:\/\/hudo.com\/si\/#\/schema\/person\/601cf3379633985b20f7e50f2bb47707","name":"hudo","image":{"@type":"ImageObject","inLanguage":"sl-SI","@id":"https:\/\/hudo.com\/si\/#\/schema\/person\/image\/","url":"https:\/\/secure.gravatar.com\/avatar\/c4ca25fa72cace7a696b52ff5db9e095?s=96&d=mm&r=g","contentUrl":"https:\/\/secure.gravatar.com\/avatar\/c4ca25fa72cace7a696b52ff5db9e095?s=96&d=mm&r=g","caption":"hudo"},"url":"https:\/\/hudo.com\/si\/author\/hudo\/"}]}},"amp_enabled":true,"_links":{"self":[{"href":"https:\/\/hudo.com\/si\/wp-json\/wp\/v2\/posts\/272991"}],"collection":[{"href":"https:\/\/hudo.com\/si\/wp-json\/wp\/v2\/posts"}],"about":[{"href":"https:\/\/hudo.com\/si\/wp-json\/wp\/v2\/types\/post"}],"author":[{"embeddable":true,"href":"https:\/\/hudo.com\/si\/wp-json\/wp\/v2\/users\/1"}],"replies":[{"embeddable":true,"href":"https:\/\/hudo.com\/si\/wp-json\/wp\/v2\/comments?post=272991"}],"version-history":[{"count":0,"href":"https:\/\/hudo.com\/si\/wp-json\/wp\/v2\/posts\/272991\/revisions"}],"wp:attachment":[{"href":"https:\/\/hudo.com\/si\/wp-json\/wp\/v2\/media?parent=272991"}],"wp:term":[{"taxonomy":"category","embeddable":true,"href":"https:\/\/hudo.com\/si\/wp-json\/wp\/v2\/categories?post=272991"},{"taxonomy":"post_tag","embeddable":true,"href":"https:\/\/hudo.com\/si\/wp-json\/wp\/v2\/tags?post=272991"},{"taxonomy":"source","embeddable":true,"href":"https:\/\/hudo.com\/si\/wp-json\/wp\/v2\/source?post=272991"},{"taxonomy":"supertag","embeddable":true,"href":"https:\/\/hudo.com\/si\/wp-json\/wp\/v2\/supertag?post=272991"}],"curies":[{"name":"wp","href":"https:\/\/api.w.org\/{rel}","templated":true}]}}