{"id":274296,"date":"2017-07-06T21:00:00","date_gmt":"2017-07-06T19:00:00","guid":{"rendered":"http:\/\/hudo.com\/si\/2017\/07\/06\/skoci-gor-in-dol-do-turisticnih-biserov\/"},"modified":"2017-07-06T21:00:00","modified_gmt":"2017-07-06T19:00:00","slug":"skoci-gor-in-dol-do-turisticnih-biserov","status":"publish","type":"post","link":"https:\/\/hudo.com\/si\/aktualno\/skoci-gor-in-dol-do-turisticnih-biserov\/","title":{"rendered":"Sko\u010di gor in dol do turisti\u010dnih biserov"},"content":{"rendered":"<p>Kategorija: Slovenija Thu, 06 Jul 2017 23:00:00 +0200  Na Kobari\u0161kem spet deluje javni avtobusni prevoz sko\u010di gor, sko\u010di dol. Lanski poskus je uspe\u0161no povezal pode\u017eelje in turisti\u010dne to\u010dke, letos pa bo javni prevoz iz Tolmina do konca avgusta vozil do Tolminskih korit in Javorce.Lanskih 52 dni prevozov s povpre\u010dnim obiskom 41 ljudi na dan je kobari\u0161ko ob\u010dino spodbudilo, da uvede linije tudi letos. Avtobus bo vozil do Planine Kuhinja pod Krnom, ki je bila lani najbolj zasedena trasa, v Breginjski kot, na Dre\u017eni\u0161ko, Liv\u0161ko in k reki Nadi\u017ei. \u00bbLetos smo z avtobusom povezali tudi izhodi\u0161\u010dne to\u010dke kolesarskih in pe\u0161poti. Avtobus bo vozil ob koncih tedna tudi septembra, druga\u010de kot lani, ko je enodnevna vozovnica stala en evro, pa bo tokrat toliko stal enosmerni prevoz,\u00ab je pojasnila Nata\u0161a Hvala Ivan\u010di\u010d iz kobari\u0161ke ob\u010dine. Dobra izku\u0161nja lanskega leta je turisti\u010dno\u00a0&#8230;<\/p>\n","protected":false},"excerpt":{"rendered":"<p>Kategorija: Slovenija Thu, 06 Jul 2017 23:00:00 +0200  Na Kobari\u0161kem spet deluje javni avtobusni prevoz sko\u010di gor, sko\u010di dol. Lanski poskus je uspe\u0161no povezal pode\u017eelje in turisti\u010dne to\u010dke, letos pa bo javni prevoz iz Tolmina do konca avgusta vozil do Tolminskih korit in Javorce.Lanskih 52 dni prevozov s povpre\u010dnim obiskom 41 ljudi na dan je kobari\u0161ko ob\u010dino spodbudilo, da uvede linije tudi letos. Avtobus bo vozil do Planine Kuhinja pod Krnom, ki je bila lani najbolj zasedena trasa, v Breginjski kot, na Dre\u017eni\u0161ko, Liv\u0161ko in k reki Nadi\u017ei. \u00bbLetos smo z avtobusom povezali tudi izhodi\u0161\u010dne to\u010dke kolesarskih in pe\u0161poti. Avtobus bo vozil ob koncih tedna tudi septembra, druga\u010de kot lani, ko je enodnevna vozovnica stala en evro, pa bo tokrat toliko stal enosmerni prevoz,\u00ab je pojasnila Nata\u0161a Hvala Ivan\u010di\u010d iz kobari\u0161ke ob\u010dine. Dobra izku\u0161nja lanskega leta je turisti\u010dno\u00a0&#8230;<\/p>\n","protected":false},"author":1,"featured_media":0,"comment_status":"closed","ping_status":"closed","sticky":false,"template":"","format":"standard","meta":{"footnotes":""},"categories":[1179],"tags":[],"source":[1703],"supertag":[],"acf":[],"yoast_head":"<!-- This site is optimized with the Yoast SEO plugin v21.3 - https:\/\/yoast.com\/wordpress\/plugins\/seo\/ -->\n<title>Sko\u010di gor in dol do turisti\u010dnih biserov - Hudo Slovenija<\/title>\n<meta name=\"robots\" content=\"index, follow, max-snippet:-1, max-image-preview:large, max-video-preview:-1\" \/>\n<link rel=\"canonical\" href=\"https:\/\/hudo.com\/si\/aktualno\/skoci-gor-in-dol-do-turisticnih-biserov\/\" \/>\n<meta property=\"og:locale\" content=\"sl_SI\" \/>\n<meta property=\"og:type\" content=\"article\" \/>\n<meta property=\"og:title\" content=\"Sko\u010di gor in dol do turisti\u010dnih biserov - Hudo Slovenija\" \/>\n<meta property=\"og:description\" content=\"Kategorija: Slovenija Thu, 06 Jul 2017 23:00:00 +0200 Na Kobari\u0161kem spet deluje javni avtobusni prevoz sko\u010di gor, sko\u010di dol. Lanski poskus je uspe\u0161no povezal pode\u017eelje in turisti\u010dne to\u010dke, letos pa bo javni prevoz iz Tolmina do konca avgusta vozil do Tolminskih korit in Javorce.Lanskih 52 dni prevozov s povpre\u010dnim obiskom 41 ljudi na dan je kobari\u0161ko ob\u010dino spodbudilo, da uvede linije tudi letos. Avtobus bo vozil do Planine Kuhinja pod Krnom, ki je bila lani najbolj zasedena trasa, v Breginjski kot, na Dre\u017eni\u0161ko, Liv\u0161ko in k reki Nadi\u017ei. \u00bbLetos smo z avtobusom povezali tudi izhodi\u0161\u010dne to\u010dke kolesarskih in pe\u0161poti. Avtobus bo vozil ob koncih tedna tudi septembra, druga\u010de kot lani, ko je enodnevna vozovnica stala en evro, pa bo tokrat toliko stal enosmerni prevoz,\u00ab je pojasnila Nata\u0161a Hvala Ivan\u010di\u010d iz kobari\u0161ke ob\u010dine. Dobra izku\u0161nja lanskega leta je turisti\u010dno\u00a0...\" \/>\n<meta property=\"og:url\" content=\"https:\/\/hudo.com\/si\/aktualno\/skoci-gor-in-dol-do-turisticnih-biserov\/\" \/>\n<meta property=\"og:site_name\" content=\"Hudo Slovenija\" \/>\n<meta property=\"article:publisher\" content=\"https:\/\/www.facebook.com\/hudo.si\" \/>\n<meta property=\"article:published_time\" content=\"2017-07-06T19:00:00+00:00\" \/>\n<meta property=\"og:image\" content=\"https:\/\/hudo.com\/si\/wp-content\/uploads\/sites\/2\/2017\/07\/480x290_Delo_Foto-20170706223429-08235700.jpeg\" \/>\n\t<meta property=\"og:image:width\" content=\"480\" \/>\n\t<meta property=\"og:image:height\" content=\"290\" \/>\n\t<meta property=\"og:image:type\" content=\"image\/jpeg\" \/>\n<meta name=\"author\" content=\"hudo\" \/>\n<meta name=\"twitter:card\" content=\"summary_large_image\" \/>\n<meta name=\"twitter:creator\" content=\"@hudo_si\" \/>\n<meta name=\"twitter:site\" content=\"@hudo_si\" \/>\n<meta name=\"twitter:label1\" content=\"Written by\" \/>\n\t<meta name=\"twitter:data1\" content=\"hudo\" \/>\n\t<meta name=\"twitter:label2\" content=\"Est. reading time\" \/>\n\t<meta name=\"twitter:data2\" content=\"1 minuta\" \/>\n<script type=\"application\/ld+json\" class=\"yoast-schema-graph\">{\"@context\":\"https:\/\/schema.org\",\"@graph\":[{\"@type\":\"Article\",\"@id\":\"https:\/\/hudo.com\/si\/aktualno\/skoci-gor-in-dol-do-turisticnih-biserov\/#article\",\"isPartOf\":{\"@id\":\"https:\/\/hudo.com\/si\/aktualno\/skoci-gor-in-dol-do-turisticnih-biserov\/\"},\"author\":{\"name\":\"hudo\",\"@id\":\"https:\/\/hudo.com\/si\/#\/schema\/person\/601cf3379633985b20f7e50f2bb47707\"},\"headline\":\"Sko\u010di gor in dol do turisti\u010dnih biserov\",\"datePublished\":\"2017-07-06T19:00:00+00:00\",\"dateModified\":\"2017-07-06T19:00:00+00:00\",\"mainEntityOfPage\":{\"@id\":\"https:\/\/hudo.com\/si\/aktualno\/skoci-gor-in-dol-do-turisticnih-biserov\/\"},\"wordCount\":166,\"publisher\":{\"@id\":\"https:\/\/hudo.com\/si\/#organization\"},\"articleSection\":[\"Aktualno\"],\"inLanguage\":\"sl-SI\"},{\"@type\":\"WebPage\",\"@id\":\"https:\/\/hudo.com\/si\/aktualno\/skoci-gor-in-dol-do-turisticnih-biserov\/\",\"url\":\"https:\/\/hudo.com\/si\/aktualno\/skoci-gor-in-dol-do-turisticnih-biserov\/\",\"name\":\"Sko\u010di gor in dol do turisti\u010dnih biserov - Hudo Slovenija\",\"isPartOf\":{\"@id\":\"https:\/\/hudo.com\/si\/#website\"},\"datePublished\":\"2017-07-06T19:00:00+00:00\",\"dateModified\":\"2017-07-06T19:00:00+00:00\",\"breadcrumb\":{\"@id\":\"https:\/\/hudo.com\/si\/aktualno\/skoci-gor-in-dol-do-turisticnih-biserov\/#breadcrumb\"},\"inLanguage\":\"sl-SI\",\"potentialAction\":[{\"@type\":\"ReadAction\",\"target\":[\"https:\/\/hudo.com\/si\/aktualno\/skoci-gor-in-dol-do-turisticnih-biserov\/\"]}]},{\"@type\":\"BreadcrumbList\",\"@id\":\"https:\/\/hudo.com\/si\/aktualno\/skoci-gor-in-dol-do-turisticnih-biserov\/#breadcrumb\",\"itemListElement\":[{\"@type\":\"ListItem\",\"position\":1,\"name\":\"Home\",\"item\":\"https:\/\/hudo.com\/si\/\"},{\"@type\":\"ListItem\",\"position\":2,\"name\":\"Sko\u010di gor in dol do turisti\u010dnih biserov\"}]},{\"@type\":\"WebSite\",\"@id\":\"https:\/\/hudo.com\/si\/#website\",\"url\":\"https:\/\/hudo.com\/si\/\",\"name\":\"Hudo Slovenija\",\"description\":\"Vse novice iz Slovenije in sveta\",\"publisher\":{\"@id\":\"https:\/\/hudo.com\/si\/#organization\"},\"potentialAction\":[{\"@type\":\"SearchAction\",\"target\":{\"@type\":\"EntryPoint\",\"urlTemplate\":\"https:\/\/hudo.com\/si\/?s={search_term_string}\"},\"query-input\":\"required name=search_term_string\"}],\"inLanguage\":\"sl-SI\"},{\"@type\":\"Organization\",\"@id\":\"https:\/\/hudo.com\/si\/#organization\",\"name\":\"VSN Media\",\"url\":\"https:\/\/hudo.com\/si\/\",\"logo\":{\"@type\":\"ImageObject\",\"inLanguage\":\"sl-SI\",\"@id\":\"https:\/\/hudo.com\/si\/#\/schema\/logo\/image\/\",\"url\":\"https:\/\/hudo.com\/si\/wp-content\/uploads\/sites\/2\/2021\/03\/hudo-app-2.png\",\"contentUrl\":\"https:\/\/hudo.com\/si\/wp-content\/uploads\/sites\/2\/2021\/03\/hudo-app-2.png\",\"width\":2185,\"height\":2167,\"caption\":\"VSN Media\"},\"image\":{\"@id\":\"https:\/\/hudo.com\/si\/#\/schema\/logo\/image\/\"},\"sameAs\":[\"https:\/\/www.facebook.com\/hudo.si\",\"https:\/\/twitter.com\/hudo_si\"]},{\"@type\":\"Person\",\"@id\":\"https:\/\/hudo.com\/si\/#\/schema\/person\/601cf3379633985b20f7e50f2bb47707\",\"name\":\"hudo\",\"image\":{\"@type\":\"ImageObject\",\"inLanguage\":\"sl-SI\",\"@id\":\"https:\/\/hudo.com\/si\/#\/schema\/person\/image\/\",\"url\":\"https:\/\/secure.gravatar.com\/avatar\/c4ca25fa72cace7a696b52ff5db9e095?s=96&d=mm&r=g\",\"contentUrl\":\"https:\/\/secure.gravatar.com\/avatar\/c4ca25fa72cace7a696b52ff5db9e095?s=96&d=mm&r=g\",\"caption\":\"hudo\"},\"url\":\"https:\/\/hudo.com\/si\/author\/hudo\/\"}]}<\/script>\n<!-- \/ Yoast SEO plugin. -->","yoast_head_json":{"title":"Sko\u010di gor in dol do turisti\u010dnih biserov - Hudo Slovenija","robots":{"index":"index","follow":"follow","max-snippet":"max-snippet:-1","max-image-preview":"max-image-preview:large","max-video-preview":"max-video-preview:-1"},"canonical":"https:\/\/hudo.com\/si\/aktualno\/skoci-gor-in-dol-do-turisticnih-biserov\/","og_locale":"sl_SI","og_type":"article","og_title":"Sko\u010di gor in dol do turisti\u010dnih biserov - Hudo Slovenija","og_description":"Kategorija: Slovenija Thu, 06 Jul 2017 23:00:00 +0200 Na Kobari\u0161kem spet deluje javni avtobusni prevoz sko\u010di gor, sko\u010di dol. Lanski poskus je uspe\u0161no povezal pode\u017eelje in turisti\u010dne to\u010dke, letos pa bo javni prevoz iz Tolmina do konca avgusta vozil do Tolminskih korit in Javorce.Lanskih 52 dni prevozov s povpre\u010dnim obiskom 41 ljudi na dan je kobari\u0161ko ob\u010dino spodbudilo, da uvede linije tudi letos. Avtobus bo vozil do Planine Kuhinja pod Krnom, ki je bila lani najbolj zasedena trasa, v Breginjski kot, na Dre\u017eni\u0161ko, Liv\u0161ko in k reki Nadi\u017ei. \u00bbLetos smo z avtobusom povezali tudi izhodi\u0161\u010dne to\u010dke kolesarskih in pe\u0161poti. Avtobus bo vozil ob koncih tedna tudi septembra, druga\u010de kot lani, ko je enodnevna vozovnica stala en evro, pa bo tokrat toliko stal enosmerni prevoz,\u00ab je pojasnila Nata\u0161a Hvala Ivan\u010di\u010d iz kobari\u0161ke ob\u010dine. Dobra izku\u0161nja lanskega leta je turisti\u010dno\u00a0...","og_url":"https:\/\/hudo.com\/si\/aktualno\/skoci-gor-in-dol-do-turisticnih-biserov\/","og_site_name":"Hudo Slovenija","article_publisher":"https:\/\/www.facebook.com\/hudo.si","article_published_time":"2017-07-06T19:00:00+00:00","og_image":[{"width":480,"height":290,"url":"https:\/\/hudo.com\/si\/wp-content\/uploads\/sites\/2\/2017\/07\/480x290_Delo_Foto-20170706223429-08235700.jpeg","type":"image\/jpeg"}],"author":"hudo","twitter_card":"summary_large_image","twitter_creator":"@hudo_si","twitter_site":"@hudo_si","twitter_misc":{"Written by":"hudo","Est. reading time":"1 minuta"},"schema":{"@context":"https:\/\/schema.org","@graph":[{"@type":"Article","@id":"https:\/\/hudo.com\/si\/aktualno\/skoci-gor-in-dol-do-turisticnih-biserov\/#article","isPartOf":{"@id":"https:\/\/hudo.com\/si\/aktualno\/skoci-gor-in-dol-do-turisticnih-biserov\/"},"author":{"name":"hudo","@id":"https:\/\/hudo.com\/si\/#\/schema\/person\/601cf3379633985b20f7e50f2bb47707"},"headline":"Sko\u010di gor in dol do turisti\u010dnih biserov","datePublished":"2017-07-06T19:00:00+00:00","dateModified":"2017-07-06T19:00:00+00:00","mainEntityOfPage":{"@id":"https:\/\/hudo.com\/si\/aktualno\/skoci-gor-in-dol-do-turisticnih-biserov\/"},"wordCount":166,"publisher":{"@id":"https:\/\/hudo.com\/si\/#organization"},"articleSection":["Aktualno"],"inLanguage":"sl-SI"},{"@type":"WebPage","@id":"https:\/\/hudo.com\/si\/aktualno\/skoci-gor-in-dol-do-turisticnih-biserov\/","url":"https:\/\/hudo.com\/si\/aktualno\/skoci-gor-in-dol-do-turisticnih-biserov\/","name":"Sko\u010di gor in dol do turisti\u010dnih biserov - Hudo Slovenija","isPartOf":{"@id":"https:\/\/hudo.com\/si\/#website"},"datePublished":"2017-07-06T19:00:00+00:00","dateModified":"2017-07-06T19:00:00+00:00","breadcrumb":{"@id":"https:\/\/hudo.com\/si\/aktualno\/skoci-gor-in-dol-do-turisticnih-biserov\/#breadcrumb"},"inLanguage":"sl-SI","potentialAction":[{"@type":"ReadAction","target":["https:\/\/hudo.com\/si\/aktualno\/skoci-gor-in-dol-do-turisticnih-biserov\/"]}]},{"@type":"BreadcrumbList","@id":"https:\/\/hudo.com\/si\/aktualno\/skoci-gor-in-dol-do-turisticnih-biserov\/#breadcrumb","itemListElement":[{"@type":"ListItem","position":1,"name":"Home","item":"https:\/\/hudo.com\/si\/"},{"@type":"ListItem","position":2,"name":"Sko\u010di gor in dol do turisti\u010dnih biserov"}]},{"@type":"WebSite","@id":"https:\/\/hudo.com\/si\/#website","url":"https:\/\/hudo.com\/si\/","name":"Hudo Slovenija","description":"Vse novice iz Slovenije in sveta","publisher":{"@id":"https:\/\/hudo.com\/si\/#organization"},"potentialAction":[{"@type":"SearchAction","target":{"@type":"EntryPoint","urlTemplate":"https:\/\/hudo.com\/si\/?s={search_term_string}"},"query-input":"required name=search_term_string"}],"inLanguage":"sl-SI"},{"@type":"Organization","@id":"https:\/\/hudo.com\/si\/#organization","name":"VSN Media","url":"https:\/\/hudo.com\/si\/","logo":{"@type":"ImageObject","inLanguage":"sl-SI","@id":"https:\/\/hudo.com\/si\/#\/schema\/logo\/image\/","url":"https:\/\/hudo.com\/si\/wp-content\/uploads\/sites\/2\/2021\/03\/hudo-app-2.png","contentUrl":"https:\/\/hudo.com\/si\/wp-content\/uploads\/sites\/2\/2021\/03\/hudo-app-2.png","width":2185,"height":2167,"caption":"VSN Media"},"image":{"@id":"https:\/\/hudo.com\/si\/#\/schema\/logo\/image\/"},"sameAs":["https:\/\/www.facebook.com\/hudo.si","https:\/\/twitter.com\/hudo_si"]},{"@type":"Person","@id":"https:\/\/hudo.com\/si\/#\/schema\/person\/601cf3379633985b20f7e50f2bb47707","name":"hudo","image":{"@type":"ImageObject","inLanguage":"sl-SI","@id":"https:\/\/hudo.com\/si\/#\/schema\/person\/image\/","url":"https:\/\/secure.gravatar.com\/avatar\/c4ca25fa72cace7a696b52ff5db9e095?s=96&d=mm&r=g","contentUrl":"https:\/\/secure.gravatar.com\/avatar\/c4ca25fa72cace7a696b52ff5db9e095?s=96&d=mm&r=g","caption":"hudo"},"url":"https:\/\/hudo.com\/si\/author\/hudo\/"}]}},"amp_enabled":true,"_links":{"self":[{"href":"https:\/\/hudo.com\/si\/wp-json\/wp\/v2\/posts\/274296"}],"collection":[{"href":"https:\/\/hudo.com\/si\/wp-json\/wp\/v2\/posts"}],"about":[{"href":"https:\/\/hudo.com\/si\/wp-json\/wp\/v2\/types\/post"}],"author":[{"embeddable":true,"href":"https:\/\/hudo.com\/si\/wp-json\/wp\/v2\/users\/1"}],"replies":[{"embeddable":true,"href":"https:\/\/hudo.com\/si\/wp-json\/wp\/v2\/comments?post=274296"}],"version-history":[{"count":0,"href":"https:\/\/hudo.com\/si\/wp-json\/wp\/v2\/posts\/274296\/revisions"}],"wp:attachment":[{"href":"https:\/\/hudo.com\/si\/wp-json\/wp\/v2\/media?parent=274296"}],"wp:term":[{"taxonomy":"category","embeddable":true,"href":"https:\/\/hudo.com\/si\/wp-json\/wp\/v2\/categories?post=274296"},{"taxonomy":"post_tag","embeddable":true,"href":"https:\/\/hudo.com\/si\/wp-json\/wp\/v2\/tags?post=274296"},{"taxonomy":"source","embeddable":true,"href":"https:\/\/hudo.com\/si\/wp-json\/wp\/v2\/source?post=274296"},{"taxonomy":"supertag","embeddable":true,"href":"https:\/\/hudo.com\/si\/wp-json\/wp\/v2\/supertag?post=274296"}],"curies":[{"name":"wp","href":"https:\/\/api.w.org\/{rel}","templated":true}]}}