{"id":274363,"date":"2017-07-07T03:48:00","date_gmt":"2017-07-07T01:48:00","guid":{"rendered":"http:\/\/hudo.com\/si\/2017\/07\/07\/konzum-bo-na-hrvaskem-zaprl-105-trgovin\/"},"modified":"2017-07-07T03:48:00","modified_gmt":"2017-07-07T01:48:00","slug":"konzum-bo-na-hrvaskem-zaprl-105-trgovin","status":"publish","type":"post","link":"https:\/\/hudo.com\/si\/aktualno\/konzum-bo-na-hrvaskem-zaprl-105-trgovin\/","title":{"rendered":"Konzum bo na Hrva\u0161kem zaprl 105 trgovin"},"content":{"rendered":"<p>Hrva\u0161ka trgovska veriga Konzum, ki je del koncerna Agrokor, je danes potrdila, da bodo do konca leta zaprli 105 svojih prodajaln na Hrva\u0161kem. Kot so dodali, bodo do 30. julija zaprli 22 trgovin. Obenem so napovedali zvi\u0161anje pla\u010d za 6000 svojih delavcev z najni\u017ejimi mese\u010dnimi dohodki.<\/p>\n","protected":false},"excerpt":{"rendered":"<p>Hrva\u0161ka trgovska veriga Konzum, ki je del koncerna Agrokor, je danes potrdila, da bodo do konca leta zaprli 105 svojih prodajaln na Hrva\u0161kem. Kot so dodali, bodo do 30. julija zaprli 22 trgovin. Obenem so napovedali zvi\u0161anje pla\u010d za 6000 svojih delavcev z najni\u017ejimi mese\u010dnimi dohodki.<\/p>\n","protected":false},"author":1,"featured_media":0,"comment_status":"closed","ping_status":"closed","sticky":false,"template":"","format":"standard","meta":{"footnotes":""},"categories":[1179],"tags":[],"source":[6627],"supertag":[],"acf":[],"yoast_head":"<!-- This site is optimized with the Yoast SEO plugin v21.3 - https:\/\/yoast.com\/wordpress\/plugins\/seo\/ -->\n<title>Konzum bo na Hrva\u0161kem zaprl 105 trgovin - Hudo Slovenija<\/title>\n<meta name=\"robots\" content=\"index, follow, max-snippet:-1, max-image-preview:large, max-video-preview:-1\" \/>\n<link rel=\"canonical\" href=\"https:\/\/hudo.com\/si\/aktualno\/konzum-bo-na-hrvaskem-zaprl-105-trgovin\/\" \/>\n<meta property=\"og:locale\" content=\"sl_SI\" \/>\n<meta property=\"og:type\" content=\"article\" \/>\n<meta property=\"og:title\" content=\"Konzum bo na Hrva\u0161kem zaprl 105 trgovin - Hudo Slovenija\" \/>\n<meta property=\"og:description\" content=\"Hrva\u0161ka trgovska veriga Konzum, ki je del koncerna Agrokor, je danes potrdila, da bodo do konca leta zaprli 105 svojih prodajaln na Hrva\u0161kem. Kot so dodali, bodo do 30. julija zaprli 22 trgovin. Obenem so napovedali zvi\u0161anje pla\u010d za 6000 svojih delavcev z najni\u017ejimi mese\u010dnimi dohodki.\" \/>\n<meta property=\"og:url\" content=\"https:\/\/hudo.com\/si\/aktualno\/konzum-bo-na-hrvaskem-zaprl-105-trgovin\/\" \/>\n<meta property=\"og:site_name\" content=\"Hudo Slovenija\" \/>\n<meta property=\"article:publisher\" content=\"https:\/\/www.facebook.com\/hudo.si\" \/>\n<meta property=\"article:published_time\" content=\"2017-07-07T01:48:00+00:00\" \/>\n<meta property=\"og:image\" content=\"https:\/\/hudo.com\/si\/wp-content\/uploads\/sites\/2\/2017\/07\/807656f75b4a17443537.jpeg\" \/>\n\t<meta property=\"og:image:width\" content=\"950\" \/>\n\t<meta property=\"og:image:height\" content=\"529\" \/>\n\t<meta property=\"og:image:type\" content=\"image\/jpeg\" \/>\n<meta name=\"author\" content=\"hudo\" \/>\n<meta name=\"twitter:card\" content=\"summary_large_image\" \/>\n<meta name=\"twitter:creator\" content=\"@hudo_si\" \/>\n<meta name=\"twitter:site\" content=\"@hudo_si\" \/>\n<meta name=\"twitter:label1\" content=\"Written by\" \/>\n\t<meta name=\"twitter:data1\" content=\"hudo\" \/>\n<script type=\"application\/ld+json\" class=\"yoast-schema-graph\">{\"@context\":\"https:\/\/schema.org\",\"@graph\":[{\"@type\":\"Article\",\"@id\":\"https:\/\/hudo.com\/si\/aktualno\/konzum-bo-na-hrvaskem-zaprl-105-trgovin\/#article\",\"isPartOf\":{\"@id\":\"https:\/\/hudo.com\/si\/aktualno\/konzum-bo-na-hrvaskem-zaprl-105-trgovin\/\"},\"author\":{\"name\":\"hudo\",\"@id\":\"https:\/\/hudo.com\/si\/#\/schema\/person\/601cf3379633985b20f7e50f2bb47707\"},\"headline\":\"Konzum bo na Hrva\u0161kem zaprl 105 trgovin\",\"datePublished\":\"2017-07-07T01:48:00+00:00\",\"dateModified\":\"2017-07-07T01:48:00+00:00\",\"mainEntityOfPage\":{\"@id\":\"https:\/\/hudo.com\/si\/aktualno\/konzum-bo-na-hrvaskem-zaprl-105-trgovin\/\"},\"wordCount\":54,\"publisher\":{\"@id\":\"https:\/\/hudo.com\/si\/#organization\"},\"articleSection\":[\"Aktualno\"],\"inLanguage\":\"sl-SI\"},{\"@type\":\"WebPage\",\"@id\":\"https:\/\/hudo.com\/si\/aktualno\/konzum-bo-na-hrvaskem-zaprl-105-trgovin\/\",\"url\":\"https:\/\/hudo.com\/si\/aktualno\/konzum-bo-na-hrvaskem-zaprl-105-trgovin\/\",\"name\":\"Konzum bo na Hrva\u0161kem zaprl 105 trgovin - Hudo Slovenija\",\"isPartOf\":{\"@id\":\"https:\/\/hudo.com\/si\/#website\"},\"datePublished\":\"2017-07-07T01:48:00+00:00\",\"dateModified\":\"2017-07-07T01:48:00+00:00\",\"breadcrumb\":{\"@id\":\"https:\/\/hudo.com\/si\/aktualno\/konzum-bo-na-hrvaskem-zaprl-105-trgovin\/#breadcrumb\"},\"inLanguage\":\"sl-SI\",\"potentialAction\":[{\"@type\":\"ReadAction\",\"target\":[\"https:\/\/hudo.com\/si\/aktualno\/konzum-bo-na-hrvaskem-zaprl-105-trgovin\/\"]}]},{\"@type\":\"BreadcrumbList\",\"@id\":\"https:\/\/hudo.com\/si\/aktualno\/konzum-bo-na-hrvaskem-zaprl-105-trgovin\/#breadcrumb\",\"itemListElement\":[{\"@type\":\"ListItem\",\"position\":1,\"name\":\"Home\",\"item\":\"https:\/\/hudo.com\/si\/\"},{\"@type\":\"ListItem\",\"position\":2,\"name\":\"Konzum bo na Hrva\u0161kem zaprl 105 trgovin\"}]},{\"@type\":\"WebSite\",\"@id\":\"https:\/\/hudo.com\/si\/#website\",\"url\":\"https:\/\/hudo.com\/si\/\",\"name\":\"Hudo Slovenija\",\"description\":\"Vse novice iz Slovenije in sveta\",\"publisher\":{\"@id\":\"https:\/\/hudo.com\/si\/#organization\"},\"potentialAction\":[{\"@type\":\"SearchAction\",\"target\":{\"@type\":\"EntryPoint\",\"urlTemplate\":\"https:\/\/hudo.com\/si\/?s={search_term_string}\"},\"query-input\":\"required name=search_term_string\"}],\"inLanguage\":\"sl-SI\"},{\"@type\":\"Organization\",\"@id\":\"https:\/\/hudo.com\/si\/#organization\",\"name\":\"VSN Media\",\"url\":\"https:\/\/hudo.com\/si\/\",\"logo\":{\"@type\":\"ImageObject\",\"inLanguage\":\"sl-SI\",\"@id\":\"https:\/\/hudo.com\/si\/#\/schema\/logo\/image\/\",\"url\":\"https:\/\/hudo.com\/si\/wp-content\/uploads\/sites\/2\/2021\/03\/hudo-app-2.png\",\"contentUrl\":\"https:\/\/hudo.com\/si\/wp-content\/uploads\/sites\/2\/2021\/03\/hudo-app-2.png\",\"width\":2185,\"height\":2167,\"caption\":\"VSN Media\"},\"image\":{\"@id\":\"https:\/\/hudo.com\/si\/#\/schema\/logo\/image\/\"},\"sameAs\":[\"https:\/\/www.facebook.com\/hudo.si\",\"https:\/\/twitter.com\/hudo_si\"]},{\"@type\":\"Person\",\"@id\":\"https:\/\/hudo.com\/si\/#\/schema\/person\/601cf3379633985b20f7e50f2bb47707\",\"name\":\"hudo\",\"image\":{\"@type\":\"ImageObject\",\"inLanguage\":\"sl-SI\",\"@id\":\"https:\/\/hudo.com\/si\/#\/schema\/person\/image\/\",\"url\":\"https:\/\/secure.gravatar.com\/avatar\/c4ca25fa72cace7a696b52ff5db9e095?s=96&d=mm&r=g\",\"contentUrl\":\"https:\/\/secure.gravatar.com\/avatar\/c4ca25fa72cace7a696b52ff5db9e095?s=96&d=mm&r=g\",\"caption\":\"hudo\"},\"url\":\"https:\/\/hudo.com\/si\/author\/hudo\/\"}]}<\/script>\n<!-- \/ Yoast SEO plugin. -->","yoast_head_json":{"title":"Konzum bo na Hrva\u0161kem zaprl 105 trgovin - Hudo Slovenija","robots":{"index":"index","follow":"follow","max-snippet":"max-snippet:-1","max-image-preview":"max-image-preview:large","max-video-preview":"max-video-preview:-1"},"canonical":"https:\/\/hudo.com\/si\/aktualno\/konzum-bo-na-hrvaskem-zaprl-105-trgovin\/","og_locale":"sl_SI","og_type":"article","og_title":"Konzum bo na Hrva\u0161kem zaprl 105 trgovin - Hudo Slovenija","og_description":"Hrva\u0161ka trgovska veriga Konzum, ki je del koncerna Agrokor, je danes potrdila, da bodo do konca leta zaprli 105 svojih prodajaln na Hrva\u0161kem. Kot so dodali, bodo do 30. julija zaprli 22 trgovin. Obenem so napovedali zvi\u0161anje pla\u010d za 6000 svojih delavcev z najni\u017ejimi mese\u010dnimi dohodki.","og_url":"https:\/\/hudo.com\/si\/aktualno\/konzum-bo-na-hrvaskem-zaprl-105-trgovin\/","og_site_name":"Hudo Slovenija","article_publisher":"https:\/\/www.facebook.com\/hudo.si","article_published_time":"2017-07-07T01:48:00+00:00","og_image":[{"width":950,"height":529,"url":"https:\/\/hudo.com\/si\/wp-content\/uploads\/sites\/2\/2017\/07\/807656f75b4a17443537.jpeg","type":"image\/jpeg"}],"author":"hudo","twitter_card":"summary_large_image","twitter_creator":"@hudo_si","twitter_site":"@hudo_si","twitter_misc":{"Written by":"hudo"},"schema":{"@context":"https:\/\/schema.org","@graph":[{"@type":"Article","@id":"https:\/\/hudo.com\/si\/aktualno\/konzum-bo-na-hrvaskem-zaprl-105-trgovin\/#article","isPartOf":{"@id":"https:\/\/hudo.com\/si\/aktualno\/konzum-bo-na-hrvaskem-zaprl-105-trgovin\/"},"author":{"name":"hudo","@id":"https:\/\/hudo.com\/si\/#\/schema\/person\/601cf3379633985b20f7e50f2bb47707"},"headline":"Konzum bo na Hrva\u0161kem zaprl 105 trgovin","datePublished":"2017-07-07T01:48:00+00:00","dateModified":"2017-07-07T01:48:00+00:00","mainEntityOfPage":{"@id":"https:\/\/hudo.com\/si\/aktualno\/konzum-bo-na-hrvaskem-zaprl-105-trgovin\/"},"wordCount":54,"publisher":{"@id":"https:\/\/hudo.com\/si\/#organization"},"articleSection":["Aktualno"],"inLanguage":"sl-SI"},{"@type":"WebPage","@id":"https:\/\/hudo.com\/si\/aktualno\/konzum-bo-na-hrvaskem-zaprl-105-trgovin\/","url":"https:\/\/hudo.com\/si\/aktualno\/konzum-bo-na-hrvaskem-zaprl-105-trgovin\/","name":"Konzum bo na Hrva\u0161kem zaprl 105 trgovin - Hudo Slovenija","isPartOf":{"@id":"https:\/\/hudo.com\/si\/#website"},"datePublished":"2017-07-07T01:48:00+00:00","dateModified":"2017-07-07T01:48:00+00:00","breadcrumb":{"@id":"https:\/\/hudo.com\/si\/aktualno\/konzum-bo-na-hrvaskem-zaprl-105-trgovin\/#breadcrumb"},"inLanguage":"sl-SI","potentialAction":[{"@type":"ReadAction","target":["https:\/\/hudo.com\/si\/aktualno\/konzum-bo-na-hrvaskem-zaprl-105-trgovin\/"]}]},{"@type":"BreadcrumbList","@id":"https:\/\/hudo.com\/si\/aktualno\/konzum-bo-na-hrvaskem-zaprl-105-trgovin\/#breadcrumb","itemListElement":[{"@type":"ListItem","position":1,"name":"Home","item":"https:\/\/hudo.com\/si\/"},{"@type":"ListItem","position":2,"name":"Konzum bo na Hrva\u0161kem zaprl 105 trgovin"}]},{"@type":"WebSite","@id":"https:\/\/hudo.com\/si\/#website","url":"https:\/\/hudo.com\/si\/","name":"Hudo Slovenija","description":"Vse novice iz Slovenije in sveta","publisher":{"@id":"https:\/\/hudo.com\/si\/#organization"},"potentialAction":[{"@type":"SearchAction","target":{"@type":"EntryPoint","urlTemplate":"https:\/\/hudo.com\/si\/?s={search_term_string}"},"query-input":"required name=search_term_string"}],"inLanguage":"sl-SI"},{"@type":"Organization","@id":"https:\/\/hudo.com\/si\/#organization","name":"VSN Media","url":"https:\/\/hudo.com\/si\/","logo":{"@type":"ImageObject","inLanguage":"sl-SI","@id":"https:\/\/hudo.com\/si\/#\/schema\/logo\/image\/","url":"https:\/\/hudo.com\/si\/wp-content\/uploads\/sites\/2\/2021\/03\/hudo-app-2.png","contentUrl":"https:\/\/hudo.com\/si\/wp-content\/uploads\/sites\/2\/2021\/03\/hudo-app-2.png","width":2185,"height":2167,"caption":"VSN Media"},"image":{"@id":"https:\/\/hudo.com\/si\/#\/schema\/logo\/image\/"},"sameAs":["https:\/\/www.facebook.com\/hudo.si","https:\/\/twitter.com\/hudo_si"]},{"@type":"Person","@id":"https:\/\/hudo.com\/si\/#\/schema\/person\/601cf3379633985b20f7e50f2bb47707","name":"hudo","image":{"@type":"ImageObject","inLanguage":"sl-SI","@id":"https:\/\/hudo.com\/si\/#\/schema\/person\/image\/","url":"https:\/\/secure.gravatar.com\/avatar\/c4ca25fa72cace7a696b52ff5db9e095?s=96&d=mm&r=g","contentUrl":"https:\/\/secure.gravatar.com\/avatar\/c4ca25fa72cace7a696b52ff5db9e095?s=96&d=mm&r=g","caption":"hudo"},"url":"https:\/\/hudo.com\/si\/author\/hudo\/"}]}},"amp_enabled":true,"_links":{"self":[{"href":"https:\/\/hudo.com\/si\/wp-json\/wp\/v2\/posts\/274363"}],"collection":[{"href":"https:\/\/hudo.com\/si\/wp-json\/wp\/v2\/posts"}],"about":[{"href":"https:\/\/hudo.com\/si\/wp-json\/wp\/v2\/types\/post"}],"author":[{"embeddable":true,"href":"https:\/\/hudo.com\/si\/wp-json\/wp\/v2\/users\/1"}],"replies":[{"embeddable":true,"href":"https:\/\/hudo.com\/si\/wp-json\/wp\/v2\/comments?post=274363"}],"version-history":[{"count":0,"href":"https:\/\/hudo.com\/si\/wp-json\/wp\/v2\/posts\/274363\/revisions"}],"wp:attachment":[{"href":"https:\/\/hudo.com\/si\/wp-json\/wp\/v2\/media?parent=274363"}],"wp:term":[{"taxonomy":"category","embeddable":true,"href":"https:\/\/hudo.com\/si\/wp-json\/wp\/v2\/categories?post=274363"},{"taxonomy":"post_tag","embeddable":true,"href":"https:\/\/hudo.com\/si\/wp-json\/wp\/v2\/tags?post=274363"},{"taxonomy":"source","embeddable":true,"href":"https:\/\/hudo.com\/si\/wp-json\/wp\/v2\/source?post=274363"},{"taxonomy":"supertag","embeddable":true,"href":"https:\/\/hudo.com\/si\/wp-json\/wp\/v2\/supertag?post=274363"}],"curies":[{"name":"wp","href":"https:\/\/api.w.org\/{rel}","templated":true}]}}