{"id":274378,"date":"2017-07-07T05:25:00","date_gmt":"2017-07-07T03:25:00","guid":{"rendered":"http:\/\/hudo.com\/si\/2017\/07\/07\/hamburski-protestni-pekel-ob-vrhu-g20\/"},"modified":"2017-07-07T05:25:00","modified_gmt":"2017-07-07T03:25:00","slug":"hamburski-protestni-pekel-ob-vrhu-g20","status":"publish","type":"post","link":"https:\/\/hudo.com\/si\/aktualno\/hamburski-protestni-pekel-ob-vrhu-g20\/","title":{"rendered":"Hambur\u0161ki protestni pekel ob vrhu G20"},"content":{"rendered":"<p>Kategorija: Evropa Fri, 07 Jul 2017 07:25:00 +0200  Hamburg \u2212 Demonstracije ob robu hambur\u0161kega vrha organizacije G20 so se res izkazale za pekel, v katerega so vabili njihovi organizatorji. 76 ranjenih policistov, pet od njih dovolj za prevoz v bolni\u0161nico, je bera protestov, ki so se v \u010detrtek zve\u010der \u017ee kmalu po za\u010detku prelevili v metanje steklenic, kamenja in drugega iz rok zakrinkanih nasilne\u017eev. Policija je odgovorila s solzivcem in vodnimi topovi, v bolni\u0161nico pa je moral celo pilot policijskega helikopterja, ki so ga med poletom zadeli z laserjem.Hambur\u0161ke oblasti so \u017ee prej domnevale, da je med ve\u010d deset tiso\u010d demonstranti ve\u010d tiso\u010d nasilnih in nekateri od njih so razbijali in uni\u010devali do jutranjih ur. \u00bbNobenega opravi\u010dila ni za nasilne proteste, prepri\u010dana sem, da policija dela vse za njihovo prepre\u010ditev,\u00ab je kanclerkin predstavnik za tisk posredoval izjavo kanclerke\u00a0&#8230;<\/p>\n","protected":false},"excerpt":{"rendered":"<p>Kategorija: Evropa Fri, 07 Jul 2017 07:25:00 +0200  Hamburg \u2212 Demonstracije ob robu hambur\u0161kega vrha organizacije G20 so se res izkazale za pekel, v katerega so vabili njihovi organizatorji. 76 ranjenih policistov, pet od njih dovolj za prevoz v bolni\u0161nico, je bera protestov, ki so se v \u010detrtek zve\u010der \u017ee kmalu po za\u010detku prelevili v metanje steklenic, kamenja in drugega iz rok zakrinkanih nasilne\u017eev. Policija je odgovorila s solzivcem in vodnimi topovi, v bolni\u0161nico pa je moral celo pilot policijskega helikopterja, ki so ga med poletom zadeli z laserjem.Hambur\u0161ke oblasti so \u017ee prej domnevale, da je med ve\u010d deset tiso\u010d demonstranti ve\u010d tiso\u010d nasilnih in nekateri od njih so razbijali in uni\u010devali do jutranjih ur. \u00bbNobenega opravi\u010dila ni za nasilne proteste, prepri\u010dana sem, da policija dela vse za njihovo prepre\u010ditev,\u00ab je kanclerkin predstavnik za tisk posredoval izjavo kanclerke\u00a0&#8230;<\/p>\n","protected":false},"author":1,"featured_media":0,"comment_status":"closed","ping_status":"closed","sticky":false,"template":"","format":"standard","meta":{"footnotes":""},"categories":[1179],"tags":[],"source":[1703],"supertag":[],"acf":[],"yoast_head":"<!-- This site is optimized with the Yoast SEO plugin v21.3 - https:\/\/yoast.com\/wordpress\/plugins\/seo\/ -->\n<title>Hambur\u0161ki protestni pekel ob vrhu G20 - Hudo Slovenija<\/title>\n<meta name=\"robots\" content=\"index, follow, max-snippet:-1, max-image-preview:large, max-video-preview:-1\" \/>\n<link rel=\"canonical\" href=\"https:\/\/hudo.com\/si\/aktualno\/hamburski-protestni-pekel-ob-vrhu-g20\/\" \/>\n<meta property=\"og:locale\" content=\"sl_SI\" \/>\n<meta property=\"og:type\" content=\"article\" \/>\n<meta property=\"og:title\" content=\"Hambur\u0161ki protestni pekel ob vrhu G20 - Hudo Slovenija\" \/>\n<meta property=\"og:description\" content=\"Kategorija: Evropa Fri, 07 Jul 2017 07:25:00 +0200 Hamburg \u2212 Demonstracije ob robu hambur\u0161kega vrha organizacije G20 so se res izkazale za pekel, v katerega so vabili njihovi organizatorji. 76 ranjenih policistov, pet od njih dovolj za prevoz v bolni\u0161nico, je bera protestov, ki so se v \u010detrtek zve\u010der \u017ee kmalu po za\u010detku prelevili v metanje steklenic, kamenja in drugega iz rok zakrinkanih nasilne\u017eev. Policija je odgovorila s solzivcem in vodnimi topovi, v bolni\u0161nico pa je moral celo pilot policijskega helikopterja, ki so ga med poletom zadeli z laserjem.Hambur\u0161ke oblasti so \u017ee prej domnevale, da je med ve\u010d deset tiso\u010d demonstranti ve\u010d tiso\u010d nasilnih in nekateri od njih so razbijali in uni\u010devali do jutranjih ur. \u00bbNobenega opravi\u010dila ni za nasilne proteste, prepri\u010dana sem, da policija dela vse za njihovo prepre\u010ditev,\u00ab je kanclerkin predstavnik za tisk posredoval izjavo kanclerke\u00a0...\" \/>\n<meta property=\"og:url\" content=\"https:\/\/hudo.com\/si\/aktualno\/hamburski-protestni-pekel-ob-vrhu-g20\/\" \/>\n<meta property=\"og:site_name\" content=\"Hudo Slovenija\" \/>\n<meta property=\"article:publisher\" content=\"https:\/\/www.facebook.com\/hudo.si\" \/>\n<meta property=\"article:published_time\" content=\"2017-07-07T03:25:00+00:00\" \/>\n<meta property=\"og:image\" content=\"https:\/\/hudo.com\/si\/wp-content\/uploads\/sites\/2\/2017\/07\/480x290_AP_Pictures-20170707001540-96558900.jpeg\" \/>\n\t<meta property=\"og:image:width\" content=\"480\" \/>\n\t<meta property=\"og:image:height\" content=\"290\" \/>\n\t<meta property=\"og:image:type\" content=\"image\/jpeg\" \/>\n<meta name=\"author\" content=\"hudo\" \/>\n<meta name=\"twitter:card\" content=\"summary_large_image\" \/>\n<meta name=\"twitter:creator\" content=\"@hudo_si\" \/>\n<meta name=\"twitter:site\" content=\"@hudo_si\" \/>\n<meta name=\"twitter:label1\" content=\"Written by\" \/>\n\t<meta name=\"twitter:data1\" content=\"hudo\" \/>\n\t<meta name=\"twitter:label2\" content=\"Est. reading time\" \/>\n\t<meta name=\"twitter:data2\" content=\"1 minuta\" \/>\n<script type=\"application\/ld+json\" class=\"yoast-schema-graph\">{\"@context\":\"https:\/\/schema.org\",\"@graph\":[{\"@type\":\"Article\",\"@id\":\"https:\/\/hudo.com\/si\/aktualno\/hamburski-protestni-pekel-ob-vrhu-g20\/#article\",\"isPartOf\":{\"@id\":\"https:\/\/hudo.com\/si\/aktualno\/hamburski-protestni-pekel-ob-vrhu-g20\/\"},\"author\":{\"name\":\"hudo\",\"@id\":\"https:\/\/hudo.com\/si\/#\/schema\/person\/601cf3379633985b20f7e50f2bb47707\"},\"headline\":\"Hambur\u0161ki protestni pekel ob vrhu G20\",\"datePublished\":\"2017-07-07T03:25:00+00:00\",\"dateModified\":\"2017-07-07T03:25:00+00:00\",\"mainEntityOfPage\":{\"@id\":\"https:\/\/hudo.com\/si\/aktualno\/hamburski-protestni-pekel-ob-vrhu-g20\/\"},\"wordCount\":151,\"publisher\":{\"@id\":\"https:\/\/hudo.com\/si\/#organization\"},\"articleSection\":[\"Aktualno\"],\"inLanguage\":\"sl-SI\"},{\"@type\":\"WebPage\",\"@id\":\"https:\/\/hudo.com\/si\/aktualno\/hamburski-protestni-pekel-ob-vrhu-g20\/\",\"url\":\"https:\/\/hudo.com\/si\/aktualno\/hamburski-protestni-pekel-ob-vrhu-g20\/\",\"name\":\"Hambur\u0161ki protestni pekel ob vrhu G20 - Hudo Slovenija\",\"isPartOf\":{\"@id\":\"https:\/\/hudo.com\/si\/#website\"},\"datePublished\":\"2017-07-07T03:25:00+00:00\",\"dateModified\":\"2017-07-07T03:25:00+00:00\",\"breadcrumb\":{\"@id\":\"https:\/\/hudo.com\/si\/aktualno\/hamburski-protestni-pekel-ob-vrhu-g20\/#breadcrumb\"},\"inLanguage\":\"sl-SI\",\"potentialAction\":[{\"@type\":\"ReadAction\",\"target\":[\"https:\/\/hudo.com\/si\/aktualno\/hamburski-protestni-pekel-ob-vrhu-g20\/\"]}]},{\"@type\":\"BreadcrumbList\",\"@id\":\"https:\/\/hudo.com\/si\/aktualno\/hamburski-protestni-pekel-ob-vrhu-g20\/#breadcrumb\",\"itemListElement\":[{\"@type\":\"ListItem\",\"position\":1,\"name\":\"Home\",\"item\":\"https:\/\/hudo.com\/si\/\"},{\"@type\":\"ListItem\",\"position\":2,\"name\":\"Hambur\u0161ki protestni pekel ob vrhu G20\"}]},{\"@type\":\"WebSite\",\"@id\":\"https:\/\/hudo.com\/si\/#website\",\"url\":\"https:\/\/hudo.com\/si\/\",\"name\":\"Hudo Slovenija\",\"description\":\"Vse novice iz Slovenije in sveta\",\"publisher\":{\"@id\":\"https:\/\/hudo.com\/si\/#organization\"},\"potentialAction\":[{\"@type\":\"SearchAction\",\"target\":{\"@type\":\"EntryPoint\",\"urlTemplate\":\"https:\/\/hudo.com\/si\/?s={search_term_string}\"},\"query-input\":\"required name=search_term_string\"}],\"inLanguage\":\"sl-SI\"},{\"@type\":\"Organization\",\"@id\":\"https:\/\/hudo.com\/si\/#organization\",\"name\":\"VSN Media\",\"url\":\"https:\/\/hudo.com\/si\/\",\"logo\":{\"@type\":\"ImageObject\",\"inLanguage\":\"sl-SI\",\"@id\":\"https:\/\/hudo.com\/si\/#\/schema\/logo\/image\/\",\"url\":\"https:\/\/hudo.com\/si\/wp-content\/uploads\/sites\/2\/2021\/03\/hudo-app-2.png\",\"contentUrl\":\"https:\/\/hudo.com\/si\/wp-content\/uploads\/sites\/2\/2021\/03\/hudo-app-2.png\",\"width\":2185,\"height\":2167,\"caption\":\"VSN Media\"},\"image\":{\"@id\":\"https:\/\/hudo.com\/si\/#\/schema\/logo\/image\/\"},\"sameAs\":[\"https:\/\/www.facebook.com\/hudo.si\",\"https:\/\/twitter.com\/hudo_si\"]},{\"@type\":\"Person\",\"@id\":\"https:\/\/hudo.com\/si\/#\/schema\/person\/601cf3379633985b20f7e50f2bb47707\",\"name\":\"hudo\",\"image\":{\"@type\":\"ImageObject\",\"inLanguage\":\"sl-SI\",\"@id\":\"https:\/\/hudo.com\/si\/#\/schema\/person\/image\/\",\"url\":\"https:\/\/secure.gravatar.com\/avatar\/c4ca25fa72cace7a696b52ff5db9e095?s=96&d=mm&r=g\",\"contentUrl\":\"https:\/\/secure.gravatar.com\/avatar\/c4ca25fa72cace7a696b52ff5db9e095?s=96&d=mm&r=g\",\"caption\":\"hudo\"},\"url\":\"https:\/\/hudo.com\/si\/author\/hudo\/\"}]}<\/script>\n<!-- \/ Yoast SEO plugin. -->","yoast_head_json":{"title":"Hambur\u0161ki protestni pekel ob vrhu G20 - Hudo Slovenija","robots":{"index":"index","follow":"follow","max-snippet":"max-snippet:-1","max-image-preview":"max-image-preview:large","max-video-preview":"max-video-preview:-1"},"canonical":"https:\/\/hudo.com\/si\/aktualno\/hamburski-protestni-pekel-ob-vrhu-g20\/","og_locale":"sl_SI","og_type":"article","og_title":"Hambur\u0161ki protestni pekel ob vrhu G20 - Hudo Slovenija","og_description":"Kategorija: Evropa Fri, 07 Jul 2017 07:25:00 +0200 Hamburg \u2212 Demonstracije ob robu hambur\u0161kega vrha organizacije G20 so se res izkazale za pekel, v katerega so vabili njihovi organizatorji. 76 ranjenih policistov, pet od njih dovolj za prevoz v bolni\u0161nico, je bera protestov, ki so se v \u010detrtek zve\u010der \u017ee kmalu po za\u010detku prelevili v metanje steklenic, kamenja in drugega iz rok zakrinkanih nasilne\u017eev. Policija je odgovorila s solzivcem in vodnimi topovi, v bolni\u0161nico pa je moral celo pilot policijskega helikopterja, ki so ga med poletom zadeli z laserjem.Hambur\u0161ke oblasti so \u017ee prej domnevale, da je med ve\u010d deset tiso\u010d demonstranti ve\u010d tiso\u010d nasilnih in nekateri od njih so razbijali in uni\u010devali do jutranjih ur. \u00bbNobenega opravi\u010dila ni za nasilne proteste, prepri\u010dana sem, da policija dela vse za njihovo prepre\u010ditev,\u00ab je kanclerkin predstavnik za tisk posredoval izjavo kanclerke\u00a0...","og_url":"https:\/\/hudo.com\/si\/aktualno\/hamburski-protestni-pekel-ob-vrhu-g20\/","og_site_name":"Hudo Slovenija","article_publisher":"https:\/\/www.facebook.com\/hudo.si","article_published_time":"2017-07-07T03:25:00+00:00","og_image":[{"width":480,"height":290,"url":"https:\/\/hudo.com\/si\/wp-content\/uploads\/sites\/2\/2017\/07\/480x290_AP_Pictures-20170707001540-96558900.jpeg","type":"image\/jpeg"}],"author":"hudo","twitter_card":"summary_large_image","twitter_creator":"@hudo_si","twitter_site":"@hudo_si","twitter_misc":{"Written by":"hudo","Est. reading time":"1 minuta"},"schema":{"@context":"https:\/\/schema.org","@graph":[{"@type":"Article","@id":"https:\/\/hudo.com\/si\/aktualno\/hamburski-protestni-pekel-ob-vrhu-g20\/#article","isPartOf":{"@id":"https:\/\/hudo.com\/si\/aktualno\/hamburski-protestni-pekel-ob-vrhu-g20\/"},"author":{"name":"hudo","@id":"https:\/\/hudo.com\/si\/#\/schema\/person\/601cf3379633985b20f7e50f2bb47707"},"headline":"Hambur\u0161ki protestni pekel ob vrhu G20","datePublished":"2017-07-07T03:25:00+00:00","dateModified":"2017-07-07T03:25:00+00:00","mainEntityOfPage":{"@id":"https:\/\/hudo.com\/si\/aktualno\/hamburski-protestni-pekel-ob-vrhu-g20\/"},"wordCount":151,"publisher":{"@id":"https:\/\/hudo.com\/si\/#organization"},"articleSection":["Aktualno"],"inLanguage":"sl-SI"},{"@type":"WebPage","@id":"https:\/\/hudo.com\/si\/aktualno\/hamburski-protestni-pekel-ob-vrhu-g20\/","url":"https:\/\/hudo.com\/si\/aktualno\/hamburski-protestni-pekel-ob-vrhu-g20\/","name":"Hambur\u0161ki protestni pekel ob vrhu G20 - Hudo Slovenija","isPartOf":{"@id":"https:\/\/hudo.com\/si\/#website"},"datePublished":"2017-07-07T03:25:00+00:00","dateModified":"2017-07-07T03:25:00+00:00","breadcrumb":{"@id":"https:\/\/hudo.com\/si\/aktualno\/hamburski-protestni-pekel-ob-vrhu-g20\/#breadcrumb"},"inLanguage":"sl-SI","potentialAction":[{"@type":"ReadAction","target":["https:\/\/hudo.com\/si\/aktualno\/hamburski-protestni-pekel-ob-vrhu-g20\/"]}]},{"@type":"BreadcrumbList","@id":"https:\/\/hudo.com\/si\/aktualno\/hamburski-protestni-pekel-ob-vrhu-g20\/#breadcrumb","itemListElement":[{"@type":"ListItem","position":1,"name":"Home","item":"https:\/\/hudo.com\/si\/"},{"@type":"ListItem","position":2,"name":"Hambur\u0161ki protestni pekel ob vrhu G20"}]},{"@type":"WebSite","@id":"https:\/\/hudo.com\/si\/#website","url":"https:\/\/hudo.com\/si\/","name":"Hudo Slovenija","description":"Vse novice iz Slovenije in sveta","publisher":{"@id":"https:\/\/hudo.com\/si\/#organization"},"potentialAction":[{"@type":"SearchAction","target":{"@type":"EntryPoint","urlTemplate":"https:\/\/hudo.com\/si\/?s={search_term_string}"},"query-input":"required name=search_term_string"}],"inLanguage":"sl-SI"},{"@type":"Organization","@id":"https:\/\/hudo.com\/si\/#organization","name":"VSN Media","url":"https:\/\/hudo.com\/si\/","logo":{"@type":"ImageObject","inLanguage":"sl-SI","@id":"https:\/\/hudo.com\/si\/#\/schema\/logo\/image\/","url":"https:\/\/hudo.com\/si\/wp-content\/uploads\/sites\/2\/2021\/03\/hudo-app-2.png","contentUrl":"https:\/\/hudo.com\/si\/wp-content\/uploads\/sites\/2\/2021\/03\/hudo-app-2.png","width":2185,"height":2167,"caption":"VSN Media"},"image":{"@id":"https:\/\/hudo.com\/si\/#\/schema\/logo\/image\/"},"sameAs":["https:\/\/www.facebook.com\/hudo.si","https:\/\/twitter.com\/hudo_si"]},{"@type":"Person","@id":"https:\/\/hudo.com\/si\/#\/schema\/person\/601cf3379633985b20f7e50f2bb47707","name":"hudo","image":{"@type":"ImageObject","inLanguage":"sl-SI","@id":"https:\/\/hudo.com\/si\/#\/schema\/person\/image\/","url":"https:\/\/secure.gravatar.com\/avatar\/c4ca25fa72cace7a696b52ff5db9e095?s=96&d=mm&r=g","contentUrl":"https:\/\/secure.gravatar.com\/avatar\/c4ca25fa72cace7a696b52ff5db9e095?s=96&d=mm&r=g","caption":"hudo"},"url":"https:\/\/hudo.com\/si\/author\/hudo\/"}]}},"amp_enabled":true,"_links":{"self":[{"href":"https:\/\/hudo.com\/si\/wp-json\/wp\/v2\/posts\/274378"}],"collection":[{"href":"https:\/\/hudo.com\/si\/wp-json\/wp\/v2\/posts"}],"about":[{"href":"https:\/\/hudo.com\/si\/wp-json\/wp\/v2\/types\/post"}],"author":[{"embeddable":true,"href":"https:\/\/hudo.com\/si\/wp-json\/wp\/v2\/users\/1"}],"replies":[{"embeddable":true,"href":"https:\/\/hudo.com\/si\/wp-json\/wp\/v2\/comments?post=274378"}],"version-history":[{"count":0,"href":"https:\/\/hudo.com\/si\/wp-json\/wp\/v2\/posts\/274378\/revisions"}],"wp:attachment":[{"href":"https:\/\/hudo.com\/si\/wp-json\/wp\/v2\/media?parent=274378"}],"wp:term":[{"taxonomy":"category","embeddable":true,"href":"https:\/\/hudo.com\/si\/wp-json\/wp\/v2\/categories?post=274378"},{"taxonomy":"post_tag","embeddable":true,"href":"https:\/\/hudo.com\/si\/wp-json\/wp\/v2\/tags?post=274378"},{"taxonomy":"source","embeddable":true,"href":"https:\/\/hudo.com\/si\/wp-json\/wp\/v2\/source?post=274378"},{"taxonomy":"supertag","embeddable":true,"href":"https:\/\/hudo.com\/si\/wp-json\/wp\/v2\/supertag?post=274378"}],"curies":[{"name":"wp","href":"https:\/\/api.w.org\/{rel}","templated":true}]}}