{"id":274615,"date":"2017-07-07T19:17:26","date_gmt":"2017-07-07T17:17:26","guid":{"rendered":"http:\/\/hudo.com\/si\/?p=274615"},"modified":"2017-07-07T19:17:26","modified_gmt":"2017-07-07T17:17:26","slug":"v-zvezi-nato-arbitrazne-sodbe-o-meji-med-slovenijo-hrvasko-ne-komentirajo-vec","status":"publish","type":"post","link":"https:\/\/hudo.com\/si\/aktualno\/v-zvezi-nato-arbitrazne-sodbe-o-meji-med-slovenijo-hrvasko-ne-komentirajo-vec\/","title":{"rendered":"V zvezi Nato arbitra\u017ene sodbe o meji med Slovenijo in Hrva\u0161ko ne komentirajo ve\u010d"},"content":{"rendered":"<div class=\"text\">\n<p>STA je tiskovni slu\u017ebi Nata zastavila vpra\u0161anja, ali ima Nato stali\u0161\u010de o arbitra\u017eni sodbi, kak\u0161no je to stali\u0161\u010de ter ali lahko potrdijo hrva\u0161ko medijsko poro\u010danje, da Nato meni, da je to dvostransko vpra\u0161anje, in ob tem izra\u017ea prepri\u010danje, da ga bosta dr\u017eavi re\u0161ili v obojestransko korist.<\/p>\n<p>Prvi odgovor je bil &#8220;napotitev po kakr\u0161ne koli nadaljnje komentarje o tem vpra\u0161anju k slovenskim in hrva\u0161kim oblastem&#8221;.<\/p>\n<p>Po pro\u0161nji za dodatno pojasnilo, ali torej Nato ima stali\u0161\u010de o tem vpra\u0161anju in ali s tem odgovorom potrjujejo hrva\u0161ko medijsko poro\u010danje, da je za zavezni\u0161tvo to dvostransko vpra\u0161anje, pa je STA dobila odgovor: &#8220;Tega vpra\u0161anja ne komentiramo.&#8221;<\/p>\n<p>V Natu so se tako danes distancirali od prvotne izjave, da gre za dvostransko vpra\u0161anje.<\/p>\n<p>To je mogo\u010de pojasniti z neuradnimi informacijami, da izjava ni bila usklajena s slovensko stranjo, kar je v nasprotju s temeljnim na\u010delom zavezni\u0161tva, da se odlo\u010ditve sprejemajo s konsenzom. Slovenija naj ne bi bila edina, ki je opozorila na neprimernost tak\u0161nega neusklajenega odzivanja.<\/p>\n<p>V prizadevanjih za krepitev sodelovanja med EU in Natom bi lahko bila tak\u0161na izjava po neuradnih navedbah tudi napa\u010dno razumljena kot distanciranje od evropskih institucij, zato je pri\u010dakovati, da v zavezni\u0161tvu tega ne bodo ve\u010d komentirali.<\/p>\n<p>Evropska komisija je ta teden izrazila pri\u010dakovanje, da bosta Slovenija in Hrva\u0161ka arbitra\u017eno sodbo uresni\u010dili.<\/p>\n<\/div>\n","protected":false},"excerpt":{"rendered":"<p>V zvezi Nato arbitra\u017ene sodbe o meji med Slovenijo in Hrva\u0161ko ne komentirajo, so danes za STA sporo\u010dili v zavezni\u0161tvu. Tako so dogovorili na vpra\u0161anje, ali ima Nato stali\u0161\u010de o arbitra\u017ei oziroma ali lahko potrdijo hrva\u0161ko medijsko poro\u010danje, da Nato meni, da je to dvostransko vpra\u0161anje, ki ga bosta dr\u017eavi re\u0161ili v obojestransko korist.<\/p>\n","protected":false},"author":5,"featured_media":271921,"comment_status":"closed","ping_status":"closed","sticky":false,"template":"","format":"standard","meta":{"footnotes":""},"categories":[1179],"tags":[5681,1810,4550,1595],"source":[4511],"supertag":[],"acf":[],"yoast_head":"<!-- This site is optimized with the Yoast SEO plugin v21.3 - https:\/\/yoast.com\/wordpress\/plugins\/seo\/ -->\n<title>V zvezi Nato arbitra\u017ene sodbe o meji med Slovenijo in Hrva\u0161ko ne komentirajo ve\u010d - Hudo Slovenija<\/title>\n<meta name=\"robots\" content=\"index, follow, max-snippet:-1, max-image-preview:large, max-video-preview:-1\" \/>\n<link rel=\"canonical\" href=\"https:\/\/hudo.com\/si\/aktualno\/v-zvezi-nato-arbitrazne-sodbe-o-meji-med-slovenijo-hrvasko-ne-komentirajo-vec\/\" \/>\n<meta property=\"og:locale\" content=\"sl_SI\" \/>\n<meta property=\"og:type\" content=\"article\" \/>\n<meta property=\"og:title\" content=\"V zvezi Nato arbitra\u017ene sodbe o meji med Slovenijo in Hrva\u0161ko ne komentirajo ve\u010d - Hudo Slovenija\" \/>\n<meta property=\"og:description\" content=\"V zvezi Nato arbitra\u017ene sodbe o meji med Slovenijo in Hrva\u0161ko ne komentirajo, so danes za STA sporo\u010dili v zavezni\u0161tvu. Tako so dogovorili na vpra\u0161anje, ali ima Nato stali\u0161\u010de o arbitra\u017ei oziroma ali lahko potrdijo hrva\u0161ko medijsko poro\u010danje, da Nato meni, da je to dvostransko vpra\u0161anje, ki ga bosta dr\u017eavi re\u0161ili v obojestransko korist.\" \/>\n<meta property=\"og:url\" content=\"https:\/\/hudo.com\/si\/aktualno\/v-zvezi-nato-arbitrazne-sodbe-o-meji-med-slovenijo-hrvasko-ne-komentirajo-vec\/\" \/>\n<meta property=\"og:site_name\" content=\"Hudo Slovenija\" \/>\n<meta property=\"article:publisher\" content=\"https:\/\/www.facebook.com\/hudo.si\" \/>\n<meta property=\"article:published_time\" content=\"2017-07-07T17:17:26+00:00\" \/>\n<meta property=\"og:image\" content=\"https:\/\/hudo.com\/si\/wp-content\/uploads\/sites\/2\/2017\/06\/profimedia-0002271353.jpg\" \/>\n\t<meta property=\"og:image:width\" content=\"1250\" \/>\n\t<meta property=\"og:image:height\" content=\"833\" \/>\n\t<meta property=\"og:image:type\" content=\"image\/jpeg\" \/>\n<meta name=\"author\" content=\"A. G., STA\" \/>\n<meta name=\"twitter:card\" content=\"summary_large_image\" \/>\n<meta name=\"twitter:creator\" content=\"@hudo_si\" \/>\n<meta name=\"twitter:site\" content=\"@hudo_si\" \/>\n<meta name=\"twitter:label1\" content=\"Written by\" \/>\n\t<meta name=\"twitter:data1\" content=\"A. G., STA\" \/>\n\t<meta name=\"twitter:label2\" content=\"Est. reading time\" \/>\n\t<meta name=\"twitter:data2\" content=\"1 minuta\" \/>\n<script type=\"application\/ld+json\" class=\"yoast-schema-graph\">{\"@context\":\"https:\/\/schema.org\",\"@graph\":[{\"@type\":\"Article\",\"@id\":\"https:\/\/hudo.com\/si\/aktualno\/v-zvezi-nato-arbitrazne-sodbe-o-meji-med-slovenijo-hrvasko-ne-komentirajo-vec\/#article\",\"isPartOf\":{\"@id\":\"https:\/\/hudo.com\/si\/aktualno\/v-zvezi-nato-arbitrazne-sodbe-o-meji-med-slovenijo-hrvasko-ne-komentirajo-vec\/\"},\"author\":{\"name\":\"A. G., STA\",\"@id\":\"https:\/\/hudo.com\/si\/#\/schema\/person\/2391667a63ea075ba94f2f2dc6b77537\"},\"headline\":\"V zvezi Nato arbitra\u017ene sodbe o meji med Slovenijo in Hrva\u0161ko ne komentirajo ve\u010d\",\"datePublished\":\"2017-07-07T17:17:26+00:00\",\"dateModified\":\"2017-07-07T17:17:26+00:00\",\"mainEntityOfPage\":{\"@id\":\"https:\/\/hudo.com\/si\/aktualno\/v-zvezi-nato-arbitrazne-sodbe-o-meji-med-slovenijo-hrvasko-ne-komentirajo-vec\/\"},\"wordCount\":265,\"publisher\":{\"@id\":\"https:\/\/hudo.com\/si\/#organization\"},\"keywords\":[\"arbitra\u017ea\",\"hrva\u0161ka\",\"Nato\",\"Slovenija\"],\"articleSection\":[\"Aktualno\"],\"inLanguage\":\"sl-SI\"},{\"@type\":\"WebPage\",\"@id\":\"https:\/\/hudo.com\/si\/aktualno\/v-zvezi-nato-arbitrazne-sodbe-o-meji-med-slovenijo-hrvasko-ne-komentirajo-vec\/\",\"url\":\"https:\/\/hudo.com\/si\/aktualno\/v-zvezi-nato-arbitrazne-sodbe-o-meji-med-slovenijo-hrvasko-ne-komentirajo-vec\/\",\"name\":\"V zvezi Nato arbitra\u017ene sodbe o meji med Slovenijo in Hrva\u0161ko ne komentirajo ve\u010d - Hudo Slovenija\",\"isPartOf\":{\"@id\":\"https:\/\/hudo.com\/si\/#website\"},\"datePublished\":\"2017-07-07T17:17:26+00:00\",\"dateModified\":\"2017-07-07T17:17:26+00:00\",\"breadcrumb\":{\"@id\":\"https:\/\/hudo.com\/si\/aktualno\/v-zvezi-nato-arbitrazne-sodbe-o-meji-med-slovenijo-hrvasko-ne-komentirajo-vec\/#breadcrumb\"},\"inLanguage\":\"sl-SI\",\"potentialAction\":[{\"@type\":\"ReadAction\",\"target\":[\"https:\/\/hudo.com\/si\/aktualno\/v-zvezi-nato-arbitrazne-sodbe-o-meji-med-slovenijo-hrvasko-ne-komentirajo-vec\/\"]}]},{\"@type\":\"BreadcrumbList\",\"@id\":\"https:\/\/hudo.com\/si\/aktualno\/v-zvezi-nato-arbitrazne-sodbe-o-meji-med-slovenijo-hrvasko-ne-komentirajo-vec\/#breadcrumb\",\"itemListElement\":[{\"@type\":\"ListItem\",\"position\":1,\"name\":\"Home\",\"item\":\"https:\/\/hudo.com\/si\/\"},{\"@type\":\"ListItem\",\"position\":2,\"name\":\"V zvezi Nato arbitra\u017ene sodbe o meji med Slovenijo in Hrva\u0161ko ne komentirajo ve\u010d\"}]},{\"@type\":\"WebSite\",\"@id\":\"https:\/\/hudo.com\/si\/#website\",\"url\":\"https:\/\/hudo.com\/si\/\",\"name\":\"Hudo Slovenija\",\"description\":\"Vse novice iz Slovenije in sveta\",\"publisher\":{\"@id\":\"https:\/\/hudo.com\/si\/#organization\"},\"potentialAction\":[{\"@type\":\"SearchAction\",\"target\":{\"@type\":\"EntryPoint\",\"urlTemplate\":\"https:\/\/hudo.com\/si\/?s={search_term_string}\"},\"query-input\":\"required name=search_term_string\"}],\"inLanguage\":\"sl-SI\"},{\"@type\":\"Organization\",\"@id\":\"https:\/\/hudo.com\/si\/#organization\",\"name\":\"VSN Media\",\"url\":\"https:\/\/hudo.com\/si\/\",\"logo\":{\"@type\":\"ImageObject\",\"inLanguage\":\"sl-SI\",\"@id\":\"https:\/\/hudo.com\/si\/#\/schema\/logo\/image\/\",\"url\":\"https:\/\/hudo.com\/si\/wp-content\/uploads\/sites\/2\/2021\/03\/hudo-app-2.png\",\"contentUrl\":\"https:\/\/hudo.com\/si\/wp-content\/uploads\/sites\/2\/2021\/03\/hudo-app-2.png\",\"width\":2185,\"height\":2167,\"caption\":\"VSN Media\"},\"image\":{\"@id\":\"https:\/\/hudo.com\/si\/#\/schema\/logo\/image\/\"},\"sameAs\":[\"https:\/\/www.facebook.com\/hudo.si\",\"https:\/\/twitter.com\/hudo_si\"]},{\"@type\":\"Person\",\"@id\":\"https:\/\/hudo.com\/si\/#\/schema\/person\/2391667a63ea075ba94f2f2dc6b77537\",\"name\":\"A. G., STA\",\"image\":{\"@type\":\"ImageObject\",\"inLanguage\":\"sl-SI\",\"@id\":\"https:\/\/hudo.com\/si\/#\/schema\/person\/image\/\",\"url\":\"https:\/\/secure.gravatar.com\/avatar\/e13d22ac3e442658d5025fbbe6238a79?s=96&d=mm&r=g\",\"contentUrl\":\"https:\/\/secure.gravatar.com\/avatar\/e13d22ac3e442658d5025fbbe6238a79?s=96&d=mm&r=g\",\"caption\":\"A. G., STA\"},\"url\":\"https:\/\/hudo.com\/si\/author\/alenka\/\"}]}<\/script>\n<!-- \/ Yoast SEO plugin. -->","yoast_head_json":{"title":"V zvezi Nato arbitra\u017ene sodbe o meji med Slovenijo in Hrva\u0161ko ne komentirajo ve\u010d - Hudo Slovenija","robots":{"index":"index","follow":"follow","max-snippet":"max-snippet:-1","max-image-preview":"max-image-preview:large","max-video-preview":"max-video-preview:-1"},"canonical":"https:\/\/hudo.com\/si\/aktualno\/v-zvezi-nato-arbitrazne-sodbe-o-meji-med-slovenijo-hrvasko-ne-komentirajo-vec\/","og_locale":"sl_SI","og_type":"article","og_title":"V zvezi Nato arbitra\u017ene sodbe o meji med Slovenijo in Hrva\u0161ko ne komentirajo ve\u010d - Hudo Slovenija","og_description":"V zvezi Nato arbitra\u017ene sodbe o meji med Slovenijo in Hrva\u0161ko ne komentirajo, so danes za STA sporo\u010dili v zavezni\u0161tvu. Tako so dogovorili na vpra\u0161anje, ali ima Nato stali\u0161\u010de o arbitra\u017ei oziroma ali lahko potrdijo hrva\u0161ko medijsko poro\u010danje, da Nato meni, da je to dvostransko vpra\u0161anje, ki ga bosta dr\u017eavi re\u0161ili v obojestransko korist.","og_url":"https:\/\/hudo.com\/si\/aktualno\/v-zvezi-nato-arbitrazne-sodbe-o-meji-med-slovenijo-hrvasko-ne-komentirajo-vec\/","og_site_name":"Hudo Slovenija","article_publisher":"https:\/\/www.facebook.com\/hudo.si","article_published_time":"2017-07-07T17:17:26+00:00","og_image":[{"width":1250,"height":833,"url":"https:\/\/hudo.com\/si\/wp-content\/uploads\/sites\/2\/2017\/06\/profimedia-0002271353.jpg","type":"image\/jpeg"}],"author":"A. G., STA","twitter_card":"summary_large_image","twitter_creator":"@hudo_si","twitter_site":"@hudo_si","twitter_misc":{"Written by":"A. G., STA","Est. reading time":"1 minuta"},"schema":{"@context":"https:\/\/schema.org","@graph":[{"@type":"Article","@id":"https:\/\/hudo.com\/si\/aktualno\/v-zvezi-nato-arbitrazne-sodbe-o-meji-med-slovenijo-hrvasko-ne-komentirajo-vec\/#article","isPartOf":{"@id":"https:\/\/hudo.com\/si\/aktualno\/v-zvezi-nato-arbitrazne-sodbe-o-meji-med-slovenijo-hrvasko-ne-komentirajo-vec\/"},"author":{"name":"A. G., STA","@id":"https:\/\/hudo.com\/si\/#\/schema\/person\/2391667a63ea075ba94f2f2dc6b77537"},"headline":"V zvezi Nato arbitra\u017ene sodbe o meji med Slovenijo in Hrva\u0161ko ne komentirajo ve\u010d","datePublished":"2017-07-07T17:17:26+00:00","dateModified":"2017-07-07T17:17:26+00:00","mainEntityOfPage":{"@id":"https:\/\/hudo.com\/si\/aktualno\/v-zvezi-nato-arbitrazne-sodbe-o-meji-med-slovenijo-hrvasko-ne-komentirajo-vec\/"},"wordCount":265,"publisher":{"@id":"https:\/\/hudo.com\/si\/#organization"},"keywords":["arbitra\u017ea","hrva\u0161ka","Nato","Slovenija"],"articleSection":["Aktualno"],"inLanguage":"sl-SI"},{"@type":"WebPage","@id":"https:\/\/hudo.com\/si\/aktualno\/v-zvezi-nato-arbitrazne-sodbe-o-meji-med-slovenijo-hrvasko-ne-komentirajo-vec\/","url":"https:\/\/hudo.com\/si\/aktualno\/v-zvezi-nato-arbitrazne-sodbe-o-meji-med-slovenijo-hrvasko-ne-komentirajo-vec\/","name":"V zvezi Nato arbitra\u017ene sodbe o meji med Slovenijo in Hrva\u0161ko ne komentirajo ve\u010d - Hudo Slovenija","isPartOf":{"@id":"https:\/\/hudo.com\/si\/#website"},"datePublished":"2017-07-07T17:17:26+00:00","dateModified":"2017-07-07T17:17:26+00:00","breadcrumb":{"@id":"https:\/\/hudo.com\/si\/aktualno\/v-zvezi-nato-arbitrazne-sodbe-o-meji-med-slovenijo-hrvasko-ne-komentirajo-vec\/#breadcrumb"},"inLanguage":"sl-SI","potentialAction":[{"@type":"ReadAction","target":["https:\/\/hudo.com\/si\/aktualno\/v-zvezi-nato-arbitrazne-sodbe-o-meji-med-slovenijo-hrvasko-ne-komentirajo-vec\/"]}]},{"@type":"BreadcrumbList","@id":"https:\/\/hudo.com\/si\/aktualno\/v-zvezi-nato-arbitrazne-sodbe-o-meji-med-slovenijo-hrvasko-ne-komentirajo-vec\/#breadcrumb","itemListElement":[{"@type":"ListItem","position":1,"name":"Home","item":"https:\/\/hudo.com\/si\/"},{"@type":"ListItem","position":2,"name":"V zvezi Nato arbitra\u017ene sodbe o meji med Slovenijo in Hrva\u0161ko ne komentirajo ve\u010d"}]},{"@type":"WebSite","@id":"https:\/\/hudo.com\/si\/#website","url":"https:\/\/hudo.com\/si\/","name":"Hudo Slovenija","description":"Vse novice iz Slovenije in sveta","publisher":{"@id":"https:\/\/hudo.com\/si\/#organization"},"potentialAction":[{"@type":"SearchAction","target":{"@type":"EntryPoint","urlTemplate":"https:\/\/hudo.com\/si\/?s={search_term_string}"},"query-input":"required name=search_term_string"}],"inLanguage":"sl-SI"},{"@type":"Organization","@id":"https:\/\/hudo.com\/si\/#organization","name":"VSN Media","url":"https:\/\/hudo.com\/si\/","logo":{"@type":"ImageObject","inLanguage":"sl-SI","@id":"https:\/\/hudo.com\/si\/#\/schema\/logo\/image\/","url":"https:\/\/hudo.com\/si\/wp-content\/uploads\/sites\/2\/2021\/03\/hudo-app-2.png","contentUrl":"https:\/\/hudo.com\/si\/wp-content\/uploads\/sites\/2\/2021\/03\/hudo-app-2.png","width":2185,"height":2167,"caption":"VSN Media"},"image":{"@id":"https:\/\/hudo.com\/si\/#\/schema\/logo\/image\/"},"sameAs":["https:\/\/www.facebook.com\/hudo.si","https:\/\/twitter.com\/hudo_si"]},{"@type":"Person","@id":"https:\/\/hudo.com\/si\/#\/schema\/person\/2391667a63ea075ba94f2f2dc6b77537","name":"A. G., STA","image":{"@type":"ImageObject","inLanguage":"sl-SI","@id":"https:\/\/hudo.com\/si\/#\/schema\/person\/image\/","url":"https:\/\/secure.gravatar.com\/avatar\/e13d22ac3e442658d5025fbbe6238a79?s=96&d=mm&r=g","contentUrl":"https:\/\/secure.gravatar.com\/avatar\/e13d22ac3e442658d5025fbbe6238a79?s=96&d=mm&r=g","caption":"A. G., STA"},"url":"https:\/\/hudo.com\/si\/author\/alenka\/"}]}},"amp_enabled":true,"_links":{"self":[{"href":"https:\/\/hudo.com\/si\/wp-json\/wp\/v2\/posts\/274615"}],"collection":[{"href":"https:\/\/hudo.com\/si\/wp-json\/wp\/v2\/posts"}],"about":[{"href":"https:\/\/hudo.com\/si\/wp-json\/wp\/v2\/types\/post"}],"author":[{"embeddable":true,"href":"https:\/\/hudo.com\/si\/wp-json\/wp\/v2\/users\/5"}],"replies":[{"embeddable":true,"href":"https:\/\/hudo.com\/si\/wp-json\/wp\/v2\/comments?post=274615"}],"version-history":[{"count":1,"href":"https:\/\/hudo.com\/si\/wp-json\/wp\/v2\/posts\/274615\/revisions"}],"predecessor-version":[{"id":274616,"href":"https:\/\/hudo.com\/si\/wp-json\/wp\/v2\/posts\/274615\/revisions\/274616"}],"wp:featuredmedia":[{"embeddable":true,"href":"https:\/\/hudo.com\/si\/wp-json\/wp\/v2\/media\/271921"}],"wp:attachment":[{"href":"https:\/\/hudo.com\/si\/wp-json\/wp\/v2\/media?parent=274615"}],"wp:term":[{"taxonomy":"category","embeddable":true,"href":"https:\/\/hudo.com\/si\/wp-json\/wp\/v2\/categories?post=274615"},{"taxonomy":"post_tag","embeddable":true,"href":"https:\/\/hudo.com\/si\/wp-json\/wp\/v2\/tags?post=274615"},{"taxonomy":"source","embeddable":true,"href":"https:\/\/hudo.com\/si\/wp-json\/wp\/v2\/source?post=274615"},{"taxonomy":"supertag","embeddable":true,"href":"https:\/\/hudo.com\/si\/wp-json\/wp\/v2\/supertag?post=274615"}],"curies":[{"name":"wp","href":"https:\/\/api.w.org\/{rel}","templated":true}]}}