{"id":274753,"date":"2017-07-08T09:02:43","date_gmt":"2017-07-08T07:02:43","guid":{"rendered":"http:\/\/hudo.com\/si\/2017\/07\/08\/danijel-krivec-je-castni-obcan\/"},"modified":"2017-07-08T09:02:43","modified_gmt":"2017-07-08T07:02:43","slug":"danijel-krivec-je-castni-obcan","status":"publish","type":"post","link":"https:\/\/hudo.com\/si\/aktualno\/danijel-krivec-je-castni-obcan\/","title":{"rendered":"Danijel Krivec je \u010dastni ob\u010dan"},"content":{"rendered":"<p>Dolgoletnemu nekdanjemu bov\u0161kemu \u017eupanu in dr\u017eavnemu poslancu Danijelu Krivcu so na v\u010deraj\u0161nji slavnostni seji ob bov\u0161kem ob\u010dinskem prazniku podelili naziv \u010dastni ob\u010dan. Miha Sotlar je prejel plaketo, priznanji so namenili Petru Domev\u0161\u010dku in Davidu Ostanu, Mija Bon je dobila denarno nagrado.<\/p>\n","protected":false},"excerpt":{"rendered":"<p>Dolgoletnemu nekdanjemu bov\u0161kemu \u017eupanu in dr\u017eavnemu poslancu Danijelu Krivcu so na v\u010deraj\u0161nji slavnostni seji ob bov\u0161kem ob\u010dinskem prazniku podelili naziv \u010dastni ob\u010dan. Miha Sotlar je prejel plaketo, priznanji so namenili Petru Domev\u0161\u010dku in Davidu Ostanu, Mija Bon je dobila denarno nagrado.<\/p>\n","protected":false},"author":1,"featured_media":0,"comment_status":"closed","ping_status":"closed","sticky":false,"template":"","format":"standard","meta":{"footnotes":""},"categories":[1179],"tags":[],"source":[1707],"supertag":[],"acf":[],"yoast_head":"<!-- This site is optimized with the Yoast SEO plugin v21.3 - https:\/\/yoast.com\/wordpress\/plugins\/seo\/ -->\n<title>Danijel Krivec je \u010dastni ob\u010dan - Hudo Slovenija<\/title>\n<meta name=\"robots\" content=\"index, follow, max-snippet:-1, max-image-preview:large, max-video-preview:-1\" \/>\n<link rel=\"canonical\" href=\"https:\/\/hudo.com\/si\/aktualno\/danijel-krivec-je-castni-obcan\/\" \/>\n<meta property=\"og:locale\" content=\"sl_SI\" \/>\n<meta property=\"og:type\" content=\"article\" \/>\n<meta property=\"og:title\" content=\"Danijel Krivec je \u010dastni ob\u010dan - Hudo Slovenija\" \/>\n<meta property=\"og:description\" content=\"Dolgoletnemu nekdanjemu bov\u0161kemu \u017eupanu in dr\u017eavnemu poslancu Danijelu Krivcu so na v\u010deraj\u0161nji slavnostni seji ob bov\u0161kem ob\u010dinskem prazniku podelili naziv \u010dastni ob\u010dan. Miha Sotlar je prejel plaketo, priznanji so namenili Petru Domev\u0161\u010dku in Davidu Ostanu, Mija Bon je dobila denarno nagrado.\" \/>\n<meta property=\"og:url\" content=\"https:\/\/hudo.com\/si\/aktualno\/danijel-krivec-je-castni-obcan\/\" \/>\n<meta property=\"og:site_name\" content=\"Hudo Slovenija\" \/>\n<meta property=\"article:publisher\" content=\"https:\/\/www.facebook.com\/hudo.si\" \/>\n<meta property=\"article:published_time\" content=\"2017-07-08T07:02:43+00:00\" \/>\n<meta property=\"og:image\" content=\"https:\/\/hudo.com\/si\/wp-content\/uploads\/sites\/2\/2017\/07\/DANIJEL_KRIVEC_KANIN0.jpg\" \/>\n\t<meta property=\"og:image:width\" content=\"620\" \/>\n\t<meta property=\"og:image:height\" content=\"412\" \/>\n\t<meta property=\"og:image:type\" content=\"image\/jpeg\" \/>\n<meta name=\"author\" content=\"hudo\" \/>\n<meta name=\"twitter:card\" content=\"summary_large_image\" \/>\n<meta name=\"twitter:creator\" content=\"@hudo_si\" \/>\n<meta name=\"twitter:site\" content=\"@hudo_si\" \/>\n<meta name=\"twitter:label1\" content=\"Written by\" \/>\n\t<meta name=\"twitter:data1\" content=\"hudo\" \/>\n<script type=\"application\/ld+json\" class=\"yoast-schema-graph\">{\"@context\":\"https:\/\/schema.org\",\"@graph\":[{\"@type\":\"Article\",\"@id\":\"https:\/\/hudo.com\/si\/aktualno\/danijel-krivec-je-castni-obcan\/#article\",\"isPartOf\":{\"@id\":\"https:\/\/hudo.com\/si\/aktualno\/danijel-krivec-je-castni-obcan\/\"},\"author\":{\"name\":\"hudo\",\"@id\":\"https:\/\/hudo.com\/si\/#\/schema\/person\/601cf3379633985b20f7e50f2bb47707\"},\"headline\":\"Danijel Krivec je \u010dastni ob\u010dan\",\"datePublished\":\"2017-07-08T07:02:43+00:00\",\"dateModified\":\"2017-07-08T07:02:43+00:00\",\"mainEntityOfPage\":{\"@id\":\"https:\/\/hudo.com\/si\/aktualno\/danijel-krivec-je-castni-obcan\/\"},\"wordCount\":55,\"publisher\":{\"@id\":\"https:\/\/hudo.com\/si\/#organization\"},\"articleSection\":[\"Aktualno\"],\"inLanguage\":\"sl-SI\"},{\"@type\":\"WebPage\",\"@id\":\"https:\/\/hudo.com\/si\/aktualno\/danijel-krivec-je-castni-obcan\/\",\"url\":\"https:\/\/hudo.com\/si\/aktualno\/danijel-krivec-je-castni-obcan\/\",\"name\":\"Danijel Krivec je \u010dastni ob\u010dan - Hudo Slovenija\",\"isPartOf\":{\"@id\":\"https:\/\/hudo.com\/si\/#website\"},\"datePublished\":\"2017-07-08T07:02:43+00:00\",\"dateModified\":\"2017-07-08T07:02:43+00:00\",\"breadcrumb\":{\"@id\":\"https:\/\/hudo.com\/si\/aktualno\/danijel-krivec-je-castni-obcan\/#breadcrumb\"},\"inLanguage\":\"sl-SI\",\"potentialAction\":[{\"@type\":\"ReadAction\",\"target\":[\"https:\/\/hudo.com\/si\/aktualno\/danijel-krivec-je-castni-obcan\/\"]}]},{\"@type\":\"BreadcrumbList\",\"@id\":\"https:\/\/hudo.com\/si\/aktualno\/danijel-krivec-je-castni-obcan\/#breadcrumb\",\"itemListElement\":[{\"@type\":\"ListItem\",\"position\":1,\"name\":\"Home\",\"item\":\"https:\/\/hudo.com\/si\/\"},{\"@type\":\"ListItem\",\"position\":2,\"name\":\"Danijel Krivec je \u010dastni ob\u010dan\"}]},{\"@type\":\"WebSite\",\"@id\":\"https:\/\/hudo.com\/si\/#website\",\"url\":\"https:\/\/hudo.com\/si\/\",\"name\":\"Hudo Slovenija\",\"description\":\"Vse novice iz Slovenije in sveta\",\"publisher\":{\"@id\":\"https:\/\/hudo.com\/si\/#organization\"},\"potentialAction\":[{\"@type\":\"SearchAction\",\"target\":{\"@type\":\"EntryPoint\",\"urlTemplate\":\"https:\/\/hudo.com\/si\/?s={search_term_string}\"},\"query-input\":\"required name=search_term_string\"}],\"inLanguage\":\"sl-SI\"},{\"@type\":\"Organization\",\"@id\":\"https:\/\/hudo.com\/si\/#organization\",\"name\":\"VSN Media\",\"url\":\"https:\/\/hudo.com\/si\/\",\"logo\":{\"@type\":\"ImageObject\",\"inLanguage\":\"sl-SI\",\"@id\":\"https:\/\/hudo.com\/si\/#\/schema\/logo\/image\/\",\"url\":\"https:\/\/hudo.com\/si\/wp-content\/uploads\/sites\/2\/2021\/03\/hudo-app-2.png\",\"contentUrl\":\"https:\/\/hudo.com\/si\/wp-content\/uploads\/sites\/2\/2021\/03\/hudo-app-2.png\",\"width\":2185,\"height\":2167,\"caption\":\"VSN Media\"},\"image\":{\"@id\":\"https:\/\/hudo.com\/si\/#\/schema\/logo\/image\/\"},\"sameAs\":[\"https:\/\/www.facebook.com\/hudo.si\",\"https:\/\/twitter.com\/hudo_si\"]},{\"@type\":\"Person\",\"@id\":\"https:\/\/hudo.com\/si\/#\/schema\/person\/601cf3379633985b20f7e50f2bb47707\",\"name\":\"hudo\",\"image\":{\"@type\":\"ImageObject\",\"inLanguage\":\"sl-SI\",\"@id\":\"https:\/\/hudo.com\/si\/#\/schema\/person\/image\/\",\"url\":\"https:\/\/secure.gravatar.com\/avatar\/c4ca25fa72cace7a696b52ff5db9e095?s=96&d=mm&r=g\",\"contentUrl\":\"https:\/\/secure.gravatar.com\/avatar\/c4ca25fa72cace7a696b52ff5db9e095?s=96&d=mm&r=g\",\"caption\":\"hudo\"},\"url\":\"https:\/\/hudo.com\/si\/author\/hudo\/\"}]}<\/script>\n<!-- \/ Yoast SEO plugin. -->","yoast_head_json":{"title":"Danijel Krivec je \u010dastni ob\u010dan - Hudo Slovenija","robots":{"index":"index","follow":"follow","max-snippet":"max-snippet:-1","max-image-preview":"max-image-preview:large","max-video-preview":"max-video-preview:-1"},"canonical":"https:\/\/hudo.com\/si\/aktualno\/danijel-krivec-je-castni-obcan\/","og_locale":"sl_SI","og_type":"article","og_title":"Danijel Krivec je \u010dastni ob\u010dan - Hudo Slovenija","og_description":"Dolgoletnemu nekdanjemu bov\u0161kemu \u017eupanu in dr\u017eavnemu poslancu Danijelu Krivcu so na v\u010deraj\u0161nji slavnostni seji ob bov\u0161kem ob\u010dinskem prazniku podelili naziv \u010dastni ob\u010dan. Miha Sotlar je prejel plaketo, priznanji so namenili Petru Domev\u0161\u010dku in Davidu Ostanu, Mija Bon je dobila denarno nagrado.","og_url":"https:\/\/hudo.com\/si\/aktualno\/danijel-krivec-je-castni-obcan\/","og_site_name":"Hudo Slovenija","article_publisher":"https:\/\/www.facebook.com\/hudo.si","article_published_time":"2017-07-08T07:02:43+00:00","og_image":[{"width":620,"height":412,"url":"https:\/\/hudo.com\/si\/wp-content\/uploads\/sites\/2\/2017\/07\/DANIJEL_KRIVEC_KANIN0.jpg","type":"image\/jpeg"}],"author":"hudo","twitter_card":"summary_large_image","twitter_creator":"@hudo_si","twitter_site":"@hudo_si","twitter_misc":{"Written by":"hudo"},"schema":{"@context":"https:\/\/schema.org","@graph":[{"@type":"Article","@id":"https:\/\/hudo.com\/si\/aktualno\/danijel-krivec-je-castni-obcan\/#article","isPartOf":{"@id":"https:\/\/hudo.com\/si\/aktualno\/danijel-krivec-je-castni-obcan\/"},"author":{"name":"hudo","@id":"https:\/\/hudo.com\/si\/#\/schema\/person\/601cf3379633985b20f7e50f2bb47707"},"headline":"Danijel Krivec je \u010dastni ob\u010dan","datePublished":"2017-07-08T07:02:43+00:00","dateModified":"2017-07-08T07:02:43+00:00","mainEntityOfPage":{"@id":"https:\/\/hudo.com\/si\/aktualno\/danijel-krivec-je-castni-obcan\/"},"wordCount":55,"publisher":{"@id":"https:\/\/hudo.com\/si\/#organization"},"articleSection":["Aktualno"],"inLanguage":"sl-SI"},{"@type":"WebPage","@id":"https:\/\/hudo.com\/si\/aktualno\/danijel-krivec-je-castni-obcan\/","url":"https:\/\/hudo.com\/si\/aktualno\/danijel-krivec-je-castni-obcan\/","name":"Danijel Krivec je \u010dastni ob\u010dan - Hudo Slovenija","isPartOf":{"@id":"https:\/\/hudo.com\/si\/#website"},"datePublished":"2017-07-08T07:02:43+00:00","dateModified":"2017-07-08T07:02:43+00:00","breadcrumb":{"@id":"https:\/\/hudo.com\/si\/aktualno\/danijel-krivec-je-castni-obcan\/#breadcrumb"},"inLanguage":"sl-SI","potentialAction":[{"@type":"ReadAction","target":["https:\/\/hudo.com\/si\/aktualno\/danijel-krivec-je-castni-obcan\/"]}]},{"@type":"BreadcrumbList","@id":"https:\/\/hudo.com\/si\/aktualno\/danijel-krivec-je-castni-obcan\/#breadcrumb","itemListElement":[{"@type":"ListItem","position":1,"name":"Home","item":"https:\/\/hudo.com\/si\/"},{"@type":"ListItem","position":2,"name":"Danijel Krivec je \u010dastni ob\u010dan"}]},{"@type":"WebSite","@id":"https:\/\/hudo.com\/si\/#website","url":"https:\/\/hudo.com\/si\/","name":"Hudo Slovenija","description":"Vse novice iz Slovenije in sveta","publisher":{"@id":"https:\/\/hudo.com\/si\/#organization"},"potentialAction":[{"@type":"SearchAction","target":{"@type":"EntryPoint","urlTemplate":"https:\/\/hudo.com\/si\/?s={search_term_string}"},"query-input":"required name=search_term_string"}],"inLanguage":"sl-SI"},{"@type":"Organization","@id":"https:\/\/hudo.com\/si\/#organization","name":"VSN Media","url":"https:\/\/hudo.com\/si\/","logo":{"@type":"ImageObject","inLanguage":"sl-SI","@id":"https:\/\/hudo.com\/si\/#\/schema\/logo\/image\/","url":"https:\/\/hudo.com\/si\/wp-content\/uploads\/sites\/2\/2021\/03\/hudo-app-2.png","contentUrl":"https:\/\/hudo.com\/si\/wp-content\/uploads\/sites\/2\/2021\/03\/hudo-app-2.png","width":2185,"height":2167,"caption":"VSN Media"},"image":{"@id":"https:\/\/hudo.com\/si\/#\/schema\/logo\/image\/"},"sameAs":["https:\/\/www.facebook.com\/hudo.si","https:\/\/twitter.com\/hudo_si"]},{"@type":"Person","@id":"https:\/\/hudo.com\/si\/#\/schema\/person\/601cf3379633985b20f7e50f2bb47707","name":"hudo","image":{"@type":"ImageObject","inLanguage":"sl-SI","@id":"https:\/\/hudo.com\/si\/#\/schema\/person\/image\/","url":"https:\/\/secure.gravatar.com\/avatar\/c4ca25fa72cace7a696b52ff5db9e095?s=96&d=mm&r=g","contentUrl":"https:\/\/secure.gravatar.com\/avatar\/c4ca25fa72cace7a696b52ff5db9e095?s=96&d=mm&r=g","caption":"hudo"},"url":"https:\/\/hudo.com\/si\/author\/hudo\/"}]}},"amp_enabled":true,"_links":{"self":[{"href":"https:\/\/hudo.com\/si\/wp-json\/wp\/v2\/posts\/274753"}],"collection":[{"href":"https:\/\/hudo.com\/si\/wp-json\/wp\/v2\/posts"}],"about":[{"href":"https:\/\/hudo.com\/si\/wp-json\/wp\/v2\/types\/post"}],"author":[{"embeddable":true,"href":"https:\/\/hudo.com\/si\/wp-json\/wp\/v2\/users\/1"}],"replies":[{"embeddable":true,"href":"https:\/\/hudo.com\/si\/wp-json\/wp\/v2\/comments?post=274753"}],"version-history":[{"count":0,"href":"https:\/\/hudo.com\/si\/wp-json\/wp\/v2\/posts\/274753\/revisions"}],"wp:attachment":[{"href":"https:\/\/hudo.com\/si\/wp-json\/wp\/v2\/media?parent=274753"}],"wp:term":[{"taxonomy":"category","embeddable":true,"href":"https:\/\/hudo.com\/si\/wp-json\/wp\/v2\/categories?post=274753"},{"taxonomy":"post_tag","embeddable":true,"href":"https:\/\/hudo.com\/si\/wp-json\/wp\/v2\/tags?post=274753"},{"taxonomy":"source","embeddable":true,"href":"https:\/\/hudo.com\/si\/wp-json\/wp\/v2\/source?post=274753"},{"taxonomy":"supertag","embeddable":true,"href":"https:\/\/hudo.com\/si\/wp-json\/wp\/v2\/supertag?post=274753"}],"curies":[{"name":"wp","href":"https:\/\/api.w.org\/{rel}","templated":true}]}}