{"id":274800,"date":"2017-07-08T10:00:00","date_gmt":"2017-07-08T08:00:00","guid":{"rendered":"http:\/\/hudo.com\/si\/2017\/07\/08\/pomoc-ne-le-otrokom-ampak-tudi-druzinam\/"},"modified":"2017-07-08T10:00:00","modified_gmt":"2017-07-08T08:00:00","slug":"pomoc-ne-le-otrokom-ampak-tudi-druzinam","status":"publish","type":"post","link":"https:\/\/hudo.com\/si\/aktualno\/pomoc-ne-le-otrokom-ampak-tudi-druzinam\/","title":{"rendered":"Pomo\u010d ne le otrokom, ampak tudi dru\u017einam"},"content":{"rendered":"<p>Kategorija: Slovenija Sat, 08 Jul 2017 12:00:00 +0200  Ljubljana \u2013 Po dveh desetletjih, odkar so invalidske organizacije pripravile osnutek zakona o zgodnji obravnavi otrok s posebnimi potrebami, ga bo \u2013 kot ka\u017ee \u2013 ta sklic parlamenta sprejel. V dr\u017eavni zbor je prispel na pobudo Jasne Murgel, matere dveh otrok s posebnimi potrebami, poslanke SMC. Zakon o celostni zgodnji obravnavi pred\u0161olskih otrok s posebnimi potrebami je v prvi parlamentarni obravnavi zdru\u017eil vladne in opozicijske stranke: podprlo ga je kar 79 od 81 poslancev. Prihodnji teden ga bodo obravnavali v drugem, in \u010de ne bo preve\u010d amandmajev, hkrati v tretjem branju. Veljati bo za\u010del sicer \u0161ele leta 2019. Do takrat bo treba spremeniti in sprejeti \u0161e nekaj drugih predpisov, zaposliti dodatne strokovnjake in predvsem priskrbeti nekaj dodatnega denarja. Do 60.000 otrok z motnjami V Sloveniji je okoli 400.000 otrok\u00a0&#8230;<\/p>\n","protected":false},"excerpt":{"rendered":"<p>Kategorija: Slovenija Sat, 08 Jul 2017 12:00:00 +0200  Ljubljana \u2013 Po dveh desetletjih, odkar so invalidske organizacije pripravile osnutek zakona o zgodnji obravnavi otrok s posebnimi potrebami, ga bo \u2013 kot ka\u017ee \u2013 ta sklic parlamenta sprejel. V dr\u017eavni zbor je prispel na pobudo Jasne Murgel, matere dveh otrok s posebnimi potrebami, poslanke SMC. Zakon o celostni zgodnji obravnavi pred\u0161olskih otrok s posebnimi potrebami je v prvi parlamentarni obravnavi zdru\u017eil vladne in opozicijske stranke: podprlo ga je kar 79 od 81 poslancev. Prihodnji teden ga bodo obravnavali v drugem, in \u010de ne bo preve\u010d amandmajev, hkrati v tretjem branju. Veljati bo za\u010del sicer \u0161ele leta 2019. Do takrat bo treba spremeniti in sprejeti \u0161e nekaj drugih predpisov, zaposliti dodatne strokovnjake in predvsem priskrbeti nekaj dodatnega denarja. Do 60.000 otrok z motnjami V Sloveniji je okoli 400.000 otrok\u00a0&#8230;<\/p>\n","protected":false},"author":1,"featured_media":0,"comment_status":"closed","ping_status":"closed","sticky":false,"template":"","format":"standard","meta":{"footnotes":""},"categories":[1179],"tags":[],"source":[1703],"supertag":[],"acf":[],"yoast_head":"<!-- This site is optimized with the Yoast SEO plugin v21.3 - https:\/\/yoast.com\/wordpress\/plugins\/seo\/ -->\n<title>Pomo\u010d ne le otrokom, ampak tudi dru\u017einam - Hudo Slovenija<\/title>\n<meta name=\"robots\" content=\"index, follow, max-snippet:-1, max-image-preview:large, max-video-preview:-1\" \/>\n<link rel=\"canonical\" href=\"https:\/\/hudo.com\/si\/aktualno\/pomoc-ne-le-otrokom-ampak-tudi-druzinam\/\" \/>\n<meta property=\"og:locale\" content=\"sl_SI\" \/>\n<meta property=\"og:type\" content=\"article\" \/>\n<meta property=\"og:title\" content=\"Pomo\u010d ne le otrokom, ampak tudi dru\u017einam - Hudo Slovenija\" \/>\n<meta property=\"og:description\" content=\"Kategorija: Slovenija Sat, 08 Jul 2017 12:00:00 +0200 Ljubljana \u2013 Po dveh desetletjih, odkar so invalidske organizacije pripravile osnutek zakona o zgodnji obravnavi otrok s posebnimi potrebami, ga bo \u2013 kot ka\u017ee \u2013 ta sklic parlamenta sprejel. V dr\u017eavni zbor je prispel na pobudo Jasne Murgel, matere dveh otrok s posebnimi potrebami, poslanke SMC. Zakon o celostni zgodnji obravnavi pred\u0161olskih otrok s posebnimi potrebami je v prvi parlamentarni obravnavi zdru\u017eil vladne in opozicijske stranke: podprlo ga je kar 79 od 81 poslancev. Prihodnji teden ga bodo obravnavali v drugem, in \u010de ne bo preve\u010d amandmajev, hkrati v tretjem branju. Veljati bo za\u010del sicer \u0161ele leta 2019. Do takrat bo treba spremeniti in sprejeti \u0161e nekaj drugih predpisov, zaposliti dodatne strokovnjake in predvsem priskrbeti nekaj dodatnega denarja. Do 60.000 otrok z motnjami V Sloveniji je okoli 400.000 otrok\u00a0...\" \/>\n<meta property=\"og:url\" content=\"https:\/\/hudo.com\/si\/aktualno\/pomoc-ne-le-otrokom-ampak-tudi-druzinam\/\" \/>\n<meta property=\"og:site_name\" content=\"Hudo Slovenija\" \/>\n<meta property=\"article:publisher\" content=\"https:\/\/www.facebook.com\/hudo.si\" \/>\n<meta property=\"article:published_time\" content=\"2017-07-08T08:00:00+00:00\" \/>\n<meta property=\"og:image\" content=\"https:\/\/hudo.com\/si\/wp-content\/uploads\/sites\/2\/2017\/07\/480x290_djvu_2042103_golen_shutterstock-mati-in-h-i.jpeg\" \/>\n\t<meta property=\"og:image:width\" content=\"480\" \/>\n\t<meta property=\"og:image:height\" content=\"290\" \/>\n\t<meta property=\"og:image:type\" content=\"image\/jpeg\" \/>\n<meta name=\"author\" content=\"hudo\" \/>\n<meta name=\"twitter:card\" content=\"summary_large_image\" \/>\n<meta name=\"twitter:creator\" content=\"@hudo_si\" \/>\n<meta name=\"twitter:site\" content=\"@hudo_si\" \/>\n<meta name=\"twitter:label1\" content=\"Written by\" \/>\n\t<meta name=\"twitter:data1\" content=\"hudo\" \/>\n\t<meta name=\"twitter:label2\" content=\"Est. reading time\" \/>\n\t<meta name=\"twitter:data2\" content=\"1 minuta\" \/>\n<script type=\"application\/ld+json\" class=\"yoast-schema-graph\">{\"@context\":\"https:\/\/schema.org\",\"@graph\":[{\"@type\":\"Article\",\"@id\":\"https:\/\/hudo.com\/si\/aktualno\/pomoc-ne-le-otrokom-ampak-tudi-druzinam\/#article\",\"isPartOf\":{\"@id\":\"https:\/\/hudo.com\/si\/aktualno\/pomoc-ne-le-otrokom-ampak-tudi-druzinam\/\"},\"author\":{\"name\":\"hudo\",\"@id\":\"https:\/\/hudo.com\/si\/#\/schema\/person\/601cf3379633985b20f7e50f2bb47707\"},\"headline\":\"Pomo\u010d ne le otrokom, ampak tudi dru\u017einam\",\"datePublished\":\"2017-07-08T08:00:00+00:00\",\"dateModified\":\"2017-07-08T08:00:00+00:00\",\"mainEntityOfPage\":{\"@id\":\"https:\/\/hudo.com\/si\/aktualno\/pomoc-ne-le-otrokom-ampak-tudi-druzinam\/\"},\"wordCount\":138,\"publisher\":{\"@id\":\"https:\/\/hudo.com\/si\/#organization\"},\"articleSection\":[\"Aktualno\"],\"inLanguage\":\"sl-SI\"},{\"@type\":\"WebPage\",\"@id\":\"https:\/\/hudo.com\/si\/aktualno\/pomoc-ne-le-otrokom-ampak-tudi-druzinam\/\",\"url\":\"https:\/\/hudo.com\/si\/aktualno\/pomoc-ne-le-otrokom-ampak-tudi-druzinam\/\",\"name\":\"Pomo\u010d ne le otrokom, ampak tudi dru\u017einam - Hudo Slovenija\",\"isPartOf\":{\"@id\":\"https:\/\/hudo.com\/si\/#website\"},\"datePublished\":\"2017-07-08T08:00:00+00:00\",\"dateModified\":\"2017-07-08T08:00:00+00:00\",\"breadcrumb\":{\"@id\":\"https:\/\/hudo.com\/si\/aktualno\/pomoc-ne-le-otrokom-ampak-tudi-druzinam\/#breadcrumb\"},\"inLanguage\":\"sl-SI\",\"potentialAction\":[{\"@type\":\"ReadAction\",\"target\":[\"https:\/\/hudo.com\/si\/aktualno\/pomoc-ne-le-otrokom-ampak-tudi-druzinam\/\"]}]},{\"@type\":\"BreadcrumbList\",\"@id\":\"https:\/\/hudo.com\/si\/aktualno\/pomoc-ne-le-otrokom-ampak-tudi-druzinam\/#breadcrumb\",\"itemListElement\":[{\"@type\":\"ListItem\",\"position\":1,\"name\":\"Home\",\"item\":\"https:\/\/hudo.com\/si\/\"},{\"@type\":\"ListItem\",\"position\":2,\"name\":\"Pomo\u010d ne le otrokom, ampak tudi dru\u017einam\"}]},{\"@type\":\"WebSite\",\"@id\":\"https:\/\/hudo.com\/si\/#website\",\"url\":\"https:\/\/hudo.com\/si\/\",\"name\":\"Hudo Slovenija\",\"description\":\"Vse novice iz Slovenije in sveta\",\"publisher\":{\"@id\":\"https:\/\/hudo.com\/si\/#organization\"},\"potentialAction\":[{\"@type\":\"SearchAction\",\"target\":{\"@type\":\"EntryPoint\",\"urlTemplate\":\"https:\/\/hudo.com\/si\/?s={search_term_string}\"},\"query-input\":\"required name=search_term_string\"}],\"inLanguage\":\"sl-SI\"},{\"@type\":\"Organization\",\"@id\":\"https:\/\/hudo.com\/si\/#organization\",\"name\":\"VSN Media\",\"url\":\"https:\/\/hudo.com\/si\/\",\"logo\":{\"@type\":\"ImageObject\",\"inLanguage\":\"sl-SI\",\"@id\":\"https:\/\/hudo.com\/si\/#\/schema\/logo\/image\/\",\"url\":\"https:\/\/hudo.com\/si\/wp-content\/uploads\/sites\/2\/2021\/03\/hudo-app-2.png\",\"contentUrl\":\"https:\/\/hudo.com\/si\/wp-content\/uploads\/sites\/2\/2021\/03\/hudo-app-2.png\",\"width\":2185,\"height\":2167,\"caption\":\"VSN Media\"},\"image\":{\"@id\":\"https:\/\/hudo.com\/si\/#\/schema\/logo\/image\/\"},\"sameAs\":[\"https:\/\/www.facebook.com\/hudo.si\",\"https:\/\/twitter.com\/hudo_si\"]},{\"@type\":\"Person\",\"@id\":\"https:\/\/hudo.com\/si\/#\/schema\/person\/601cf3379633985b20f7e50f2bb47707\",\"name\":\"hudo\",\"image\":{\"@type\":\"ImageObject\",\"inLanguage\":\"sl-SI\",\"@id\":\"https:\/\/hudo.com\/si\/#\/schema\/person\/image\/\",\"url\":\"https:\/\/secure.gravatar.com\/avatar\/c4ca25fa72cace7a696b52ff5db9e095?s=96&d=mm&r=g\",\"contentUrl\":\"https:\/\/secure.gravatar.com\/avatar\/c4ca25fa72cace7a696b52ff5db9e095?s=96&d=mm&r=g\",\"caption\":\"hudo\"},\"url\":\"https:\/\/hudo.com\/si\/author\/hudo\/\"}]}<\/script>\n<!-- \/ Yoast SEO plugin. -->","yoast_head_json":{"title":"Pomo\u010d ne le otrokom, ampak tudi dru\u017einam - Hudo Slovenija","robots":{"index":"index","follow":"follow","max-snippet":"max-snippet:-1","max-image-preview":"max-image-preview:large","max-video-preview":"max-video-preview:-1"},"canonical":"https:\/\/hudo.com\/si\/aktualno\/pomoc-ne-le-otrokom-ampak-tudi-druzinam\/","og_locale":"sl_SI","og_type":"article","og_title":"Pomo\u010d ne le otrokom, ampak tudi dru\u017einam - Hudo Slovenija","og_description":"Kategorija: Slovenija Sat, 08 Jul 2017 12:00:00 +0200 Ljubljana \u2013 Po dveh desetletjih, odkar so invalidske organizacije pripravile osnutek zakona o zgodnji obravnavi otrok s posebnimi potrebami, ga bo \u2013 kot ka\u017ee \u2013 ta sklic parlamenta sprejel. V dr\u017eavni zbor je prispel na pobudo Jasne Murgel, matere dveh otrok s posebnimi potrebami, poslanke SMC. Zakon o celostni zgodnji obravnavi pred\u0161olskih otrok s posebnimi potrebami je v prvi parlamentarni obravnavi zdru\u017eil vladne in opozicijske stranke: podprlo ga je kar 79 od 81 poslancev. Prihodnji teden ga bodo obravnavali v drugem, in \u010de ne bo preve\u010d amandmajev, hkrati v tretjem branju. Veljati bo za\u010del sicer \u0161ele leta 2019. Do takrat bo treba spremeniti in sprejeti \u0161e nekaj drugih predpisov, zaposliti dodatne strokovnjake in predvsem priskrbeti nekaj dodatnega denarja. Do 60.000 otrok z motnjami V Sloveniji je okoli 400.000 otrok\u00a0...","og_url":"https:\/\/hudo.com\/si\/aktualno\/pomoc-ne-le-otrokom-ampak-tudi-druzinam\/","og_site_name":"Hudo Slovenija","article_publisher":"https:\/\/www.facebook.com\/hudo.si","article_published_time":"2017-07-08T08:00:00+00:00","og_image":[{"width":480,"height":290,"url":"https:\/\/hudo.com\/si\/wp-content\/uploads\/sites\/2\/2017\/07\/480x290_djvu_2042103_golen_shutterstock-mati-in-h-i.jpeg","type":"image\/jpeg"}],"author":"hudo","twitter_card":"summary_large_image","twitter_creator":"@hudo_si","twitter_site":"@hudo_si","twitter_misc":{"Written by":"hudo","Est. reading time":"1 minuta"},"schema":{"@context":"https:\/\/schema.org","@graph":[{"@type":"Article","@id":"https:\/\/hudo.com\/si\/aktualno\/pomoc-ne-le-otrokom-ampak-tudi-druzinam\/#article","isPartOf":{"@id":"https:\/\/hudo.com\/si\/aktualno\/pomoc-ne-le-otrokom-ampak-tudi-druzinam\/"},"author":{"name":"hudo","@id":"https:\/\/hudo.com\/si\/#\/schema\/person\/601cf3379633985b20f7e50f2bb47707"},"headline":"Pomo\u010d ne le otrokom, ampak tudi dru\u017einam","datePublished":"2017-07-08T08:00:00+00:00","dateModified":"2017-07-08T08:00:00+00:00","mainEntityOfPage":{"@id":"https:\/\/hudo.com\/si\/aktualno\/pomoc-ne-le-otrokom-ampak-tudi-druzinam\/"},"wordCount":138,"publisher":{"@id":"https:\/\/hudo.com\/si\/#organization"},"articleSection":["Aktualno"],"inLanguage":"sl-SI"},{"@type":"WebPage","@id":"https:\/\/hudo.com\/si\/aktualno\/pomoc-ne-le-otrokom-ampak-tudi-druzinam\/","url":"https:\/\/hudo.com\/si\/aktualno\/pomoc-ne-le-otrokom-ampak-tudi-druzinam\/","name":"Pomo\u010d ne le otrokom, ampak tudi dru\u017einam - Hudo Slovenija","isPartOf":{"@id":"https:\/\/hudo.com\/si\/#website"},"datePublished":"2017-07-08T08:00:00+00:00","dateModified":"2017-07-08T08:00:00+00:00","breadcrumb":{"@id":"https:\/\/hudo.com\/si\/aktualno\/pomoc-ne-le-otrokom-ampak-tudi-druzinam\/#breadcrumb"},"inLanguage":"sl-SI","potentialAction":[{"@type":"ReadAction","target":["https:\/\/hudo.com\/si\/aktualno\/pomoc-ne-le-otrokom-ampak-tudi-druzinam\/"]}]},{"@type":"BreadcrumbList","@id":"https:\/\/hudo.com\/si\/aktualno\/pomoc-ne-le-otrokom-ampak-tudi-druzinam\/#breadcrumb","itemListElement":[{"@type":"ListItem","position":1,"name":"Home","item":"https:\/\/hudo.com\/si\/"},{"@type":"ListItem","position":2,"name":"Pomo\u010d ne le otrokom, ampak tudi dru\u017einam"}]},{"@type":"WebSite","@id":"https:\/\/hudo.com\/si\/#website","url":"https:\/\/hudo.com\/si\/","name":"Hudo Slovenija","description":"Vse novice iz Slovenije in sveta","publisher":{"@id":"https:\/\/hudo.com\/si\/#organization"},"potentialAction":[{"@type":"SearchAction","target":{"@type":"EntryPoint","urlTemplate":"https:\/\/hudo.com\/si\/?s={search_term_string}"},"query-input":"required name=search_term_string"}],"inLanguage":"sl-SI"},{"@type":"Organization","@id":"https:\/\/hudo.com\/si\/#organization","name":"VSN Media","url":"https:\/\/hudo.com\/si\/","logo":{"@type":"ImageObject","inLanguage":"sl-SI","@id":"https:\/\/hudo.com\/si\/#\/schema\/logo\/image\/","url":"https:\/\/hudo.com\/si\/wp-content\/uploads\/sites\/2\/2021\/03\/hudo-app-2.png","contentUrl":"https:\/\/hudo.com\/si\/wp-content\/uploads\/sites\/2\/2021\/03\/hudo-app-2.png","width":2185,"height":2167,"caption":"VSN Media"},"image":{"@id":"https:\/\/hudo.com\/si\/#\/schema\/logo\/image\/"},"sameAs":["https:\/\/www.facebook.com\/hudo.si","https:\/\/twitter.com\/hudo_si"]},{"@type":"Person","@id":"https:\/\/hudo.com\/si\/#\/schema\/person\/601cf3379633985b20f7e50f2bb47707","name":"hudo","image":{"@type":"ImageObject","inLanguage":"sl-SI","@id":"https:\/\/hudo.com\/si\/#\/schema\/person\/image\/","url":"https:\/\/secure.gravatar.com\/avatar\/c4ca25fa72cace7a696b52ff5db9e095?s=96&d=mm&r=g","contentUrl":"https:\/\/secure.gravatar.com\/avatar\/c4ca25fa72cace7a696b52ff5db9e095?s=96&d=mm&r=g","caption":"hudo"},"url":"https:\/\/hudo.com\/si\/author\/hudo\/"}]}},"amp_enabled":true,"_links":{"self":[{"href":"https:\/\/hudo.com\/si\/wp-json\/wp\/v2\/posts\/274800"}],"collection":[{"href":"https:\/\/hudo.com\/si\/wp-json\/wp\/v2\/posts"}],"about":[{"href":"https:\/\/hudo.com\/si\/wp-json\/wp\/v2\/types\/post"}],"author":[{"embeddable":true,"href":"https:\/\/hudo.com\/si\/wp-json\/wp\/v2\/users\/1"}],"replies":[{"embeddable":true,"href":"https:\/\/hudo.com\/si\/wp-json\/wp\/v2\/comments?post=274800"}],"version-history":[{"count":0,"href":"https:\/\/hudo.com\/si\/wp-json\/wp\/v2\/posts\/274800\/revisions"}],"wp:attachment":[{"href":"https:\/\/hudo.com\/si\/wp-json\/wp\/v2\/media?parent=274800"}],"wp:term":[{"taxonomy":"category","embeddable":true,"href":"https:\/\/hudo.com\/si\/wp-json\/wp\/v2\/categories?post=274800"},{"taxonomy":"post_tag","embeddable":true,"href":"https:\/\/hudo.com\/si\/wp-json\/wp\/v2\/tags?post=274800"},{"taxonomy":"source","embeddable":true,"href":"https:\/\/hudo.com\/si\/wp-json\/wp\/v2\/source?post=274800"},{"taxonomy":"supertag","embeddable":true,"href":"https:\/\/hudo.com\/si\/wp-json\/wp\/v2\/supertag?post=274800"}],"curies":[{"name":"wp","href":"https:\/\/api.w.org\/{rel}","templated":true}]}}