{"id":274810,"date":"2017-07-08T13:00:00","date_gmt":"2017-07-08T11:00:00","guid":{"rendered":"http:\/\/hudo.com\/si\/2017\/07\/08\/brodet-s-skarpeno-kratek-stik\/"},"modified":"2017-07-08T13:00:00","modified_gmt":"2017-07-08T11:00:00","slug":"brodet-s-skarpeno-kratek-stik","status":"publish","type":"post","link":"https:\/\/hudo.com\/si\/aktualno\/brodet-s-skarpeno-kratek-stik\/","title":{"rendered":"Brodet s \u0161karpeno: Kratek stik"},"content":{"rendered":"<p>Kategorija: Kolumne Sat, 08 Jul 2017 15:00:00 +0200  To je zagotovo stik, me \u017ee dober teden masira sosedov Ser\u0111o. \u0160karpena se strinja s pridr\u017eanim lo\u010denim mnenjem: \u00bbSamo, da je malce kratek.\u00ab Te\u017eek teden, kaj? Kot da nas ho\u010de v enem tednu doleteti vsa sre\u010da, ki nam je namenjena v tem uspehov polnem \u017eivljenju. Najprej vrhunska evforija, ker da tako dobrih sodnikov ni na tem svetu. Potem zamenjava nadzornikov, ker ima Lidia na\u010drt, po katerem bo Luka poslovala nadrekordno (\u010de imamo letala z nadzvo\u010dno hitrostjo, imamo zagotovo kje tudi pristani\u0161\u010da z nadrekordnim dobi\u010dkom). Vmes dobimo mimogredni referendum in \u0161e en dokaz, da se nam vlaki spla\u010dajo samo do Diva\u010de. Kar je vedel \u017ee Franc Jo\u017eef, ki ni in ne bi nikoli gradil \u017eeleznice v Koper. Tako kot je \u017ee tovari\u0161 Dolanc vedel, da Slovenci niso in ne bodo narod\u00a0&#8230;<\/p>\n","protected":false},"excerpt":{"rendered":"<p>Kategorija: Kolumne Sat, 08 Jul 2017 15:00:00 +0200  To je zagotovo stik, me \u017ee dober teden masira sosedov Ser\u0111o. \u0160karpena se strinja s pridr\u017eanim lo\u010denim mnenjem: \u00bbSamo, da je malce kratek.\u00ab Te\u017eek teden, kaj? Kot da nas ho\u010de v enem tednu doleteti vsa sre\u010da, ki nam je namenjena v tem uspehov polnem \u017eivljenju. Najprej vrhunska evforija, ker da tako dobrih sodnikov ni na tem svetu. Potem zamenjava nadzornikov, ker ima Lidia na\u010drt, po katerem bo Luka poslovala nadrekordno (\u010de imamo letala z nadzvo\u010dno hitrostjo, imamo zagotovo kje tudi pristani\u0161\u010da z nadrekordnim dobi\u010dkom). Vmes dobimo mimogredni referendum in \u0161e en dokaz, da se nam vlaki spla\u010dajo samo do Diva\u010de. Kar je vedel \u017ee Franc Jo\u017eef, ki ni in ne bi nikoli gradil \u017eeleznice v Koper. Tako kot je \u017ee tovari\u0161 Dolanc vedel, da Slovenci niso in ne bodo narod\u00a0&#8230;<\/p>\n","protected":false},"author":1,"featured_media":0,"comment_status":"closed","ping_status":"closed","sticky":false,"template":"","format":"standard","meta":{"footnotes":""},"categories":[1179],"tags":[],"source":[1703],"supertag":[],"acf":[],"yoast_head":"<!-- This site is optimized with the Yoast SEO plugin v21.3 - https:\/\/yoast.com\/wordpress\/plugins\/seo\/ -->\n<title>Brodet s \u0161karpeno: Kratek stik - Hudo Slovenija<\/title>\n<meta name=\"robots\" content=\"index, follow, max-snippet:-1, max-image-preview:large, max-video-preview:-1\" \/>\n<link rel=\"canonical\" href=\"https:\/\/hudo.com\/si\/aktualno\/brodet-s-skarpeno-kratek-stik\/\" \/>\n<meta property=\"og:locale\" content=\"sl_SI\" \/>\n<meta property=\"og:type\" content=\"article\" \/>\n<meta property=\"og:title\" content=\"Brodet s \u0161karpeno: Kratek stik - Hudo Slovenija\" \/>\n<meta property=\"og:description\" content=\"Kategorija: Kolumne Sat, 08 Jul 2017 15:00:00 +0200 To je zagotovo stik, me \u017ee dober teden masira sosedov Ser\u0111o. \u0160karpena se strinja s pridr\u017eanim lo\u010denim mnenjem: \u00bbSamo, da je malce kratek.\u00ab Te\u017eek teden, kaj? Kot da nas ho\u010de v enem tednu doleteti vsa sre\u010da, ki nam je namenjena v tem uspehov polnem \u017eivljenju. Najprej vrhunska evforija, ker da tako dobrih sodnikov ni na tem svetu. Potem zamenjava nadzornikov, ker ima Lidia na\u010drt, po katerem bo Luka poslovala nadrekordno (\u010de imamo letala z nadzvo\u010dno hitrostjo, imamo zagotovo kje tudi pristani\u0161\u010da z nadrekordnim dobi\u010dkom). Vmes dobimo mimogredni referendum in \u0161e en dokaz, da se nam vlaki spla\u010dajo samo do Diva\u010de. Kar je vedel \u017ee Franc Jo\u017eef, ki ni in ne bi nikoli gradil \u017eeleznice v Koper. Tako kot je \u017ee tovari\u0161 Dolanc vedel, da Slovenci niso in ne bodo narod\u00a0...\" \/>\n<meta property=\"og:url\" content=\"https:\/\/hudo.com\/si\/aktualno\/brodet-s-skarpeno-kratek-stik\/\" \/>\n<meta property=\"og:site_name\" content=\"Hudo Slovenija\" \/>\n<meta property=\"article:publisher\" content=\"https:\/\/www.facebook.com\/hudo.si\" \/>\n<meta property=\"article:published_time\" content=\"2017-07-08T11:00:00+00:00\" \/>\n<meta property=\"og:image\" content=\"https:\/\/hudo.com\/si\/wp-content\/uploads\/sites\/2\/2017\/07\/480x290_Nedelo__djvu_2517903_suhec__hires0.jpeg\" \/>\n\t<meta property=\"og:image:width\" content=\"480\" \/>\n\t<meta property=\"og:image:height\" content=\"290\" \/>\n\t<meta property=\"og:image:type\" content=\"image\/jpeg\" \/>\n<meta name=\"author\" content=\"hudo\" \/>\n<meta name=\"twitter:card\" content=\"summary_large_image\" \/>\n<meta name=\"twitter:creator\" content=\"@hudo_si\" \/>\n<meta name=\"twitter:site\" content=\"@hudo_si\" \/>\n<meta name=\"twitter:label1\" content=\"Written by\" \/>\n\t<meta name=\"twitter:data1\" content=\"hudo\" \/>\n\t<meta name=\"twitter:label2\" content=\"Est. reading time\" \/>\n\t<meta name=\"twitter:data2\" content=\"1 minuta\" \/>\n<script type=\"application\/ld+json\" class=\"yoast-schema-graph\">{\"@context\":\"https:\/\/schema.org\",\"@graph\":[{\"@type\":\"Article\",\"@id\":\"https:\/\/hudo.com\/si\/aktualno\/brodet-s-skarpeno-kratek-stik\/#article\",\"isPartOf\":{\"@id\":\"https:\/\/hudo.com\/si\/aktualno\/brodet-s-skarpeno-kratek-stik\/\"},\"author\":{\"name\":\"hudo\",\"@id\":\"https:\/\/hudo.com\/si\/#\/schema\/person\/601cf3379633985b20f7e50f2bb47707\"},\"headline\":\"Brodet s \u0161karpeno: Kratek stik\",\"datePublished\":\"2017-07-08T11:00:00+00:00\",\"dateModified\":\"2017-07-08T11:00:00+00:00\",\"mainEntityOfPage\":{\"@id\":\"https:\/\/hudo.com\/si\/aktualno\/brodet-s-skarpeno-kratek-stik\/\"},\"wordCount\":152,\"publisher\":{\"@id\":\"https:\/\/hudo.com\/si\/#organization\"},\"articleSection\":[\"Aktualno\"],\"inLanguage\":\"sl-SI\"},{\"@type\":\"WebPage\",\"@id\":\"https:\/\/hudo.com\/si\/aktualno\/brodet-s-skarpeno-kratek-stik\/\",\"url\":\"https:\/\/hudo.com\/si\/aktualno\/brodet-s-skarpeno-kratek-stik\/\",\"name\":\"Brodet s \u0161karpeno: Kratek stik - Hudo Slovenija\",\"isPartOf\":{\"@id\":\"https:\/\/hudo.com\/si\/#website\"},\"datePublished\":\"2017-07-08T11:00:00+00:00\",\"dateModified\":\"2017-07-08T11:00:00+00:00\",\"breadcrumb\":{\"@id\":\"https:\/\/hudo.com\/si\/aktualno\/brodet-s-skarpeno-kratek-stik\/#breadcrumb\"},\"inLanguage\":\"sl-SI\",\"potentialAction\":[{\"@type\":\"ReadAction\",\"target\":[\"https:\/\/hudo.com\/si\/aktualno\/brodet-s-skarpeno-kratek-stik\/\"]}]},{\"@type\":\"BreadcrumbList\",\"@id\":\"https:\/\/hudo.com\/si\/aktualno\/brodet-s-skarpeno-kratek-stik\/#breadcrumb\",\"itemListElement\":[{\"@type\":\"ListItem\",\"position\":1,\"name\":\"Home\",\"item\":\"https:\/\/hudo.com\/si\/\"},{\"@type\":\"ListItem\",\"position\":2,\"name\":\"Brodet s \u0161karpeno: Kratek stik\"}]},{\"@type\":\"WebSite\",\"@id\":\"https:\/\/hudo.com\/si\/#website\",\"url\":\"https:\/\/hudo.com\/si\/\",\"name\":\"Hudo Slovenija\",\"description\":\"Vse novice iz Slovenije in sveta\",\"publisher\":{\"@id\":\"https:\/\/hudo.com\/si\/#organization\"},\"potentialAction\":[{\"@type\":\"SearchAction\",\"target\":{\"@type\":\"EntryPoint\",\"urlTemplate\":\"https:\/\/hudo.com\/si\/?s={search_term_string}\"},\"query-input\":\"required name=search_term_string\"}],\"inLanguage\":\"sl-SI\"},{\"@type\":\"Organization\",\"@id\":\"https:\/\/hudo.com\/si\/#organization\",\"name\":\"VSN Media\",\"url\":\"https:\/\/hudo.com\/si\/\",\"logo\":{\"@type\":\"ImageObject\",\"inLanguage\":\"sl-SI\",\"@id\":\"https:\/\/hudo.com\/si\/#\/schema\/logo\/image\/\",\"url\":\"https:\/\/hudo.com\/si\/wp-content\/uploads\/sites\/2\/2021\/03\/hudo-app-2.png\",\"contentUrl\":\"https:\/\/hudo.com\/si\/wp-content\/uploads\/sites\/2\/2021\/03\/hudo-app-2.png\",\"width\":2185,\"height\":2167,\"caption\":\"VSN Media\"},\"image\":{\"@id\":\"https:\/\/hudo.com\/si\/#\/schema\/logo\/image\/\"},\"sameAs\":[\"https:\/\/www.facebook.com\/hudo.si\",\"https:\/\/twitter.com\/hudo_si\"]},{\"@type\":\"Person\",\"@id\":\"https:\/\/hudo.com\/si\/#\/schema\/person\/601cf3379633985b20f7e50f2bb47707\",\"name\":\"hudo\",\"image\":{\"@type\":\"ImageObject\",\"inLanguage\":\"sl-SI\",\"@id\":\"https:\/\/hudo.com\/si\/#\/schema\/person\/image\/\",\"url\":\"https:\/\/secure.gravatar.com\/avatar\/c4ca25fa72cace7a696b52ff5db9e095?s=96&d=mm&r=g\",\"contentUrl\":\"https:\/\/secure.gravatar.com\/avatar\/c4ca25fa72cace7a696b52ff5db9e095?s=96&d=mm&r=g\",\"caption\":\"hudo\"},\"url\":\"https:\/\/hudo.com\/si\/author\/hudo\/\"}]}<\/script>\n<!-- \/ Yoast SEO plugin. -->","yoast_head_json":{"title":"Brodet s \u0161karpeno: Kratek stik - Hudo Slovenija","robots":{"index":"index","follow":"follow","max-snippet":"max-snippet:-1","max-image-preview":"max-image-preview:large","max-video-preview":"max-video-preview:-1"},"canonical":"https:\/\/hudo.com\/si\/aktualno\/brodet-s-skarpeno-kratek-stik\/","og_locale":"sl_SI","og_type":"article","og_title":"Brodet s \u0161karpeno: Kratek stik - Hudo Slovenija","og_description":"Kategorija: Kolumne Sat, 08 Jul 2017 15:00:00 +0200 To je zagotovo stik, me \u017ee dober teden masira sosedov Ser\u0111o. \u0160karpena se strinja s pridr\u017eanim lo\u010denim mnenjem: \u00bbSamo, da je malce kratek.\u00ab Te\u017eek teden, kaj? Kot da nas ho\u010de v enem tednu doleteti vsa sre\u010da, ki nam je namenjena v tem uspehov polnem \u017eivljenju. Najprej vrhunska evforija, ker da tako dobrih sodnikov ni na tem svetu. Potem zamenjava nadzornikov, ker ima Lidia na\u010drt, po katerem bo Luka poslovala nadrekordno (\u010de imamo letala z nadzvo\u010dno hitrostjo, imamo zagotovo kje tudi pristani\u0161\u010da z nadrekordnim dobi\u010dkom). Vmes dobimo mimogredni referendum in \u0161e en dokaz, da se nam vlaki spla\u010dajo samo do Diva\u010de. Kar je vedel \u017ee Franc Jo\u017eef, ki ni in ne bi nikoli gradil \u017eeleznice v Koper. Tako kot je \u017ee tovari\u0161 Dolanc vedel, da Slovenci niso in ne bodo narod\u00a0...","og_url":"https:\/\/hudo.com\/si\/aktualno\/brodet-s-skarpeno-kratek-stik\/","og_site_name":"Hudo Slovenija","article_publisher":"https:\/\/www.facebook.com\/hudo.si","article_published_time":"2017-07-08T11:00:00+00:00","og_image":[{"width":480,"height":290,"url":"https:\/\/hudo.com\/si\/wp-content\/uploads\/sites\/2\/2017\/07\/480x290_Nedelo__djvu_2517903_suhec__hires0.jpeg","type":"image\/jpeg"}],"author":"hudo","twitter_card":"summary_large_image","twitter_creator":"@hudo_si","twitter_site":"@hudo_si","twitter_misc":{"Written by":"hudo","Est. reading time":"1 minuta"},"schema":{"@context":"https:\/\/schema.org","@graph":[{"@type":"Article","@id":"https:\/\/hudo.com\/si\/aktualno\/brodet-s-skarpeno-kratek-stik\/#article","isPartOf":{"@id":"https:\/\/hudo.com\/si\/aktualno\/brodet-s-skarpeno-kratek-stik\/"},"author":{"name":"hudo","@id":"https:\/\/hudo.com\/si\/#\/schema\/person\/601cf3379633985b20f7e50f2bb47707"},"headline":"Brodet s \u0161karpeno: Kratek stik","datePublished":"2017-07-08T11:00:00+00:00","dateModified":"2017-07-08T11:00:00+00:00","mainEntityOfPage":{"@id":"https:\/\/hudo.com\/si\/aktualno\/brodet-s-skarpeno-kratek-stik\/"},"wordCount":152,"publisher":{"@id":"https:\/\/hudo.com\/si\/#organization"},"articleSection":["Aktualno"],"inLanguage":"sl-SI"},{"@type":"WebPage","@id":"https:\/\/hudo.com\/si\/aktualno\/brodet-s-skarpeno-kratek-stik\/","url":"https:\/\/hudo.com\/si\/aktualno\/brodet-s-skarpeno-kratek-stik\/","name":"Brodet s \u0161karpeno: Kratek stik - Hudo Slovenija","isPartOf":{"@id":"https:\/\/hudo.com\/si\/#website"},"datePublished":"2017-07-08T11:00:00+00:00","dateModified":"2017-07-08T11:00:00+00:00","breadcrumb":{"@id":"https:\/\/hudo.com\/si\/aktualno\/brodet-s-skarpeno-kratek-stik\/#breadcrumb"},"inLanguage":"sl-SI","potentialAction":[{"@type":"ReadAction","target":["https:\/\/hudo.com\/si\/aktualno\/brodet-s-skarpeno-kratek-stik\/"]}]},{"@type":"BreadcrumbList","@id":"https:\/\/hudo.com\/si\/aktualno\/brodet-s-skarpeno-kratek-stik\/#breadcrumb","itemListElement":[{"@type":"ListItem","position":1,"name":"Home","item":"https:\/\/hudo.com\/si\/"},{"@type":"ListItem","position":2,"name":"Brodet s \u0161karpeno: Kratek stik"}]},{"@type":"WebSite","@id":"https:\/\/hudo.com\/si\/#website","url":"https:\/\/hudo.com\/si\/","name":"Hudo Slovenija","description":"Vse novice iz Slovenije in sveta","publisher":{"@id":"https:\/\/hudo.com\/si\/#organization"},"potentialAction":[{"@type":"SearchAction","target":{"@type":"EntryPoint","urlTemplate":"https:\/\/hudo.com\/si\/?s={search_term_string}"},"query-input":"required name=search_term_string"}],"inLanguage":"sl-SI"},{"@type":"Organization","@id":"https:\/\/hudo.com\/si\/#organization","name":"VSN Media","url":"https:\/\/hudo.com\/si\/","logo":{"@type":"ImageObject","inLanguage":"sl-SI","@id":"https:\/\/hudo.com\/si\/#\/schema\/logo\/image\/","url":"https:\/\/hudo.com\/si\/wp-content\/uploads\/sites\/2\/2021\/03\/hudo-app-2.png","contentUrl":"https:\/\/hudo.com\/si\/wp-content\/uploads\/sites\/2\/2021\/03\/hudo-app-2.png","width":2185,"height":2167,"caption":"VSN Media"},"image":{"@id":"https:\/\/hudo.com\/si\/#\/schema\/logo\/image\/"},"sameAs":["https:\/\/www.facebook.com\/hudo.si","https:\/\/twitter.com\/hudo_si"]},{"@type":"Person","@id":"https:\/\/hudo.com\/si\/#\/schema\/person\/601cf3379633985b20f7e50f2bb47707","name":"hudo","image":{"@type":"ImageObject","inLanguage":"sl-SI","@id":"https:\/\/hudo.com\/si\/#\/schema\/person\/image\/","url":"https:\/\/secure.gravatar.com\/avatar\/c4ca25fa72cace7a696b52ff5db9e095?s=96&d=mm&r=g","contentUrl":"https:\/\/secure.gravatar.com\/avatar\/c4ca25fa72cace7a696b52ff5db9e095?s=96&d=mm&r=g","caption":"hudo"},"url":"https:\/\/hudo.com\/si\/author\/hudo\/"}]}},"amp_enabled":true,"_links":{"self":[{"href":"https:\/\/hudo.com\/si\/wp-json\/wp\/v2\/posts\/274810"}],"collection":[{"href":"https:\/\/hudo.com\/si\/wp-json\/wp\/v2\/posts"}],"about":[{"href":"https:\/\/hudo.com\/si\/wp-json\/wp\/v2\/types\/post"}],"author":[{"embeddable":true,"href":"https:\/\/hudo.com\/si\/wp-json\/wp\/v2\/users\/1"}],"replies":[{"embeddable":true,"href":"https:\/\/hudo.com\/si\/wp-json\/wp\/v2\/comments?post=274810"}],"version-history":[{"count":0,"href":"https:\/\/hudo.com\/si\/wp-json\/wp\/v2\/posts\/274810\/revisions"}],"wp:attachment":[{"href":"https:\/\/hudo.com\/si\/wp-json\/wp\/v2\/media?parent=274810"}],"wp:term":[{"taxonomy":"category","embeddable":true,"href":"https:\/\/hudo.com\/si\/wp-json\/wp\/v2\/categories?post=274810"},{"taxonomy":"post_tag","embeddable":true,"href":"https:\/\/hudo.com\/si\/wp-json\/wp\/v2\/tags?post=274810"},{"taxonomy":"source","embeddable":true,"href":"https:\/\/hudo.com\/si\/wp-json\/wp\/v2\/source?post=274810"},{"taxonomy":"supertag","embeddable":true,"href":"https:\/\/hudo.com\/si\/wp-json\/wp\/v2\/supertag?post=274810"}],"curies":[{"name":"wp","href":"https:\/\/api.w.org\/{rel}","templated":true}]}}