{"id":274870,"date":"2017-07-08T20:45:00","date_gmt":"2017-07-08T18:45:00","guid":{"rendered":"http:\/\/hudo.com\/si\/2017\/07\/08\/radovljicanki-navdusili-v-zagrebu\/"},"modified":"2017-07-08T20:45:00","modified_gmt":"2017-07-08T18:45:00","slug":"radovljicanki-navdusili-v-zagrebu","status":"publish","type":"post","link":"https:\/\/hudo.com\/si\/aktualno\/radovljicanki-navdusili-v-zagrebu\/","title":{"rendered":"Radovlji\u010danki navdu\u0161ili v Zagrebu"},"content":{"rendered":"<p>Kategorija: Drugi \u0161porti Sat, 08 Jul 2017 22:45:00 +0200  Zagreb &#8211; Med slovenskimi plavalci je na mitingu Zlati medved v Zagrebu z dvema najbolj\u0161ima dr\u017eavnima dose\u017ekoma v sezoni izstopala Anja Klinar &#8211; na 100 metrov delfin je vpisala \u010das 1:00,97, na 800 metrov prosto pa 8:35,89. Z 2:02,70 je bila Gorenjka, ki brani barve radovlji\u0161kega kluba, najhitrej\u0161a tudi na 200 metrov prosto, a je popoldanski nastop odpovedala, kar sta z zmago in tretjim mestom izkoristili Manca Mar\u010dun (Radovljica) in Ne\u017ea Kocijan (Olimpija), ki je k temu dodala \u0161e drugo mesto na 50 metrov prosto. \u00bbNa 100 metrov delfin se ji je posre\u010dil zelo dober izid, tudi dose\u017eek na 800 metrov prosto ni slab, ni pa \u0161e v celoti to, kar bi Anja v resnici lahko pokazala. A je to nekoliko manj pomembno, saj v tej disciplini konec meseca ne bo\u00a0&#8230;<\/p>\n","protected":false},"excerpt":{"rendered":"<p>Kategorija: Drugi \u0161porti Sat, 08 Jul 2017 22:45:00 +0200  Zagreb &#8211; Med slovenskimi plavalci je na mitingu Zlati medved v Zagrebu z dvema najbolj\u0161ima dr\u017eavnima dose\u017ekoma v sezoni izstopala Anja Klinar &#8211; na 100 metrov delfin je vpisala \u010das 1:00,97, na 800 metrov prosto pa 8:35,89. Z 2:02,70 je bila Gorenjka, ki brani barve radovlji\u0161kega kluba, najhitrej\u0161a tudi na 200 metrov prosto, a je popoldanski nastop odpovedala, kar sta z zmago in tretjim mestom izkoristili Manca Mar\u010dun (Radovljica) in Ne\u017ea Kocijan (Olimpija), ki je k temu dodala \u0161e drugo mesto na 50 metrov prosto. \u00bbNa 100 metrov delfin se ji je posre\u010dil zelo dober izid, tudi dose\u017eek na 800 metrov prosto ni slab, ni pa \u0161e v celoti to, kar bi Anja v resnici lahko pokazala. A je to nekoliko manj pomembno, saj v tej disciplini konec meseca ne bo\u00a0&#8230;<\/p>\n","protected":false},"author":1,"featured_media":0,"comment_status":"closed","ping_status":"closed","sticky":false,"template":"","format":"standard","meta":{"footnotes":""},"categories":[1179],"tags":[],"source":[1703],"supertag":[],"acf":[],"yoast_head":"<!-- This site is optimized with the Yoast SEO plugin v21.3 - https:\/\/yoast.com\/wordpress\/plugins\/seo\/ -->\n<title>Radovlji\u010danki navdu\u0161ili v Zagrebu - Hudo Slovenija<\/title>\n<meta name=\"robots\" content=\"index, follow, max-snippet:-1, max-image-preview:large, max-video-preview:-1\" \/>\n<link rel=\"canonical\" href=\"https:\/\/hudo.com\/si\/aktualno\/radovljicanki-navdusili-v-zagrebu\/\" \/>\n<meta property=\"og:locale\" content=\"sl_SI\" \/>\n<meta property=\"og:type\" content=\"article\" \/>\n<meta property=\"og:title\" content=\"Radovlji\u010danki navdu\u0161ili v Zagrebu - Hudo Slovenija\" \/>\n<meta property=\"og:description\" content=\"Kategorija: Drugi \u0161porti Sat, 08 Jul 2017 22:45:00 +0200 Zagreb - Med slovenskimi plavalci je na mitingu Zlati medved v Zagrebu z dvema najbolj\u0161ima dr\u017eavnima dose\u017ekoma v sezoni izstopala Anja Klinar - na 100 metrov delfin je vpisala \u010das 1:00,97, na 800 metrov prosto pa 8:35,89. Z 2:02,70 je bila Gorenjka, ki brani barve radovlji\u0161kega kluba, najhitrej\u0161a tudi na 200 metrov prosto, a je popoldanski nastop odpovedala, kar sta z zmago in tretjim mestom izkoristili Manca Mar\u010dun (Radovljica) in Ne\u017ea Kocijan (Olimpija), ki je k temu dodala \u0161e drugo mesto na 50 metrov prosto. \u00bbNa 100 metrov delfin se ji je posre\u010dil zelo dober izid, tudi dose\u017eek na 800 metrov prosto ni slab, ni pa \u0161e v celoti to, kar bi Anja v resnici lahko pokazala. A je to nekoliko manj pomembno, saj v tej disciplini konec meseca ne bo\u00a0...\" \/>\n<meta property=\"og:url\" content=\"https:\/\/hudo.com\/si\/aktualno\/radovljicanki-navdusili-v-zagrebu\/\" \/>\n<meta property=\"og:site_name\" content=\"Hudo Slovenija\" \/>\n<meta property=\"article:publisher\" content=\"https:\/\/www.facebook.com\/hudo.si\" \/>\n<meta property=\"article:published_time\" content=\"2017-07-08T18:45:00+00:00\" \/>\n<meta property=\"og:image\" content=\"https:\/\/hudo.com\/si\/wp-content\/uploads\/sites\/2\/2017\/07\/480x290_djvu_2361275_janezp_tlo-pintar.jpeg\" \/>\n\t<meta property=\"og:image:width\" content=\"480\" \/>\n\t<meta property=\"og:image:height\" content=\"290\" \/>\n\t<meta property=\"og:image:type\" content=\"image\/jpeg\" \/>\n<meta name=\"author\" content=\"hudo\" \/>\n<meta name=\"twitter:card\" content=\"summary_large_image\" \/>\n<meta name=\"twitter:creator\" content=\"@hudo_si\" \/>\n<meta name=\"twitter:site\" content=\"@hudo_si\" \/>\n<meta name=\"twitter:label1\" content=\"Written by\" \/>\n\t<meta name=\"twitter:data1\" content=\"hudo\" \/>\n\t<meta name=\"twitter:label2\" content=\"Est. reading time\" \/>\n\t<meta name=\"twitter:data2\" content=\"1 minuta\" \/>\n<script type=\"application\/ld+json\" class=\"yoast-schema-graph\">{\"@context\":\"https:\/\/schema.org\",\"@graph\":[{\"@type\":\"Article\",\"@id\":\"https:\/\/hudo.com\/si\/aktualno\/radovljicanki-navdusili-v-zagrebu\/#article\",\"isPartOf\":{\"@id\":\"https:\/\/hudo.com\/si\/aktualno\/radovljicanki-navdusili-v-zagrebu\/\"},\"author\":{\"name\":\"hudo\",\"@id\":\"https:\/\/hudo.com\/si\/#\/schema\/person\/601cf3379633985b20f7e50f2bb47707\"},\"headline\":\"Radovlji\u010danki navdu\u0161ili v Zagrebu\",\"datePublished\":\"2017-07-08T18:45:00+00:00\",\"dateModified\":\"2017-07-08T18:45:00+00:00\",\"mainEntityOfPage\":{\"@id\":\"https:\/\/hudo.com\/si\/aktualno\/radovljicanki-navdusili-v-zagrebu\/\"},\"wordCount\":142,\"publisher\":{\"@id\":\"https:\/\/hudo.com\/si\/#organization\"},\"articleSection\":[\"Aktualno\"],\"inLanguage\":\"sl-SI\"},{\"@type\":\"WebPage\",\"@id\":\"https:\/\/hudo.com\/si\/aktualno\/radovljicanki-navdusili-v-zagrebu\/\",\"url\":\"https:\/\/hudo.com\/si\/aktualno\/radovljicanki-navdusili-v-zagrebu\/\",\"name\":\"Radovlji\u010danki navdu\u0161ili v Zagrebu - Hudo Slovenija\",\"isPartOf\":{\"@id\":\"https:\/\/hudo.com\/si\/#website\"},\"datePublished\":\"2017-07-08T18:45:00+00:00\",\"dateModified\":\"2017-07-08T18:45:00+00:00\",\"breadcrumb\":{\"@id\":\"https:\/\/hudo.com\/si\/aktualno\/radovljicanki-navdusili-v-zagrebu\/#breadcrumb\"},\"inLanguage\":\"sl-SI\",\"potentialAction\":[{\"@type\":\"ReadAction\",\"target\":[\"https:\/\/hudo.com\/si\/aktualno\/radovljicanki-navdusili-v-zagrebu\/\"]}]},{\"@type\":\"BreadcrumbList\",\"@id\":\"https:\/\/hudo.com\/si\/aktualno\/radovljicanki-navdusili-v-zagrebu\/#breadcrumb\",\"itemListElement\":[{\"@type\":\"ListItem\",\"position\":1,\"name\":\"Home\",\"item\":\"https:\/\/hudo.com\/si\/\"},{\"@type\":\"ListItem\",\"position\":2,\"name\":\"Radovlji\u010danki navdu\u0161ili v Zagrebu\"}]},{\"@type\":\"WebSite\",\"@id\":\"https:\/\/hudo.com\/si\/#website\",\"url\":\"https:\/\/hudo.com\/si\/\",\"name\":\"Hudo Slovenija\",\"description\":\"Vse novice iz Slovenije in sveta\",\"publisher\":{\"@id\":\"https:\/\/hudo.com\/si\/#organization\"},\"potentialAction\":[{\"@type\":\"SearchAction\",\"target\":{\"@type\":\"EntryPoint\",\"urlTemplate\":\"https:\/\/hudo.com\/si\/?s={search_term_string}\"},\"query-input\":\"required name=search_term_string\"}],\"inLanguage\":\"sl-SI\"},{\"@type\":\"Organization\",\"@id\":\"https:\/\/hudo.com\/si\/#organization\",\"name\":\"VSN Media\",\"url\":\"https:\/\/hudo.com\/si\/\",\"logo\":{\"@type\":\"ImageObject\",\"inLanguage\":\"sl-SI\",\"@id\":\"https:\/\/hudo.com\/si\/#\/schema\/logo\/image\/\",\"url\":\"https:\/\/hudo.com\/si\/wp-content\/uploads\/sites\/2\/2021\/03\/hudo-app-2.png\",\"contentUrl\":\"https:\/\/hudo.com\/si\/wp-content\/uploads\/sites\/2\/2021\/03\/hudo-app-2.png\",\"width\":2185,\"height\":2167,\"caption\":\"VSN Media\"},\"image\":{\"@id\":\"https:\/\/hudo.com\/si\/#\/schema\/logo\/image\/\"},\"sameAs\":[\"https:\/\/www.facebook.com\/hudo.si\",\"https:\/\/twitter.com\/hudo_si\"]},{\"@type\":\"Person\",\"@id\":\"https:\/\/hudo.com\/si\/#\/schema\/person\/601cf3379633985b20f7e50f2bb47707\",\"name\":\"hudo\",\"image\":{\"@type\":\"ImageObject\",\"inLanguage\":\"sl-SI\",\"@id\":\"https:\/\/hudo.com\/si\/#\/schema\/person\/image\/\",\"url\":\"https:\/\/secure.gravatar.com\/avatar\/c4ca25fa72cace7a696b52ff5db9e095?s=96&d=mm&r=g\",\"contentUrl\":\"https:\/\/secure.gravatar.com\/avatar\/c4ca25fa72cace7a696b52ff5db9e095?s=96&d=mm&r=g\",\"caption\":\"hudo\"},\"url\":\"https:\/\/hudo.com\/si\/author\/hudo\/\"}]}<\/script>\n<!-- \/ Yoast SEO plugin. -->","yoast_head_json":{"title":"Radovlji\u010danki navdu\u0161ili v Zagrebu - Hudo Slovenija","robots":{"index":"index","follow":"follow","max-snippet":"max-snippet:-1","max-image-preview":"max-image-preview:large","max-video-preview":"max-video-preview:-1"},"canonical":"https:\/\/hudo.com\/si\/aktualno\/radovljicanki-navdusili-v-zagrebu\/","og_locale":"sl_SI","og_type":"article","og_title":"Radovlji\u010danki navdu\u0161ili v Zagrebu - Hudo Slovenija","og_description":"Kategorija: Drugi \u0161porti Sat, 08 Jul 2017 22:45:00 +0200 Zagreb - Med slovenskimi plavalci je na mitingu Zlati medved v Zagrebu z dvema najbolj\u0161ima dr\u017eavnima dose\u017ekoma v sezoni izstopala Anja Klinar - na 100 metrov delfin je vpisala \u010das 1:00,97, na 800 metrov prosto pa 8:35,89. Z 2:02,70 je bila Gorenjka, ki brani barve radovlji\u0161kega kluba, najhitrej\u0161a tudi na 200 metrov prosto, a je popoldanski nastop odpovedala, kar sta z zmago in tretjim mestom izkoristili Manca Mar\u010dun (Radovljica) in Ne\u017ea Kocijan (Olimpija), ki je k temu dodala \u0161e drugo mesto na 50 metrov prosto. \u00bbNa 100 metrov delfin se ji je posre\u010dil zelo dober izid, tudi dose\u017eek na 800 metrov prosto ni slab, ni pa \u0161e v celoti to, kar bi Anja v resnici lahko pokazala. A je to nekoliko manj pomembno, saj v tej disciplini konec meseca ne bo\u00a0...","og_url":"https:\/\/hudo.com\/si\/aktualno\/radovljicanki-navdusili-v-zagrebu\/","og_site_name":"Hudo Slovenija","article_publisher":"https:\/\/www.facebook.com\/hudo.si","article_published_time":"2017-07-08T18:45:00+00:00","og_image":[{"width":480,"height":290,"url":"https:\/\/hudo.com\/si\/wp-content\/uploads\/sites\/2\/2017\/07\/480x290_djvu_2361275_janezp_tlo-pintar.jpeg","type":"image\/jpeg"}],"author":"hudo","twitter_card":"summary_large_image","twitter_creator":"@hudo_si","twitter_site":"@hudo_si","twitter_misc":{"Written by":"hudo","Est. reading time":"1 minuta"},"schema":{"@context":"https:\/\/schema.org","@graph":[{"@type":"Article","@id":"https:\/\/hudo.com\/si\/aktualno\/radovljicanki-navdusili-v-zagrebu\/#article","isPartOf":{"@id":"https:\/\/hudo.com\/si\/aktualno\/radovljicanki-navdusili-v-zagrebu\/"},"author":{"name":"hudo","@id":"https:\/\/hudo.com\/si\/#\/schema\/person\/601cf3379633985b20f7e50f2bb47707"},"headline":"Radovlji\u010danki navdu\u0161ili v Zagrebu","datePublished":"2017-07-08T18:45:00+00:00","dateModified":"2017-07-08T18:45:00+00:00","mainEntityOfPage":{"@id":"https:\/\/hudo.com\/si\/aktualno\/radovljicanki-navdusili-v-zagrebu\/"},"wordCount":142,"publisher":{"@id":"https:\/\/hudo.com\/si\/#organization"},"articleSection":["Aktualno"],"inLanguage":"sl-SI"},{"@type":"WebPage","@id":"https:\/\/hudo.com\/si\/aktualno\/radovljicanki-navdusili-v-zagrebu\/","url":"https:\/\/hudo.com\/si\/aktualno\/radovljicanki-navdusili-v-zagrebu\/","name":"Radovlji\u010danki navdu\u0161ili v Zagrebu - Hudo Slovenija","isPartOf":{"@id":"https:\/\/hudo.com\/si\/#website"},"datePublished":"2017-07-08T18:45:00+00:00","dateModified":"2017-07-08T18:45:00+00:00","breadcrumb":{"@id":"https:\/\/hudo.com\/si\/aktualno\/radovljicanki-navdusili-v-zagrebu\/#breadcrumb"},"inLanguage":"sl-SI","potentialAction":[{"@type":"ReadAction","target":["https:\/\/hudo.com\/si\/aktualno\/radovljicanki-navdusili-v-zagrebu\/"]}]},{"@type":"BreadcrumbList","@id":"https:\/\/hudo.com\/si\/aktualno\/radovljicanki-navdusili-v-zagrebu\/#breadcrumb","itemListElement":[{"@type":"ListItem","position":1,"name":"Home","item":"https:\/\/hudo.com\/si\/"},{"@type":"ListItem","position":2,"name":"Radovlji\u010danki navdu\u0161ili v Zagrebu"}]},{"@type":"WebSite","@id":"https:\/\/hudo.com\/si\/#website","url":"https:\/\/hudo.com\/si\/","name":"Hudo Slovenija","description":"Vse novice iz Slovenije in sveta","publisher":{"@id":"https:\/\/hudo.com\/si\/#organization"},"potentialAction":[{"@type":"SearchAction","target":{"@type":"EntryPoint","urlTemplate":"https:\/\/hudo.com\/si\/?s={search_term_string}"},"query-input":"required name=search_term_string"}],"inLanguage":"sl-SI"},{"@type":"Organization","@id":"https:\/\/hudo.com\/si\/#organization","name":"VSN Media","url":"https:\/\/hudo.com\/si\/","logo":{"@type":"ImageObject","inLanguage":"sl-SI","@id":"https:\/\/hudo.com\/si\/#\/schema\/logo\/image\/","url":"https:\/\/hudo.com\/si\/wp-content\/uploads\/sites\/2\/2021\/03\/hudo-app-2.png","contentUrl":"https:\/\/hudo.com\/si\/wp-content\/uploads\/sites\/2\/2021\/03\/hudo-app-2.png","width":2185,"height":2167,"caption":"VSN Media"},"image":{"@id":"https:\/\/hudo.com\/si\/#\/schema\/logo\/image\/"},"sameAs":["https:\/\/www.facebook.com\/hudo.si","https:\/\/twitter.com\/hudo_si"]},{"@type":"Person","@id":"https:\/\/hudo.com\/si\/#\/schema\/person\/601cf3379633985b20f7e50f2bb47707","name":"hudo","image":{"@type":"ImageObject","inLanguage":"sl-SI","@id":"https:\/\/hudo.com\/si\/#\/schema\/person\/image\/","url":"https:\/\/secure.gravatar.com\/avatar\/c4ca25fa72cace7a696b52ff5db9e095?s=96&d=mm&r=g","contentUrl":"https:\/\/secure.gravatar.com\/avatar\/c4ca25fa72cace7a696b52ff5db9e095?s=96&d=mm&r=g","caption":"hudo"},"url":"https:\/\/hudo.com\/si\/author\/hudo\/"}]}},"amp_enabled":true,"_links":{"self":[{"href":"https:\/\/hudo.com\/si\/wp-json\/wp\/v2\/posts\/274870"}],"collection":[{"href":"https:\/\/hudo.com\/si\/wp-json\/wp\/v2\/posts"}],"about":[{"href":"https:\/\/hudo.com\/si\/wp-json\/wp\/v2\/types\/post"}],"author":[{"embeddable":true,"href":"https:\/\/hudo.com\/si\/wp-json\/wp\/v2\/users\/1"}],"replies":[{"embeddable":true,"href":"https:\/\/hudo.com\/si\/wp-json\/wp\/v2\/comments?post=274870"}],"version-history":[{"count":0,"href":"https:\/\/hudo.com\/si\/wp-json\/wp\/v2\/posts\/274870\/revisions"}],"wp:attachment":[{"href":"https:\/\/hudo.com\/si\/wp-json\/wp\/v2\/media?parent=274870"}],"wp:term":[{"taxonomy":"category","embeddable":true,"href":"https:\/\/hudo.com\/si\/wp-json\/wp\/v2\/categories?post=274870"},{"taxonomy":"post_tag","embeddable":true,"href":"https:\/\/hudo.com\/si\/wp-json\/wp\/v2\/tags?post=274870"},{"taxonomy":"source","embeddable":true,"href":"https:\/\/hudo.com\/si\/wp-json\/wp\/v2\/source?post=274870"},{"taxonomy":"supertag","embeddable":true,"href":"https:\/\/hudo.com\/si\/wp-json\/wp\/v2\/supertag?post=274870"}],"curies":[{"name":"wp","href":"https:\/\/api.w.org\/{rel}","templated":true}]}}