{"id":274908,"date":"2017-07-09T05:35:00","date_gmt":"2017-07-09T03:35:00","guid":{"rendered":"http:\/\/hudo.com\/si\/2017\/07\/09\/dokazala-sem-da-znam-kljub-slabsi-pripravljenosti-vrhunsko-odplezati\/"},"modified":"2017-07-09T05:35:00","modified_gmt":"2017-07-09T03:35:00","slug":"dokazala-sem-da-znam-kljub-slabsi-pripravljenosti-vrhunsko-odplezati","status":"publish","type":"post","link":"https:\/\/hudo.com\/si\/aktualno\/dokazala-sem-da-znam-kljub-slabsi-pripravljenosti-vrhunsko-odplezati\/","title":{"rendered":"\u00bbDokazala sem, da znam kljub slab\u0161i pripravljenosti vrhunsko odplezati\u00ab"},"content":{"rendered":"<p>Kategorija: Drugi \u0161porti Sun, 09 Jul 2017 07:35:00 +0200  Villars &#8211; Slovenska reprezentanca v \u0161portnem plezanju podira mejnike. Potem ko je odli\u010dno nastopala \u017ee v balvanskem delu sezone svetovnega pokala, je tudi v te\u017eavnostnega vstopila sanjsko in \u0161ampionsko. Na uvodni preizku\u0161nji v \u0161vicarskem Villarsu so se vsi trije finalisti zavihteli na vsaj drugo mesto, kar je dose\u017eek brez primere. Janja Garnbret je zmagala, njen sr\u010dni izbranec Domen \u0160kofic in evropska podprvakinja Mina Markovi\u010d pa sta zasedla drugi mesti. Vrhunski \u0161tart lahko trojica potrdi \u017ee prihodnji konec tedna v Franciji. \u00bb\u010ceprav v eni smeri nisem pokazala vsega, sem bila zadovoljna s kvalifikacijami. V polfinalu se mi je primerila manj\u0161a napakica, saj sem se u\u0161tela glede pravega zaporedja &#8216;grifov&#8217; in posledi\u010dno padla. Pred finalom sem si rekla, da se moram sprostiti in odplezati tako, kot znam, in posre\u010dilo se mi je. Dokazala\u00a0&#8230;<\/p>\n","protected":false},"excerpt":{"rendered":"<p>Kategorija: Drugi \u0161porti Sun, 09 Jul 2017 07:35:00 +0200  Villars &#8211; Slovenska reprezentanca v \u0161portnem plezanju podira mejnike. Potem ko je odli\u010dno nastopala \u017ee v balvanskem delu sezone svetovnega pokala, je tudi v te\u017eavnostnega vstopila sanjsko in \u0161ampionsko. Na uvodni preizku\u0161nji v \u0161vicarskem Villarsu so se vsi trije finalisti zavihteli na vsaj drugo mesto, kar je dose\u017eek brez primere. Janja Garnbret je zmagala, njen sr\u010dni izbranec Domen \u0160kofic in evropska podprvakinja Mina Markovi\u010d pa sta zasedla drugi mesti. Vrhunski \u0161tart lahko trojica potrdi \u017ee prihodnji konec tedna v Franciji. \u00bb\u010ceprav v eni smeri nisem pokazala vsega, sem bila zadovoljna s kvalifikacijami. V polfinalu se mi je primerila manj\u0161a napakica, saj sem se u\u0161tela glede pravega zaporedja &#8216;grifov&#8217; in posledi\u010dno padla. Pred finalom sem si rekla, da se moram sprostiti in odplezati tako, kot znam, in posre\u010dilo se mi je. Dokazala\u00a0&#8230;<\/p>\n","protected":false},"author":1,"featured_media":0,"comment_status":"closed","ping_status":"closed","sticky":false,"template":"","format":"standard","meta":{"footnotes":""},"categories":[1179],"tags":[],"source":[1703],"supertag":[],"acf":[],"yoast_head":"<!-- This site is optimized with the Yoast SEO plugin v21.3 - https:\/\/yoast.com\/wordpress\/plugins\/seo\/ -->\n<title>\u00bbDokazala sem, da znam kljub slab\u0161i pripravljenosti vrhunsko odplezati\u00ab - Hudo Slovenija<\/title>\n<meta name=\"robots\" content=\"index, follow, max-snippet:-1, max-image-preview:large, max-video-preview:-1\" \/>\n<link rel=\"canonical\" href=\"https:\/\/hudo.com\/si\/aktualno\/dokazala-sem-da-znam-kljub-slabsi-pripravljenosti-vrhunsko-odplezati\/\" \/>\n<meta property=\"og:locale\" content=\"sl_SI\" \/>\n<meta property=\"og:type\" content=\"article\" \/>\n<meta property=\"og:title\" content=\"\u00bbDokazala sem, da znam kljub slab\u0161i pripravljenosti vrhunsko odplezati\u00ab - Hudo Slovenija\" \/>\n<meta property=\"og:description\" content=\"Kategorija: Drugi \u0161porti Sun, 09 Jul 2017 07:35:00 +0200 Villars - Slovenska reprezentanca v \u0161portnem plezanju podira mejnike. Potem ko je odli\u010dno nastopala \u017ee v balvanskem delu sezone svetovnega pokala, je tudi v te\u017eavnostnega vstopila sanjsko in \u0161ampionsko. Na uvodni preizku\u0161nji v \u0161vicarskem Villarsu so se vsi trije finalisti zavihteli na vsaj drugo mesto, kar je dose\u017eek brez primere. Janja Garnbret je zmagala, njen sr\u010dni izbranec Domen \u0160kofic in evropska podprvakinja Mina Markovi\u010d pa sta zasedla drugi mesti. Vrhunski \u0161tart lahko trojica potrdi \u017ee prihodnji konec tedna v Franciji. \u00bb\u010ceprav v eni smeri nisem pokazala vsega, sem bila zadovoljna s kvalifikacijami. V polfinalu se mi je primerila manj\u0161a napakica, saj sem se u\u0161tela glede pravega zaporedja &#039;grifov&#039; in posledi\u010dno padla. Pred finalom sem si rekla, da se moram sprostiti in odplezati tako, kot znam, in posre\u010dilo se mi je. Dokazala\u00a0...\" \/>\n<meta property=\"og:url\" content=\"https:\/\/hudo.com\/si\/aktualno\/dokazala-sem-da-znam-kljub-slabsi-pripravljenosti-vrhunsko-odplezati\/\" \/>\n<meta property=\"og:site_name\" content=\"Hudo Slovenija\" \/>\n<meta property=\"article:publisher\" content=\"https:\/\/www.facebook.com\/hudo.si\" \/>\n<meta property=\"article:published_time\" content=\"2017-07-09T03:35:00+00:00\" \/>\n<meta property=\"og:image\" content=\"https:\/\/hudo.com\/si\/wp-content\/uploads\/sites\/2\/2017\/07\/480x290_djvu_2394905_janezp_ima-plezalci.jpeg\" \/>\n\t<meta property=\"og:image:width\" content=\"480\" \/>\n\t<meta property=\"og:image:height\" content=\"290\" \/>\n\t<meta property=\"og:image:type\" content=\"image\/jpeg\" \/>\n<meta name=\"author\" content=\"hudo\" \/>\n<meta name=\"twitter:card\" content=\"summary_large_image\" \/>\n<meta name=\"twitter:creator\" content=\"@hudo_si\" \/>\n<meta name=\"twitter:site\" content=\"@hudo_si\" \/>\n<meta name=\"twitter:label1\" content=\"Written by\" \/>\n\t<meta name=\"twitter:data1\" content=\"hudo\" \/>\n\t<meta name=\"twitter:label2\" content=\"Est. reading time\" \/>\n\t<meta name=\"twitter:data2\" content=\"1 minuta\" \/>\n<script type=\"application\/ld+json\" class=\"yoast-schema-graph\">{\"@context\":\"https:\/\/schema.org\",\"@graph\":[{\"@type\":\"Article\",\"@id\":\"https:\/\/hudo.com\/si\/aktualno\/dokazala-sem-da-znam-kljub-slabsi-pripravljenosti-vrhunsko-odplezati\/#article\",\"isPartOf\":{\"@id\":\"https:\/\/hudo.com\/si\/aktualno\/dokazala-sem-da-znam-kljub-slabsi-pripravljenosti-vrhunsko-odplezati\/\"},\"author\":{\"name\":\"hudo\",\"@id\":\"https:\/\/hudo.com\/si\/#\/schema\/person\/601cf3379633985b20f7e50f2bb47707\"},\"headline\":\"\u00bbDokazala sem, da znam kljub slab\u0161i pripravljenosti vrhunsko odplezati\u00ab\",\"datePublished\":\"2017-07-09T03:35:00+00:00\",\"dateModified\":\"2017-07-09T03:35:00+00:00\",\"mainEntityOfPage\":{\"@id\":\"https:\/\/hudo.com\/si\/aktualno\/dokazala-sem-da-znam-kljub-slabsi-pripravljenosti-vrhunsko-odplezati\/\"},\"wordCount\":155,\"publisher\":{\"@id\":\"https:\/\/hudo.com\/si\/#organization\"},\"articleSection\":[\"Aktualno\"],\"inLanguage\":\"sl-SI\"},{\"@type\":\"WebPage\",\"@id\":\"https:\/\/hudo.com\/si\/aktualno\/dokazala-sem-da-znam-kljub-slabsi-pripravljenosti-vrhunsko-odplezati\/\",\"url\":\"https:\/\/hudo.com\/si\/aktualno\/dokazala-sem-da-znam-kljub-slabsi-pripravljenosti-vrhunsko-odplezati\/\",\"name\":\"\u00bbDokazala sem, da znam kljub slab\u0161i pripravljenosti vrhunsko odplezati\u00ab - Hudo Slovenija\",\"isPartOf\":{\"@id\":\"https:\/\/hudo.com\/si\/#website\"},\"datePublished\":\"2017-07-09T03:35:00+00:00\",\"dateModified\":\"2017-07-09T03:35:00+00:00\",\"breadcrumb\":{\"@id\":\"https:\/\/hudo.com\/si\/aktualno\/dokazala-sem-da-znam-kljub-slabsi-pripravljenosti-vrhunsko-odplezati\/#breadcrumb\"},\"inLanguage\":\"sl-SI\",\"potentialAction\":[{\"@type\":\"ReadAction\",\"target\":[\"https:\/\/hudo.com\/si\/aktualno\/dokazala-sem-da-znam-kljub-slabsi-pripravljenosti-vrhunsko-odplezati\/\"]}]},{\"@type\":\"BreadcrumbList\",\"@id\":\"https:\/\/hudo.com\/si\/aktualno\/dokazala-sem-da-znam-kljub-slabsi-pripravljenosti-vrhunsko-odplezati\/#breadcrumb\",\"itemListElement\":[{\"@type\":\"ListItem\",\"position\":1,\"name\":\"Home\",\"item\":\"https:\/\/hudo.com\/si\/\"},{\"@type\":\"ListItem\",\"position\":2,\"name\":\"\u00bbDokazala sem, da znam kljub slab\u0161i pripravljenosti vrhunsko odplezati\u00ab\"}]},{\"@type\":\"WebSite\",\"@id\":\"https:\/\/hudo.com\/si\/#website\",\"url\":\"https:\/\/hudo.com\/si\/\",\"name\":\"Hudo Slovenija\",\"description\":\"Vse novice iz Slovenije in sveta\",\"publisher\":{\"@id\":\"https:\/\/hudo.com\/si\/#organization\"},\"potentialAction\":[{\"@type\":\"SearchAction\",\"target\":{\"@type\":\"EntryPoint\",\"urlTemplate\":\"https:\/\/hudo.com\/si\/?s={search_term_string}\"},\"query-input\":\"required name=search_term_string\"}],\"inLanguage\":\"sl-SI\"},{\"@type\":\"Organization\",\"@id\":\"https:\/\/hudo.com\/si\/#organization\",\"name\":\"VSN Media\",\"url\":\"https:\/\/hudo.com\/si\/\",\"logo\":{\"@type\":\"ImageObject\",\"inLanguage\":\"sl-SI\",\"@id\":\"https:\/\/hudo.com\/si\/#\/schema\/logo\/image\/\",\"url\":\"https:\/\/hudo.com\/si\/wp-content\/uploads\/sites\/2\/2021\/03\/hudo-app-2.png\",\"contentUrl\":\"https:\/\/hudo.com\/si\/wp-content\/uploads\/sites\/2\/2021\/03\/hudo-app-2.png\",\"width\":2185,\"height\":2167,\"caption\":\"VSN Media\"},\"image\":{\"@id\":\"https:\/\/hudo.com\/si\/#\/schema\/logo\/image\/\"},\"sameAs\":[\"https:\/\/www.facebook.com\/hudo.si\",\"https:\/\/twitter.com\/hudo_si\"]},{\"@type\":\"Person\",\"@id\":\"https:\/\/hudo.com\/si\/#\/schema\/person\/601cf3379633985b20f7e50f2bb47707\",\"name\":\"hudo\",\"image\":{\"@type\":\"ImageObject\",\"inLanguage\":\"sl-SI\",\"@id\":\"https:\/\/hudo.com\/si\/#\/schema\/person\/image\/\",\"url\":\"https:\/\/secure.gravatar.com\/avatar\/c4ca25fa72cace7a696b52ff5db9e095?s=96&d=mm&r=g\",\"contentUrl\":\"https:\/\/secure.gravatar.com\/avatar\/c4ca25fa72cace7a696b52ff5db9e095?s=96&d=mm&r=g\",\"caption\":\"hudo\"},\"url\":\"https:\/\/hudo.com\/si\/author\/hudo\/\"}]}<\/script>\n<!-- \/ Yoast SEO plugin. -->","yoast_head_json":{"title":"\u00bbDokazala sem, da znam kljub slab\u0161i pripravljenosti vrhunsko odplezati\u00ab - Hudo Slovenija","robots":{"index":"index","follow":"follow","max-snippet":"max-snippet:-1","max-image-preview":"max-image-preview:large","max-video-preview":"max-video-preview:-1"},"canonical":"https:\/\/hudo.com\/si\/aktualno\/dokazala-sem-da-znam-kljub-slabsi-pripravljenosti-vrhunsko-odplezati\/","og_locale":"sl_SI","og_type":"article","og_title":"\u00bbDokazala sem, da znam kljub slab\u0161i pripravljenosti vrhunsko odplezati\u00ab - Hudo Slovenija","og_description":"Kategorija: Drugi \u0161porti Sun, 09 Jul 2017 07:35:00 +0200 Villars - Slovenska reprezentanca v \u0161portnem plezanju podira mejnike. Potem ko je odli\u010dno nastopala \u017ee v balvanskem delu sezone svetovnega pokala, je tudi v te\u017eavnostnega vstopila sanjsko in \u0161ampionsko. Na uvodni preizku\u0161nji v \u0161vicarskem Villarsu so se vsi trije finalisti zavihteli na vsaj drugo mesto, kar je dose\u017eek brez primere. Janja Garnbret je zmagala, njen sr\u010dni izbranec Domen \u0160kofic in evropska podprvakinja Mina Markovi\u010d pa sta zasedla drugi mesti. Vrhunski \u0161tart lahko trojica potrdi \u017ee prihodnji konec tedna v Franciji. \u00bb\u010ceprav v eni smeri nisem pokazala vsega, sem bila zadovoljna s kvalifikacijami. V polfinalu se mi je primerila manj\u0161a napakica, saj sem se u\u0161tela glede pravega zaporedja 'grifov' in posledi\u010dno padla. Pred finalom sem si rekla, da se moram sprostiti in odplezati tako, kot znam, in posre\u010dilo se mi je. Dokazala\u00a0...","og_url":"https:\/\/hudo.com\/si\/aktualno\/dokazala-sem-da-znam-kljub-slabsi-pripravljenosti-vrhunsko-odplezati\/","og_site_name":"Hudo Slovenija","article_publisher":"https:\/\/www.facebook.com\/hudo.si","article_published_time":"2017-07-09T03:35:00+00:00","og_image":[{"width":480,"height":290,"url":"https:\/\/hudo.com\/si\/wp-content\/uploads\/sites\/2\/2017\/07\/480x290_djvu_2394905_janezp_ima-plezalci.jpeg","type":"image\/jpeg"}],"author":"hudo","twitter_card":"summary_large_image","twitter_creator":"@hudo_si","twitter_site":"@hudo_si","twitter_misc":{"Written by":"hudo","Est. reading time":"1 minuta"},"schema":{"@context":"https:\/\/schema.org","@graph":[{"@type":"Article","@id":"https:\/\/hudo.com\/si\/aktualno\/dokazala-sem-da-znam-kljub-slabsi-pripravljenosti-vrhunsko-odplezati\/#article","isPartOf":{"@id":"https:\/\/hudo.com\/si\/aktualno\/dokazala-sem-da-znam-kljub-slabsi-pripravljenosti-vrhunsko-odplezati\/"},"author":{"name":"hudo","@id":"https:\/\/hudo.com\/si\/#\/schema\/person\/601cf3379633985b20f7e50f2bb47707"},"headline":"\u00bbDokazala sem, da znam kljub slab\u0161i pripravljenosti vrhunsko odplezati\u00ab","datePublished":"2017-07-09T03:35:00+00:00","dateModified":"2017-07-09T03:35:00+00:00","mainEntityOfPage":{"@id":"https:\/\/hudo.com\/si\/aktualno\/dokazala-sem-da-znam-kljub-slabsi-pripravljenosti-vrhunsko-odplezati\/"},"wordCount":155,"publisher":{"@id":"https:\/\/hudo.com\/si\/#organization"},"articleSection":["Aktualno"],"inLanguage":"sl-SI"},{"@type":"WebPage","@id":"https:\/\/hudo.com\/si\/aktualno\/dokazala-sem-da-znam-kljub-slabsi-pripravljenosti-vrhunsko-odplezati\/","url":"https:\/\/hudo.com\/si\/aktualno\/dokazala-sem-da-znam-kljub-slabsi-pripravljenosti-vrhunsko-odplezati\/","name":"\u00bbDokazala sem, da znam kljub slab\u0161i pripravljenosti vrhunsko odplezati\u00ab - Hudo Slovenija","isPartOf":{"@id":"https:\/\/hudo.com\/si\/#website"},"datePublished":"2017-07-09T03:35:00+00:00","dateModified":"2017-07-09T03:35:00+00:00","breadcrumb":{"@id":"https:\/\/hudo.com\/si\/aktualno\/dokazala-sem-da-znam-kljub-slabsi-pripravljenosti-vrhunsko-odplezati\/#breadcrumb"},"inLanguage":"sl-SI","potentialAction":[{"@type":"ReadAction","target":["https:\/\/hudo.com\/si\/aktualno\/dokazala-sem-da-znam-kljub-slabsi-pripravljenosti-vrhunsko-odplezati\/"]}]},{"@type":"BreadcrumbList","@id":"https:\/\/hudo.com\/si\/aktualno\/dokazala-sem-da-znam-kljub-slabsi-pripravljenosti-vrhunsko-odplezati\/#breadcrumb","itemListElement":[{"@type":"ListItem","position":1,"name":"Home","item":"https:\/\/hudo.com\/si\/"},{"@type":"ListItem","position":2,"name":"\u00bbDokazala sem, da znam kljub slab\u0161i pripravljenosti vrhunsko odplezati\u00ab"}]},{"@type":"WebSite","@id":"https:\/\/hudo.com\/si\/#website","url":"https:\/\/hudo.com\/si\/","name":"Hudo Slovenija","description":"Vse novice iz Slovenije in sveta","publisher":{"@id":"https:\/\/hudo.com\/si\/#organization"},"potentialAction":[{"@type":"SearchAction","target":{"@type":"EntryPoint","urlTemplate":"https:\/\/hudo.com\/si\/?s={search_term_string}"},"query-input":"required name=search_term_string"}],"inLanguage":"sl-SI"},{"@type":"Organization","@id":"https:\/\/hudo.com\/si\/#organization","name":"VSN Media","url":"https:\/\/hudo.com\/si\/","logo":{"@type":"ImageObject","inLanguage":"sl-SI","@id":"https:\/\/hudo.com\/si\/#\/schema\/logo\/image\/","url":"https:\/\/hudo.com\/si\/wp-content\/uploads\/sites\/2\/2021\/03\/hudo-app-2.png","contentUrl":"https:\/\/hudo.com\/si\/wp-content\/uploads\/sites\/2\/2021\/03\/hudo-app-2.png","width":2185,"height":2167,"caption":"VSN Media"},"image":{"@id":"https:\/\/hudo.com\/si\/#\/schema\/logo\/image\/"},"sameAs":["https:\/\/www.facebook.com\/hudo.si","https:\/\/twitter.com\/hudo_si"]},{"@type":"Person","@id":"https:\/\/hudo.com\/si\/#\/schema\/person\/601cf3379633985b20f7e50f2bb47707","name":"hudo","image":{"@type":"ImageObject","inLanguage":"sl-SI","@id":"https:\/\/hudo.com\/si\/#\/schema\/person\/image\/","url":"https:\/\/secure.gravatar.com\/avatar\/c4ca25fa72cace7a696b52ff5db9e095?s=96&d=mm&r=g","contentUrl":"https:\/\/secure.gravatar.com\/avatar\/c4ca25fa72cace7a696b52ff5db9e095?s=96&d=mm&r=g","caption":"hudo"},"url":"https:\/\/hudo.com\/si\/author\/hudo\/"}]}},"amp_enabled":true,"_links":{"self":[{"href":"https:\/\/hudo.com\/si\/wp-json\/wp\/v2\/posts\/274908"}],"collection":[{"href":"https:\/\/hudo.com\/si\/wp-json\/wp\/v2\/posts"}],"about":[{"href":"https:\/\/hudo.com\/si\/wp-json\/wp\/v2\/types\/post"}],"author":[{"embeddable":true,"href":"https:\/\/hudo.com\/si\/wp-json\/wp\/v2\/users\/1"}],"replies":[{"embeddable":true,"href":"https:\/\/hudo.com\/si\/wp-json\/wp\/v2\/comments?post=274908"}],"version-history":[{"count":0,"href":"https:\/\/hudo.com\/si\/wp-json\/wp\/v2\/posts\/274908\/revisions"}],"wp:attachment":[{"href":"https:\/\/hudo.com\/si\/wp-json\/wp\/v2\/media?parent=274908"}],"wp:term":[{"taxonomy":"category","embeddable":true,"href":"https:\/\/hudo.com\/si\/wp-json\/wp\/v2\/categories?post=274908"},{"taxonomy":"post_tag","embeddable":true,"href":"https:\/\/hudo.com\/si\/wp-json\/wp\/v2\/tags?post=274908"},{"taxonomy":"source","embeddable":true,"href":"https:\/\/hudo.com\/si\/wp-json\/wp\/v2\/source?post=274908"},{"taxonomy":"supertag","embeddable":true,"href":"https:\/\/hudo.com\/si\/wp-json\/wp\/v2\/supertag?post=274908"}],"curies":[{"name":"wp","href":"https:\/\/api.w.org\/{rel}","templated":true}]}}