{"id":275615,"date":"2017-07-11T06:24:00","date_gmt":"2017-07-11T04:24:00","guid":{"rendered":"http:\/\/hudo.com\/si\/2017\/07\/11\/glusiceva-in-selak-uvodoma-korak-pred-konkurenco\/"},"modified":"2017-07-11T06:24:00","modified_gmt":"2017-07-11T04:24:00","slug":"glusiceva-in-selak-uvodoma-korak-pred-konkurenco","status":"publish","type":"post","link":"https:\/\/hudo.com\/si\/aktualno\/glusiceva-in-selak-uvodoma-korak-pred-konkurenco\/","title":{"rendered":"Glu\u0161i\u010deva in Selak uvodoma korak pred konkurenco"},"content":{"rendered":"<p>Kategorija: Drugi \u0161porti Tue, 11 Jul 2017 08:24:00 +0200  Imst &#8211; \u010clana slovenske paraplezalne reprezentance Tanja Glu\u0161i\u010d (Ravne) in Gregor Selak (Gre gor) sta odli\u010dno odprla sezono s prepri\u010dljivima zmagama na tradicionalnem mastersu v Imstu. Ta je vselej odli\u010dno obiskan in poteka v \u0161e bolj spro\u0161\u010denem ozra\u010dju kot preizku\u0161nje svetovnega pokala. Na dvodnevnem tekmovanju se vsi udele\u017eenci pomerijo v \u0161estih smereh. \u00bbGre za pravi plezalni praznik, na katerem se lahko vsi prepri\u010dajo, da na\u0161 \u0161port resni\u010dno ne pozna omejitev in da tudi paraplezalce \u017eenejo ista strast, motivacija in iskanje popolnega gibanja navzgor. V mo\u010dni konkurenci dr\u017eav od Irana do Indije in prek cele Evrope &#8211; z izjemo francoske ekipe &#8211; smo tudi Slovenci vnovi\u010d dokazali, kaj pomenimo v plezanju,\u00ab se je upravi\u010deno smejalo selektorju Juriju Ravniku. \u00bbTako Tanja kot Gregor sta sezono za\u010dela dominantno z zmagama in izjemnim plezanjem. Gregor je\u00a0&#8230;<\/p>\n","protected":false},"excerpt":{"rendered":"<p>Kategorija: Drugi \u0161porti Tue, 11 Jul 2017 08:24:00 +0200  Imst &#8211; \u010clana slovenske paraplezalne reprezentance Tanja Glu\u0161i\u010d (Ravne) in Gregor Selak (Gre gor) sta odli\u010dno odprla sezono s prepri\u010dljivima zmagama na tradicionalnem mastersu v Imstu. Ta je vselej odli\u010dno obiskan in poteka v \u0161e bolj spro\u0161\u010denem ozra\u010dju kot preizku\u0161nje svetovnega pokala. Na dvodnevnem tekmovanju se vsi udele\u017eenci pomerijo v \u0161estih smereh. \u00bbGre za pravi plezalni praznik, na katerem se lahko vsi prepri\u010dajo, da na\u0161 \u0161port resni\u010dno ne pozna omejitev in da tudi paraplezalce \u017eenejo ista strast, motivacija in iskanje popolnega gibanja navzgor. V mo\u010dni konkurenci dr\u017eav od Irana do Indije in prek cele Evrope &#8211; z izjemo francoske ekipe &#8211; smo tudi Slovenci vnovi\u010d dokazali, kaj pomenimo v plezanju,\u00ab se je upravi\u010deno smejalo selektorju Juriju Ravniku. \u00bbTako Tanja kot Gregor sta sezono za\u010dela dominantno z zmagama in izjemnim plezanjem. Gregor je\u00a0&#8230;<\/p>\n","protected":false},"author":1,"featured_media":0,"comment_status":"closed","ping_status":"closed","sticky":false,"template":"","format":"standard","meta":{"footnotes":""},"categories":[1179],"tags":[],"source":[1703],"supertag":[],"acf":[],"yoast_head":"<!-- This site is optimized with the Yoast SEO plugin v21.3 - https:\/\/yoast.com\/wordpress\/plugins\/seo\/ -->\n<title>Glu\u0161i\u010deva in Selak uvodoma korak pred konkurenco - Hudo Slovenija<\/title>\n<meta name=\"robots\" content=\"index, follow, max-snippet:-1, max-image-preview:large, max-video-preview:-1\" \/>\n<link rel=\"canonical\" href=\"https:\/\/hudo.com\/si\/aktualno\/glusiceva-in-selak-uvodoma-korak-pred-konkurenco\/\" \/>\n<meta property=\"og:locale\" content=\"sl_SI\" \/>\n<meta property=\"og:type\" content=\"article\" \/>\n<meta property=\"og:title\" content=\"Glu\u0161i\u010deva in Selak uvodoma korak pred konkurenco - Hudo Slovenija\" \/>\n<meta property=\"og:description\" content=\"Kategorija: Drugi \u0161porti Tue, 11 Jul 2017 08:24:00 +0200 Imst - \u010clana slovenske paraplezalne reprezentance Tanja Glu\u0161i\u010d (Ravne) in Gregor Selak (Gre gor) sta odli\u010dno odprla sezono s prepri\u010dljivima zmagama na tradicionalnem mastersu v Imstu. Ta je vselej odli\u010dno obiskan in poteka v \u0161e bolj spro\u0161\u010denem ozra\u010dju kot preizku\u0161nje svetovnega pokala. Na dvodnevnem tekmovanju se vsi udele\u017eenci pomerijo v \u0161estih smereh. \u00bbGre za pravi plezalni praznik, na katerem se lahko vsi prepri\u010dajo, da na\u0161 \u0161port resni\u010dno ne pozna omejitev in da tudi paraplezalce \u017eenejo ista strast, motivacija in iskanje popolnega gibanja navzgor. V mo\u010dni konkurenci dr\u017eav od Irana do Indije in prek cele Evrope - z izjemo francoske ekipe - smo tudi Slovenci vnovi\u010d dokazali, kaj pomenimo v plezanju,\u00ab se je upravi\u010deno smejalo selektorju Juriju Ravniku. \u00bbTako Tanja kot Gregor sta sezono za\u010dela dominantno z zmagama in izjemnim plezanjem. Gregor je\u00a0...\" \/>\n<meta property=\"og:url\" content=\"https:\/\/hudo.com\/si\/aktualno\/glusiceva-in-selak-uvodoma-korak-pred-konkurenco\/\" \/>\n<meta property=\"og:site_name\" content=\"Hudo Slovenija\" \/>\n<meta property=\"article:publisher\" content=\"https:\/\/www.facebook.com\/hudo.si\" \/>\n<meta property=\"article:published_time\" content=\"2017-07-11T04:24:00+00:00\" \/>\n<meta property=\"og:image\" content=\"https:\/\/hudo.com\/si\/wp-content\/uploads\/sites\/2\/2017\/07\/480x290_djvu_2394940_janezp_vidic-plezalci.jpeg\" \/>\n\t<meta property=\"og:image:width\" content=\"480\" \/>\n\t<meta property=\"og:image:height\" content=\"290\" \/>\n\t<meta property=\"og:image:type\" content=\"image\/jpeg\" \/>\n<meta name=\"author\" content=\"hudo\" \/>\n<meta name=\"twitter:card\" content=\"summary_large_image\" \/>\n<meta name=\"twitter:creator\" content=\"@hudo_si\" \/>\n<meta name=\"twitter:site\" content=\"@hudo_si\" \/>\n<meta name=\"twitter:label1\" content=\"Written by\" \/>\n\t<meta name=\"twitter:data1\" content=\"hudo\" \/>\n\t<meta name=\"twitter:label2\" content=\"Est. reading time\" \/>\n\t<meta name=\"twitter:data2\" content=\"1 minuta\" \/>\n<script type=\"application\/ld+json\" class=\"yoast-schema-graph\">{\"@context\":\"https:\/\/schema.org\",\"@graph\":[{\"@type\":\"Article\",\"@id\":\"https:\/\/hudo.com\/si\/aktualno\/glusiceva-in-selak-uvodoma-korak-pred-konkurenco\/#article\",\"isPartOf\":{\"@id\":\"https:\/\/hudo.com\/si\/aktualno\/glusiceva-in-selak-uvodoma-korak-pred-konkurenco\/\"},\"author\":{\"name\":\"hudo\",\"@id\":\"https:\/\/hudo.com\/si\/#\/schema\/person\/601cf3379633985b20f7e50f2bb47707\"},\"headline\":\"Glu\u0161i\u010deva in Selak uvodoma korak pred konkurenco\",\"datePublished\":\"2017-07-11T04:24:00+00:00\",\"dateModified\":\"2017-07-11T04:24:00+00:00\",\"mainEntityOfPage\":{\"@id\":\"https:\/\/hudo.com\/si\/aktualno\/glusiceva-in-selak-uvodoma-korak-pred-konkurenco\/\"},\"wordCount\":160,\"publisher\":{\"@id\":\"https:\/\/hudo.com\/si\/#organization\"},\"articleSection\":[\"Aktualno\"],\"inLanguage\":\"sl-SI\"},{\"@type\":\"WebPage\",\"@id\":\"https:\/\/hudo.com\/si\/aktualno\/glusiceva-in-selak-uvodoma-korak-pred-konkurenco\/\",\"url\":\"https:\/\/hudo.com\/si\/aktualno\/glusiceva-in-selak-uvodoma-korak-pred-konkurenco\/\",\"name\":\"Glu\u0161i\u010deva in Selak uvodoma korak pred konkurenco - Hudo Slovenija\",\"isPartOf\":{\"@id\":\"https:\/\/hudo.com\/si\/#website\"},\"datePublished\":\"2017-07-11T04:24:00+00:00\",\"dateModified\":\"2017-07-11T04:24:00+00:00\",\"breadcrumb\":{\"@id\":\"https:\/\/hudo.com\/si\/aktualno\/glusiceva-in-selak-uvodoma-korak-pred-konkurenco\/#breadcrumb\"},\"inLanguage\":\"sl-SI\",\"potentialAction\":[{\"@type\":\"ReadAction\",\"target\":[\"https:\/\/hudo.com\/si\/aktualno\/glusiceva-in-selak-uvodoma-korak-pred-konkurenco\/\"]}]},{\"@type\":\"BreadcrumbList\",\"@id\":\"https:\/\/hudo.com\/si\/aktualno\/glusiceva-in-selak-uvodoma-korak-pred-konkurenco\/#breadcrumb\",\"itemListElement\":[{\"@type\":\"ListItem\",\"position\":1,\"name\":\"Home\",\"item\":\"https:\/\/hudo.com\/si\/\"},{\"@type\":\"ListItem\",\"position\":2,\"name\":\"Glu\u0161i\u010deva in Selak uvodoma korak pred konkurenco\"}]},{\"@type\":\"WebSite\",\"@id\":\"https:\/\/hudo.com\/si\/#website\",\"url\":\"https:\/\/hudo.com\/si\/\",\"name\":\"Hudo Slovenija\",\"description\":\"Vse novice iz Slovenije in sveta\",\"publisher\":{\"@id\":\"https:\/\/hudo.com\/si\/#organization\"},\"potentialAction\":[{\"@type\":\"SearchAction\",\"target\":{\"@type\":\"EntryPoint\",\"urlTemplate\":\"https:\/\/hudo.com\/si\/?s={search_term_string}\"},\"query-input\":\"required name=search_term_string\"}],\"inLanguage\":\"sl-SI\"},{\"@type\":\"Organization\",\"@id\":\"https:\/\/hudo.com\/si\/#organization\",\"name\":\"VSN Media\",\"url\":\"https:\/\/hudo.com\/si\/\",\"logo\":{\"@type\":\"ImageObject\",\"inLanguage\":\"sl-SI\",\"@id\":\"https:\/\/hudo.com\/si\/#\/schema\/logo\/image\/\",\"url\":\"https:\/\/hudo.com\/si\/wp-content\/uploads\/sites\/2\/2021\/03\/hudo-app-2.png\",\"contentUrl\":\"https:\/\/hudo.com\/si\/wp-content\/uploads\/sites\/2\/2021\/03\/hudo-app-2.png\",\"width\":2185,\"height\":2167,\"caption\":\"VSN Media\"},\"image\":{\"@id\":\"https:\/\/hudo.com\/si\/#\/schema\/logo\/image\/\"},\"sameAs\":[\"https:\/\/www.facebook.com\/hudo.si\",\"https:\/\/twitter.com\/hudo_si\"]},{\"@type\":\"Person\",\"@id\":\"https:\/\/hudo.com\/si\/#\/schema\/person\/601cf3379633985b20f7e50f2bb47707\",\"name\":\"hudo\",\"image\":{\"@type\":\"ImageObject\",\"inLanguage\":\"sl-SI\",\"@id\":\"https:\/\/hudo.com\/si\/#\/schema\/person\/image\/\",\"url\":\"https:\/\/secure.gravatar.com\/avatar\/c4ca25fa72cace7a696b52ff5db9e095?s=96&d=mm&r=g\",\"contentUrl\":\"https:\/\/secure.gravatar.com\/avatar\/c4ca25fa72cace7a696b52ff5db9e095?s=96&d=mm&r=g\",\"caption\":\"hudo\"},\"url\":\"https:\/\/hudo.com\/si\/author\/hudo\/\"}]}<\/script>\n<!-- \/ Yoast SEO plugin. -->","yoast_head_json":{"title":"Glu\u0161i\u010deva in Selak uvodoma korak pred konkurenco - Hudo Slovenija","robots":{"index":"index","follow":"follow","max-snippet":"max-snippet:-1","max-image-preview":"max-image-preview:large","max-video-preview":"max-video-preview:-1"},"canonical":"https:\/\/hudo.com\/si\/aktualno\/glusiceva-in-selak-uvodoma-korak-pred-konkurenco\/","og_locale":"sl_SI","og_type":"article","og_title":"Glu\u0161i\u010deva in Selak uvodoma korak pred konkurenco - Hudo Slovenija","og_description":"Kategorija: Drugi \u0161porti Tue, 11 Jul 2017 08:24:00 +0200 Imst - \u010clana slovenske paraplezalne reprezentance Tanja Glu\u0161i\u010d (Ravne) in Gregor Selak (Gre gor) sta odli\u010dno odprla sezono s prepri\u010dljivima zmagama na tradicionalnem mastersu v Imstu. Ta je vselej odli\u010dno obiskan in poteka v \u0161e bolj spro\u0161\u010denem ozra\u010dju kot preizku\u0161nje svetovnega pokala. Na dvodnevnem tekmovanju se vsi udele\u017eenci pomerijo v \u0161estih smereh. \u00bbGre za pravi plezalni praznik, na katerem se lahko vsi prepri\u010dajo, da na\u0161 \u0161port resni\u010dno ne pozna omejitev in da tudi paraplezalce \u017eenejo ista strast, motivacija in iskanje popolnega gibanja navzgor. V mo\u010dni konkurenci dr\u017eav od Irana do Indije in prek cele Evrope - z izjemo francoske ekipe - smo tudi Slovenci vnovi\u010d dokazali, kaj pomenimo v plezanju,\u00ab se je upravi\u010deno smejalo selektorju Juriju Ravniku. \u00bbTako Tanja kot Gregor sta sezono za\u010dela dominantno z zmagama in izjemnim plezanjem. Gregor je\u00a0...","og_url":"https:\/\/hudo.com\/si\/aktualno\/glusiceva-in-selak-uvodoma-korak-pred-konkurenco\/","og_site_name":"Hudo Slovenija","article_publisher":"https:\/\/www.facebook.com\/hudo.si","article_published_time":"2017-07-11T04:24:00+00:00","og_image":[{"width":480,"height":290,"url":"https:\/\/hudo.com\/si\/wp-content\/uploads\/sites\/2\/2017\/07\/480x290_djvu_2394940_janezp_vidic-plezalci.jpeg","type":"image\/jpeg"}],"author":"hudo","twitter_card":"summary_large_image","twitter_creator":"@hudo_si","twitter_site":"@hudo_si","twitter_misc":{"Written by":"hudo","Est. reading time":"1 minuta"},"schema":{"@context":"https:\/\/schema.org","@graph":[{"@type":"Article","@id":"https:\/\/hudo.com\/si\/aktualno\/glusiceva-in-selak-uvodoma-korak-pred-konkurenco\/#article","isPartOf":{"@id":"https:\/\/hudo.com\/si\/aktualno\/glusiceva-in-selak-uvodoma-korak-pred-konkurenco\/"},"author":{"name":"hudo","@id":"https:\/\/hudo.com\/si\/#\/schema\/person\/601cf3379633985b20f7e50f2bb47707"},"headline":"Glu\u0161i\u010deva in Selak uvodoma korak pred konkurenco","datePublished":"2017-07-11T04:24:00+00:00","dateModified":"2017-07-11T04:24:00+00:00","mainEntityOfPage":{"@id":"https:\/\/hudo.com\/si\/aktualno\/glusiceva-in-selak-uvodoma-korak-pred-konkurenco\/"},"wordCount":160,"publisher":{"@id":"https:\/\/hudo.com\/si\/#organization"},"articleSection":["Aktualno"],"inLanguage":"sl-SI"},{"@type":"WebPage","@id":"https:\/\/hudo.com\/si\/aktualno\/glusiceva-in-selak-uvodoma-korak-pred-konkurenco\/","url":"https:\/\/hudo.com\/si\/aktualno\/glusiceva-in-selak-uvodoma-korak-pred-konkurenco\/","name":"Glu\u0161i\u010deva in Selak uvodoma korak pred konkurenco - Hudo Slovenija","isPartOf":{"@id":"https:\/\/hudo.com\/si\/#website"},"datePublished":"2017-07-11T04:24:00+00:00","dateModified":"2017-07-11T04:24:00+00:00","breadcrumb":{"@id":"https:\/\/hudo.com\/si\/aktualno\/glusiceva-in-selak-uvodoma-korak-pred-konkurenco\/#breadcrumb"},"inLanguage":"sl-SI","potentialAction":[{"@type":"ReadAction","target":["https:\/\/hudo.com\/si\/aktualno\/glusiceva-in-selak-uvodoma-korak-pred-konkurenco\/"]}]},{"@type":"BreadcrumbList","@id":"https:\/\/hudo.com\/si\/aktualno\/glusiceva-in-selak-uvodoma-korak-pred-konkurenco\/#breadcrumb","itemListElement":[{"@type":"ListItem","position":1,"name":"Home","item":"https:\/\/hudo.com\/si\/"},{"@type":"ListItem","position":2,"name":"Glu\u0161i\u010deva in Selak uvodoma korak pred konkurenco"}]},{"@type":"WebSite","@id":"https:\/\/hudo.com\/si\/#website","url":"https:\/\/hudo.com\/si\/","name":"Hudo Slovenija","description":"Vse novice iz Slovenije in sveta","publisher":{"@id":"https:\/\/hudo.com\/si\/#organization"},"potentialAction":[{"@type":"SearchAction","target":{"@type":"EntryPoint","urlTemplate":"https:\/\/hudo.com\/si\/?s={search_term_string}"},"query-input":"required name=search_term_string"}],"inLanguage":"sl-SI"},{"@type":"Organization","@id":"https:\/\/hudo.com\/si\/#organization","name":"VSN Media","url":"https:\/\/hudo.com\/si\/","logo":{"@type":"ImageObject","inLanguage":"sl-SI","@id":"https:\/\/hudo.com\/si\/#\/schema\/logo\/image\/","url":"https:\/\/hudo.com\/si\/wp-content\/uploads\/sites\/2\/2021\/03\/hudo-app-2.png","contentUrl":"https:\/\/hudo.com\/si\/wp-content\/uploads\/sites\/2\/2021\/03\/hudo-app-2.png","width":2185,"height":2167,"caption":"VSN Media"},"image":{"@id":"https:\/\/hudo.com\/si\/#\/schema\/logo\/image\/"},"sameAs":["https:\/\/www.facebook.com\/hudo.si","https:\/\/twitter.com\/hudo_si"]},{"@type":"Person","@id":"https:\/\/hudo.com\/si\/#\/schema\/person\/601cf3379633985b20f7e50f2bb47707","name":"hudo","image":{"@type":"ImageObject","inLanguage":"sl-SI","@id":"https:\/\/hudo.com\/si\/#\/schema\/person\/image\/","url":"https:\/\/secure.gravatar.com\/avatar\/c4ca25fa72cace7a696b52ff5db9e095?s=96&d=mm&r=g","contentUrl":"https:\/\/secure.gravatar.com\/avatar\/c4ca25fa72cace7a696b52ff5db9e095?s=96&d=mm&r=g","caption":"hudo"},"url":"https:\/\/hudo.com\/si\/author\/hudo\/"}]}},"amp_enabled":true,"_links":{"self":[{"href":"https:\/\/hudo.com\/si\/wp-json\/wp\/v2\/posts\/275615"}],"collection":[{"href":"https:\/\/hudo.com\/si\/wp-json\/wp\/v2\/posts"}],"about":[{"href":"https:\/\/hudo.com\/si\/wp-json\/wp\/v2\/types\/post"}],"author":[{"embeddable":true,"href":"https:\/\/hudo.com\/si\/wp-json\/wp\/v2\/users\/1"}],"replies":[{"embeddable":true,"href":"https:\/\/hudo.com\/si\/wp-json\/wp\/v2\/comments?post=275615"}],"version-history":[{"count":0,"href":"https:\/\/hudo.com\/si\/wp-json\/wp\/v2\/posts\/275615\/revisions"}],"wp:attachment":[{"href":"https:\/\/hudo.com\/si\/wp-json\/wp\/v2\/media?parent=275615"}],"wp:term":[{"taxonomy":"category","embeddable":true,"href":"https:\/\/hudo.com\/si\/wp-json\/wp\/v2\/categories?post=275615"},{"taxonomy":"post_tag","embeddable":true,"href":"https:\/\/hudo.com\/si\/wp-json\/wp\/v2\/tags?post=275615"},{"taxonomy":"source","embeddable":true,"href":"https:\/\/hudo.com\/si\/wp-json\/wp\/v2\/source?post=275615"},{"taxonomy":"supertag","embeddable":true,"href":"https:\/\/hudo.com\/si\/wp-json\/wp\/v2\/supertag?post=275615"}],"curies":[{"name":"wp","href":"https:\/\/api.w.org\/{rel}","templated":true}]}}