{"id":275617,"date":"2017-07-11T06:15:00","date_gmt":"2017-07-11T04:15:00","guid":{"rendered":"http:\/\/hudo.com\/si\/2017\/07\/11\/na-avtocesti-povozili-medvedje-mladice\/"},"modified":"2017-07-11T06:15:00","modified_gmt":"2017-07-11T04:15:00","slug":"na-avtocesti-povozili-medvedje-mladice","status":"publish","type":"post","link":"https:\/\/hudo.com\/si\/aktualno\/na-avtocesti-povozili-medvedje-mladice\/","title":{"rendered":"Na avtocesti povozili medvedje mladi\u010de"},"content":{"rendered":"<p>Kategorija: Slovenija Tue, 11 Jul 2017 08:15:00 +0200  Vransko \u2212 Lovsko dru\u017eino Vransko so danes zjutraj obvestili o treh povo\u017eenih medvedjih mladi\u010dih na avtocesti med predorom Lo\u010dica in cestninsko postajo Vransko. Predsednik LD Vransko Florjan Rojnik opozarja, da se lahko na \u0161ir\u0161em obmo\u010dju Vranskega v bli\u017eini avtoceste zadr\u017euje potencialno nevarna medvedka. Na obmo\u010dju Vranskega so medvedi \u017ee ve\u010dkrat posku\u0161ali in doslej tudi uspe\u0161no prehajali avtocesto, na tem obmo\u010dju je namre\u010d avtocesta na ve\u010d odsekih postavljena na stebrih oziroma nadvozih ali te\u010de skozi predore. Rojnik \u0161e pravi, da se je na obmo\u010dju LD Vransko tokrat prvi\u010d zgodila tovrstna nesre\u010da.<\/p>\n","protected":false},"excerpt":{"rendered":"<p>Kategorija: Slovenija Tue, 11 Jul 2017 08:15:00 +0200  Vransko \u2212 Lovsko dru\u017eino Vransko so danes zjutraj obvestili o treh povo\u017eenih medvedjih mladi\u010dih na avtocesti med predorom Lo\u010dica in cestninsko postajo Vransko. Predsednik LD Vransko Florjan Rojnik opozarja, da se lahko na \u0161ir\u0161em obmo\u010dju Vranskega v bli\u017eini avtoceste zadr\u017euje potencialno nevarna medvedka. Na obmo\u010dju Vranskega so medvedi \u017ee ve\u010dkrat posku\u0161ali in doslej tudi uspe\u0161no prehajali avtocesto, na tem obmo\u010dju je namre\u010d avtocesta na ve\u010d odsekih postavljena na stebrih oziroma nadvozih ali te\u010de skozi predore. Rojnik \u0161e pravi, da se je na obmo\u010dju LD Vransko tokrat prvi\u010d zgodila tovrstna nesre\u010da.<\/p>\n","protected":false},"author":1,"featured_media":0,"comment_status":"closed","ping_status":"closed","sticky":false,"template":"","format":"standard","meta":{"footnotes":""},"categories":[1179],"tags":[],"source":[1703],"supertag":[],"acf":[],"yoast_head":"<!-- This site is optimized with the Yoast SEO plugin v21.3 - https:\/\/yoast.com\/wordpress\/plugins\/seo\/ -->\n<title>Na avtocesti povozili medvedje mladi\u010de - Hudo Slovenija<\/title>\n<meta name=\"robots\" content=\"index, follow, max-snippet:-1, max-image-preview:large, max-video-preview:-1\" \/>\n<link rel=\"canonical\" href=\"https:\/\/hudo.com\/si\/aktualno\/na-avtocesti-povozili-medvedje-mladice\/\" \/>\n<meta property=\"og:locale\" content=\"sl_SI\" \/>\n<meta property=\"og:type\" content=\"article\" \/>\n<meta property=\"og:title\" content=\"Na avtocesti povozili medvedje mladi\u010de - Hudo Slovenija\" \/>\n<meta property=\"og:description\" content=\"Kategorija: Slovenija Tue, 11 Jul 2017 08:15:00 +0200 Vransko \u2212 Lovsko dru\u017eino Vransko so danes zjutraj obvestili o treh povo\u017eenih medvedjih mladi\u010dih na avtocesti med predorom Lo\u010dica in cestninsko postajo Vransko. Predsednik LD Vransko Florjan Rojnik opozarja, da se lahko na \u0161ir\u0161em obmo\u010dju Vranskega v bli\u017eini avtoceste zadr\u017euje potencialno nevarna medvedka. Na obmo\u010dju Vranskega so medvedi \u017ee ve\u010dkrat posku\u0161ali in doslej tudi uspe\u0161no prehajali avtocesto, na tem obmo\u010dju je namre\u010d avtocesta na ve\u010d odsekih postavljena na stebrih oziroma nadvozih ali te\u010de skozi predore. Rojnik \u0161e pravi, da se je na obmo\u010dju LD Vransko tokrat prvi\u010d zgodila tovrstna nesre\u010da.\" \/>\n<meta property=\"og:url\" content=\"https:\/\/hudo.com\/si\/aktualno\/na-avtocesti-povozili-medvedje-mladice\/\" \/>\n<meta property=\"og:site_name\" content=\"Hudo Slovenija\" \/>\n<meta property=\"article:publisher\" content=\"https:\/\/www.facebook.com\/hudo.si\" \/>\n<meta property=\"article:published_time\" content=\"2017-07-11T04:15:00+00:00\" \/>\n<meta property=\"og:image\" content=\"https:\/\/hudo.com\/si\/wp-content\/uploads\/sites\/2\/2017\/07\/480x290_djvu_2147576_fabjanm_lvu-Medved.jpeg\" \/>\n\t<meta property=\"og:image:width\" content=\"480\" \/>\n\t<meta property=\"og:image:height\" content=\"290\" \/>\n\t<meta property=\"og:image:type\" content=\"image\/jpeg\" \/>\n<meta name=\"author\" content=\"hudo\" \/>\n<meta name=\"twitter:card\" content=\"summary_large_image\" \/>\n<meta name=\"twitter:creator\" content=\"@hudo_si\" \/>\n<meta name=\"twitter:site\" content=\"@hudo_si\" \/>\n<meta name=\"twitter:label1\" content=\"Written by\" \/>\n\t<meta name=\"twitter:data1\" content=\"hudo\" \/>\n\t<meta name=\"twitter:label2\" content=\"Est. reading time\" \/>\n\t<meta name=\"twitter:data2\" content=\"1 minuta\" \/>\n<script type=\"application\/ld+json\" class=\"yoast-schema-graph\">{\"@context\":\"https:\/\/schema.org\",\"@graph\":[{\"@type\":\"Article\",\"@id\":\"https:\/\/hudo.com\/si\/aktualno\/na-avtocesti-povozili-medvedje-mladice\/#article\",\"isPartOf\":{\"@id\":\"https:\/\/hudo.com\/si\/aktualno\/na-avtocesti-povozili-medvedje-mladice\/\"},\"author\":{\"name\":\"hudo\",\"@id\":\"https:\/\/hudo.com\/si\/#\/schema\/person\/601cf3379633985b20f7e50f2bb47707\"},\"headline\":\"Na avtocesti povozili medvedje mladi\u010de\",\"datePublished\":\"2017-07-11T04:15:00+00:00\",\"dateModified\":\"2017-07-11T04:15:00+00:00\",\"mainEntityOfPage\":{\"@id\":\"https:\/\/hudo.com\/si\/aktualno\/na-avtocesti-povozili-medvedje-mladice\/\"},\"wordCount\":115,\"publisher\":{\"@id\":\"https:\/\/hudo.com\/si\/#organization\"},\"articleSection\":[\"Aktualno\"],\"inLanguage\":\"sl-SI\"},{\"@type\":\"WebPage\",\"@id\":\"https:\/\/hudo.com\/si\/aktualno\/na-avtocesti-povozili-medvedje-mladice\/\",\"url\":\"https:\/\/hudo.com\/si\/aktualno\/na-avtocesti-povozili-medvedje-mladice\/\",\"name\":\"Na avtocesti povozili medvedje mladi\u010de - Hudo Slovenija\",\"isPartOf\":{\"@id\":\"https:\/\/hudo.com\/si\/#website\"},\"datePublished\":\"2017-07-11T04:15:00+00:00\",\"dateModified\":\"2017-07-11T04:15:00+00:00\",\"breadcrumb\":{\"@id\":\"https:\/\/hudo.com\/si\/aktualno\/na-avtocesti-povozili-medvedje-mladice\/#breadcrumb\"},\"inLanguage\":\"sl-SI\",\"potentialAction\":[{\"@type\":\"ReadAction\",\"target\":[\"https:\/\/hudo.com\/si\/aktualno\/na-avtocesti-povozili-medvedje-mladice\/\"]}]},{\"@type\":\"BreadcrumbList\",\"@id\":\"https:\/\/hudo.com\/si\/aktualno\/na-avtocesti-povozili-medvedje-mladice\/#breadcrumb\",\"itemListElement\":[{\"@type\":\"ListItem\",\"position\":1,\"name\":\"Home\",\"item\":\"https:\/\/hudo.com\/si\/\"},{\"@type\":\"ListItem\",\"position\":2,\"name\":\"Na avtocesti povozili medvedje mladi\u010de\"}]},{\"@type\":\"WebSite\",\"@id\":\"https:\/\/hudo.com\/si\/#website\",\"url\":\"https:\/\/hudo.com\/si\/\",\"name\":\"Hudo Slovenija\",\"description\":\"Vse novice iz Slovenije in sveta\",\"publisher\":{\"@id\":\"https:\/\/hudo.com\/si\/#organization\"},\"potentialAction\":[{\"@type\":\"SearchAction\",\"target\":{\"@type\":\"EntryPoint\",\"urlTemplate\":\"https:\/\/hudo.com\/si\/?s={search_term_string}\"},\"query-input\":\"required name=search_term_string\"}],\"inLanguage\":\"sl-SI\"},{\"@type\":\"Organization\",\"@id\":\"https:\/\/hudo.com\/si\/#organization\",\"name\":\"VSN Media\",\"url\":\"https:\/\/hudo.com\/si\/\",\"logo\":{\"@type\":\"ImageObject\",\"inLanguage\":\"sl-SI\",\"@id\":\"https:\/\/hudo.com\/si\/#\/schema\/logo\/image\/\",\"url\":\"https:\/\/hudo.com\/si\/wp-content\/uploads\/sites\/2\/2021\/03\/hudo-app-2.png\",\"contentUrl\":\"https:\/\/hudo.com\/si\/wp-content\/uploads\/sites\/2\/2021\/03\/hudo-app-2.png\",\"width\":2185,\"height\":2167,\"caption\":\"VSN Media\"},\"image\":{\"@id\":\"https:\/\/hudo.com\/si\/#\/schema\/logo\/image\/\"},\"sameAs\":[\"https:\/\/www.facebook.com\/hudo.si\",\"https:\/\/twitter.com\/hudo_si\"]},{\"@type\":\"Person\",\"@id\":\"https:\/\/hudo.com\/si\/#\/schema\/person\/601cf3379633985b20f7e50f2bb47707\",\"name\":\"hudo\",\"image\":{\"@type\":\"ImageObject\",\"inLanguage\":\"sl-SI\",\"@id\":\"https:\/\/hudo.com\/si\/#\/schema\/person\/image\/\",\"url\":\"https:\/\/secure.gravatar.com\/avatar\/c4ca25fa72cace7a696b52ff5db9e095?s=96&d=mm&r=g\",\"contentUrl\":\"https:\/\/secure.gravatar.com\/avatar\/c4ca25fa72cace7a696b52ff5db9e095?s=96&d=mm&r=g\",\"caption\":\"hudo\"},\"url\":\"https:\/\/hudo.com\/si\/author\/hudo\/\"}]}<\/script>\n<!-- \/ Yoast SEO plugin. -->","yoast_head_json":{"title":"Na avtocesti povozili medvedje mladi\u010de - Hudo Slovenija","robots":{"index":"index","follow":"follow","max-snippet":"max-snippet:-1","max-image-preview":"max-image-preview:large","max-video-preview":"max-video-preview:-1"},"canonical":"https:\/\/hudo.com\/si\/aktualno\/na-avtocesti-povozili-medvedje-mladice\/","og_locale":"sl_SI","og_type":"article","og_title":"Na avtocesti povozili medvedje mladi\u010de - Hudo Slovenija","og_description":"Kategorija: Slovenija Tue, 11 Jul 2017 08:15:00 +0200 Vransko \u2212 Lovsko dru\u017eino Vransko so danes zjutraj obvestili o treh povo\u017eenih medvedjih mladi\u010dih na avtocesti med predorom Lo\u010dica in cestninsko postajo Vransko. Predsednik LD Vransko Florjan Rojnik opozarja, da se lahko na \u0161ir\u0161em obmo\u010dju Vranskega v bli\u017eini avtoceste zadr\u017euje potencialno nevarna medvedka. Na obmo\u010dju Vranskega so medvedi \u017ee ve\u010dkrat posku\u0161ali in doslej tudi uspe\u0161no prehajali avtocesto, na tem obmo\u010dju je namre\u010d avtocesta na ve\u010d odsekih postavljena na stebrih oziroma nadvozih ali te\u010de skozi predore. Rojnik \u0161e pravi, da se je na obmo\u010dju LD Vransko tokrat prvi\u010d zgodila tovrstna nesre\u010da.","og_url":"https:\/\/hudo.com\/si\/aktualno\/na-avtocesti-povozili-medvedje-mladice\/","og_site_name":"Hudo Slovenija","article_publisher":"https:\/\/www.facebook.com\/hudo.si","article_published_time":"2017-07-11T04:15:00+00:00","og_image":[{"width":480,"height":290,"url":"https:\/\/hudo.com\/si\/wp-content\/uploads\/sites\/2\/2017\/07\/480x290_djvu_2147576_fabjanm_lvu-Medved.jpeg","type":"image\/jpeg"}],"author":"hudo","twitter_card":"summary_large_image","twitter_creator":"@hudo_si","twitter_site":"@hudo_si","twitter_misc":{"Written by":"hudo","Est. reading time":"1 minuta"},"schema":{"@context":"https:\/\/schema.org","@graph":[{"@type":"Article","@id":"https:\/\/hudo.com\/si\/aktualno\/na-avtocesti-povozili-medvedje-mladice\/#article","isPartOf":{"@id":"https:\/\/hudo.com\/si\/aktualno\/na-avtocesti-povozili-medvedje-mladice\/"},"author":{"name":"hudo","@id":"https:\/\/hudo.com\/si\/#\/schema\/person\/601cf3379633985b20f7e50f2bb47707"},"headline":"Na avtocesti povozili medvedje mladi\u010de","datePublished":"2017-07-11T04:15:00+00:00","dateModified":"2017-07-11T04:15:00+00:00","mainEntityOfPage":{"@id":"https:\/\/hudo.com\/si\/aktualno\/na-avtocesti-povozili-medvedje-mladice\/"},"wordCount":115,"publisher":{"@id":"https:\/\/hudo.com\/si\/#organization"},"articleSection":["Aktualno"],"inLanguage":"sl-SI"},{"@type":"WebPage","@id":"https:\/\/hudo.com\/si\/aktualno\/na-avtocesti-povozili-medvedje-mladice\/","url":"https:\/\/hudo.com\/si\/aktualno\/na-avtocesti-povozili-medvedje-mladice\/","name":"Na avtocesti povozili medvedje mladi\u010de - Hudo Slovenija","isPartOf":{"@id":"https:\/\/hudo.com\/si\/#website"},"datePublished":"2017-07-11T04:15:00+00:00","dateModified":"2017-07-11T04:15:00+00:00","breadcrumb":{"@id":"https:\/\/hudo.com\/si\/aktualno\/na-avtocesti-povozili-medvedje-mladice\/#breadcrumb"},"inLanguage":"sl-SI","potentialAction":[{"@type":"ReadAction","target":["https:\/\/hudo.com\/si\/aktualno\/na-avtocesti-povozili-medvedje-mladice\/"]}]},{"@type":"BreadcrumbList","@id":"https:\/\/hudo.com\/si\/aktualno\/na-avtocesti-povozili-medvedje-mladice\/#breadcrumb","itemListElement":[{"@type":"ListItem","position":1,"name":"Home","item":"https:\/\/hudo.com\/si\/"},{"@type":"ListItem","position":2,"name":"Na avtocesti povozili medvedje mladi\u010de"}]},{"@type":"WebSite","@id":"https:\/\/hudo.com\/si\/#website","url":"https:\/\/hudo.com\/si\/","name":"Hudo Slovenija","description":"Vse novice iz Slovenije in sveta","publisher":{"@id":"https:\/\/hudo.com\/si\/#organization"},"potentialAction":[{"@type":"SearchAction","target":{"@type":"EntryPoint","urlTemplate":"https:\/\/hudo.com\/si\/?s={search_term_string}"},"query-input":"required name=search_term_string"}],"inLanguage":"sl-SI"},{"@type":"Organization","@id":"https:\/\/hudo.com\/si\/#organization","name":"VSN Media","url":"https:\/\/hudo.com\/si\/","logo":{"@type":"ImageObject","inLanguage":"sl-SI","@id":"https:\/\/hudo.com\/si\/#\/schema\/logo\/image\/","url":"https:\/\/hudo.com\/si\/wp-content\/uploads\/sites\/2\/2021\/03\/hudo-app-2.png","contentUrl":"https:\/\/hudo.com\/si\/wp-content\/uploads\/sites\/2\/2021\/03\/hudo-app-2.png","width":2185,"height":2167,"caption":"VSN Media"},"image":{"@id":"https:\/\/hudo.com\/si\/#\/schema\/logo\/image\/"},"sameAs":["https:\/\/www.facebook.com\/hudo.si","https:\/\/twitter.com\/hudo_si"]},{"@type":"Person","@id":"https:\/\/hudo.com\/si\/#\/schema\/person\/601cf3379633985b20f7e50f2bb47707","name":"hudo","image":{"@type":"ImageObject","inLanguage":"sl-SI","@id":"https:\/\/hudo.com\/si\/#\/schema\/person\/image\/","url":"https:\/\/secure.gravatar.com\/avatar\/c4ca25fa72cace7a696b52ff5db9e095?s=96&d=mm&r=g","contentUrl":"https:\/\/secure.gravatar.com\/avatar\/c4ca25fa72cace7a696b52ff5db9e095?s=96&d=mm&r=g","caption":"hudo"},"url":"https:\/\/hudo.com\/si\/author\/hudo\/"}]}},"amp_enabled":true,"_links":{"self":[{"href":"https:\/\/hudo.com\/si\/wp-json\/wp\/v2\/posts\/275617"}],"collection":[{"href":"https:\/\/hudo.com\/si\/wp-json\/wp\/v2\/posts"}],"about":[{"href":"https:\/\/hudo.com\/si\/wp-json\/wp\/v2\/types\/post"}],"author":[{"embeddable":true,"href":"https:\/\/hudo.com\/si\/wp-json\/wp\/v2\/users\/1"}],"replies":[{"embeddable":true,"href":"https:\/\/hudo.com\/si\/wp-json\/wp\/v2\/comments?post=275617"}],"version-history":[{"count":0,"href":"https:\/\/hudo.com\/si\/wp-json\/wp\/v2\/posts\/275617\/revisions"}],"wp:attachment":[{"href":"https:\/\/hudo.com\/si\/wp-json\/wp\/v2\/media?parent=275617"}],"wp:term":[{"taxonomy":"category","embeddable":true,"href":"https:\/\/hudo.com\/si\/wp-json\/wp\/v2\/categories?post=275617"},{"taxonomy":"post_tag","embeddable":true,"href":"https:\/\/hudo.com\/si\/wp-json\/wp\/v2\/tags?post=275617"},{"taxonomy":"source","embeddable":true,"href":"https:\/\/hudo.com\/si\/wp-json\/wp\/v2\/source?post=275617"},{"taxonomy":"supertag","embeddable":true,"href":"https:\/\/hudo.com\/si\/wp-json\/wp\/v2\/supertag?post=275617"}],"curies":[{"name":"wp","href":"https:\/\/api.w.org\/{rel}","templated":true}]}}