{"id":275619,"date":"2017-07-11T06:00:00","date_gmt":"2017-07-11T04:00:00","guid":{"rendered":"http:\/\/hudo.com\/si\/2017\/07\/11\/prostor-za-kolesa-je-a-ni-lahko-dostopen\/"},"modified":"2017-07-11T06:00:00","modified_gmt":"2017-07-11T04:00:00","slug":"prostor-za-kolesa-je-a-ni-lahko-dostopen","status":"publish","type":"post","link":"https:\/\/hudo.com\/si\/aktualno\/prostor-za-kolesa-je-a-ni-lahko-dostopen\/","title":{"rendered":"Prostor za kolesa je, a ni lahko dostopen"},"content":{"rendered":"<p>Kategorija: Slovenija Tue, 11 Jul 2017 08:00:00 +0200  Dravograd\u00a0\u2013 Minilo je tri tedne, odkar so\u00a0Slovenske \u017eeleznice na koro\u0161ki progi med Mariborom in Prevaljami znova uvedle sobotni vlak, iz katerega so za\u010dasno odstranili ve\u010d\u00a0sede\u017eev, da bi naredili prostor za dvajset koles. Vlak bo dvakrat na dan vozil do\u00a02. septembra. Preverili smo, koliko kolesarjev je bilo na njem zadnjo soboto in kam so bili namenjeni.V Dravograd, ki je izhodi\u0161\u010de za vstop na mednarodno Dravsko kolesarsko pot in kolesarsko pot \u0160trekna po Mislinjski dolini, je vlak pripeljal to\u010dno, ob 8.49, a proti Prevaljam ni nadaljeval po voznem redu,\u00a0saj se je izkazalo, da raztovarjanje koles vzame kar nekaj \u010dasa. Strojevodja je potrpe\u017eljivo \u010dakal.\u00a0Problem niso le ozka vrata vagonov, temve\u010d nizko le\u017ee\u010di peron, do katerega morajo kolesarji\u00a0spustiti kolesa ve\u010d kot meter v globino. \u00bbVeseli smo, da so Slovenske \u017eeleznice uvedle kolesarske vlake, a\u00a0&#8230;<\/p>\n","protected":false},"excerpt":{"rendered":"<p>Kategorija: Slovenija Tue, 11 Jul 2017 08:00:00 +0200  Dravograd\u00a0\u2013 Minilo je tri tedne, odkar so\u00a0Slovenske \u017eeleznice na koro\u0161ki progi med Mariborom in Prevaljami znova uvedle sobotni vlak, iz katerega so za\u010dasno odstranili ve\u010d\u00a0sede\u017eev, da bi naredili prostor za dvajset koles. Vlak bo dvakrat na dan vozil do\u00a02. septembra. Preverili smo, koliko kolesarjev je bilo na njem zadnjo soboto in kam so bili namenjeni.V Dravograd, ki je izhodi\u0161\u010de za vstop na mednarodno Dravsko kolesarsko pot in kolesarsko pot \u0160trekna po Mislinjski dolini, je vlak pripeljal to\u010dno, ob 8.49, a proti Prevaljam ni nadaljeval po voznem redu,\u00a0saj se je izkazalo, da raztovarjanje koles vzame kar nekaj \u010dasa. Strojevodja je potrpe\u017eljivo \u010dakal.\u00a0Problem niso le ozka vrata vagonov, temve\u010d nizko le\u017ee\u010di peron, do katerega morajo kolesarji\u00a0spustiti kolesa ve\u010d kot meter v globino. \u00bbVeseli smo, da so Slovenske \u017eeleznice uvedle kolesarske vlake, a\u00a0&#8230;<\/p>\n","protected":false},"author":1,"featured_media":0,"comment_status":"closed","ping_status":"closed","sticky":false,"template":"","format":"standard","meta":{"footnotes":""},"categories":[1179],"tags":[],"source":[1703],"supertag":[],"acf":[],"yoast_head":"<!-- This site is optimized with the Yoast SEO plugin v21.3 - https:\/\/yoast.com\/wordpress\/plugins\/seo\/ -->\n<title>Prostor za kolesa je, a ni lahko dostopen - Hudo Slovenija<\/title>\n<meta name=\"robots\" content=\"index, follow, max-snippet:-1, max-image-preview:large, max-video-preview:-1\" \/>\n<link rel=\"canonical\" href=\"https:\/\/hudo.com\/si\/aktualno\/prostor-za-kolesa-je-a-ni-lahko-dostopen\/\" \/>\n<meta property=\"og:locale\" content=\"sl_SI\" \/>\n<meta property=\"og:type\" content=\"article\" \/>\n<meta property=\"og:title\" content=\"Prostor za kolesa je, a ni lahko dostopen - Hudo Slovenija\" \/>\n<meta property=\"og:description\" content=\"Kategorija: Slovenija Tue, 11 Jul 2017 08:00:00 +0200 Dravograd\u00a0\u2013 Minilo je tri tedne, odkar so\u00a0Slovenske \u017eeleznice na koro\u0161ki progi med Mariborom in Prevaljami znova uvedle sobotni vlak, iz katerega so za\u010dasno odstranili ve\u010d\u00a0sede\u017eev, da bi naredili prostor za dvajset koles. Vlak bo dvakrat na dan vozil do\u00a02. septembra. Preverili smo, koliko kolesarjev je bilo na njem zadnjo soboto in kam so bili namenjeni.V Dravograd, ki je izhodi\u0161\u010de za vstop na mednarodno Dravsko kolesarsko pot in kolesarsko pot \u0160trekna po Mislinjski dolini, je vlak pripeljal to\u010dno, ob 8.49, a proti Prevaljam ni nadaljeval po voznem redu,\u00a0saj se je izkazalo, da raztovarjanje koles vzame kar nekaj \u010dasa. Strojevodja je potrpe\u017eljivo \u010dakal.\u00a0Problem niso le ozka vrata vagonov, temve\u010d nizko le\u017ee\u010di peron, do katerega morajo kolesarji\u00a0spustiti kolesa ve\u010d kot meter v globino. \u00bbVeseli smo, da so Slovenske \u017eeleznice uvedle kolesarske vlake, a\u00a0...\" \/>\n<meta property=\"og:url\" content=\"https:\/\/hudo.com\/si\/aktualno\/prostor-za-kolesa-je-a-ni-lahko-dostopen\/\" \/>\n<meta property=\"og:site_name\" content=\"Hudo Slovenija\" \/>\n<meta property=\"article:publisher\" content=\"https:\/\/www.facebook.com\/hudo.si\" \/>\n<meta property=\"article:published_time\" content=\"2017-07-11T04:00:00+00:00\" \/>\n<meta property=\"og:image\" content=\"https:\/\/hudo.com\/si\/wp-content\/uploads\/sites\/2\/2017\/07\/480x290_Sl_dopisnistvo__Delo_Foto_2_hires0.jpeg\" \/>\n\t<meta property=\"og:image:width\" content=\"480\" \/>\n\t<meta property=\"og:image:height\" content=\"290\" \/>\n\t<meta property=\"og:image:type\" content=\"image\/jpeg\" \/>\n<meta name=\"author\" content=\"hudo\" \/>\n<meta name=\"twitter:card\" content=\"summary_large_image\" \/>\n<meta name=\"twitter:creator\" content=\"@hudo_si\" \/>\n<meta name=\"twitter:site\" content=\"@hudo_si\" \/>\n<meta name=\"twitter:label1\" content=\"Written by\" \/>\n\t<meta name=\"twitter:data1\" content=\"hudo\" \/>\n\t<meta name=\"twitter:label2\" content=\"Est. reading time\" \/>\n\t<meta name=\"twitter:data2\" content=\"1 minuta\" \/>\n<script type=\"application\/ld+json\" class=\"yoast-schema-graph\">{\"@context\":\"https:\/\/schema.org\",\"@graph\":[{\"@type\":\"Article\",\"@id\":\"https:\/\/hudo.com\/si\/aktualno\/prostor-za-kolesa-je-a-ni-lahko-dostopen\/#article\",\"isPartOf\":{\"@id\":\"https:\/\/hudo.com\/si\/aktualno\/prostor-za-kolesa-je-a-ni-lahko-dostopen\/\"},\"author\":{\"name\":\"hudo\",\"@id\":\"https:\/\/hudo.com\/si\/#\/schema\/person\/601cf3379633985b20f7e50f2bb47707\"},\"headline\":\"Prostor za kolesa je, a ni lahko dostopen\",\"datePublished\":\"2017-07-11T04:00:00+00:00\",\"dateModified\":\"2017-07-11T04:00:00+00:00\",\"mainEntityOfPage\":{\"@id\":\"https:\/\/hudo.com\/si\/aktualno\/prostor-za-kolesa-je-a-ni-lahko-dostopen\/\"},\"wordCount\":155,\"publisher\":{\"@id\":\"https:\/\/hudo.com\/si\/#organization\"},\"articleSection\":[\"Aktualno\"],\"inLanguage\":\"sl-SI\"},{\"@type\":\"WebPage\",\"@id\":\"https:\/\/hudo.com\/si\/aktualno\/prostor-za-kolesa-je-a-ni-lahko-dostopen\/\",\"url\":\"https:\/\/hudo.com\/si\/aktualno\/prostor-za-kolesa-je-a-ni-lahko-dostopen\/\",\"name\":\"Prostor za kolesa je, a ni lahko dostopen - Hudo Slovenija\",\"isPartOf\":{\"@id\":\"https:\/\/hudo.com\/si\/#website\"},\"datePublished\":\"2017-07-11T04:00:00+00:00\",\"dateModified\":\"2017-07-11T04:00:00+00:00\",\"breadcrumb\":{\"@id\":\"https:\/\/hudo.com\/si\/aktualno\/prostor-za-kolesa-je-a-ni-lahko-dostopen\/#breadcrumb\"},\"inLanguage\":\"sl-SI\",\"potentialAction\":[{\"@type\":\"ReadAction\",\"target\":[\"https:\/\/hudo.com\/si\/aktualno\/prostor-za-kolesa-je-a-ni-lahko-dostopen\/\"]}]},{\"@type\":\"BreadcrumbList\",\"@id\":\"https:\/\/hudo.com\/si\/aktualno\/prostor-za-kolesa-je-a-ni-lahko-dostopen\/#breadcrumb\",\"itemListElement\":[{\"@type\":\"ListItem\",\"position\":1,\"name\":\"Home\",\"item\":\"https:\/\/hudo.com\/si\/\"},{\"@type\":\"ListItem\",\"position\":2,\"name\":\"Prostor za kolesa je, a ni lahko dostopen\"}]},{\"@type\":\"WebSite\",\"@id\":\"https:\/\/hudo.com\/si\/#website\",\"url\":\"https:\/\/hudo.com\/si\/\",\"name\":\"Hudo Slovenija\",\"description\":\"Vse novice iz Slovenije in sveta\",\"publisher\":{\"@id\":\"https:\/\/hudo.com\/si\/#organization\"},\"potentialAction\":[{\"@type\":\"SearchAction\",\"target\":{\"@type\":\"EntryPoint\",\"urlTemplate\":\"https:\/\/hudo.com\/si\/?s={search_term_string}\"},\"query-input\":\"required name=search_term_string\"}],\"inLanguage\":\"sl-SI\"},{\"@type\":\"Organization\",\"@id\":\"https:\/\/hudo.com\/si\/#organization\",\"name\":\"VSN Media\",\"url\":\"https:\/\/hudo.com\/si\/\",\"logo\":{\"@type\":\"ImageObject\",\"inLanguage\":\"sl-SI\",\"@id\":\"https:\/\/hudo.com\/si\/#\/schema\/logo\/image\/\",\"url\":\"https:\/\/hudo.com\/si\/wp-content\/uploads\/sites\/2\/2021\/03\/hudo-app-2.png\",\"contentUrl\":\"https:\/\/hudo.com\/si\/wp-content\/uploads\/sites\/2\/2021\/03\/hudo-app-2.png\",\"width\":2185,\"height\":2167,\"caption\":\"VSN Media\"},\"image\":{\"@id\":\"https:\/\/hudo.com\/si\/#\/schema\/logo\/image\/\"},\"sameAs\":[\"https:\/\/www.facebook.com\/hudo.si\",\"https:\/\/twitter.com\/hudo_si\"]},{\"@type\":\"Person\",\"@id\":\"https:\/\/hudo.com\/si\/#\/schema\/person\/601cf3379633985b20f7e50f2bb47707\",\"name\":\"hudo\",\"image\":{\"@type\":\"ImageObject\",\"inLanguage\":\"sl-SI\",\"@id\":\"https:\/\/hudo.com\/si\/#\/schema\/person\/image\/\",\"url\":\"https:\/\/secure.gravatar.com\/avatar\/c4ca25fa72cace7a696b52ff5db9e095?s=96&d=mm&r=g\",\"contentUrl\":\"https:\/\/secure.gravatar.com\/avatar\/c4ca25fa72cace7a696b52ff5db9e095?s=96&d=mm&r=g\",\"caption\":\"hudo\"},\"url\":\"https:\/\/hudo.com\/si\/author\/hudo\/\"}]}<\/script>\n<!-- \/ Yoast SEO plugin. -->","yoast_head_json":{"title":"Prostor za kolesa je, a ni lahko dostopen - Hudo Slovenija","robots":{"index":"index","follow":"follow","max-snippet":"max-snippet:-1","max-image-preview":"max-image-preview:large","max-video-preview":"max-video-preview:-1"},"canonical":"https:\/\/hudo.com\/si\/aktualno\/prostor-za-kolesa-je-a-ni-lahko-dostopen\/","og_locale":"sl_SI","og_type":"article","og_title":"Prostor za kolesa je, a ni lahko dostopen - Hudo Slovenija","og_description":"Kategorija: Slovenija Tue, 11 Jul 2017 08:00:00 +0200 Dravograd\u00a0\u2013 Minilo je tri tedne, odkar so\u00a0Slovenske \u017eeleznice na koro\u0161ki progi med Mariborom in Prevaljami znova uvedle sobotni vlak, iz katerega so za\u010dasno odstranili ve\u010d\u00a0sede\u017eev, da bi naredili prostor za dvajset koles. Vlak bo dvakrat na dan vozil do\u00a02. septembra. Preverili smo, koliko kolesarjev je bilo na njem zadnjo soboto in kam so bili namenjeni.V Dravograd, ki je izhodi\u0161\u010de za vstop na mednarodno Dravsko kolesarsko pot in kolesarsko pot \u0160trekna po Mislinjski dolini, je vlak pripeljal to\u010dno, ob 8.49, a proti Prevaljam ni nadaljeval po voznem redu,\u00a0saj se je izkazalo, da raztovarjanje koles vzame kar nekaj \u010dasa. Strojevodja je potrpe\u017eljivo \u010dakal.\u00a0Problem niso le ozka vrata vagonov, temve\u010d nizko le\u017ee\u010di peron, do katerega morajo kolesarji\u00a0spustiti kolesa ve\u010d kot meter v globino. \u00bbVeseli smo, da so Slovenske \u017eeleznice uvedle kolesarske vlake, a\u00a0...","og_url":"https:\/\/hudo.com\/si\/aktualno\/prostor-za-kolesa-je-a-ni-lahko-dostopen\/","og_site_name":"Hudo Slovenija","article_publisher":"https:\/\/www.facebook.com\/hudo.si","article_published_time":"2017-07-11T04:00:00+00:00","og_image":[{"width":480,"height":290,"url":"https:\/\/hudo.com\/si\/wp-content\/uploads\/sites\/2\/2017\/07\/480x290_Sl_dopisnistvo__Delo_Foto_2_hires0.jpeg","type":"image\/jpeg"}],"author":"hudo","twitter_card":"summary_large_image","twitter_creator":"@hudo_si","twitter_site":"@hudo_si","twitter_misc":{"Written by":"hudo","Est. reading time":"1 minuta"},"schema":{"@context":"https:\/\/schema.org","@graph":[{"@type":"Article","@id":"https:\/\/hudo.com\/si\/aktualno\/prostor-za-kolesa-je-a-ni-lahko-dostopen\/#article","isPartOf":{"@id":"https:\/\/hudo.com\/si\/aktualno\/prostor-za-kolesa-je-a-ni-lahko-dostopen\/"},"author":{"name":"hudo","@id":"https:\/\/hudo.com\/si\/#\/schema\/person\/601cf3379633985b20f7e50f2bb47707"},"headline":"Prostor za kolesa je, a ni lahko dostopen","datePublished":"2017-07-11T04:00:00+00:00","dateModified":"2017-07-11T04:00:00+00:00","mainEntityOfPage":{"@id":"https:\/\/hudo.com\/si\/aktualno\/prostor-za-kolesa-je-a-ni-lahko-dostopen\/"},"wordCount":155,"publisher":{"@id":"https:\/\/hudo.com\/si\/#organization"},"articleSection":["Aktualno"],"inLanguage":"sl-SI"},{"@type":"WebPage","@id":"https:\/\/hudo.com\/si\/aktualno\/prostor-za-kolesa-je-a-ni-lahko-dostopen\/","url":"https:\/\/hudo.com\/si\/aktualno\/prostor-za-kolesa-je-a-ni-lahko-dostopen\/","name":"Prostor za kolesa je, a ni lahko dostopen - Hudo Slovenija","isPartOf":{"@id":"https:\/\/hudo.com\/si\/#website"},"datePublished":"2017-07-11T04:00:00+00:00","dateModified":"2017-07-11T04:00:00+00:00","breadcrumb":{"@id":"https:\/\/hudo.com\/si\/aktualno\/prostor-za-kolesa-je-a-ni-lahko-dostopen\/#breadcrumb"},"inLanguage":"sl-SI","potentialAction":[{"@type":"ReadAction","target":["https:\/\/hudo.com\/si\/aktualno\/prostor-za-kolesa-je-a-ni-lahko-dostopen\/"]}]},{"@type":"BreadcrumbList","@id":"https:\/\/hudo.com\/si\/aktualno\/prostor-za-kolesa-je-a-ni-lahko-dostopen\/#breadcrumb","itemListElement":[{"@type":"ListItem","position":1,"name":"Home","item":"https:\/\/hudo.com\/si\/"},{"@type":"ListItem","position":2,"name":"Prostor za kolesa je, a ni lahko dostopen"}]},{"@type":"WebSite","@id":"https:\/\/hudo.com\/si\/#website","url":"https:\/\/hudo.com\/si\/","name":"Hudo Slovenija","description":"Vse novice iz Slovenije in sveta","publisher":{"@id":"https:\/\/hudo.com\/si\/#organization"},"potentialAction":[{"@type":"SearchAction","target":{"@type":"EntryPoint","urlTemplate":"https:\/\/hudo.com\/si\/?s={search_term_string}"},"query-input":"required name=search_term_string"}],"inLanguage":"sl-SI"},{"@type":"Organization","@id":"https:\/\/hudo.com\/si\/#organization","name":"VSN Media","url":"https:\/\/hudo.com\/si\/","logo":{"@type":"ImageObject","inLanguage":"sl-SI","@id":"https:\/\/hudo.com\/si\/#\/schema\/logo\/image\/","url":"https:\/\/hudo.com\/si\/wp-content\/uploads\/sites\/2\/2021\/03\/hudo-app-2.png","contentUrl":"https:\/\/hudo.com\/si\/wp-content\/uploads\/sites\/2\/2021\/03\/hudo-app-2.png","width":2185,"height":2167,"caption":"VSN Media"},"image":{"@id":"https:\/\/hudo.com\/si\/#\/schema\/logo\/image\/"},"sameAs":["https:\/\/www.facebook.com\/hudo.si","https:\/\/twitter.com\/hudo_si"]},{"@type":"Person","@id":"https:\/\/hudo.com\/si\/#\/schema\/person\/601cf3379633985b20f7e50f2bb47707","name":"hudo","image":{"@type":"ImageObject","inLanguage":"sl-SI","@id":"https:\/\/hudo.com\/si\/#\/schema\/person\/image\/","url":"https:\/\/secure.gravatar.com\/avatar\/c4ca25fa72cace7a696b52ff5db9e095?s=96&d=mm&r=g","contentUrl":"https:\/\/secure.gravatar.com\/avatar\/c4ca25fa72cace7a696b52ff5db9e095?s=96&d=mm&r=g","caption":"hudo"},"url":"https:\/\/hudo.com\/si\/author\/hudo\/"}]}},"amp_enabled":true,"_links":{"self":[{"href":"https:\/\/hudo.com\/si\/wp-json\/wp\/v2\/posts\/275619"}],"collection":[{"href":"https:\/\/hudo.com\/si\/wp-json\/wp\/v2\/posts"}],"about":[{"href":"https:\/\/hudo.com\/si\/wp-json\/wp\/v2\/types\/post"}],"author":[{"embeddable":true,"href":"https:\/\/hudo.com\/si\/wp-json\/wp\/v2\/users\/1"}],"replies":[{"embeddable":true,"href":"https:\/\/hudo.com\/si\/wp-json\/wp\/v2\/comments?post=275619"}],"version-history":[{"count":0,"href":"https:\/\/hudo.com\/si\/wp-json\/wp\/v2\/posts\/275619\/revisions"}],"wp:attachment":[{"href":"https:\/\/hudo.com\/si\/wp-json\/wp\/v2\/media?parent=275619"}],"wp:term":[{"taxonomy":"category","embeddable":true,"href":"https:\/\/hudo.com\/si\/wp-json\/wp\/v2\/categories?post=275619"},{"taxonomy":"post_tag","embeddable":true,"href":"https:\/\/hudo.com\/si\/wp-json\/wp\/v2\/tags?post=275619"},{"taxonomy":"source","embeddable":true,"href":"https:\/\/hudo.com\/si\/wp-json\/wp\/v2\/source?post=275619"},{"taxonomy":"supertag","embeddable":true,"href":"https:\/\/hudo.com\/si\/wp-json\/wp\/v2\/supertag?post=275619"}],"curies":[{"name":"wp","href":"https:\/\/api.w.org\/{rel}","templated":true}]}}