{"id":276283,"date":"2017-07-12T14:06:00","date_gmt":"2017-07-12T12:06:00","guid":{"rendered":"http:\/\/hudo.com\/si\/2017\/07\/12\/najstnica-umrla-zaradi-uporabe-mobitela-starsi-opozarjajo-na-nevarnost\/"},"modified":"2017-07-12T14:06:00","modified_gmt":"2017-07-12T12:06:00","slug":"najstnica-umrla-zaradi-uporabe-mobitela-starsi-opozarjajo-na-nevarnost","status":"publish","type":"post","link":"https:\/\/hudo.com\/si\/aktualno\/najstnica-umrla-zaradi-uporabe-mobitela-starsi-opozarjajo-na-nevarnost\/","title":{"rendered":"Najstnica umrla zaradi uporabe mobitela, star\u0161i opozarjajo na nevarnost"},"content":{"rendered":"<p>Ameri\u0161ki mediji poro\u010dajo o tragediji, do katere je pri\u0161lo zaradi uporabe mobilnega telefona. 14-letnica iz Nove Mehike je izgubila \u017eivljenje po tem, ko je med kopanjem v kadi v roke vzela mobilni telefon, ki se je tedaj polnil na elektri\u010dni priklju\u010dek. Njeni star\u0161i so po poro\u010danju Reutersa nemudoma obvestili javnost o tragi\u010dnem dogodku, da bi prepre\u010dili \u0161e kak\u0161no podobno nesre\u010do. Mama 14-letnice je poleg h\u010derkine fotografije na Facebooku zapisala:\u00a0&#8220;Prosim vas, da se njen glas sli\u0161i, da vas za\u0161\u010diti in da va\u0161e otroke spomni na usodno nevarnost, ki jo predstavlja elektri\u010dni udar.&#8221;\u00a0 Neuradno naj bi najstnica umrla zaradi utopitve, ki je bila posledica elektri\u010dnega udara. Kot je pojasnila njena babica, naj bi imela 14-letnica na roki opeklino.<\/p>\n","protected":false},"excerpt":{"rendered":"<p>Ameri\u0161ki mediji poro\u010dajo o tragediji, do katere je pri\u0161lo zaradi uporabe mobilnega telefona. 14-letnica iz Nove Mehike je izgubila \u017eivljenje po tem, ko je med kopanjem v kadi v roke vzela mobilni telefon, ki se je tedaj polnil na elektri\u010dni priklju\u010dek. Njeni star\u0161i so po poro\u010danju Reutersa nemudoma obvestili javnost o tragi\u010dnem dogodku, da bi prepre\u010dili \u0161e kak\u0161no podobno nesre\u010do. Mama 14-letnice je poleg h\u010derkine fotografije na Facebooku zapisala:\u00a0&#8220;Prosim vas, da se njen glas sli\u0161i, da vas za\u0161\u010diti in da va\u0161e otroke spomni na usodno nevarnost, ki jo predstavlja elektri\u010dni udar.&#8221;\u00a0 Neuradno naj bi najstnica umrla zaradi utopitve, ki je bila posledica elektri\u010dnega udara. Kot je pojasnila njena babica, naj bi imela 14-letnica na roki opeklino.<\/p>\n","protected":false},"author":1,"featured_media":0,"comment_status":"closed","ping_status":"closed","sticky":false,"template":"","format":"standard","meta":{"footnotes":""},"categories":[1179],"tags":[],"source":[1711],"supertag":[],"acf":[],"yoast_head":"<!-- This site is optimized with the Yoast SEO plugin v21.3 - https:\/\/yoast.com\/wordpress\/plugins\/seo\/ -->\n<title>Najstnica umrla zaradi uporabe mobitela, star\u0161i opozarjajo na nevarnost - Hudo Slovenija<\/title>\n<meta name=\"robots\" content=\"index, follow, max-snippet:-1, max-image-preview:large, max-video-preview:-1\" \/>\n<link rel=\"canonical\" href=\"https:\/\/hudo.com\/si\/aktualno\/najstnica-umrla-zaradi-uporabe-mobitela-starsi-opozarjajo-na-nevarnost\/\" \/>\n<meta property=\"og:locale\" content=\"sl_SI\" \/>\n<meta property=\"og:type\" content=\"article\" \/>\n<meta property=\"og:title\" content=\"Najstnica umrla zaradi uporabe mobitela, star\u0161i opozarjajo na nevarnost - Hudo Slovenija\" \/>\n<meta property=\"og:description\" content=\"Ameri\u0161ki mediji poro\u010dajo o tragediji, do katere je pri\u0161lo zaradi uporabe mobilnega telefona. 14-letnica iz Nove Mehike je izgubila \u017eivljenje po tem, ko je med kopanjem v kadi v roke vzela mobilni telefon, ki se je tedaj polnil na elektri\u010dni priklju\u010dek. Njeni star\u0161i so po poro\u010danju Reutersa nemudoma obvestili javnost o tragi\u010dnem dogodku, da bi prepre\u010dili \u0161e kak\u0161no podobno nesre\u010do. Mama 14-letnice je poleg h\u010derkine fotografije na Facebooku zapisala:\u00a0&quot;Prosim vas, da se njen glas sli\u0161i, da vas za\u0161\u010diti in da va\u0161e otroke spomni na usodno nevarnost, ki jo predstavlja elektri\u010dni udar.&quot;\u00a0 Neuradno naj bi najstnica umrla zaradi utopitve, ki je bila posledica elektri\u010dnega udara. Kot je pojasnila njena babica, naj bi imela 14-letnica na roki opeklino.\" \/>\n<meta property=\"og:url\" content=\"https:\/\/hudo.com\/si\/aktualno\/najstnica-umrla-zaradi-uporabe-mobitela-starsi-opozarjajo-na-nevarnost\/\" \/>\n<meta property=\"og:site_name\" content=\"Hudo Slovenija\" \/>\n<meta property=\"article:publisher\" content=\"https:\/\/www.facebook.com\/hudo.si\" \/>\n<meta property=\"article:published_time\" content=\"2017-07-12T12:06:00+00:00\" \/>\n<meta property=\"og:image\" content=\"https:\/\/hudo.com\/si\/wp-content\/uploads\/sites\/2\/2017\/07\/00844841F-300.jpg\" \/>\n\t<meta property=\"og:image:width\" content=\"450\" \/>\n\t<meta property=\"og:image:height\" content=\"297\" \/>\n\t<meta property=\"og:image:type\" content=\"image\/jpeg\" \/>\n<meta name=\"author\" content=\"hudo\" \/>\n<meta name=\"twitter:card\" content=\"summary_large_image\" \/>\n<meta name=\"twitter:creator\" content=\"@hudo_si\" \/>\n<meta name=\"twitter:site\" content=\"@hudo_si\" \/>\n<meta name=\"twitter:label1\" content=\"Written by\" \/>\n\t<meta name=\"twitter:data1\" content=\"hudo\" \/>\n\t<meta name=\"twitter:label2\" content=\"Est. reading time\" \/>\n\t<meta name=\"twitter:data2\" content=\"1 minuta\" \/>\n<script type=\"application\/ld+json\" class=\"yoast-schema-graph\">{\"@context\":\"https:\/\/schema.org\",\"@graph\":[{\"@type\":\"Article\",\"@id\":\"https:\/\/hudo.com\/si\/aktualno\/najstnica-umrla-zaradi-uporabe-mobitela-starsi-opozarjajo-na-nevarnost\/#article\",\"isPartOf\":{\"@id\":\"https:\/\/hudo.com\/si\/aktualno\/najstnica-umrla-zaradi-uporabe-mobitela-starsi-opozarjajo-na-nevarnost\/\"},\"author\":{\"name\":\"hudo\",\"@id\":\"https:\/\/hudo.com\/si\/#\/schema\/person\/601cf3379633985b20f7e50f2bb47707\"},\"headline\":\"Najstnica umrla zaradi uporabe mobitela, star\u0161i opozarjajo na nevarnost\",\"datePublished\":\"2017-07-12T12:06:00+00:00\",\"dateModified\":\"2017-07-12T12:06:00+00:00\",\"mainEntityOfPage\":{\"@id\":\"https:\/\/hudo.com\/si\/aktualno\/najstnica-umrla-zaradi-uporabe-mobitela-starsi-opozarjajo-na-nevarnost\/\"},\"wordCount\":144,\"publisher\":{\"@id\":\"https:\/\/hudo.com\/si\/#organization\"},\"articleSection\":[\"Aktualno\"],\"inLanguage\":\"sl-SI\"},{\"@type\":\"WebPage\",\"@id\":\"https:\/\/hudo.com\/si\/aktualno\/najstnica-umrla-zaradi-uporabe-mobitela-starsi-opozarjajo-na-nevarnost\/\",\"url\":\"https:\/\/hudo.com\/si\/aktualno\/najstnica-umrla-zaradi-uporabe-mobitela-starsi-opozarjajo-na-nevarnost\/\",\"name\":\"Najstnica umrla zaradi uporabe mobitela, star\u0161i opozarjajo na nevarnost - Hudo Slovenija\",\"isPartOf\":{\"@id\":\"https:\/\/hudo.com\/si\/#website\"},\"datePublished\":\"2017-07-12T12:06:00+00:00\",\"dateModified\":\"2017-07-12T12:06:00+00:00\",\"breadcrumb\":{\"@id\":\"https:\/\/hudo.com\/si\/aktualno\/najstnica-umrla-zaradi-uporabe-mobitela-starsi-opozarjajo-na-nevarnost\/#breadcrumb\"},\"inLanguage\":\"sl-SI\",\"potentialAction\":[{\"@type\":\"ReadAction\",\"target\":[\"https:\/\/hudo.com\/si\/aktualno\/najstnica-umrla-zaradi-uporabe-mobitela-starsi-opozarjajo-na-nevarnost\/\"]}]},{\"@type\":\"BreadcrumbList\",\"@id\":\"https:\/\/hudo.com\/si\/aktualno\/najstnica-umrla-zaradi-uporabe-mobitela-starsi-opozarjajo-na-nevarnost\/#breadcrumb\",\"itemListElement\":[{\"@type\":\"ListItem\",\"position\":1,\"name\":\"Home\",\"item\":\"https:\/\/hudo.com\/si\/\"},{\"@type\":\"ListItem\",\"position\":2,\"name\":\"Najstnica umrla zaradi uporabe mobitela, star\u0161i opozarjajo na nevarnost\"}]},{\"@type\":\"WebSite\",\"@id\":\"https:\/\/hudo.com\/si\/#website\",\"url\":\"https:\/\/hudo.com\/si\/\",\"name\":\"Hudo Slovenija\",\"description\":\"Vse novice iz Slovenije in sveta\",\"publisher\":{\"@id\":\"https:\/\/hudo.com\/si\/#organization\"},\"potentialAction\":[{\"@type\":\"SearchAction\",\"target\":{\"@type\":\"EntryPoint\",\"urlTemplate\":\"https:\/\/hudo.com\/si\/?s={search_term_string}\"},\"query-input\":\"required name=search_term_string\"}],\"inLanguage\":\"sl-SI\"},{\"@type\":\"Organization\",\"@id\":\"https:\/\/hudo.com\/si\/#organization\",\"name\":\"VSN Media\",\"url\":\"https:\/\/hudo.com\/si\/\",\"logo\":{\"@type\":\"ImageObject\",\"inLanguage\":\"sl-SI\",\"@id\":\"https:\/\/hudo.com\/si\/#\/schema\/logo\/image\/\",\"url\":\"https:\/\/hudo.com\/si\/wp-content\/uploads\/sites\/2\/2021\/03\/hudo-app-2.png\",\"contentUrl\":\"https:\/\/hudo.com\/si\/wp-content\/uploads\/sites\/2\/2021\/03\/hudo-app-2.png\",\"width\":2185,\"height\":2167,\"caption\":\"VSN Media\"},\"image\":{\"@id\":\"https:\/\/hudo.com\/si\/#\/schema\/logo\/image\/\"},\"sameAs\":[\"https:\/\/www.facebook.com\/hudo.si\",\"https:\/\/twitter.com\/hudo_si\"]},{\"@type\":\"Person\",\"@id\":\"https:\/\/hudo.com\/si\/#\/schema\/person\/601cf3379633985b20f7e50f2bb47707\",\"name\":\"hudo\",\"image\":{\"@type\":\"ImageObject\",\"inLanguage\":\"sl-SI\",\"@id\":\"https:\/\/hudo.com\/si\/#\/schema\/person\/image\/\",\"url\":\"https:\/\/secure.gravatar.com\/avatar\/c4ca25fa72cace7a696b52ff5db9e095?s=96&d=mm&r=g\",\"contentUrl\":\"https:\/\/secure.gravatar.com\/avatar\/c4ca25fa72cace7a696b52ff5db9e095?s=96&d=mm&r=g\",\"caption\":\"hudo\"},\"url\":\"https:\/\/hudo.com\/si\/author\/hudo\/\"}]}<\/script>\n<!-- \/ Yoast SEO plugin. -->","yoast_head_json":{"title":"Najstnica umrla zaradi uporabe mobitela, star\u0161i opozarjajo na nevarnost - Hudo Slovenija","robots":{"index":"index","follow":"follow","max-snippet":"max-snippet:-1","max-image-preview":"max-image-preview:large","max-video-preview":"max-video-preview:-1"},"canonical":"https:\/\/hudo.com\/si\/aktualno\/najstnica-umrla-zaradi-uporabe-mobitela-starsi-opozarjajo-na-nevarnost\/","og_locale":"sl_SI","og_type":"article","og_title":"Najstnica umrla zaradi uporabe mobitela, star\u0161i opozarjajo na nevarnost - Hudo Slovenija","og_description":"Ameri\u0161ki mediji poro\u010dajo o tragediji, do katere je pri\u0161lo zaradi uporabe mobilnega telefona. 14-letnica iz Nove Mehike je izgubila \u017eivljenje po tem, ko je med kopanjem v kadi v roke vzela mobilni telefon, ki se je tedaj polnil na elektri\u010dni priklju\u010dek. Njeni star\u0161i so po poro\u010danju Reutersa nemudoma obvestili javnost o tragi\u010dnem dogodku, da bi prepre\u010dili \u0161e kak\u0161no podobno nesre\u010do. Mama 14-letnice je poleg h\u010derkine fotografije na Facebooku zapisala:\u00a0\"Prosim vas, da se njen glas sli\u0161i, da vas za\u0161\u010diti in da va\u0161e otroke spomni na usodno nevarnost, ki jo predstavlja elektri\u010dni udar.\"\u00a0 Neuradno naj bi najstnica umrla zaradi utopitve, ki je bila posledica elektri\u010dnega udara. Kot je pojasnila njena babica, naj bi imela 14-letnica na roki opeklino.","og_url":"https:\/\/hudo.com\/si\/aktualno\/najstnica-umrla-zaradi-uporabe-mobitela-starsi-opozarjajo-na-nevarnost\/","og_site_name":"Hudo Slovenija","article_publisher":"https:\/\/www.facebook.com\/hudo.si","article_published_time":"2017-07-12T12:06:00+00:00","og_image":[{"width":450,"height":297,"url":"https:\/\/hudo.com\/si\/wp-content\/uploads\/sites\/2\/2017\/07\/00844841F-300.jpg","type":"image\/jpeg"}],"author":"hudo","twitter_card":"summary_large_image","twitter_creator":"@hudo_si","twitter_site":"@hudo_si","twitter_misc":{"Written by":"hudo","Est. reading time":"1 minuta"},"schema":{"@context":"https:\/\/schema.org","@graph":[{"@type":"Article","@id":"https:\/\/hudo.com\/si\/aktualno\/najstnica-umrla-zaradi-uporabe-mobitela-starsi-opozarjajo-na-nevarnost\/#article","isPartOf":{"@id":"https:\/\/hudo.com\/si\/aktualno\/najstnica-umrla-zaradi-uporabe-mobitela-starsi-opozarjajo-na-nevarnost\/"},"author":{"name":"hudo","@id":"https:\/\/hudo.com\/si\/#\/schema\/person\/601cf3379633985b20f7e50f2bb47707"},"headline":"Najstnica umrla zaradi uporabe mobitela, star\u0161i opozarjajo na nevarnost","datePublished":"2017-07-12T12:06:00+00:00","dateModified":"2017-07-12T12:06:00+00:00","mainEntityOfPage":{"@id":"https:\/\/hudo.com\/si\/aktualno\/najstnica-umrla-zaradi-uporabe-mobitela-starsi-opozarjajo-na-nevarnost\/"},"wordCount":144,"publisher":{"@id":"https:\/\/hudo.com\/si\/#organization"},"articleSection":["Aktualno"],"inLanguage":"sl-SI"},{"@type":"WebPage","@id":"https:\/\/hudo.com\/si\/aktualno\/najstnica-umrla-zaradi-uporabe-mobitela-starsi-opozarjajo-na-nevarnost\/","url":"https:\/\/hudo.com\/si\/aktualno\/najstnica-umrla-zaradi-uporabe-mobitela-starsi-opozarjajo-na-nevarnost\/","name":"Najstnica umrla zaradi uporabe mobitela, star\u0161i opozarjajo na nevarnost - Hudo Slovenija","isPartOf":{"@id":"https:\/\/hudo.com\/si\/#website"},"datePublished":"2017-07-12T12:06:00+00:00","dateModified":"2017-07-12T12:06:00+00:00","breadcrumb":{"@id":"https:\/\/hudo.com\/si\/aktualno\/najstnica-umrla-zaradi-uporabe-mobitela-starsi-opozarjajo-na-nevarnost\/#breadcrumb"},"inLanguage":"sl-SI","potentialAction":[{"@type":"ReadAction","target":["https:\/\/hudo.com\/si\/aktualno\/najstnica-umrla-zaradi-uporabe-mobitela-starsi-opozarjajo-na-nevarnost\/"]}]},{"@type":"BreadcrumbList","@id":"https:\/\/hudo.com\/si\/aktualno\/najstnica-umrla-zaradi-uporabe-mobitela-starsi-opozarjajo-na-nevarnost\/#breadcrumb","itemListElement":[{"@type":"ListItem","position":1,"name":"Home","item":"https:\/\/hudo.com\/si\/"},{"@type":"ListItem","position":2,"name":"Najstnica umrla zaradi uporabe mobitela, star\u0161i opozarjajo na nevarnost"}]},{"@type":"WebSite","@id":"https:\/\/hudo.com\/si\/#website","url":"https:\/\/hudo.com\/si\/","name":"Hudo Slovenija","description":"Vse novice iz Slovenije in sveta","publisher":{"@id":"https:\/\/hudo.com\/si\/#organization"},"potentialAction":[{"@type":"SearchAction","target":{"@type":"EntryPoint","urlTemplate":"https:\/\/hudo.com\/si\/?s={search_term_string}"},"query-input":"required name=search_term_string"}],"inLanguage":"sl-SI"},{"@type":"Organization","@id":"https:\/\/hudo.com\/si\/#organization","name":"VSN Media","url":"https:\/\/hudo.com\/si\/","logo":{"@type":"ImageObject","inLanguage":"sl-SI","@id":"https:\/\/hudo.com\/si\/#\/schema\/logo\/image\/","url":"https:\/\/hudo.com\/si\/wp-content\/uploads\/sites\/2\/2021\/03\/hudo-app-2.png","contentUrl":"https:\/\/hudo.com\/si\/wp-content\/uploads\/sites\/2\/2021\/03\/hudo-app-2.png","width":2185,"height":2167,"caption":"VSN Media"},"image":{"@id":"https:\/\/hudo.com\/si\/#\/schema\/logo\/image\/"},"sameAs":["https:\/\/www.facebook.com\/hudo.si","https:\/\/twitter.com\/hudo_si"]},{"@type":"Person","@id":"https:\/\/hudo.com\/si\/#\/schema\/person\/601cf3379633985b20f7e50f2bb47707","name":"hudo","image":{"@type":"ImageObject","inLanguage":"sl-SI","@id":"https:\/\/hudo.com\/si\/#\/schema\/person\/image\/","url":"https:\/\/secure.gravatar.com\/avatar\/c4ca25fa72cace7a696b52ff5db9e095?s=96&d=mm&r=g","contentUrl":"https:\/\/secure.gravatar.com\/avatar\/c4ca25fa72cace7a696b52ff5db9e095?s=96&d=mm&r=g","caption":"hudo"},"url":"https:\/\/hudo.com\/si\/author\/hudo\/"}]}},"amp_enabled":true,"_links":{"self":[{"href":"https:\/\/hudo.com\/si\/wp-json\/wp\/v2\/posts\/276283"}],"collection":[{"href":"https:\/\/hudo.com\/si\/wp-json\/wp\/v2\/posts"}],"about":[{"href":"https:\/\/hudo.com\/si\/wp-json\/wp\/v2\/types\/post"}],"author":[{"embeddable":true,"href":"https:\/\/hudo.com\/si\/wp-json\/wp\/v2\/users\/1"}],"replies":[{"embeddable":true,"href":"https:\/\/hudo.com\/si\/wp-json\/wp\/v2\/comments?post=276283"}],"version-history":[{"count":0,"href":"https:\/\/hudo.com\/si\/wp-json\/wp\/v2\/posts\/276283\/revisions"}],"wp:attachment":[{"href":"https:\/\/hudo.com\/si\/wp-json\/wp\/v2\/media?parent=276283"}],"wp:term":[{"taxonomy":"category","embeddable":true,"href":"https:\/\/hudo.com\/si\/wp-json\/wp\/v2\/categories?post=276283"},{"taxonomy":"post_tag","embeddable":true,"href":"https:\/\/hudo.com\/si\/wp-json\/wp\/v2\/tags?post=276283"},{"taxonomy":"source","embeddable":true,"href":"https:\/\/hudo.com\/si\/wp-json\/wp\/v2\/source?post=276283"},{"taxonomy":"supertag","embeddable":true,"href":"https:\/\/hudo.com\/si\/wp-json\/wp\/v2\/supertag?post=276283"}],"curies":[{"name":"wp","href":"https:\/\/api.w.org\/{rel}","templated":true}]}}