{"id":276553,"date":"2017-07-13T09:28:00","date_gmt":"2017-07-13T07:28:00","guid":{"rendered":"http:\/\/hudo.com\/si\/2017\/07\/13\/mamic-po-pripravah-v-sloveniji-odstavil-trenerja-dinama\/"},"modified":"2017-07-13T09:28:00","modified_gmt":"2017-07-13T07:28:00","slug":"mamic-po-pripravah-v-sloveniji-odstavil-trenerja-dinama","status":"publish","type":"post","link":"https:\/\/hudo.com\/si\/aktualno\/mamic-po-pripravah-v-sloveniji-odstavil-trenerja-dinama\/","title":{"rendered":"Mami\u0107 po pripravah v Sloveniji odstavil trenerja Dinama"},"content":{"rendered":"<p>Zagreb\u0161ki nogometni klub Dinamo je dva dni pred za\u010detkom nove hrva\u0161ke nogometne sezone ostal brez bolgarskega strokovnjaka Ivaila Peteva, ki je bil glavni trener od lanske jeseni. Peteva je odstavil svetovalec Dinama Zdravko Mami\u0107, ki ni bil zadovoljen z rezultati kluba v prej\u0161nji sezoni in z igro med poletnimi pripravami.\u00a0 Petev ni ve\u010d glavni trener Dinama od dana\u0161njega dne, potem ko sta z Dinamom soglasno prekinila pogodbo o sodelovanju, so kratko zapisali na spletni strani najbolj trofejnega hrva\u0161kega nogometnega kluba.\u00a0Predsednik kluba Mirko Bari\u0161i\u0107 je potrdil, da bo za\u010dasni trener zdaj\u0161nji trener drugega mo\u0161tva Dinama 42-letni Mario Cvitanovi\u0107, ki je bil dolgoletni Dinamov igralec in trener podmladka. Bari\u0161i\u0107 upa, da Cvitanovi\u0107 ne bo zgolj prehodna re\u0161itev. Prva ugibanja, kdo bo novi trener, se nana\u0161ajo na znane obraze iz klubske igralske in trenerske zgodovine, kot sta Krunoslav Jur\u010di\u0107 in Tomislav Ivkovi\u0107. \u010ceprav je odlo\u010ditev o zagreb\u0161ki usodi Peteva sprejeta dva dni pred za\u010detkom prve tekme v elitnem hrva\u0161kem nogometnem prvenstvu v sezoni 2017\/18, na Hrva\u0161kem ocenjujejo, da je bila Mami\u0107eva poteza pravo\u010dasna, \u010de\u0161 da bi \u0161koda bila \u0161e ve\u010dja, \u010de bi klub s Petevem za\u010del kopi\u010diti slabe rezultate v doma\u010dem prvenstvu, zlasti v odlo\u010dilnih tekmah v kvalifikacijah za evropsko ligo. Bolgarski trener je Dinamo vodil na 35 tekmah, februarja letos pa je podalj\u0161al pogodbo do leta 2020. Petev je imel zagotovljenih 250.000 evrov za vsako sezono, zagreb\u0161ki klub bo, kot ka\u017ee, nekdanjemu trenerju izpla\u010dal 750.000 evrov.\u00a0Petev je na trenerski klopi oktobra lani zamenjal Dinamovo legendo Zlatka Kranj\u010darja, a igralci pod njegovim vodstvom niso uspeli dose\u010di niti enega samega zadetka v skupini lige prvakov ali vsaj to\u010dko. Za name\u010dek je Rijeka pobrala hrva\u0161ko nogometno prvenstvo in pokal, po enajstih zaporednih Dinamovih naslovih hrva\u0161kega prvaka. Neuradno Petev ni ve\u010d obvladoval mo\u0161tva, ker se je sprl s polovico sla\u010dilnice, v njegovo \u0161kodo pa so \u0161le tudi priprave v Sloveniji, na kat<\/p>\n","protected":false},"excerpt":{"rendered":"<p>Zagreb\u0161ki nogometni klub Dinamo je dva dni pred za\u010detkom nove hrva\u0161ke nogometne sezone ostal brez bolgarskega strokovnjaka Ivaila Peteva, ki je bil glavni trener od lanske jeseni. Peteva je odstavil svetovalec Dinama Zdravko Mami\u0107, ki ni bil zadovoljen z rezultati kluba v prej\u0161nji sezoni in z igro med poletnimi pripravami.\u00a0 Petev ni ve\u010d glavni trener Dinama od dana\u0161njega dne, potem ko sta z Dinamom soglasno prekinila pogodbo o sodelovanju, so kratko zapisali na spletni strani najbolj trofejnega hrva\u0161kega nogometnega kluba.\u00a0Predsednik kluba Mirko Bari\u0161i\u0107 je potrdil, da bo za\u010dasni trener zdaj\u0161nji trener drugega mo\u0161tva Dinama 42-letni Mario Cvitanovi\u0107, ki je bil dolgoletni Dinamov igralec in trener podmladka. Bari\u0161i\u0107 upa, da Cvitanovi\u0107 ne bo zgolj prehodna re\u0161itev. Prva ugibanja, kdo bo novi trener, se nana\u0161ajo na znane obraze iz klubske igralske in trenerske zgodovine, kot sta Krunoslav Jur\u010di\u0107 in Tomislav Ivkovi\u0107. \u010ceprav je odlo\u010ditev o zagreb\u0161ki usodi Peteva sprejeta dva dni pred za\u010detkom prve tekme v elitnem hrva\u0161kem nogometnem prvenstvu v sezoni 2017\/18, na Hrva\u0161kem ocenjujejo, da je bila Mami\u0107eva poteza pravo\u010dasna, \u010de\u0161 da bi \u0161koda bila \u0161e ve\u010dja, \u010de bi klub s Petevem za\u010del kopi\u010diti slabe rezultate v doma\u010dem prvenstvu, zlasti v odlo\u010dilnih tekmah v kvalifikacijah za evropsko ligo. Bolgarski trener je Dinamo vodil na 35 tekmah, februarja letos pa je podalj\u0161al pogodbo do leta 2020. Petev je imel zagotovljenih 250.000 evrov za vsako sezono, zagreb\u0161ki klub bo, kot ka\u017ee, nekdanjemu trenerju izpla\u010dal 750.000 evrov.\u00a0Petev je na trenerski klopi oktobra lani zamenjal Dinamovo legendo Zlatka Kranj\u010darja, a igralci pod njegovim vodstvom niso uspeli dose\u010di niti enega samega zadetka v skupini lige prvakov ali vsaj to\u010dko. Za name\u010dek je Rijeka pobrala hrva\u0161ko nogometno prvenstvo in pokal, po enajstih zaporednih Dinamovih naslovih hrva\u0161kega prvaka. Neuradno Petev ni ve\u010d obvladoval mo\u0161tva, ker se je sprl s polovico sla\u010dilnice, v njegovo \u0161kodo pa so \u0161le tudi priprave v Sloveniji, na kat<\/p>\n","protected":false},"author":1,"featured_media":0,"comment_status":"closed","ping_status":"closed","sticky":false,"template":"","format":"standard","meta":{"footnotes":""},"categories":[1179],"tags":[],"source":[1711],"supertag":[],"acf":[],"yoast_head":"<!-- This site is optimized with the Yoast SEO plugin v21.3 - https:\/\/yoast.com\/wordpress\/plugins\/seo\/ -->\n<title>Mami\u0107 po pripravah v Sloveniji odstavil trenerja Dinama - Hudo Slovenija<\/title>\n<meta name=\"robots\" content=\"index, follow, max-snippet:-1, max-image-preview:large, max-video-preview:-1\" \/>\n<link rel=\"canonical\" href=\"https:\/\/hudo.com\/si\/aktualno\/mamic-po-pripravah-v-sloveniji-odstavil-trenerja-dinama\/\" \/>\n<meta property=\"og:locale\" content=\"sl_SI\" \/>\n<meta property=\"og:type\" content=\"article\" \/>\n<meta property=\"og:title\" content=\"Mami\u0107 po pripravah v Sloveniji odstavil trenerja Dinama - Hudo Slovenija\" \/>\n<meta property=\"og:description\" content=\"Zagreb\u0161ki nogometni klub Dinamo je dva dni pred za\u010detkom nove hrva\u0161ke nogometne sezone ostal brez bolgarskega strokovnjaka Ivaila Peteva, ki je bil glavni trener od lanske jeseni. Peteva je odstavil svetovalec Dinama Zdravko Mami\u0107, ki ni bil zadovoljen z rezultati kluba v prej\u0161nji sezoni in z igro med poletnimi pripravami.\u00a0 Petev ni ve\u010d glavni trener Dinama od dana\u0161njega dne, potem ko sta z Dinamom soglasno prekinila pogodbo o sodelovanju, so kratko zapisali na spletni strani najbolj trofejnega hrva\u0161kega nogometnega kluba.\u00a0Predsednik kluba Mirko Bari\u0161i\u0107 je potrdil, da bo za\u010dasni trener zdaj\u0161nji trener drugega mo\u0161tva Dinama 42-letni Mario Cvitanovi\u0107, ki je bil dolgoletni Dinamov igralec in trener podmladka. Bari\u0161i\u0107 upa, da Cvitanovi\u0107 ne bo zgolj prehodna re\u0161itev. Prva ugibanja, kdo bo novi trener, se nana\u0161ajo na znane obraze iz klubske igralske in trenerske zgodovine, kot sta Krunoslav Jur\u010di\u0107 in Tomislav Ivkovi\u0107. \u010ceprav je odlo\u010ditev o zagreb\u0161ki usodi Peteva sprejeta dva dni pred za\u010detkom prve tekme v elitnem hrva\u0161kem nogometnem prvenstvu v sezoni 2017\/18, na Hrva\u0161kem ocenjujejo, da je bila Mami\u0107eva poteza pravo\u010dasna, \u010de\u0161 da bi \u0161koda bila \u0161e ve\u010dja, \u010de bi klub s Petevem za\u010del kopi\u010diti slabe rezultate v doma\u010dem prvenstvu, zlasti v odlo\u010dilnih tekmah v kvalifikacijah za evropsko ligo. Bolgarski trener je Dinamo vodil na 35 tekmah, februarja letos pa je podalj\u0161al pogodbo do leta 2020. Petev je imel zagotovljenih 250.000 evrov za vsako sezono, zagreb\u0161ki klub bo, kot ka\u017ee, nekdanjemu trenerju izpla\u010dal 750.000 evrov.\u00a0Petev je na trenerski klopi oktobra lani zamenjal Dinamovo legendo Zlatka Kranj\u010darja, a igralci pod njegovim vodstvom niso uspeli dose\u010di niti enega samega zadetka v skupini lige prvakov ali vsaj to\u010dko. Za name\u010dek je Rijeka pobrala hrva\u0161ko nogometno prvenstvo in pokal, po enajstih zaporednih Dinamovih naslovih hrva\u0161kega prvaka. Neuradno Petev ni ve\u010d obvladoval mo\u0161tva, ker se je sprl s polovico sla\u010dilnice, v njegovo \u0161kodo pa so \u0161le tudi priprave v Sloveniji, na kat\" \/>\n<meta property=\"og:url\" content=\"https:\/\/hudo.com\/si\/aktualno\/mamic-po-pripravah-v-sloveniji-odstavil-trenerja-dinama\/\" \/>\n<meta property=\"og:site_name\" content=\"Hudo Slovenija\" \/>\n<meta property=\"article:publisher\" content=\"https:\/\/www.facebook.com\/hudo.si\" \/>\n<meta property=\"article:published_time\" content=\"2017-07-13T07:28:00+00:00\" \/>\n<meta property=\"og:image\" content=\"https:\/\/hudo.com\/si\/wp-content\/uploads\/sites\/2\/2017\/07\/06045449-300.jpg\" \/>\n\t<meta property=\"og:image:width\" content=\"450\" \/>\n\t<meta property=\"og:image:height\" content=\"263\" \/>\n\t<meta property=\"og:image:type\" content=\"image\/jpeg\" \/>\n<meta name=\"author\" content=\"hudo\" \/>\n<meta name=\"twitter:card\" content=\"summary_large_image\" \/>\n<meta name=\"twitter:creator\" content=\"@hudo_si\" \/>\n<meta name=\"twitter:site\" content=\"@hudo_si\" \/>\n<meta name=\"twitter:label1\" content=\"Written by\" \/>\n\t<meta name=\"twitter:data1\" content=\"hudo\" \/>\n\t<meta name=\"twitter:label2\" content=\"Est. reading time\" \/>\n\t<meta name=\"twitter:data2\" content=\"2 minuti\" \/>\n<script type=\"application\/ld+json\" class=\"yoast-schema-graph\">{\"@context\":\"https:\/\/schema.org\",\"@graph\":[{\"@type\":\"Article\",\"@id\":\"https:\/\/hudo.com\/si\/aktualno\/mamic-po-pripravah-v-sloveniji-odstavil-trenerja-dinama\/#article\",\"isPartOf\":{\"@id\":\"https:\/\/hudo.com\/si\/aktualno\/mamic-po-pripravah-v-sloveniji-odstavil-trenerja-dinama\/\"},\"author\":{\"name\":\"hudo\",\"@id\":\"https:\/\/hudo.com\/si\/#\/schema\/person\/601cf3379633985b20f7e50f2bb47707\"},\"headline\":\"Mami\u0107 po pripravah v Sloveniji odstavil trenerja Dinama\",\"datePublished\":\"2017-07-13T07:28:00+00:00\",\"dateModified\":\"2017-07-13T07:28:00+00:00\",\"mainEntityOfPage\":{\"@id\":\"https:\/\/hudo.com\/si\/aktualno\/mamic-po-pripravah-v-sloveniji-odstavil-trenerja-dinama\/\"},\"wordCount\":349,\"publisher\":{\"@id\":\"https:\/\/hudo.com\/si\/#organization\"},\"articleSection\":[\"Aktualno\"],\"inLanguage\":\"sl-SI\"},{\"@type\":\"WebPage\",\"@id\":\"https:\/\/hudo.com\/si\/aktualno\/mamic-po-pripravah-v-sloveniji-odstavil-trenerja-dinama\/\",\"url\":\"https:\/\/hudo.com\/si\/aktualno\/mamic-po-pripravah-v-sloveniji-odstavil-trenerja-dinama\/\",\"name\":\"Mami\u0107 po pripravah v Sloveniji odstavil trenerja Dinama - Hudo Slovenija\",\"isPartOf\":{\"@id\":\"https:\/\/hudo.com\/si\/#website\"},\"datePublished\":\"2017-07-13T07:28:00+00:00\",\"dateModified\":\"2017-07-13T07:28:00+00:00\",\"breadcrumb\":{\"@id\":\"https:\/\/hudo.com\/si\/aktualno\/mamic-po-pripravah-v-sloveniji-odstavil-trenerja-dinama\/#breadcrumb\"},\"inLanguage\":\"sl-SI\",\"potentialAction\":[{\"@type\":\"ReadAction\",\"target\":[\"https:\/\/hudo.com\/si\/aktualno\/mamic-po-pripravah-v-sloveniji-odstavil-trenerja-dinama\/\"]}]},{\"@type\":\"BreadcrumbList\",\"@id\":\"https:\/\/hudo.com\/si\/aktualno\/mamic-po-pripravah-v-sloveniji-odstavil-trenerja-dinama\/#breadcrumb\",\"itemListElement\":[{\"@type\":\"ListItem\",\"position\":1,\"name\":\"Home\",\"item\":\"https:\/\/hudo.com\/si\/\"},{\"@type\":\"ListItem\",\"position\":2,\"name\":\"Mami\u0107 po pripravah v Sloveniji odstavil trenerja Dinama\"}]},{\"@type\":\"WebSite\",\"@id\":\"https:\/\/hudo.com\/si\/#website\",\"url\":\"https:\/\/hudo.com\/si\/\",\"name\":\"Hudo Slovenija\",\"description\":\"Vse novice iz Slovenije in sveta\",\"publisher\":{\"@id\":\"https:\/\/hudo.com\/si\/#organization\"},\"potentialAction\":[{\"@type\":\"SearchAction\",\"target\":{\"@type\":\"EntryPoint\",\"urlTemplate\":\"https:\/\/hudo.com\/si\/?s={search_term_string}\"},\"query-input\":\"required name=search_term_string\"}],\"inLanguage\":\"sl-SI\"},{\"@type\":\"Organization\",\"@id\":\"https:\/\/hudo.com\/si\/#organization\",\"name\":\"VSN Media\",\"url\":\"https:\/\/hudo.com\/si\/\",\"logo\":{\"@type\":\"ImageObject\",\"inLanguage\":\"sl-SI\",\"@id\":\"https:\/\/hudo.com\/si\/#\/schema\/logo\/image\/\",\"url\":\"https:\/\/hudo.com\/si\/wp-content\/uploads\/sites\/2\/2021\/03\/hudo-app-2.png\",\"contentUrl\":\"https:\/\/hudo.com\/si\/wp-content\/uploads\/sites\/2\/2021\/03\/hudo-app-2.png\",\"width\":2185,\"height\":2167,\"caption\":\"VSN Media\"},\"image\":{\"@id\":\"https:\/\/hudo.com\/si\/#\/schema\/logo\/image\/\"},\"sameAs\":[\"https:\/\/www.facebook.com\/hudo.si\",\"https:\/\/twitter.com\/hudo_si\"]},{\"@type\":\"Person\",\"@id\":\"https:\/\/hudo.com\/si\/#\/schema\/person\/601cf3379633985b20f7e50f2bb47707\",\"name\":\"hudo\",\"image\":{\"@type\":\"ImageObject\",\"inLanguage\":\"sl-SI\",\"@id\":\"https:\/\/hudo.com\/si\/#\/schema\/person\/image\/\",\"url\":\"https:\/\/secure.gravatar.com\/avatar\/c4ca25fa72cace7a696b52ff5db9e095?s=96&d=mm&r=g\",\"contentUrl\":\"https:\/\/secure.gravatar.com\/avatar\/c4ca25fa72cace7a696b52ff5db9e095?s=96&d=mm&r=g\",\"caption\":\"hudo\"},\"url\":\"https:\/\/hudo.com\/si\/author\/hudo\/\"}]}<\/script>\n<!-- \/ Yoast SEO plugin. -->","yoast_head_json":{"title":"Mami\u0107 po pripravah v Sloveniji odstavil trenerja Dinama - Hudo Slovenija","robots":{"index":"index","follow":"follow","max-snippet":"max-snippet:-1","max-image-preview":"max-image-preview:large","max-video-preview":"max-video-preview:-1"},"canonical":"https:\/\/hudo.com\/si\/aktualno\/mamic-po-pripravah-v-sloveniji-odstavil-trenerja-dinama\/","og_locale":"sl_SI","og_type":"article","og_title":"Mami\u0107 po pripravah v Sloveniji odstavil trenerja Dinama - Hudo Slovenija","og_description":"Zagreb\u0161ki nogometni klub Dinamo je dva dni pred za\u010detkom nove hrva\u0161ke nogometne sezone ostal brez bolgarskega strokovnjaka Ivaila Peteva, ki je bil glavni trener od lanske jeseni. Peteva je odstavil svetovalec Dinama Zdravko Mami\u0107, ki ni bil zadovoljen z rezultati kluba v prej\u0161nji sezoni in z igro med poletnimi pripravami.\u00a0 Petev ni ve\u010d glavni trener Dinama od dana\u0161njega dne, potem ko sta z Dinamom soglasno prekinila pogodbo o sodelovanju, so kratko zapisali na spletni strani najbolj trofejnega hrva\u0161kega nogometnega kluba.\u00a0Predsednik kluba Mirko Bari\u0161i\u0107 je potrdil, da bo za\u010dasni trener zdaj\u0161nji trener drugega mo\u0161tva Dinama 42-letni Mario Cvitanovi\u0107, ki je bil dolgoletni Dinamov igralec in trener podmladka. Bari\u0161i\u0107 upa, da Cvitanovi\u0107 ne bo zgolj prehodna re\u0161itev. Prva ugibanja, kdo bo novi trener, se nana\u0161ajo na znane obraze iz klubske igralske in trenerske zgodovine, kot sta Krunoslav Jur\u010di\u0107 in Tomislav Ivkovi\u0107. \u010ceprav je odlo\u010ditev o zagreb\u0161ki usodi Peteva sprejeta dva dni pred za\u010detkom prve tekme v elitnem hrva\u0161kem nogometnem prvenstvu v sezoni 2017\/18, na Hrva\u0161kem ocenjujejo, da je bila Mami\u0107eva poteza pravo\u010dasna, \u010de\u0161 da bi \u0161koda bila \u0161e ve\u010dja, \u010de bi klub s Petevem za\u010del kopi\u010diti slabe rezultate v doma\u010dem prvenstvu, zlasti v odlo\u010dilnih tekmah v kvalifikacijah za evropsko ligo. Bolgarski trener je Dinamo vodil na 35 tekmah, februarja letos pa je podalj\u0161al pogodbo do leta 2020. Petev je imel zagotovljenih 250.000 evrov za vsako sezono, zagreb\u0161ki klub bo, kot ka\u017ee, nekdanjemu trenerju izpla\u010dal 750.000 evrov.\u00a0Petev je na trenerski klopi oktobra lani zamenjal Dinamovo legendo Zlatka Kranj\u010darja, a igralci pod njegovim vodstvom niso uspeli dose\u010di niti enega samega zadetka v skupini lige prvakov ali vsaj to\u010dko. Za name\u010dek je Rijeka pobrala hrva\u0161ko nogometno prvenstvo in pokal, po enajstih zaporednih Dinamovih naslovih hrva\u0161kega prvaka. Neuradno Petev ni ve\u010d obvladoval mo\u0161tva, ker se je sprl s polovico sla\u010dilnice, v njegovo \u0161kodo pa so \u0161le tudi priprave v Sloveniji, na kat","og_url":"https:\/\/hudo.com\/si\/aktualno\/mamic-po-pripravah-v-sloveniji-odstavil-trenerja-dinama\/","og_site_name":"Hudo Slovenija","article_publisher":"https:\/\/www.facebook.com\/hudo.si","article_published_time":"2017-07-13T07:28:00+00:00","og_image":[{"width":450,"height":263,"url":"https:\/\/hudo.com\/si\/wp-content\/uploads\/sites\/2\/2017\/07\/06045449-300.jpg","type":"image\/jpeg"}],"author":"hudo","twitter_card":"summary_large_image","twitter_creator":"@hudo_si","twitter_site":"@hudo_si","twitter_misc":{"Written by":"hudo","Est. reading time":"2 minuti"},"schema":{"@context":"https:\/\/schema.org","@graph":[{"@type":"Article","@id":"https:\/\/hudo.com\/si\/aktualno\/mamic-po-pripravah-v-sloveniji-odstavil-trenerja-dinama\/#article","isPartOf":{"@id":"https:\/\/hudo.com\/si\/aktualno\/mamic-po-pripravah-v-sloveniji-odstavil-trenerja-dinama\/"},"author":{"name":"hudo","@id":"https:\/\/hudo.com\/si\/#\/schema\/person\/601cf3379633985b20f7e50f2bb47707"},"headline":"Mami\u0107 po pripravah v Sloveniji odstavil trenerja Dinama","datePublished":"2017-07-13T07:28:00+00:00","dateModified":"2017-07-13T07:28:00+00:00","mainEntityOfPage":{"@id":"https:\/\/hudo.com\/si\/aktualno\/mamic-po-pripravah-v-sloveniji-odstavil-trenerja-dinama\/"},"wordCount":349,"publisher":{"@id":"https:\/\/hudo.com\/si\/#organization"},"articleSection":["Aktualno"],"inLanguage":"sl-SI"},{"@type":"WebPage","@id":"https:\/\/hudo.com\/si\/aktualno\/mamic-po-pripravah-v-sloveniji-odstavil-trenerja-dinama\/","url":"https:\/\/hudo.com\/si\/aktualno\/mamic-po-pripravah-v-sloveniji-odstavil-trenerja-dinama\/","name":"Mami\u0107 po pripravah v Sloveniji odstavil trenerja Dinama - Hudo Slovenija","isPartOf":{"@id":"https:\/\/hudo.com\/si\/#website"},"datePublished":"2017-07-13T07:28:00+00:00","dateModified":"2017-07-13T07:28:00+00:00","breadcrumb":{"@id":"https:\/\/hudo.com\/si\/aktualno\/mamic-po-pripravah-v-sloveniji-odstavil-trenerja-dinama\/#breadcrumb"},"inLanguage":"sl-SI","potentialAction":[{"@type":"ReadAction","target":["https:\/\/hudo.com\/si\/aktualno\/mamic-po-pripravah-v-sloveniji-odstavil-trenerja-dinama\/"]}]},{"@type":"BreadcrumbList","@id":"https:\/\/hudo.com\/si\/aktualno\/mamic-po-pripravah-v-sloveniji-odstavil-trenerja-dinama\/#breadcrumb","itemListElement":[{"@type":"ListItem","position":1,"name":"Home","item":"https:\/\/hudo.com\/si\/"},{"@type":"ListItem","position":2,"name":"Mami\u0107 po pripravah v Sloveniji odstavil trenerja Dinama"}]},{"@type":"WebSite","@id":"https:\/\/hudo.com\/si\/#website","url":"https:\/\/hudo.com\/si\/","name":"Hudo Slovenija","description":"Vse novice iz Slovenije in sveta","publisher":{"@id":"https:\/\/hudo.com\/si\/#organization"},"potentialAction":[{"@type":"SearchAction","target":{"@type":"EntryPoint","urlTemplate":"https:\/\/hudo.com\/si\/?s={search_term_string}"},"query-input":"required name=search_term_string"}],"inLanguage":"sl-SI"},{"@type":"Organization","@id":"https:\/\/hudo.com\/si\/#organization","name":"VSN Media","url":"https:\/\/hudo.com\/si\/","logo":{"@type":"ImageObject","inLanguage":"sl-SI","@id":"https:\/\/hudo.com\/si\/#\/schema\/logo\/image\/","url":"https:\/\/hudo.com\/si\/wp-content\/uploads\/sites\/2\/2021\/03\/hudo-app-2.png","contentUrl":"https:\/\/hudo.com\/si\/wp-content\/uploads\/sites\/2\/2021\/03\/hudo-app-2.png","width":2185,"height":2167,"caption":"VSN Media"},"image":{"@id":"https:\/\/hudo.com\/si\/#\/schema\/logo\/image\/"},"sameAs":["https:\/\/www.facebook.com\/hudo.si","https:\/\/twitter.com\/hudo_si"]},{"@type":"Person","@id":"https:\/\/hudo.com\/si\/#\/schema\/person\/601cf3379633985b20f7e50f2bb47707","name":"hudo","image":{"@type":"ImageObject","inLanguage":"sl-SI","@id":"https:\/\/hudo.com\/si\/#\/schema\/person\/image\/","url":"https:\/\/secure.gravatar.com\/avatar\/c4ca25fa72cace7a696b52ff5db9e095?s=96&d=mm&r=g","contentUrl":"https:\/\/secure.gravatar.com\/avatar\/c4ca25fa72cace7a696b52ff5db9e095?s=96&d=mm&r=g","caption":"hudo"},"url":"https:\/\/hudo.com\/si\/author\/hudo\/"}]}},"amp_enabled":true,"_links":{"self":[{"href":"https:\/\/hudo.com\/si\/wp-json\/wp\/v2\/posts\/276553"}],"collection":[{"href":"https:\/\/hudo.com\/si\/wp-json\/wp\/v2\/posts"}],"about":[{"href":"https:\/\/hudo.com\/si\/wp-json\/wp\/v2\/types\/post"}],"author":[{"embeddable":true,"href":"https:\/\/hudo.com\/si\/wp-json\/wp\/v2\/users\/1"}],"replies":[{"embeddable":true,"href":"https:\/\/hudo.com\/si\/wp-json\/wp\/v2\/comments?post=276553"}],"version-history":[{"count":0,"href":"https:\/\/hudo.com\/si\/wp-json\/wp\/v2\/posts\/276553\/revisions"}],"wp:attachment":[{"href":"https:\/\/hudo.com\/si\/wp-json\/wp\/v2\/media?parent=276553"}],"wp:term":[{"taxonomy":"category","embeddable":true,"href":"https:\/\/hudo.com\/si\/wp-json\/wp\/v2\/categories?post=276553"},{"taxonomy":"post_tag","embeddable":true,"href":"https:\/\/hudo.com\/si\/wp-json\/wp\/v2\/tags?post=276553"},{"taxonomy":"source","embeddable":true,"href":"https:\/\/hudo.com\/si\/wp-json\/wp\/v2\/source?post=276553"},{"taxonomy":"supertag","embeddable":true,"href":"https:\/\/hudo.com\/si\/wp-json\/wp\/v2\/supertag?post=276553"}],"curies":[{"name":"wp","href":"https:\/\/api.w.org\/{rel}","templated":true}]}}