{"id":277036,"date":"2017-07-14T19:34:40","date_gmt":"2017-07-14T17:34:40","guid":{"rendered":"http:\/\/hudo.com\/si\/?p=277036"},"modified":"2017-07-14T19:35:24","modified_gmt":"2017-07-14T17:35:24","slug":"v-nici-se-danes-spominjajo-86-zrtev-teroristicnega-napada-izpred-leta-dni","status":"publish","type":"post","link":"https:\/\/hudo.com\/si\/aktualno\/v-nici-se-danes-spominjajo-86-zrtev-teroristicnega-napada-izpred-leta-dni\/","title":{"rendered":"V Nici se danes spominjajo 86 \u017ertev teroristi\u010dnega napada izpred leta dni"},"content":{"rendered":"<p>V Nici sta tudi nekdanja predsednika Francois Hollande in Nicolas Sarkozy ter ve\u010d predstavnikov dr\u017eavnih oblasti, poro\u010da nem\u0161ka tiskovna agencija dpa.<\/p>\n<figure id=\"attachment_277038\" aria-describedby=\"caption-attachment-277038\" style=\"width: 1000px\" class=\"wp-caption alignnone\"><a href=\"http:\/\/hudo.com\/si\/wp-content\/uploads\/sites\/2\/2017\/07\/profimedia-0341828585.jpg\"><img loading=\"lazy\" decoding=\"async\" class=\"size-large wp-image-277038\" src=\"http:\/\/hudo.com\/si\/wp-content\/uploads\/sites\/2\/2017\/07\/profimedia-0341828585-1024x682.jpg\" alt=\"\" width=\"1000\" height=\"666\" srcset=\"https:\/\/hudo.com\/si\/wp-content\/uploads\/sites\/2\/2017\/07\/profimedia-0341828585-1024x682.jpg 1024w, https:\/\/hudo.com\/si\/wp-content\/uploads\/sites\/2\/2017\/07\/profimedia-0341828585-300x200.jpg 300w, https:\/\/hudo.com\/si\/wp-content\/uploads\/sites\/2\/2017\/07\/profimedia-0341828585-768x512.jpg 768w, https:\/\/hudo.com\/si\/wp-content\/uploads\/sites\/2\/2017\/07\/profimedia-0341828585-600x400.jpg 600w, https:\/\/hudo.com\/si\/wp-content\/uploads\/sites\/2\/2017\/07\/profimedia-0341828585.jpg 1250w\" sizes=\"(max-width: 1000px) 100vw, 1000px\" \/><\/a><figcaption id=\"caption-attachment-277038\" class=\"wp-caption-text\">Foto: Profimedia<\/figcaption><\/figure>\n<p>Na prireditvi na trgu Massena, ki le\u017ei v bli\u017eini Angle\u0161ke promenade, kjer se je zgodil napad, so najprej prisluhnili francoski himni. Macron je nato z drugimi uradniki nekaterim policistom in civilistom za njihovo ravnanje podelil odlikovanje legija \u010dasti.<\/p>\n<p>Med drugim so odlikovali policista Gaetana Roya in Magali Cotton, ki sta lovila napadalca in ga na koncu tudi ustrelila. Odlikovanje pa je prejel tudi civilist Franck Terrier, ki je pod tovornjak vrgel svoj moped, sku\u0161al pa je tudi splezati v voznikovo kabino.<\/p>\n<figure id=\"attachment_277039\" aria-describedby=\"caption-attachment-277039\" style=\"width: 1000px\" class=\"wp-caption alignnone\"><a href=\"http:\/\/hudo.com\/si\/wp-content\/uploads\/sites\/2\/2017\/07\/profimedia-0341825650.jpg\"><img loading=\"lazy\" decoding=\"async\" class=\"size-large wp-image-277039\" src=\"http:\/\/hudo.com\/si\/wp-content\/uploads\/sites\/2\/2017\/07\/profimedia-0341825650-1024x566.jpg\" alt=\"\" width=\"1000\" height=\"553\" srcset=\"https:\/\/hudo.com\/si\/wp-content\/uploads\/sites\/2\/2017\/07\/profimedia-0341825650-1024x566.jpg 1024w, https:\/\/hudo.com\/si\/wp-content\/uploads\/sites\/2\/2017\/07\/profimedia-0341825650-300x166.jpg 300w, https:\/\/hudo.com\/si\/wp-content\/uploads\/sites\/2\/2017\/07\/profimedia-0341825650-768x425.jpg 768w, https:\/\/hudo.com\/si\/wp-content\/uploads\/sites\/2\/2017\/07\/profimedia-0341825650-600x332.jpg 600w, https:\/\/hudo.com\/si\/wp-content\/uploads\/sites\/2\/2017\/07\/profimedia-0341825650.jpg 1250w\" sizes=\"(max-width: 1000px) 100vw, 1000px\" \/><\/a><figcaption id=\"caption-attachment-277039\" class=\"wp-caption-text\">Foto: Profimedia<\/figcaption><\/figure>\n<p>\u017de pred tem so ljudem razdelili 12.000 plo\u0161\u010dic v barvah francoske zastave, ki so jih polo\u017eili na plo\u010dnik ob promenadi. Iz njih so kasneje sestavili francosko nacionalno geslo Svoboda, enakost, bratstvo.<\/p>\n<p>V ve\u010dernih urah je predviden koncert, nakar bodo v zrak spustili balone in pri\u017egali 86 svetlobnih sto\u017ecev.<\/p>\n","protected":false},"excerpt":{"rendered":"<p>V francoskem letovi\u0161kem mestu Nica danes potekajo slovesnosti v spomin na 86 \u017ertev napada, v katerem je Tunizijec pred letom dni med proslavljanjem dr\u017eavnega praznika s tovornjakom zapeljal po promenadi, polni ljudi. Spominske slovesnosti se udele\u017euje tudi francoski predsednik Emmanuel Macron.<\/p>\n","protected":false},"author":8,"featured_media":277037,"comment_status":"closed","ping_status":"closed","sticky":false,"template":"","format":"standard","meta":{"footnotes":""},"categories":[1179],"tags":[5789,4676],"source":[4511],"supertag":[7150,6103],"acf":[],"yoast_head":"<!-- This site is optimized with the Yoast SEO plugin v21.3 - https:\/\/yoast.com\/wordpress\/plugins\/seo\/ -->\n<title>V Nici se danes spominjajo 86 \u017ertev teroristi\u010dnega napada izpred leta dni - Hudo Slovenija<\/title>\n<meta name=\"robots\" content=\"index, follow, max-snippet:-1, max-image-preview:large, max-video-preview:-1\" \/>\n<link rel=\"canonical\" href=\"https:\/\/hudo.com\/si\/aktualno\/v-nici-se-danes-spominjajo-86-zrtev-teroristicnega-napada-izpred-leta-dni\/\" \/>\n<meta property=\"og:locale\" content=\"sl_SI\" \/>\n<meta property=\"og:type\" content=\"article\" \/>\n<meta property=\"og:title\" content=\"V Nici se danes spominjajo 86 \u017ertev teroristi\u010dnega napada izpred leta dni - Hudo Slovenija\" \/>\n<meta property=\"og:description\" content=\"V francoskem letovi\u0161kem mestu Nica danes potekajo slovesnosti v spomin na 86 \u017ertev napada, v katerem je Tunizijec pred letom dni med proslavljanjem dr\u017eavnega praznika s tovornjakom zapeljal po promenadi, polni ljudi. Spominske slovesnosti se udele\u017euje tudi francoski predsednik Emmanuel Macron.\" \/>\n<meta property=\"og:url\" content=\"https:\/\/hudo.com\/si\/aktualno\/v-nici-se-danes-spominjajo-86-zrtev-teroristicnega-napada-izpred-leta-dni\/\" \/>\n<meta property=\"og:site_name\" content=\"Hudo Slovenija\" \/>\n<meta property=\"article:publisher\" content=\"https:\/\/www.facebook.com\/hudo.si\" \/>\n<meta property=\"article:published_time\" content=\"2017-07-14T17:34:40+00:00\" \/>\n<meta property=\"article:modified_time\" content=\"2017-07-14T17:35:24+00:00\" \/>\n<meta property=\"og:image\" content=\"https:\/\/hudo.com\/si\/wp-content\/uploads\/sites\/2\/2017\/07\/profimedia-0341828592.jpg\" \/>\n\t<meta property=\"og:image:width\" content=\"1250\" \/>\n\t<meta property=\"og:image:height\" content=\"833\" \/>\n\t<meta property=\"og:image:type\" content=\"image\/jpeg\" \/>\n<meta name=\"author\" content=\"M. N., STA\" \/>\n<meta name=\"twitter:card\" content=\"summary_large_image\" \/>\n<meta name=\"twitter:creator\" content=\"@hudo_si\" \/>\n<meta name=\"twitter:site\" content=\"@hudo_si\" \/>\n<meta name=\"twitter:label1\" content=\"Written by\" \/>\n\t<meta name=\"twitter:data1\" content=\"M. N., STA\" \/>\n\t<meta name=\"twitter:label2\" content=\"Est. reading time\" \/>\n\t<meta name=\"twitter:data2\" content=\"1 minuta\" \/>\n<script type=\"application\/ld+json\" class=\"yoast-schema-graph\">{\"@context\":\"https:\/\/schema.org\",\"@graph\":[{\"@type\":\"Article\",\"@id\":\"https:\/\/hudo.com\/si\/aktualno\/v-nici-se-danes-spominjajo-86-zrtev-teroristicnega-napada-izpred-leta-dni\/#article\",\"isPartOf\":{\"@id\":\"https:\/\/hudo.com\/si\/aktualno\/v-nici-se-danes-spominjajo-86-zrtev-teroristicnega-napada-izpred-leta-dni\/\"},\"author\":{\"name\":\"M. N., STA\",\"@id\":\"https:\/\/hudo.com\/si\/#\/schema\/person\/c2f10ce65d2e6ede2aeda5be2a0611fa\"},\"headline\":\"V Nici se danes spominjajo 86 \u017ertev teroristi\u010dnega napada izpred leta dni\",\"datePublished\":\"2017-07-14T17:34:40+00:00\",\"dateModified\":\"2017-07-14T17:35:24+00:00\",\"mainEntityOfPage\":{\"@id\":\"https:\/\/hudo.com\/si\/aktualno\/v-nici-se-danes-spominjajo-86-zrtev-teroristicnega-napada-izpred-leta-dni\/\"},\"wordCount\":191,\"publisher\":{\"@id\":\"https:\/\/hudo.com\/si\/#organization\"},\"keywords\":[\"Nica\",\"teroristi\u010dni napad\"],\"articleSection\":[\"Aktualno\"],\"inLanguage\":\"sl-SI\"},{\"@type\":\"WebPage\",\"@id\":\"https:\/\/hudo.com\/si\/aktualno\/v-nici-se-danes-spominjajo-86-zrtev-teroristicnega-napada-izpred-leta-dni\/\",\"url\":\"https:\/\/hudo.com\/si\/aktualno\/v-nici-se-danes-spominjajo-86-zrtev-teroristicnega-napada-izpred-leta-dni\/\",\"name\":\"V Nici se danes spominjajo 86 \u017ertev teroristi\u010dnega napada izpred leta dni - Hudo Slovenija\",\"isPartOf\":{\"@id\":\"https:\/\/hudo.com\/si\/#website\"},\"datePublished\":\"2017-07-14T17:34:40+00:00\",\"dateModified\":\"2017-07-14T17:35:24+00:00\",\"breadcrumb\":{\"@id\":\"https:\/\/hudo.com\/si\/aktualno\/v-nici-se-danes-spominjajo-86-zrtev-teroristicnega-napada-izpred-leta-dni\/#breadcrumb\"},\"inLanguage\":\"sl-SI\",\"potentialAction\":[{\"@type\":\"ReadAction\",\"target\":[\"https:\/\/hudo.com\/si\/aktualno\/v-nici-se-danes-spominjajo-86-zrtev-teroristicnega-napada-izpred-leta-dni\/\"]}]},{\"@type\":\"BreadcrumbList\",\"@id\":\"https:\/\/hudo.com\/si\/aktualno\/v-nici-se-danes-spominjajo-86-zrtev-teroristicnega-napada-izpred-leta-dni\/#breadcrumb\",\"itemListElement\":[{\"@type\":\"ListItem\",\"position\":1,\"name\":\"Home\",\"item\":\"https:\/\/hudo.com\/si\/\"},{\"@type\":\"ListItem\",\"position\":2,\"name\":\"V Nici se danes spominjajo 86 \u017ertev teroristi\u010dnega napada izpred leta dni\"}]},{\"@type\":\"WebSite\",\"@id\":\"https:\/\/hudo.com\/si\/#website\",\"url\":\"https:\/\/hudo.com\/si\/\",\"name\":\"Hudo Slovenija\",\"description\":\"Vse novice iz Slovenije in sveta\",\"publisher\":{\"@id\":\"https:\/\/hudo.com\/si\/#organization\"},\"potentialAction\":[{\"@type\":\"SearchAction\",\"target\":{\"@type\":\"EntryPoint\",\"urlTemplate\":\"https:\/\/hudo.com\/si\/?s={search_term_string}\"},\"query-input\":\"required name=search_term_string\"}],\"inLanguage\":\"sl-SI\"},{\"@type\":\"Organization\",\"@id\":\"https:\/\/hudo.com\/si\/#organization\",\"name\":\"VSN Media\",\"url\":\"https:\/\/hudo.com\/si\/\",\"logo\":{\"@type\":\"ImageObject\",\"inLanguage\":\"sl-SI\",\"@id\":\"https:\/\/hudo.com\/si\/#\/schema\/logo\/image\/\",\"url\":\"https:\/\/hudo.com\/si\/wp-content\/uploads\/sites\/2\/2021\/03\/hudo-app-2.png\",\"contentUrl\":\"https:\/\/hudo.com\/si\/wp-content\/uploads\/sites\/2\/2021\/03\/hudo-app-2.png\",\"width\":2185,\"height\":2167,\"caption\":\"VSN Media\"},\"image\":{\"@id\":\"https:\/\/hudo.com\/si\/#\/schema\/logo\/image\/\"},\"sameAs\":[\"https:\/\/www.facebook.com\/hudo.si\",\"https:\/\/twitter.com\/hudo_si\"]},{\"@type\":\"Person\",\"@id\":\"https:\/\/hudo.com\/si\/#\/schema\/person\/c2f10ce65d2e6ede2aeda5be2a0611fa\",\"name\":\"M. N., STA\",\"image\":{\"@type\":\"ImageObject\",\"inLanguage\":\"sl-SI\",\"@id\":\"https:\/\/hudo.com\/si\/#\/schema\/person\/image\/\",\"url\":\"https:\/\/secure.gravatar.com\/avatar\/f370d38daa10467f755c5c766a4cac20?s=96&d=mm&r=g\",\"contentUrl\":\"https:\/\/secure.gravatar.com\/avatar\/f370d38daa10467f755c5c766a4cac20?s=96&d=mm&r=g\",\"caption\":\"M. N., STA\"},\"url\":\"https:\/\/hudo.com\/si\/author\/mana\/\"}]}<\/script>\n<!-- \/ Yoast SEO plugin. -->","yoast_head_json":{"title":"V Nici se danes spominjajo 86 \u017ertev teroristi\u010dnega napada izpred leta dni - Hudo Slovenija","robots":{"index":"index","follow":"follow","max-snippet":"max-snippet:-1","max-image-preview":"max-image-preview:large","max-video-preview":"max-video-preview:-1"},"canonical":"https:\/\/hudo.com\/si\/aktualno\/v-nici-se-danes-spominjajo-86-zrtev-teroristicnega-napada-izpred-leta-dni\/","og_locale":"sl_SI","og_type":"article","og_title":"V Nici se danes spominjajo 86 \u017ertev teroristi\u010dnega napada izpred leta dni - Hudo Slovenija","og_description":"V francoskem letovi\u0161kem mestu Nica danes potekajo slovesnosti v spomin na 86 \u017ertev napada, v katerem je Tunizijec pred letom dni med proslavljanjem dr\u017eavnega praznika s tovornjakom zapeljal po promenadi, polni ljudi. Spominske slovesnosti se udele\u017euje tudi francoski predsednik Emmanuel Macron.","og_url":"https:\/\/hudo.com\/si\/aktualno\/v-nici-se-danes-spominjajo-86-zrtev-teroristicnega-napada-izpred-leta-dni\/","og_site_name":"Hudo Slovenija","article_publisher":"https:\/\/www.facebook.com\/hudo.si","article_published_time":"2017-07-14T17:34:40+00:00","article_modified_time":"2017-07-14T17:35:24+00:00","og_image":[{"width":1250,"height":833,"url":"https:\/\/hudo.com\/si\/wp-content\/uploads\/sites\/2\/2017\/07\/profimedia-0341828592.jpg","type":"image\/jpeg"}],"author":"M. N., STA","twitter_card":"summary_large_image","twitter_creator":"@hudo_si","twitter_site":"@hudo_si","twitter_misc":{"Written by":"M. N., STA","Est. reading time":"1 minuta"},"schema":{"@context":"https:\/\/schema.org","@graph":[{"@type":"Article","@id":"https:\/\/hudo.com\/si\/aktualno\/v-nici-se-danes-spominjajo-86-zrtev-teroristicnega-napada-izpred-leta-dni\/#article","isPartOf":{"@id":"https:\/\/hudo.com\/si\/aktualno\/v-nici-se-danes-spominjajo-86-zrtev-teroristicnega-napada-izpred-leta-dni\/"},"author":{"name":"M. N., STA","@id":"https:\/\/hudo.com\/si\/#\/schema\/person\/c2f10ce65d2e6ede2aeda5be2a0611fa"},"headline":"V Nici se danes spominjajo 86 \u017ertev teroristi\u010dnega napada izpred leta dni","datePublished":"2017-07-14T17:34:40+00:00","dateModified":"2017-07-14T17:35:24+00:00","mainEntityOfPage":{"@id":"https:\/\/hudo.com\/si\/aktualno\/v-nici-se-danes-spominjajo-86-zrtev-teroristicnega-napada-izpred-leta-dni\/"},"wordCount":191,"publisher":{"@id":"https:\/\/hudo.com\/si\/#organization"},"keywords":["Nica","teroristi\u010dni napad"],"articleSection":["Aktualno"],"inLanguage":"sl-SI"},{"@type":"WebPage","@id":"https:\/\/hudo.com\/si\/aktualno\/v-nici-se-danes-spominjajo-86-zrtev-teroristicnega-napada-izpred-leta-dni\/","url":"https:\/\/hudo.com\/si\/aktualno\/v-nici-se-danes-spominjajo-86-zrtev-teroristicnega-napada-izpred-leta-dni\/","name":"V Nici se danes spominjajo 86 \u017ertev teroristi\u010dnega napada izpred leta dni - Hudo Slovenija","isPartOf":{"@id":"https:\/\/hudo.com\/si\/#website"},"datePublished":"2017-07-14T17:34:40+00:00","dateModified":"2017-07-14T17:35:24+00:00","breadcrumb":{"@id":"https:\/\/hudo.com\/si\/aktualno\/v-nici-se-danes-spominjajo-86-zrtev-teroristicnega-napada-izpred-leta-dni\/#breadcrumb"},"inLanguage":"sl-SI","potentialAction":[{"@type":"ReadAction","target":["https:\/\/hudo.com\/si\/aktualno\/v-nici-se-danes-spominjajo-86-zrtev-teroristicnega-napada-izpred-leta-dni\/"]}]},{"@type":"BreadcrumbList","@id":"https:\/\/hudo.com\/si\/aktualno\/v-nici-se-danes-spominjajo-86-zrtev-teroristicnega-napada-izpred-leta-dni\/#breadcrumb","itemListElement":[{"@type":"ListItem","position":1,"name":"Home","item":"https:\/\/hudo.com\/si\/"},{"@type":"ListItem","position":2,"name":"V Nici se danes spominjajo 86 \u017ertev teroristi\u010dnega napada izpred leta dni"}]},{"@type":"WebSite","@id":"https:\/\/hudo.com\/si\/#website","url":"https:\/\/hudo.com\/si\/","name":"Hudo Slovenija","description":"Vse novice iz Slovenije in sveta","publisher":{"@id":"https:\/\/hudo.com\/si\/#organization"},"potentialAction":[{"@type":"SearchAction","target":{"@type":"EntryPoint","urlTemplate":"https:\/\/hudo.com\/si\/?s={search_term_string}"},"query-input":"required name=search_term_string"}],"inLanguage":"sl-SI"},{"@type":"Organization","@id":"https:\/\/hudo.com\/si\/#organization","name":"VSN Media","url":"https:\/\/hudo.com\/si\/","logo":{"@type":"ImageObject","inLanguage":"sl-SI","@id":"https:\/\/hudo.com\/si\/#\/schema\/logo\/image\/","url":"https:\/\/hudo.com\/si\/wp-content\/uploads\/sites\/2\/2021\/03\/hudo-app-2.png","contentUrl":"https:\/\/hudo.com\/si\/wp-content\/uploads\/sites\/2\/2021\/03\/hudo-app-2.png","width":2185,"height":2167,"caption":"VSN Media"},"image":{"@id":"https:\/\/hudo.com\/si\/#\/schema\/logo\/image\/"},"sameAs":["https:\/\/www.facebook.com\/hudo.si","https:\/\/twitter.com\/hudo_si"]},{"@type":"Person","@id":"https:\/\/hudo.com\/si\/#\/schema\/person\/c2f10ce65d2e6ede2aeda5be2a0611fa","name":"M. N., STA","image":{"@type":"ImageObject","inLanguage":"sl-SI","@id":"https:\/\/hudo.com\/si\/#\/schema\/person\/image\/","url":"https:\/\/secure.gravatar.com\/avatar\/f370d38daa10467f755c5c766a4cac20?s=96&d=mm&r=g","contentUrl":"https:\/\/secure.gravatar.com\/avatar\/f370d38daa10467f755c5c766a4cac20?s=96&d=mm&r=g","caption":"M. N., STA"},"url":"https:\/\/hudo.com\/si\/author\/mana\/"}]}},"amp_enabled":true,"_links":{"self":[{"href":"https:\/\/hudo.com\/si\/wp-json\/wp\/v2\/posts\/277036"}],"collection":[{"href":"https:\/\/hudo.com\/si\/wp-json\/wp\/v2\/posts"}],"about":[{"href":"https:\/\/hudo.com\/si\/wp-json\/wp\/v2\/types\/post"}],"author":[{"embeddable":true,"href":"https:\/\/hudo.com\/si\/wp-json\/wp\/v2\/users\/8"}],"replies":[{"embeddable":true,"href":"https:\/\/hudo.com\/si\/wp-json\/wp\/v2\/comments?post=277036"}],"version-history":[{"count":1,"href":"https:\/\/hudo.com\/si\/wp-json\/wp\/v2\/posts\/277036\/revisions"}],"predecessor-version":[{"id":277040,"href":"https:\/\/hudo.com\/si\/wp-json\/wp\/v2\/posts\/277036\/revisions\/277040"}],"wp:featuredmedia":[{"embeddable":true,"href":"https:\/\/hudo.com\/si\/wp-json\/wp\/v2\/media\/277037"}],"wp:attachment":[{"href":"https:\/\/hudo.com\/si\/wp-json\/wp\/v2\/media?parent=277036"}],"wp:term":[{"taxonomy":"category","embeddable":true,"href":"https:\/\/hudo.com\/si\/wp-json\/wp\/v2\/categories?post=277036"},{"taxonomy":"post_tag","embeddable":true,"href":"https:\/\/hudo.com\/si\/wp-json\/wp\/v2\/tags?post=277036"},{"taxonomy":"source","embeddable":true,"href":"https:\/\/hudo.com\/si\/wp-json\/wp\/v2\/source?post=277036"},{"taxonomy":"supertag","embeddable":true,"href":"https:\/\/hudo.com\/si\/wp-json\/wp\/v2\/supertag?post=277036"}],"curies":[{"name":"wp","href":"https:\/\/api.w.org\/{rel}","templated":true}]}}