{"id":277171,"date":"2017-07-15T04:02:00","date_gmt":"2017-07-15T02:02:00","guid":{"rendered":"http:\/\/hudo.com\/si\/2017\/07\/15\/bavcar-se-najmanj-mesec-dni-ne-gre-v-zapor\/"},"modified":"2017-07-15T04:02:00","modified_gmt":"2017-07-15T02:02:00","slug":"bavcar-se-najmanj-mesec-dni-ne-gre-v-zapor","status":"publish","type":"post","link":"https:\/\/hudo.com\/si\/aktualno\/bavcar-se-najmanj-mesec-dni-ne-gre-v-zapor\/","title":{"rendered":"Bav\u010dar \u0161e najmanj mesec dni ne gre v zapor"},"content":{"rendered":"<p>Igorju Bav\u010darju prihodnji \u010detrtek \u0161e ne bo treba prestopiti praga zapora na Dobu. Za to je poskrbel njegov zagovornik Janez Ko\u0161\u010dak, ki je ob pro\u0161nji za odlog prestajanja kazni zahteval tudi izlo\u010ditev predsednika in podpredsednice ljubljanskega okro\u017enega sodi\u0161\u010da.<\/p>\n","protected":false},"excerpt":{"rendered":"<p>Igorju Bav\u010darju prihodnji \u010detrtek \u0161e ne bo treba prestopiti praga zapora na Dobu. Za to je poskrbel njegov zagovornik Janez Ko\u0161\u010dak, ki je ob pro\u0161nji za odlog prestajanja kazni zahteval tudi izlo\u010ditev predsednika in podpredsednice ljubljanskega okro\u017enega sodi\u0161\u010da.<\/p>\n","protected":false},"author":1,"featured_media":0,"comment_status":"closed","ping_status":"closed","sticky":false,"template":"","format":"standard","meta":{"footnotes":""},"categories":[1179],"tags":[],"source":[1707],"supertag":[],"acf":[],"yoast_head":"<!-- This site is optimized with the Yoast SEO plugin v21.3 - https:\/\/yoast.com\/wordpress\/plugins\/seo\/ -->\n<title>Bav\u010dar \u0161e najmanj mesec dni ne gre v zapor - Hudo Slovenija<\/title>\n<meta name=\"robots\" content=\"index, follow, max-snippet:-1, max-image-preview:large, max-video-preview:-1\" \/>\n<link rel=\"canonical\" href=\"https:\/\/hudo.com\/si\/aktualno\/bavcar-se-najmanj-mesec-dni-ne-gre-v-zapor\/\" \/>\n<meta property=\"og:locale\" content=\"sl_SI\" \/>\n<meta property=\"og:type\" content=\"article\" \/>\n<meta property=\"og:title\" content=\"Bav\u010dar \u0161e najmanj mesec dni ne gre v zapor - Hudo Slovenija\" \/>\n<meta property=\"og:description\" content=\"Igorju Bav\u010darju prihodnji \u010detrtek \u0161e ne bo treba prestopiti praga zapora na Dobu. Za to je poskrbel njegov zagovornik Janez Ko\u0161\u010dak, ki je ob pro\u0161nji za odlog prestajanja kazni zahteval tudi izlo\u010ditev predsednika in podpredsednice ljubljanskega okro\u017enega sodi\u0161\u010da.\" \/>\n<meta property=\"og:url\" content=\"https:\/\/hudo.com\/si\/aktualno\/bavcar-se-najmanj-mesec-dni-ne-gre-v-zapor\/\" \/>\n<meta property=\"og:site_name\" content=\"Hudo Slovenija\" \/>\n<meta property=\"article:publisher\" content=\"https:\/\/www.facebook.com\/hudo.si\" \/>\n<meta property=\"article:published_time\" content=\"2017-07-15T02:02:00+00:00\" \/>\n<meta property=\"og:image\" content=\"https:\/\/hudo.com\/si\/wp-content\/uploads\/sites\/2\/2017\/07\/163-BAVCAR.jpg\" \/>\n\t<meta property=\"og:image:width\" content=\"620\" \/>\n\t<meta property=\"og:image:height\" content=\"514\" \/>\n\t<meta property=\"og:image:type\" content=\"image\/jpeg\" \/>\n<meta name=\"author\" content=\"hudo\" \/>\n<meta name=\"twitter:card\" content=\"summary_large_image\" \/>\n<meta name=\"twitter:creator\" content=\"@hudo_si\" \/>\n<meta name=\"twitter:site\" content=\"@hudo_si\" \/>\n<meta name=\"twitter:label1\" content=\"Written by\" \/>\n\t<meta name=\"twitter:data1\" content=\"hudo\" \/>\n<script type=\"application\/ld+json\" class=\"yoast-schema-graph\">{\"@context\":\"https:\/\/schema.org\",\"@graph\":[{\"@type\":\"Article\",\"@id\":\"https:\/\/hudo.com\/si\/aktualno\/bavcar-se-najmanj-mesec-dni-ne-gre-v-zapor\/#article\",\"isPartOf\":{\"@id\":\"https:\/\/hudo.com\/si\/aktualno\/bavcar-se-najmanj-mesec-dni-ne-gre-v-zapor\/\"},\"author\":{\"name\":\"hudo\",\"@id\":\"https:\/\/hudo.com\/si\/#\/schema\/person\/601cf3379633985b20f7e50f2bb47707\"},\"headline\":\"Bav\u010dar \u0161e najmanj mesec dni ne gre v zapor\",\"datePublished\":\"2017-07-15T02:02:00+00:00\",\"dateModified\":\"2017-07-15T02:02:00+00:00\",\"mainEntityOfPage\":{\"@id\":\"https:\/\/hudo.com\/si\/aktualno\/bavcar-se-najmanj-mesec-dni-ne-gre-v-zapor\/\"},\"wordCount\":54,\"publisher\":{\"@id\":\"https:\/\/hudo.com\/si\/#organization\"},\"articleSection\":[\"Aktualno\"],\"inLanguage\":\"sl-SI\"},{\"@type\":\"WebPage\",\"@id\":\"https:\/\/hudo.com\/si\/aktualno\/bavcar-se-najmanj-mesec-dni-ne-gre-v-zapor\/\",\"url\":\"https:\/\/hudo.com\/si\/aktualno\/bavcar-se-najmanj-mesec-dni-ne-gre-v-zapor\/\",\"name\":\"Bav\u010dar \u0161e najmanj mesec dni ne gre v zapor - Hudo Slovenija\",\"isPartOf\":{\"@id\":\"https:\/\/hudo.com\/si\/#website\"},\"datePublished\":\"2017-07-15T02:02:00+00:00\",\"dateModified\":\"2017-07-15T02:02:00+00:00\",\"breadcrumb\":{\"@id\":\"https:\/\/hudo.com\/si\/aktualno\/bavcar-se-najmanj-mesec-dni-ne-gre-v-zapor\/#breadcrumb\"},\"inLanguage\":\"sl-SI\",\"potentialAction\":[{\"@type\":\"ReadAction\",\"target\":[\"https:\/\/hudo.com\/si\/aktualno\/bavcar-se-najmanj-mesec-dni-ne-gre-v-zapor\/\"]}]},{\"@type\":\"BreadcrumbList\",\"@id\":\"https:\/\/hudo.com\/si\/aktualno\/bavcar-se-najmanj-mesec-dni-ne-gre-v-zapor\/#breadcrumb\",\"itemListElement\":[{\"@type\":\"ListItem\",\"position\":1,\"name\":\"Home\",\"item\":\"https:\/\/hudo.com\/si\/\"},{\"@type\":\"ListItem\",\"position\":2,\"name\":\"Bav\u010dar \u0161e najmanj mesec dni ne gre v zapor\"}]},{\"@type\":\"WebSite\",\"@id\":\"https:\/\/hudo.com\/si\/#website\",\"url\":\"https:\/\/hudo.com\/si\/\",\"name\":\"Hudo Slovenija\",\"description\":\"Vse novice iz Slovenije in sveta\",\"publisher\":{\"@id\":\"https:\/\/hudo.com\/si\/#organization\"},\"potentialAction\":[{\"@type\":\"SearchAction\",\"target\":{\"@type\":\"EntryPoint\",\"urlTemplate\":\"https:\/\/hudo.com\/si\/?s={search_term_string}\"},\"query-input\":\"required name=search_term_string\"}],\"inLanguage\":\"sl-SI\"},{\"@type\":\"Organization\",\"@id\":\"https:\/\/hudo.com\/si\/#organization\",\"name\":\"VSN Media\",\"url\":\"https:\/\/hudo.com\/si\/\",\"logo\":{\"@type\":\"ImageObject\",\"inLanguage\":\"sl-SI\",\"@id\":\"https:\/\/hudo.com\/si\/#\/schema\/logo\/image\/\",\"url\":\"https:\/\/hudo.com\/si\/wp-content\/uploads\/sites\/2\/2021\/03\/hudo-app-2.png\",\"contentUrl\":\"https:\/\/hudo.com\/si\/wp-content\/uploads\/sites\/2\/2021\/03\/hudo-app-2.png\",\"width\":2185,\"height\":2167,\"caption\":\"VSN Media\"},\"image\":{\"@id\":\"https:\/\/hudo.com\/si\/#\/schema\/logo\/image\/\"},\"sameAs\":[\"https:\/\/www.facebook.com\/hudo.si\",\"https:\/\/twitter.com\/hudo_si\"]},{\"@type\":\"Person\",\"@id\":\"https:\/\/hudo.com\/si\/#\/schema\/person\/601cf3379633985b20f7e50f2bb47707\",\"name\":\"hudo\",\"image\":{\"@type\":\"ImageObject\",\"inLanguage\":\"sl-SI\",\"@id\":\"https:\/\/hudo.com\/si\/#\/schema\/person\/image\/\",\"url\":\"https:\/\/secure.gravatar.com\/avatar\/c4ca25fa72cace7a696b52ff5db9e095?s=96&d=mm&r=g\",\"contentUrl\":\"https:\/\/secure.gravatar.com\/avatar\/c4ca25fa72cace7a696b52ff5db9e095?s=96&d=mm&r=g\",\"caption\":\"hudo\"},\"url\":\"https:\/\/hudo.com\/si\/author\/hudo\/\"}]}<\/script>\n<!-- \/ Yoast SEO plugin. -->","yoast_head_json":{"title":"Bav\u010dar \u0161e najmanj mesec dni ne gre v zapor - Hudo Slovenija","robots":{"index":"index","follow":"follow","max-snippet":"max-snippet:-1","max-image-preview":"max-image-preview:large","max-video-preview":"max-video-preview:-1"},"canonical":"https:\/\/hudo.com\/si\/aktualno\/bavcar-se-najmanj-mesec-dni-ne-gre-v-zapor\/","og_locale":"sl_SI","og_type":"article","og_title":"Bav\u010dar \u0161e najmanj mesec dni ne gre v zapor - Hudo Slovenija","og_description":"Igorju Bav\u010darju prihodnji \u010detrtek \u0161e ne bo treba prestopiti praga zapora na Dobu. Za to je poskrbel njegov zagovornik Janez Ko\u0161\u010dak, ki je ob pro\u0161nji za odlog prestajanja kazni zahteval tudi izlo\u010ditev predsednika in podpredsednice ljubljanskega okro\u017enega sodi\u0161\u010da.","og_url":"https:\/\/hudo.com\/si\/aktualno\/bavcar-se-najmanj-mesec-dni-ne-gre-v-zapor\/","og_site_name":"Hudo Slovenija","article_publisher":"https:\/\/www.facebook.com\/hudo.si","article_published_time":"2017-07-15T02:02:00+00:00","og_image":[{"width":620,"height":514,"url":"https:\/\/hudo.com\/si\/wp-content\/uploads\/sites\/2\/2017\/07\/163-BAVCAR.jpg","type":"image\/jpeg"}],"author":"hudo","twitter_card":"summary_large_image","twitter_creator":"@hudo_si","twitter_site":"@hudo_si","twitter_misc":{"Written by":"hudo"},"schema":{"@context":"https:\/\/schema.org","@graph":[{"@type":"Article","@id":"https:\/\/hudo.com\/si\/aktualno\/bavcar-se-najmanj-mesec-dni-ne-gre-v-zapor\/#article","isPartOf":{"@id":"https:\/\/hudo.com\/si\/aktualno\/bavcar-se-najmanj-mesec-dni-ne-gre-v-zapor\/"},"author":{"name":"hudo","@id":"https:\/\/hudo.com\/si\/#\/schema\/person\/601cf3379633985b20f7e50f2bb47707"},"headline":"Bav\u010dar \u0161e najmanj mesec dni ne gre v zapor","datePublished":"2017-07-15T02:02:00+00:00","dateModified":"2017-07-15T02:02:00+00:00","mainEntityOfPage":{"@id":"https:\/\/hudo.com\/si\/aktualno\/bavcar-se-najmanj-mesec-dni-ne-gre-v-zapor\/"},"wordCount":54,"publisher":{"@id":"https:\/\/hudo.com\/si\/#organization"},"articleSection":["Aktualno"],"inLanguage":"sl-SI"},{"@type":"WebPage","@id":"https:\/\/hudo.com\/si\/aktualno\/bavcar-se-najmanj-mesec-dni-ne-gre-v-zapor\/","url":"https:\/\/hudo.com\/si\/aktualno\/bavcar-se-najmanj-mesec-dni-ne-gre-v-zapor\/","name":"Bav\u010dar \u0161e najmanj mesec dni ne gre v zapor - Hudo Slovenija","isPartOf":{"@id":"https:\/\/hudo.com\/si\/#website"},"datePublished":"2017-07-15T02:02:00+00:00","dateModified":"2017-07-15T02:02:00+00:00","breadcrumb":{"@id":"https:\/\/hudo.com\/si\/aktualno\/bavcar-se-najmanj-mesec-dni-ne-gre-v-zapor\/#breadcrumb"},"inLanguage":"sl-SI","potentialAction":[{"@type":"ReadAction","target":["https:\/\/hudo.com\/si\/aktualno\/bavcar-se-najmanj-mesec-dni-ne-gre-v-zapor\/"]}]},{"@type":"BreadcrumbList","@id":"https:\/\/hudo.com\/si\/aktualno\/bavcar-se-najmanj-mesec-dni-ne-gre-v-zapor\/#breadcrumb","itemListElement":[{"@type":"ListItem","position":1,"name":"Home","item":"https:\/\/hudo.com\/si\/"},{"@type":"ListItem","position":2,"name":"Bav\u010dar \u0161e najmanj mesec dni ne gre v zapor"}]},{"@type":"WebSite","@id":"https:\/\/hudo.com\/si\/#website","url":"https:\/\/hudo.com\/si\/","name":"Hudo Slovenija","description":"Vse novice iz Slovenije in sveta","publisher":{"@id":"https:\/\/hudo.com\/si\/#organization"},"potentialAction":[{"@type":"SearchAction","target":{"@type":"EntryPoint","urlTemplate":"https:\/\/hudo.com\/si\/?s={search_term_string}"},"query-input":"required name=search_term_string"}],"inLanguage":"sl-SI"},{"@type":"Organization","@id":"https:\/\/hudo.com\/si\/#organization","name":"VSN Media","url":"https:\/\/hudo.com\/si\/","logo":{"@type":"ImageObject","inLanguage":"sl-SI","@id":"https:\/\/hudo.com\/si\/#\/schema\/logo\/image\/","url":"https:\/\/hudo.com\/si\/wp-content\/uploads\/sites\/2\/2021\/03\/hudo-app-2.png","contentUrl":"https:\/\/hudo.com\/si\/wp-content\/uploads\/sites\/2\/2021\/03\/hudo-app-2.png","width":2185,"height":2167,"caption":"VSN Media"},"image":{"@id":"https:\/\/hudo.com\/si\/#\/schema\/logo\/image\/"},"sameAs":["https:\/\/www.facebook.com\/hudo.si","https:\/\/twitter.com\/hudo_si"]},{"@type":"Person","@id":"https:\/\/hudo.com\/si\/#\/schema\/person\/601cf3379633985b20f7e50f2bb47707","name":"hudo","image":{"@type":"ImageObject","inLanguage":"sl-SI","@id":"https:\/\/hudo.com\/si\/#\/schema\/person\/image\/","url":"https:\/\/secure.gravatar.com\/avatar\/c4ca25fa72cace7a696b52ff5db9e095?s=96&d=mm&r=g","contentUrl":"https:\/\/secure.gravatar.com\/avatar\/c4ca25fa72cace7a696b52ff5db9e095?s=96&d=mm&r=g","caption":"hudo"},"url":"https:\/\/hudo.com\/si\/author\/hudo\/"}]}},"amp_enabled":true,"_links":{"self":[{"href":"https:\/\/hudo.com\/si\/wp-json\/wp\/v2\/posts\/277171"}],"collection":[{"href":"https:\/\/hudo.com\/si\/wp-json\/wp\/v2\/posts"}],"about":[{"href":"https:\/\/hudo.com\/si\/wp-json\/wp\/v2\/types\/post"}],"author":[{"embeddable":true,"href":"https:\/\/hudo.com\/si\/wp-json\/wp\/v2\/users\/1"}],"replies":[{"embeddable":true,"href":"https:\/\/hudo.com\/si\/wp-json\/wp\/v2\/comments?post=277171"}],"version-history":[{"count":0,"href":"https:\/\/hudo.com\/si\/wp-json\/wp\/v2\/posts\/277171\/revisions"}],"wp:attachment":[{"href":"https:\/\/hudo.com\/si\/wp-json\/wp\/v2\/media?parent=277171"}],"wp:term":[{"taxonomy":"category","embeddable":true,"href":"https:\/\/hudo.com\/si\/wp-json\/wp\/v2\/categories?post=277171"},{"taxonomy":"post_tag","embeddable":true,"href":"https:\/\/hudo.com\/si\/wp-json\/wp\/v2\/tags?post=277171"},{"taxonomy":"source","embeddable":true,"href":"https:\/\/hudo.com\/si\/wp-json\/wp\/v2\/source?post=277171"},{"taxonomy":"supertag","embeddable":true,"href":"https:\/\/hudo.com\/si\/wp-json\/wp\/v2\/supertag?post=277171"}],"curies":[{"name":"wp","href":"https:\/\/api.w.org\/{rel}","templated":true}]}}