{"id":277230,"date":"2017-07-15T08:00:00","date_gmt":"2017-07-15T06:00:00","guid":{"rendered":"http:\/\/hudo.com\/si\/2017\/07\/15\/v-avstriji-vedo-kdaj-je-delavec-najboljsi\/"},"modified":"2017-07-15T08:00:00","modified_gmt":"2017-07-15T06:00:00","slug":"v-avstriji-vedo-kdaj-je-delavec-najboljsi","status":"publish","type":"post","link":"https:\/\/hudo.com\/si\/aktualno\/v-avstriji-vedo-kdaj-je-delavec-najboljsi\/","title":{"rendered":"V Avstriji vedo, kdaj je delavec najbolj\u0161i"},"content":{"rendered":"<p>Kategorija: Slovenija Sat, 15 Jul 2017 10:00:00 +0200  V zadnjem \u010dasu so se skokovito pove\u010dali izdatki za bolni\u0161ka nadomestila. Zakaj je toliko bolnih? Za pove\u010danje izdatkov je najpomembnej\u0161a sprememba starostne strukture zaposlenih, ki se je zgodila po sprejetju zakona o pokojninskem in invalidskem zavarovanju leta 2012. Opa\u017eamo, da je v primerjavi z letom 2003 ali letom 2011 zaposlenih veliko ve\u010d prebivalcev, starih ve\u010d kot 50 ali 60 let ter precej manj starih do 25 let. Starej\u0161i obolevajo veliko ve\u010d. Zpiz 2 je prinesel podalj\u0161anje delovne dobe, po drugi strani se je starostna pokojnina zmanj\u0161ala, to pomeni, da so ljudje manj zainteresirani, da bi se starostno upokojili. \u010ce so bolni, pa vendarle \u0161e ne izpolnjujejo pogojev, je zanje bolje, da koristijo bolni\u0161ki stale\u017e, kot da bi \u0161li v pokoj. Te\u017eava je, da se delovna mesta hkrati s podalj\u0161anjem delovne\u00a0&#8230;<\/p>\n","protected":false},"excerpt":{"rendered":"<p>Kategorija: Slovenija Sat, 15 Jul 2017 10:00:00 +0200  V zadnjem \u010dasu so se skokovito pove\u010dali izdatki za bolni\u0161ka nadomestila. Zakaj je toliko bolnih? Za pove\u010danje izdatkov je najpomembnej\u0161a sprememba starostne strukture zaposlenih, ki se je zgodila po sprejetju zakona o pokojninskem in invalidskem zavarovanju leta 2012. Opa\u017eamo, da je v primerjavi z letom 2003 ali letom 2011 zaposlenih veliko ve\u010d prebivalcev, starih ve\u010d kot 50 ali 60 let ter precej manj starih do 25 let. Starej\u0161i obolevajo veliko ve\u010d. Zpiz 2 je prinesel podalj\u0161anje delovne dobe, po drugi strani se je starostna pokojnina zmanj\u0161ala, to pomeni, da so ljudje manj zainteresirani, da bi se starostno upokojili. \u010ce so bolni, pa vendarle \u0161e ne izpolnjujejo pogojev, je zanje bolje, da koristijo bolni\u0161ki stale\u017e, kot da bi \u0161li v pokoj. Te\u017eava je, da se delovna mesta hkrati s podalj\u0161anjem delovne\u00a0&#8230;<\/p>\n","protected":false},"author":1,"featured_media":0,"comment_status":"closed","ping_status":"closed","sticky":false,"template":"","format":"standard","meta":{"footnotes":""},"categories":[1179],"tags":[],"source":[1703],"supertag":[],"acf":[],"yoast_head":"<!-- This site is optimized with the Yoast SEO plugin v21.3 - https:\/\/yoast.com\/wordpress\/plugins\/seo\/ -->\n<title>V Avstriji vedo, kdaj je delavec najbolj\u0161i - Hudo Slovenija<\/title>\n<meta name=\"robots\" content=\"index, follow, max-snippet:-1, max-image-preview:large, max-video-preview:-1\" \/>\n<link rel=\"canonical\" href=\"https:\/\/hudo.com\/si\/aktualno\/v-avstriji-vedo-kdaj-je-delavec-najboljsi\/\" \/>\n<meta property=\"og:locale\" content=\"sl_SI\" \/>\n<meta property=\"og:type\" content=\"article\" \/>\n<meta property=\"og:title\" content=\"V Avstriji vedo, kdaj je delavec najbolj\u0161i - Hudo Slovenija\" \/>\n<meta property=\"og:description\" content=\"Kategorija: Slovenija Sat, 15 Jul 2017 10:00:00 +0200 V zadnjem \u010dasu so se skokovito pove\u010dali izdatki za bolni\u0161ka nadomestila. Zakaj je toliko bolnih? Za pove\u010danje izdatkov je najpomembnej\u0161a sprememba starostne strukture zaposlenih, ki se je zgodila po sprejetju zakona o pokojninskem in invalidskem zavarovanju leta 2012. Opa\u017eamo, da je v primerjavi z letom 2003 ali letom 2011 zaposlenih veliko ve\u010d prebivalcev, starih ve\u010d kot 50 ali 60 let ter precej manj starih do 25 let. Starej\u0161i obolevajo veliko ve\u010d. Zpiz 2 je prinesel podalj\u0161anje delovne dobe, po drugi strani se je starostna pokojnina zmanj\u0161ala, to pomeni, da so ljudje manj zainteresirani, da bi se starostno upokojili. \u010ce so bolni, pa vendarle \u0161e ne izpolnjujejo pogojev, je zanje bolje, da koristijo bolni\u0161ki stale\u017e, kot da bi \u0161li v pokoj. Te\u017eava je, da se delovna mesta hkrati s podalj\u0161anjem delovne\u00a0...\" \/>\n<meta property=\"og:url\" content=\"https:\/\/hudo.com\/si\/aktualno\/v-avstriji-vedo-kdaj-je-delavec-najboljsi\/\" \/>\n<meta property=\"og:site_name\" content=\"Hudo Slovenija\" \/>\n<meta property=\"article:publisher\" content=\"https:\/\/www.facebook.com\/hudo.si\" \/>\n<meta property=\"article:published_time\" content=\"2017-07-15T06:00:00+00:00\" \/>\n<meta property=\"og:image\" content=\"https:\/\/hudo.com\/si\/wp-content\/uploads\/sites\/2\/2017\/07\/480x290_Delo_Foto-20170714140748-94042600.jpeg\" \/>\n\t<meta property=\"og:image:width\" content=\"480\" \/>\n\t<meta property=\"og:image:height\" content=\"290\" \/>\n\t<meta property=\"og:image:type\" content=\"image\/jpeg\" \/>\n<meta name=\"author\" content=\"hudo\" \/>\n<meta name=\"twitter:card\" content=\"summary_large_image\" \/>\n<meta name=\"twitter:creator\" content=\"@hudo_si\" \/>\n<meta name=\"twitter:site\" content=\"@hudo_si\" \/>\n<meta name=\"twitter:label1\" content=\"Written by\" \/>\n\t<meta name=\"twitter:data1\" content=\"hudo\" \/>\n\t<meta name=\"twitter:label2\" content=\"Est. reading time\" \/>\n\t<meta name=\"twitter:data2\" content=\"1 minuta\" \/>\n<script type=\"application\/ld+json\" class=\"yoast-schema-graph\">{\"@context\":\"https:\/\/schema.org\",\"@graph\":[{\"@type\":\"Article\",\"@id\":\"https:\/\/hudo.com\/si\/aktualno\/v-avstriji-vedo-kdaj-je-delavec-najboljsi\/#article\",\"isPartOf\":{\"@id\":\"https:\/\/hudo.com\/si\/aktualno\/v-avstriji-vedo-kdaj-je-delavec-najboljsi\/\"},\"author\":{\"name\":\"hudo\",\"@id\":\"https:\/\/hudo.com\/si\/#\/schema\/person\/601cf3379633985b20f7e50f2bb47707\"},\"headline\":\"V Avstriji vedo, kdaj je delavec najbolj\u0161i\",\"datePublished\":\"2017-07-15T06:00:00+00:00\",\"dateModified\":\"2017-07-15T06:00:00+00:00\",\"mainEntityOfPage\":{\"@id\":\"https:\/\/hudo.com\/si\/aktualno\/v-avstriji-vedo-kdaj-je-delavec-najboljsi\/\"},\"wordCount\":146,\"publisher\":{\"@id\":\"https:\/\/hudo.com\/si\/#organization\"},\"articleSection\":[\"Aktualno\"],\"inLanguage\":\"sl-SI\"},{\"@type\":\"WebPage\",\"@id\":\"https:\/\/hudo.com\/si\/aktualno\/v-avstriji-vedo-kdaj-je-delavec-najboljsi\/\",\"url\":\"https:\/\/hudo.com\/si\/aktualno\/v-avstriji-vedo-kdaj-je-delavec-najboljsi\/\",\"name\":\"V Avstriji vedo, kdaj je delavec najbolj\u0161i - Hudo Slovenija\",\"isPartOf\":{\"@id\":\"https:\/\/hudo.com\/si\/#website\"},\"datePublished\":\"2017-07-15T06:00:00+00:00\",\"dateModified\":\"2017-07-15T06:00:00+00:00\",\"breadcrumb\":{\"@id\":\"https:\/\/hudo.com\/si\/aktualno\/v-avstriji-vedo-kdaj-je-delavec-najboljsi\/#breadcrumb\"},\"inLanguage\":\"sl-SI\",\"potentialAction\":[{\"@type\":\"ReadAction\",\"target\":[\"https:\/\/hudo.com\/si\/aktualno\/v-avstriji-vedo-kdaj-je-delavec-najboljsi\/\"]}]},{\"@type\":\"BreadcrumbList\",\"@id\":\"https:\/\/hudo.com\/si\/aktualno\/v-avstriji-vedo-kdaj-je-delavec-najboljsi\/#breadcrumb\",\"itemListElement\":[{\"@type\":\"ListItem\",\"position\":1,\"name\":\"Home\",\"item\":\"https:\/\/hudo.com\/si\/\"},{\"@type\":\"ListItem\",\"position\":2,\"name\":\"V Avstriji vedo, kdaj je delavec najbolj\u0161i\"}]},{\"@type\":\"WebSite\",\"@id\":\"https:\/\/hudo.com\/si\/#website\",\"url\":\"https:\/\/hudo.com\/si\/\",\"name\":\"Hudo Slovenija\",\"description\":\"Vse novice iz Slovenije in sveta\",\"publisher\":{\"@id\":\"https:\/\/hudo.com\/si\/#organization\"},\"potentialAction\":[{\"@type\":\"SearchAction\",\"target\":{\"@type\":\"EntryPoint\",\"urlTemplate\":\"https:\/\/hudo.com\/si\/?s={search_term_string}\"},\"query-input\":\"required name=search_term_string\"}],\"inLanguage\":\"sl-SI\"},{\"@type\":\"Organization\",\"@id\":\"https:\/\/hudo.com\/si\/#organization\",\"name\":\"VSN Media\",\"url\":\"https:\/\/hudo.com\/si\/\",\"logo\":{\"@type\":\"ImageObject\",\"inLanguage\":\"sl-SI\",\"@id\":\"https:\/\/hudo.com\/si\/#\/schema\/logo\/image\/\",\"url\":\"https:\/\/hudo.com\/si\/wp-content\/uploads\/sites\/2\/2021\/03\/hudo-app-2.png\",\"contentUrl\":\"https:\/\/hudo.com\/si\/wp-content\/uploads\/sites\/2\/2021\/03\/hudo-app-2.png\",\"width\":2185,\"height\":2167,\"caption\":\"VSN Media\"},\"image\":{\"@id\":\"https:\/\/hudo.com\/si\/#\/schema\/logo\/image\/\"},\"sameAs\":[\"https:\/\/www.facebook.com\/hudo.si\",\"https:\/\/twitter.com\/hudo_si\"]},{\"@type\":\"Person\",\"@id\":\"https:\/\/hudo.com\/si\/#\/schema\/person\/601cf3379633985b20f7e50f2bb47707\",\"name\":\"hudo\",\"image\":{\"@type\":\"ImageObject\",\"inLanguage\":\"sl-SI\",\"@id\":\"https:\/\/hudo.com\/si\/#\/schema\/person\/image\/\",\"url\":\"https:\/\/secure.gravatar.com\/avatar\/c4ca25fa72cace7a696b52ff5db9e095?s=96&d=mm&r=g\",\"contentUrl\":\"https:\/\/secure.gravatar.com\/avatar\/c4ca25fa72cace7a696b52ff5db9e095?s=96&d=mm&r=g\",\"caption\":\"hudo\"},\"url\":\"https:\/\/hudo.com\/si\/author\/hudo\/\"}]}<\/script>\n<!-- \/ Yoast SEO plugin. -->","yoast_head_json":{"title":"V Avstriji vedo, kdaj je delavec najbolj\u0161i - Hudo Slovenija","robots":{"index":"index","follow":"follow","max-snippet":"max-snippet:-1","max-image-preview":"max-image-preview:large","max-video-preview":"max-video-preview:-1"},"canonical":"https:\/\/hudo.com\/si\/aktualno\/v-avstriji-vedo-kdaj-je-delavec-najboljsi\/","og_locale":"sl_SI","og_type":"article","og_title":"V Avstriji vedo, kdaj je delavec najbolj\u0161i - Hudo Slovenija","og_description":"Kategorija: Slovenija Sat, 15 Jul 2017 10:00:00 +0200 V zadnjem \u010dasu so se skokovito pove\u010dali izdatki za bolni\u0161ka nadomestila. Zakaj je toliko bolnih? Za pove\u010danje izdatkov je najpomembnej\u0161a sprememba starostne strukture zaposlenih, ki se je zgodila po sprejetju zakona o pokojninskem in invalidskem zavarovanju leta 2012. Opa\u017eamo, da je v primerjavi z letom 2003 ali letom 2011 zaposlenih veliko ve\u010d prebivalcev, starih ve\u010d kot 50 ali 60 let ter precej manj starih do 25 let. Starej\u0161i obolevajo veliko ve\u010d. Zpiz 2 je prinesel podalj\u0161anje delovne dobe, po drugi strani se je starostna pokojnina zmanj\u0161ala, to pomeni, da so ljudje manj zainteresirani, da bi se starostno upokojili. \u010ce so bolni, pa vendarle \u0161e ne izpolnjujejo pogojev, je zanje bolje, da koristijo bolni\u0161ki stale\u017e, kot da bi \u0161li v pokoj. Te\u017eava je, da se delovna mesta hkrati s podalj\u0161anjem delovne\u00a0...","og_url":"https:\/\/hudo.com\/si\/aktualno\/v-avstriji-vedo-kdaj-je-delavec-najboljsi\/","og_site_name":"Hudo Slovenija","article_publisher":"https:\/\/www.facebook.com\/hudo.si","article_published_time":"2017-07-15T06:00:00+00:00","og_image":[{"width":480,"height":290,"url":"https:\/\/hudo.com\/si\/wp-content\/uploads\/sites\/2\/2017\/07\/480x290_Delo_Foto-20170714140748-94042600.jpeg","type":"image\/jpeg"}],"author":"hudo","twitter_card":"summary_large_image","twitter_creator":"@hudo_si","twitter_site":"@hudo_si","twitter_misc":{"Written by":"hudo","Est. reading time":"1 minuta"},"schema":{"@context":"https:\/\/schema.org","@graph":[{"@type":"Article","@id":"https:\/\/hudo.com\/si\/aktualno\/v-avstriji-vedo-kdaj-je-delavec-najboljsi\/#article","isPartOf":{"@id":"https:\/\/hudo.com\/si\/aktualno\/v-avstriji-vedo-kdaj-je-delavec-najboljsi\/"},"author":{"name":"hudo","@id":"https:\/\/hudo.com\/si\/#\/schema\/person\/601cf3379633985b20f7e50f2bb47707"},"headline":"V Avstriji vedo, kdaj je delavec najbolj\u0161i","datePublished":"2017-07-15T06:00:00+00:00","dateModified":"2017-07-15T06:00:00+00:00","mainEntityOfPage":{"@id":"https:\/\/hudo.com\/si\/aktualno\/v-avstriji-vedo-kdaj-je-delavec-najboljsi\/"},"wordCount":146,"publisher":{"@id":"https:\/\/hudo.com\/si\/#organization"},"articleSection":["Aktualno"],"inLanguage":"sl-SI"},{"@type":"WebPage","@id":"https:\/\/hudo.com\/si\/aktualno\/v-avstriji-vedo-kdaj-je-delavec-najboljsi\/","url":"https:\/\/hudo.com\/si\/aktualno\/v-avstriji-vedo-kdaj-je-delavec-najboljsi\/","name":"V Avstriji vedo, kdaj je delavec najbolj\u0161i - Hudo Slovenija","isPartOf":{"@id":"https:\/\/hudo.com\/si\/#website"},"datePublished":"2017-07-15T06:00:00+00:00","dateModified":"2017-07-15T06:00:00+00:00","breadcrumb":{"@id":"https:\/\/hudo.com\/si\/aktualno\/v-avstriji-vedo-kdaj-je-delavec-najboljsi\/#breadcrumb"},"inLanguage":"sl-SI","potentialAction":[{"@type":"ReadAction","target":["https:\/\/hudo.com\/si\/aktualno\/v-avstriji-vedo-kdaj-je-delavec-najboljsi\/"]}]},{"@type":"BreadcrumbList","@id":"https:\/\/hudo.com\/si\/aktualno\/v-avstriji-vedo-kdaj-je-delavec-najboljsi\/#breadcrumb","itemListElement":[{"@type":"ListItem","position":1,"name":"Home","item":"https:\/\/hudo.com\/si\/"},{"@type":"ListItem","position":2,"name":"V Avstriji vedo, kdaj je delavec najbolj\u0161i"}]},{"@type":"WebSite","@id":"https:\/\/hudo.com\/si\/#website","url":"https:\/\/hudo.com\/si\/","name":"Hudo Slovenija","description":"Vse novice iz Slovenije in sveta","publisher":{"@id":"https:\/\/hudo.com\/si\/#organization"},"potentialAction":[{"@type":"SearchAction","target":{"@type":"EntryPoint","urlTemplate":"https:\/\/hudo.com\/si\/?s={search_term_string}"},"query-input":"required name=search_term_string"}],"inLanguage":"sl-SI"},{"@type":"Organization","@id":"https:\/\/hudo.com\/si\/#organization","name":"VSN Media","url":"https:\/\/hudo.com\/si\/","logo":{"@type":"ImageObject","inLanguage":"sl-SI","@id":"https:\/\/hudo.com\/si\/#\/schema\/logo\/image\/","url":"https:\/\/hudo.com\/si\/wp-content\/uploads\/sites\/2\/2021\/03\/hudo-app-2.png","contentUrl":"https:\/\/hudo.com\/si\/wp-content\/uploads\/sites\/2\/2021\/03\/hudo-app-2.png","width":2185,"height":2167,"caption":"VSN Media"},"image":{"@id":"https:\/\/hudo.com\/si\/#\/schema\/logo\/image\/"},"sameAs":["https:\/\/www.facebook.com\/hudo.si","https:\/\/twitter.com\/hudo_si"]},{"@type":"Person","@id":"https:\/\/hudo.com\/si\/#\/schema\/person\/601cf3379633985b20f7e50f2bb47707","name":"hudo","image":{"@type":"ImageObject","inLanguage":"sl-SI","@id":"https:\/\/hudo.com\/si\/#\/schema\/person\/image\/","url":"https:\/\/secure.gravatar.com\/avatar\/c4ca25fa72cace7a696b52ff5db9e095?s=96&d=mm&r=g","contentUrl":"https:\/\/secure.gravatar.com\/avatar\/c4ca25fa72cace7a696b52ff5db9e095?s=96&d=mm&r=g","caption":"hudo"},"url":"https:\/\/hudo.com\/si\/author\/hudo\/"}]}},"amp_enabled":true,"_links":{"self":[{"href":"https:\/\/hudo.com\/si\/wp-json\/wp\/v2\/posts\/277230"}],"collection":[{"href":"https:\/\/hudo.com\/si\/wp-json\/wp\/v2\/posts"}],"about":[{"href":"https:\/\/hudo.com\/si\/wp-json\/wp\/v2\/types\/post"}],"author":[{"embeddable":true,"href":"https:\/\/hudo.com\/si\/wp-json\/wp\/v2\/users\/1"}],"replies":[{"embeddable":true,"href":"https:\/\/hudo.com\/si\/wp-json\/wp\/v2\/comments?post=277230"}],"version-history":[{"count":0,"href":"https:\/\/hudo.com\/si\/wp-json\/wp\/v2\/posts\/277230\/revisions"}],"wp:attachment":[{"href":"https:\/\/hudo.com\/si\/wp-json\/wp\/v2\/media?parent=277230"}],"wp:term":[{"taxonomy":"category","embeddable":true,"href":"https:\/\/hudo.com\/si\/wp-json\/wp\/v2\/categories?post=277230"},{"taxonomy":"post_tag","embeddable":true,"href":"https:\/\/hudo.com\/si\/wp-json\/wp\/v2\/tags?post=277230"},{"taxonomy":"source","embeddable":true,"href":"https:\/\/hudo.com\/si\/wp-json\/wp\/v2\/source?post=277230"},{"taxonomy":"supertag","embeddable":true,"href":"https:\/\/hudo.com\/si\/wp-json\/wp\/v2\/supertag?post=277230"}],"curies":[{"name":"wp","href":"https:\/\/api.w.org\/{rel}","templated":true}]}}