{"id":277386,"date":"2017-07-16T09:12:07","date_gmt":"2017-07-16T07:12:07","guid":{"rendered":"http:\/\/hudo.com\/si\/?p=277386"},"modified":"2017-07-16T09:12:07","modified_gmt":"2017-07-16T07:12:07","slug":"erdogan-ob-obletnici-poskusa-puca-zagrozil-nasprotnikom","status":"publish","type":"post","link":"https:\/\/hudo.com\/si\/aktualno\/erdogan-ob-obletnici-poskusa-puca-zagrozil-nasprotnikom\/","title":{"rendered":"Erdogan ob obletnici poskusa pu\u010da zagrozil nasprotnikom"},"content":{"rendered":"<p>&#8220;Pred sodi\u0161\u010de bi jih morali privesti v enakih uniformah kot v Guantanamu,&#8221; je po poro\u010danju francoske tiskovne agencije AFP poudaril tur\u0161ki predsednik v svojem govoru na mostu \u010dez Bospor, ki je bil eden od \u017eari\u0161\u010d spopadov in so ga kasneje preimenovali v most mu\u010denikov 15. julija.<\/p>\n<p>Ob tem se je zahvalil tistim, ki so branili svojo dr\u017eavo in prepre\u010dili udar. &#8220;Tisto no\u010d ljudje niso imeli oro\u017eja, imeli so zastavo in, kar je \u0161e pomembneje, imeli so vero,&#8221; je dejal.<\/p>\n<p>&#8220;Pu\u010disti, ki so tisto no\u010d zaprli most \u010dez Bospor, so \u017eeleli pokazati svetu, da imajo nadzor,&#8221; je izpostavil Erdogan in dodal, da so se jim uprli &#8220;milijoni, ki so od\u0161li na ulice, da bi branili \u010dast naroda in dr\u017eave&#8221;.<\/p>\n<p>Kasneje, danes ob 1.32, to\u010dno leto dni po tem, ko so pu\u010disti bombardirali poslopje tur\u0161kega parlamenta, je Erdogan imel \u0161e nagovor v parlamentu v Ankari. V njem je poudaril, da ga kritike Evropske unije ne bodo odvrnile od podpisa zakona o ponovni uvedbi smrtne kazni v Tur\u010diji.<\/p>\n<p>&#8220;Ko bo zakon pri\u0161el v parlament, in verjamem, da bo sprejet, ga bom odobril brez oklevanja,&#8221; je dejal pred navdu\u0161enimi privr\u017eenci v parlamentu. &#8220;In vseeno mi je, kaj o tem menita Hans in George. Pomembno je, kaj si mislijo Ahmet, Mehmet, Hasan, H\u00fcseyin, Ayse, Fatma in Hatice,&#8221; je dodal po poro\u010danju nem\u0161ke tiskovne agencije dpa.<\/p>\n<p>Odgovornost za poskus udara je Erdogan znova pripisal v ZDA \u017eive\u010demu tur\u0161kemu kleriku Fethullahu G\u00fclenu. &#8220;Tako pu\u010distom kot tistim, ki so jih nahujskali proti nam, ne bomo dali miru,&#8221; je napovedal.<\/p>\n<p>V no\u010di s 15. na 16. julij 2016 so elementi v tur\u0161ki vojski, nezadovoljni s 15-letnim vladanjem Erdogana, posku\u0161ali prevzeti oblast. Pu\u010disti so zaprli mostove v Istanbulu, bombardirali parlament v Ankari in na ulice poslali tanke.<\/p>\n<p>Toda njihov poskus se je izjalovil in Erdogan se je s po\u010ditnic zmagovito vrnil v Istanbul, ulice tur\u0161kih mest pa so preplavili tiso\u010di Turkov, ki so nasprotovali udaru.<\/p>\n<p>Med poskusom prevrata je bilo ubitih 250 ljudi, ki so jih razglasili za mu\u010denike. Za tur\u0161ke oblasti je bil poraz pu\u010distov zmaga za demokracijo.<\/p>\n<p>Erdogan je za poskus udara takoj obto\u017eil svojega nekdanjega zaveznika, zdaj smrtnega sovra\u017enika, islamskega pridigarja G\u00fclena, ki je desetletja vztrajno gradil svoj vpliv v tur\u0161kem sodstvu, policiji in vojski. G\u00fclen obto\u017ebe zanika.<\/p>\n","protected":false},"excerpt":{"rendered":"<p>Tur\u0161ki predsednik Recep Tayyip Erdogan je v soboto zve\u010der ob prvi obletnici poskusa dr\u017eavnega udara v Tur\u010diji zagrozil, da bo izdajalcem, odgovornim za poskus pu\u010da, odsekal glave. Pred ve\u010d deset tiso\u010d podporniki v Istanbulu je Erdogan podprl uvedbo smrtne kazni za pu\u010diste in se zavzel, da bi v sodni dvorani nosili podobne uniforme kot v Guantanamu.<\/p>\n","protected":false},"author":7,"featured_media":221107,"comment_status":"closed","ping_status":"closed","sticky":false,"template":"","format":"standard","meta":{"footnotes":""},"categories":[1179],"tags":[8878,1887],"source":[4511],"supertag":[],"acf":[],"yoast_head":"<!-- This site is optimized with the Yoast SEO plugin v21.3 - https:\/\/yoast.com\/wordpress\/plugins\/seo\/ -->\n<title>Erdogan ob obletnici poskusa pu\u010da zagrozil nasprotnikom - Hudo Slovenija<\/title>\n<meta name=\"robots\" content=\"index, follow, max-snippet:-1, max-image-preview:large, max-video-preview:-1\" \/>\n<link rel=\"canonical\" href=\"https:\/\/hudo.com\/si\/aktualno\/erdogan-ob-obletnici-poskusa-puca-zagrozil-nasprotnikom\/\" \/>\n<meta property=\"og:locale\" content=\"sl_SI\" \/>\n<meta property=\"og:type\" content=\"article\" \/>\n<meta property=\"og:title\" content=\"Erdogan ob obletnici poskusa pu\u010da zagrozil nasprotnikom - Hudo Slovenija\" \/>\n<meta property=\"og:description\" content=\"Tur\u0161ki predsednik Recep Tayyip Erdogan je v soboto zve\u010der ob prvi obletnici poskusa dr\u017eavnega udara v Tur\u010diji zagrozil, da bo izdajalcem, odgovornim za poskus pu\u010da, odsekal glave. Pred ve\u010d deset tiso\u010d podporniki v Istanbulu je Erdogan podprl uvedbo smrtne kazni za pu\u010diste in se zavzel, da bi v sodni dvorani nosili podobne uniforme kot v Guantanamu.\" \/>\n<meta property=\"og:url\" content=\"https:\/\/hudo.com\/si\/aktualno\/erdogan-ob-obletnici-poskusa-puca-zagrozil-nasprotnikom\/\" \/>\n<meta property=\"og:site_name\" content=\"Hudo Slovenija\" \/>\n<meta property=\"article:publisher\" content=\"https:\/\/www.facebook.com\/hudo.si\" \/>\n<meta property=\"article:published_time\" content=\"2017-07-16T07:12:07+00:00\" \/>\n<meta property=\"og:image\" content=\"https:\/\/hudo.com\/si\/wp-content\/uploads\/sites\/2\/2017\/03\/profimedia-0323727697.jpg\" \/>\n\t<meta property=\"og:image:width\" content=\"1250\" \/>\n\t<meta property=\"og:image:height\" content=\"809\" \/>\n\t<meta property=\"og:image:type\" content=\"image\/jpeg\" \/>\n<meta name=\"author\" content=\"A. P., STA\" \/>\n<meta name=\"twitter:card\" content=\"summary_large_image\" \/>\n<meta name=\"twitter:creator\" content=\"@hudo_si\" \/>\n<meta name=\"twitter:site\" content=\"@hudo_si\" \/>\n<meta name=\"twitter:label1\" content=\"Written by\" \/>\n\t<meta name=\"twitter:data1\" content=\"A. P., STA\" \/>\n\t<meta name=\"twitter:label2\" content=\"Est. reading time\" \/>\n\t<meta name=\"twitter:data2\" content=\"2 minuti\" \/>\n<script type=\"application\/ld+json\" class=\"yoast-schema-graph\">{\"@context\":\"https:\/\/schema.org\",\"@graph\":[{\"@type\":\"Article\",\"@id\":\"https:\/\/hudo.com\/si\/aktualno\/erdogan-ob-obletnici-poskusa-puca-zagrozil-nasprotnikom\/#article\",\"isPartOf\":{\"@id\":\"https:\/\/hudo.com\/si\/aktualno\/erdogan-ob-obletnici-poskusa-puca-zagrozil-nasprotnikom\/\"},\"author\":{\"name\":\"A. P., STA\",\"@id\":\"https:\/\/hudo.com\/si\/#\/schema\/person\/18f09c02475ba9e606e941a565b80cff\"},\"headline\":\"Erdogan ob obletnici poskusa pu\u010da zagrozil nasprotnikom\",\"datePublished\":\"2017-07-16T07:12:07+00:00\",\"dateModified\":\"2017-07-16T07:12:07+00:00\",\"mainEntityOfPage\":{\"@id\":\"https:\/\/hudo.com\/si\/aktualno\/erdogan-ob-obletnici-poskusa-puca-zagrozil-nasprotnikom\/\"},\"wordCount\":413,\"publisher\":{\"@id\":\"https:\/\/hudo.com\/si\/#organization\"},\"keywords\":[\"Recep Tayyip Erdogan\",\"tur\u010dija\"],\"articleSection\":[\"Aktualno\"],\"inLanguage\":\"sl-SI\"},{\"@type\":\"WebPage\",\"@id\":\"https:\/\/hudo.com\/si\/aktualno\/erdogan-ob-obletnici-poskusa-puca-zagrozil-nasprotnikom\/\",\"url\":\"https:\/\/hudo.com\/si\/aktualno\/erdogan-ob-obletnici-poskusa-puca-zagrozil-nasprotnikom\/\",\"name\":\"Erdogan ob obletnici poskusa pu\u010da zagrozil nasprotnikom - Hudo Slovenija\",\"isPartOf\":{\"@id\":\"https:\/\/hudo.com\/si\/#website\"},\"datePublished\":\"2017-07-16T07:12:07+00:00\",\"dateModified\":\"2017-07-16T07:12:07+00:00\",\"breadcrumb\":{\"@id\":\"https:\/\/hudo.com\/si\/aktualno\/erdogan-ob-obletnici-poskusa-puca-zagrozil-nasprotnikom\/#breadcrumb\"},\"inLanguage\":\"sl-SI\",\"potentialAction\":[{\"@type\":\"ReadAction\",\"target\":[\"https:\/\/hudo.com\/si\/aktualno\/erdogan-ob-obletnici-poskusa-puca-zagrozil-nasprotnikom\/\"]}]},{\"@type\":\"BreadcrumbList\",\"@id\":\"https:\/\/hudo.com\/si\/aktualno\/erdogan-ob-obletnici-poskusa-puca-zagrozil-nasprotnikom\/#breadcrumb\",\"itemListElement\":[{\"@type\":\"ListItem\",\"position\":1,\"name\":\"Home\",\"item\":\"https:\/\/hudo.com\/si\/\"},{\"@type\":\"ListItem\",\"position\":2,\"name\":\"Erdogan ob obletnici poskusa pu\u010da zagrozil nasprotnikom\"}]},{\"@type\":\"WebSite\",\"@id\":\"https:\/\/hudo.com\/si\/#website\",\"url\":\"https:\/\/hudo.com\/si\/\",\"name\":\"Hudo Slovenija\",\"description\":\"Vse novice iz Slovenije in sveta\",\"publisher\":{\"@id\":\"https:\/\/hudo.com\/si\/#organization\"},\"potentialAction\":[{\"@type\":\"SearchAction\",\"target\":{\"@type\":\"EntryPoint\",\"urlTemplate\":\"https:\/\/hudo.com\/si\/?s={search_term_string}\"},\"query-input\":\"required name=search_term_string\"}],\"inLanguage\":\"sl-SI\"},{\"@type\":\"Organization\",\"@id\":\"https:\/\/hudo.com\/si\/#organization\",\"name\":\"VSN Media\",\"url\":\"https:\/\/hudo.com\/si\/\",\"logo\":{\"@type\":\"ImageObject\",\"inLanguage\":\"sl-SI\",\"@id\":\"https:\/\/hudo.com\/si\/#\/schema\/logo\/image\/\",\"url\":\"https:\/\/hudo.com\/si\/wp-content\/uploads\/sites\/2\/2021\/03\/hudo-app-2.png\",\"contentUrl\":\"https:\/\/hudo.com\/si\/wp-content\/uploads\/sites\/2\/2021\/03\/hudo-app-2.png\",\"width\":2185,\"height\":2167,\"caption\":\"VSN Media\"},\"image\":{\"@id\":\"https:\/\/hudo.com\/si\/#\/schema\/logo\/image\/\"},\"sameAs\":[\"https:\/\/www.facebook.com\/hudo.si\",\"https:\/\/twitter.com\/hudo_si\"]},{\"@type\":\"Person\",\"@id\":\"https:\/\/hudo.com\/si\/#\/schema\/person\/18f09c02475ba9e606e941a565b80cff\",\"name\":\"A. P., STA\",\"image\":{\"@type\":\"ImageObject\",\"inLanguage\":\"sl-SI\",\"@id\":\"https:\/\/hudo.com\/si\/#\/schema\/person\/image\/\",\"url\":\"https:\/\/secure.gravatar.com\/avatar\/03eac8e609f5f04383125d80eaeaaf3e?s=96&d=mm&r=g\",\"contentUrl\":\"https:\/\/secure.gravatar.com\/avatar\/03eac8e609f5f04383125d80eaeaaf3e?s=96&d=mm&r=g\",\"caption\":\"A. P., STA\"},\"url\":\"https:\/\/hudo.com\/si\/author\/lubu\/\"}]}<\/script>\n<!-- \/ Yoast SEO plugin. -->","yoast_head_json":{"title":"Erdogan ob obletnici poskusa pu\u010da zagrozil nasprotnikom - Hudo Slovenija","robots":{"index":"index","follow":"follow","max-snippet":"max-snippet:-1","max-image-preview":"max-image-preview:large","max-video-preview":"max-video-preview:-1"},"canonical":"https:\/\/hudo.com\/si\/aktualno\/erdogan-ob-obletnici-poskusa-puca-zagrozil-nasprotnikom\/","og_locale":"sl_SI","og_type":"article","og_title":"Erdogan ob obletnici poskusa pu\u010da zagrozil nasprotnikom - Hudo Slovenija","og_description":"Tur\u0161ki predsednik Recep Tayyip Erdogan je v soboto zve\u010der ob prvi obletnici poskusa dr\u017eavnega udara v Tur\u010diji zagrozil, da bo izdajalcem, odgovornim za poskus pu\u010da, odsekal glave. Pred ve\u010d deset tiso\u010d podporniki v Istanbulu je Erdogan podprl uvedbo smrtne kazni za pu\u010diste in se zavzel, da bi v sodni dvorani nosili podobne uniforme kot v Guantanamu.","og_url":"https:\/\/hudo.com\/si\/aktualno\/erdogan-ob-obletnici-poskusa-puca-zagrozil-nasprotnikom\/","og_site_name":"Hudo Slovenija","article_publisher":"https:\/\/www.facebook.com\/hudo.si","article_published_time":"2017-07-16T07:12:07+00:00","og_image":[{"width":1250,"height":809,"url":"https:\/\/hudo.com\/si\/wp-content\/uploads\/sites\/2\/2017\/03\/profimedia-0323727697.jpg","type":"image\/jpeg"}],"author":"A. P., STA","twitter_card":"summary_large_image","twitter_creator":"@hudo_si","twitter_site":"@hudo_si","twitter_misc":{"Written by":"A. P., STA","Est. reading time":"2 minuti"},"schema":{"@context":"https:\/\/schema.org","@graph":[{"@type":"Article","@id":"https:\/\/hudo.com\/si\/aktualno\/erdogan-ob-obletnici-poskusa-puca-zagrozil-nasprotnikom\/#article","isPartOf":{"@id":"https:\/\/hudo.com\/si\/aktualno\/erdogan-ob-obletnici-poskusa-puca-zagrozil-nasprotnikom\/"},"author":{"name":"A. P., STA","@id":"https:\/\/hudo.com\/si\/#\/schema\/person\/18f09c02475ba9e606e941a565b80cff"},"headline":"Erdogan ob obletnici poskusa pu\u010da zagrozil nasprotnikom","datePublished":"2017-07-16T07:12:07+00:00","dateModified":"2017-07-16T07:12:07+00:00","mainEntityOfPage":{"@id":"https:\/\/hudo.com\/si\/aktualno\/erdogan-ob-obletnici-poskusa-puca-zagrozil-nasprotnikom\/"},"wordCount":413,"publisher":{"@id":"https:\/\/hudo.com\/si\/#organization"},"keywords":["Recep Tayyip Erdogan","tur\u010dija"],"articleSection":["Aktualno"],"inLanguage":"sl-SI"},{"@type":"WebPage","@id":"https:\/\/hudo.com\/si\/aktualno\/erdogan-ob-obletnici-poskusa-puca-zagrozil-nasprotnikom\/","url":"https:\/\/hudo.com\/si\/aktualno\/erdogan-ob-obletnici-poskusa-puca-zagrozil-nasprotnikom\/","name":"Erdogan ob obletnici poskusa pu\u010da zagrozil nasprotnikom - Hudo Slovenija","isPartOf":{"@id":"https:\/\/hudo.com\/si\/#website"},"datePublished":"2017-07-16T07:12:07+00:00","dateModified":"2017-07-16T07:12:07+00:00","breadcrumb":{"@id":"https:\/\/hudo.com\/si\/aktualno\/erdogan-ob-obletnici-poskusa-puca-zagrozil-nasprotnikom\/#breadcrumb"},"inLanguage":"sl-SI","potentialAction":[{"@type":"ReadAction","target":["https:\/\/hudo.com\/si\/aktualno\/erdogan-ob-obletnici-poskusa-puca-zagrozil-nasprotnikom\/"]}]},{"@type":"BreadcrumbList","@id":"https:\/\/hudo.com\/si\/aktualno\/erdogan-ob-obletnici-poskusa-puca-zagrozil-nasprotnikom\/#breadcrumb","itemListElement":[{"@type":"ListItem","position":1,"name":"Home","item":"https:\/\/hudo.com\/si\/"},{"@type":"ListItem","position":2,"name":"Erdogan ob obletnici poskusa pu\u010da zagrozil nasprotnikom"}]},{"@type":"WebSite","@id":"https:\/\/hudo.com\/si\/#website","url":"https:\/\/hudo.com\/si\/","name":"Hudo Slovenija","description":"Vse novice iz Slovenije in sveta","publisher":{"@id":"https:\/\/hudo.com\/si\/#organization"},"potentialAction":[{"@type":"SearchAction","target":{"@type":"EntryPoint","urlTemplate":"https:\/\/hudo.com\/si\/?s={search_term_string}"},"query-input":"required name=search_term_string"}],"inLanguage":"sl-SI"},{"@type":"Organization","@id":"https:\/\/hudo.com\/si\/#organization","name":"VSN Media","url":"https:\/\/hudo.com\/si\/","logo":{"@type":"ImageObject","inLanguage":"sl-SI","@id":"https:\/\/hudo.com\/si\/#\/schema\/logo\/image\/","url":"https:\/\/hudo.com\/si\/wp-content\/uploads\/sites\/2\/2021\/03\/hudo-app-2.png","contentUrl":"https:\/\/hudo.com\/si\/wp-content\/uploads\/sites\/2\/2021\/03\/hudo-app-2.png","width":2185,"height":2167,"caption":"VSN Media"},"image":{"@id":"https:\/\/hudo.com\/si\/#\/schema\/logo\/image\/"},"sameAs":["https:\/\/www.facebook.com\/hudo.si","https:\/\/twitter.com\/hudo_si"]},{"@type":"Person","@id":"https:\/\/hudo.com\/si\/#\/schema\/person\/18f09c02475ba9e606e941a565b80cff","name":"A. P., STA","image":{"@type":"ImageObject","inLanguage":"sl-SI","@id":"https:\/\/hudo.com\/si\/#\/schema\/person\/image\/","url":"https:\/\/secure.gravatar.com\/avatar\/03eac8e609f5f04383125d80eaeaaf3e?s=96&d=mm&r=g","contentUrl":"https:\/\/secure.gravatar.com\/avatar\/03eac8e609f5f04383125d80eaeaaf3e?s=96&d=mm&r=g","caption":"A. P., STA"},"url":"https:\/\/hudo.com\/si\/author\/lubu\/"}]}},"amp_enabled":true,"_links":{"self":[{"href":"https:\/\/hudo.com\/si\/wp-json\/wp\/v2\/posts\/277386"}],"collection":[{"href":"https:\/\/hudo.com\/si\/wp-json\/wp\/v2\/posts"}],"about":[{"href":"https:\/\/hudo.com\/si\/wp-json\/wp\/v2\/types\/post"}],"author":[{"embeddable":true,"href":"https:\/\/hudo.com\/si\/wp-json\/wp\/v2\/users\/7"}],"replies":[{"embeddable":true,"href":"https:\/\/hudo.com\/si\/wp-json\/wp\/v2\/comments?post=277386"}],"version-history":[{"count":1,"href":"https:\/\/hudo.com\/si\/wp-json\/wp\/v2\/posts\/277386\/revisions"}],"predecessor-version":[{"id":277399,"href":"https:\/\/hudo.com\/si\/wp-json\/wp\/v2\/posts\/277386\/revisions\/277399"}],"wp:featuredmedia":[{"embeddable":true,"href":"https:\/\/hudo.com\/si\/wp-json\/wp\/v2\/media\/221107"}],"wp:attachment":[{"href":"https:\/\/hudo.com\/si\/wp-json\/wp\/v2\/media?parent=277386"}],"wp:term":[{"taxonomy":"category","embeddable":true,"href":"https:\/\/hudo.com\/si\/wp-json\/wp\/v2\/categories?post=277386"},{"taxonomy":"post_tag","embeddable":true,"href":"https:\/\/hudo.com\/si\/wp-json\/wp\/v2\/tags?post=277386"},{"taxonomy":"source","embeddable":true,"href":"https:\/\/hudo.com\/si\/wp-json\/wp\/v2\/source?post=277386"},{"taxonomy":"supertag","embeddable":true,"href":"https:\/\/hudo.com\/si\/wp-json\/wp\/v2\/supertag?post=277386"}],"curies":[{"name":"wp","href":"https:\/\/api.w.org\/{rel}","templated":true}]}}