{"id":277917,"date":"2017-07-17T17:52:25","date_gmt":"2017-07-17T15:52:25","guid":{"rendered":"http:\/\/hudo.com\/si\/?p=277917"},"modified":"2017-07-17T17:52:25","modified_gmt":"2017-07-17T15:52:25","slug":"trupla-jeseniske-deklice-zaradi-potreb-sojenja-ne-bodo-izkopali","status":"publish","type":"post","link":"https:\/\/hudo.com\/si\/aktualno\/trupla-jeseniske-deklice-zaradi-potreb-sojenja-ne-bodo-izkopali\/","title":{"rendered":"Trupla jeseni\u0161ke deklice zaradi potreb sojenja ne bodo izkopali"},"content":{"rendered":"<p>Po poro\u010danju Dnevnika je izkop dekli\u010dinega trupla predlagala zagovornica mame umrle deklice Sande Alibabi\u0107 Darja Roblek. Z ekshumacijo naj bi ugotovili po\u0161kodbe reber deklice, saj se mnenja strokovnjakov o teh po\u0161kodbah na podlagi rentgenskih slik razlikujejo.<\/p>\n<p>A je sodnica Milena Turk predlog zavrnila. &#8220;Tak\u0161no skrajno dokazno sredstvo se mi zdi nesorazmerno z o\u010ditanim kaznivim dejanjem lahke telesne po\u0161kodbe,&#8221; njene besede povzema Dnevnik.<\/p>\n<p>Zdaj se bo vpra\u0161anja po\u0161kodb reber lotila komisija medicinske fakultete z izvedencema travmatolo\u0161ke in radiolo\u0161ke stroke. Medtem pa se mnenja strokovnjakov o po\u0161kodbah glave, predvsem o dveh usodnih hematomih, ne razlikujejo. Dokaze o tem, kako naj bi nastale, naj bi leto dni po usodnih dogodkih izdajali po\u0161kodovani kosi pohi\u0161tva v stanovanju, kjer sta z deklico \u017eivela Alibabi\u0107eva in Mirzan Jakupi. Na dana\u0161nji obravnavi so si tako ogledali fotografije, ki so jih ob nedavnem pregledu stanovanja posneli kriminalisti.<\/p>\n<p>Alibabi\u0107eva si je danes zaradi kr\u0161enja sodne prepovedi komuniciranja med obto\u017eenima tudi prislu\u017eila opozorilo, in sicer zaradi pisma, ki ga je poslala Jakupiju. Trdila je, da je tudi soobto\u017eeni z njo komuniciral prek svojih sorodnikov, a je ta to zanikal.<\/p>\n<p>Alibabi\u0107eva je na sodi\u0161\u010de tudi naslovila pro\u0161njo za uvedbo hi\u0161nega pripora, da bi skrbela za preostale otroke po odselitvi najstarej\u0161e h\u010derke. To\u017eilka Tina Lesar zaradi ponovitvene nevarnosti temu nasprotuje, sodi\u0161\u010de pa bo o tem odlo\u010dilo po poro\u010dilu o razmerah za \u017eivljenje pri o\u010detu otrok Alibabi\u0107eve, ki ga je naro\u010dilo pri pristojnem centru za socialno delo, \u0161e pi\u0161e Dnevnik.<\/p>\n<p>Alibabi\u0107eva in Jakupi sta sicer obto\u017eena zanemarjanja mladoletnega otroka in surovega ravnanja ter ve\u010d kaznivih dejanj povzro\u010ditve telesnih po\u0161kodb razli\u010dnih kategorij. Med drugim gre tudi za hudo telesno po\u0161kodbo, ki je vodila v smrt deklice 4. julija lani. Oba sta krivdo zanikala.<\/p>\n","protected":false},"excerpt":{"rendered":"<p>V dana\u0161njem nadaljevanju sojenja za smrt jeseni\u0161ke deklice je sodi\u0161\u010de odlo\u010dilo, da trupla pred dobrim letom tragi\u010dno preminule dveletne deklice z Jesenic zaradi potreb sojenja ne bodo izkopavali, poro\u010dajo mediji.<\/p>\n","protected":false},"author":8,"featured_media":222612,"comment_status":"closed","ping_status":"closed","sticky":false,"template":"","format":"standard","meta":{"footnotes":""},"categories":[1179],"tags":[8264,4688,4687,1595],"source":[4511],"supertag":[],"acf":[],"yoast_head":"<!-- This site is optimized with the Yoast SEO plugin v21.3 - https:\/\/yoast.com\/wordpress\/plugins\/seo\/ -->\n<title>Trupla jeseni\u0161ke deklice zaradi potreb sojenja ne bodo izkopali - Hudo Slovenija<\/title>\n<meta name=\"robots\" content=\"index, follow, max-snippet:-1, max-image-preview:large, max-video-preview:-1\" \/>\n<link rel=\"canonical\" href=\"https:\/\/hudo.com\/si\/aktualno\/trupla-jeseniske-deklice-zaradi-potreb-sojenja-ne-bodo-izkopali\/\" \/>\n<meta property=\"og:locale\" content=\"sl_SI\" \/>\n<meta property=\"og:type\" content=\"article\" \/>\n<meta property=\"og:title\" content=\"Trupla jeseni\u0161ke deklice zaradi potreb sojenja ne bodo izkopali - Hudo Slovenija\" \/>\n<meta property=\"og:description\" content=\"V dana\u0161njem nadaljevanju sojenja za smrt jeseni\u0161ke deklice je sodi\u0161\u010de odlo\u010dilo, da trupla pred dobrim letom tragi\u010dno preminule dveletne deklice z Jesenic zaradi potreb sojenja ne bodo izkopavali, poro\u010dajo mediji.\" \/>\n<meta property=\"og:url\" content=\"https:\/\/hudo.com\/si\/aktualno\/trupla-jeseniske-deklice-zaradi-potreb-sojenja-ne-bodo-izkopali\/\" \/>\n<meta property=\"og:site_name\" content=\"Hudo Slovenija\" \/>\n<meta property=\"article:publisher\" content=\"https:\/\/www.facebook.com\/hudo.si\" \/>\n<meta property=\"article:published_time\" content=\"2017-07-17T15:52:25+00:00\" \/>\n<meta property=\"og:image\" content=\"https:\/\/hudo.com\/si\/wp-content\/uploads\/sites\/2\/2017\/03\/profimedia-0322102200.jpg\" \/>\n\t<meta property=\"og:image:width\" content=\"1250\" \/>\n\t<meta property=\"og:image:height\" content=\"833\" \/>\n\t<meta property=\"og:image:type\" content=\"image\/jpeg\" \/>\n<meta name=\"author\" content=\"M. N., STA\" \/>\n<meta name=\"twitter:card\" content=\"summary_large_image\" \/>\n<meta name=\"twitter:creator\" content=\"@hudo_si\" \/>\n<meta name=\"twitter:site\" content=\"@hudo_si\" \/>\n<meta name=\"twitter:label1\" content=\"Written by\" \/>\n\t<meta name=\"twitter:data1\" content=\"M. N., STA\" \/>\n\t<meta name=\"twitter:label2\" content=\"Est. reading time\" \/>\n\t<meta name=\"twitter:data2\" content=\"2 minuti\" \/>\n<script type=\"application\/ld+json\" class=\"yoast-schema-graph\">{\"@context\":\"https:\/\/schema.org\",\"@graph\":[{\"@type\":\"Article\",\"@id\":\"https:\/\/hudo.com\/si\/aktualno\/trupla-jeseniske-deklice-zaradi-potreb-sojenja-ne-bodo-izkopali\/#article\",\"isPartOf\":{\"@id\":\"https:\/\/hudo.com\/si\/aktualno\/trupla-jeseniske-deklice-zaradi-potreb-sojenja-ne-bodo-izkopali\/\"},\"author\":{\"name\":\"M. N., STA\",\"@id\":\"https:\/\/hudo.com\/si\/#\/schema\/person\/c2f10ce65d2e6ede2aeda5be2a0611fa\"},\"headline\":\"Trupla jeseni\u0161ke deklice zaradi potreb sojenja ne bodo izkopali\",\"datePublished\":\"2017-07-17T15:52:25+00:00\",\"dateModified\":\"2017-07-17T15:52:25+00:00\",\"mainEntityOfPage\":{\"@id\":\"https:\/\/hudo.com\/si\/aktualno\/trupla-jeseniske-deklice-zaradi-potreb-sojenja-ne-bodo-izkopali\/\"},\"wordCount\":329,\"publisher\":{\"@id\":\"https:\/\/hudo.com\/si\/#organization\"},\"keywords\":[\"center za socialno delo\",\"\u010drna kronika\",\"Jesenice\",\"Slovenija\"],\"articleSection\":[\"Aktualno\"],\"inLanguage\":\"sl-SI\"},{\"@type\":\"WebPage\",\"@id\":\"https:\/\/hudo.com\/si\/aktualno\/trupla-jeseniske-deklice-zaradi-potreb-sojenja-ne-bodo-izkopali\/\",\"url\":\"https:\/\/hudo.com\/si\/aktualno\/trupla-jeseniske-deklice-zaradi-potreb-sojenja-ne-bodo-izkopali\/\",\"name\":\"Trupla jeseni\u0161ke deklice zaradi potreb sojenja ne bodo izkopali - Hudo Slovenija\",\"isPartOf\":{\"@id\":\"https:\/\/hudo.com\/si\/#website\"},\"datePublished\":\"2017-07-17T15:52:25+00:00\",\"dateModified\":\"2017-07-17T15:52:25+00:00\",\"breadcrumb\":{\"@id\":\"https:\/\/hudo.com\/si\/aktualno\/trupla-jeseniske-deklice-zaradi-potreb-sojenja-ne-bodo-izkopali\/#breadcrumb\"},\"inLanguage\":\"sl-SI\",\"potentialAction\":[{\"@type\":\"ReadAction\",\"target\":[\"https:\/\/hudo.com\/si\/aktualno\/trupla-jeseniske-deklice-zaradi-potreb-sojenja-ne-bodo-izkopali\/\"]}]},{\"@type\":\"BreadcrumbList\",\"@id\":\"https:\/\/hudo.com\/si\/aktualno\/trupla-jeseniske-deklice-zaradi-potreb-sojenja-ne-bodo-izkopali\/#breadcrumb\",\"itemListElement\":[{\"@type\":\"ListItem\",\"position\":1,\"name\":\"Home\",\"item\":\"https:\/\/hudo.com\/si\/\"},{\"@type\":\"ListItem\",\"position\":2,\"name\":\"Trupla jeseni\u0161ke deklice zaradi potreb sojenja ne bodo izkopali\"}]},{\"@type\":\"WebSite\",\"@id\":\"https:\/\/hudo.com\/si\/#website\",\"url\":\"https:\/\/hudo.com\/si\/\",\"name\":\"Hudo Slovenija\",\"description\":\"Vse novice iz Slovenije in sveta\",\"publisher\":{\"@id\":\"https:\/\/hudo.com\/si\/#organization\"},\"potentialAction\":[{\"@type\":\"SearchAction\",\"target\":{\"@type\":\"EntryPoint\",\"urlTemplate\":\"https:\/\/hudo.com\/si\/?s={search_term_string}\"},\"query-input\":\"required name=search_term_string\"}],\"inLanguage\":\"sl-SI\"},{\"@type\":\"Organization\",\"@id\":\"https:\/\/hudo.com\/si\/#organization\",\"name\":\"VSN Media\",\"url\":\"https:\/\/hudo.com\/si\/\",\"logo\":{\"@type\":\"ImageObject\",\"inLanguage\":\"sl-SI\",\"@id\":\"https:\/\/hudo.com\/si\/#\/schema\/logo\/image\/\",\"url\":\"https:\/\/hudo.com\/si\/wp-content\/uploads\/sites\/2\/2021\/03\/hudo-app-2.png\",\"contentUrl\":\"https:\/\/hudo.com\/si\/wp-content\/uploads\/sites\/2\/2021\/03\/hudo-app-2.png\",\"width\":2185,\"height\":2167,\"caption\":\"VSN Media\"},\"image\":{\"@id\":\"https:\/\/hudo.com\/si\/#\/schema\/logo\/image\/\"},\"sameAs\":[\"https:\/\/www.facebook.com\/hudo.si\",\"https:\/\/twitter.com\/hudo_si\"]},{\"@type\":\"Person\",\"@id\":\"https:\/\/hudo.com\/si\/#\/schema\/person\/c2f10ce65d2e6ede2aeda5be2a0611fa\",\"name\":\"M. N., STA\",\"image\":{\"@type\":\"ImageObject\",\"inLanguage\":\"sl-SI\",\"@id\":\"https:\/\/hudo.com\/si\/#\/schema\/person\/image\/\",\"url\":\"https:\/\/secure.gravatar.com\/avatar\/f370d38daa10467f755c5c766a4cac20?s=96&d=mm&r=g\",\"contentUrl\":\"https:\/\/secure.gravatar.com\/avatar\/f370d38daa10467f755c5c766a4cac20?s=96&d=mm&r=g\",\"caption\":\"M. N., STA\"},\"url\":\"https:\/\/hudo.com\/si\/author\/mana\/\"}]}<\/script>\n<!-- \/ Yoast SEO plugin. -->","yoast_head_json":{"title":"Trupla jeseni\u0161ke deklice zaradi potreb sojenja ne bodo izkopali - Hudo Slovenija","robots":{"index":"index","follow":"follow","max-snippet":"max-snippet:-1","max-image-preview":"max-image-preview:large","max-video-preview":"max-video-preview:-1"},"canonical":"https:\/\/hudo.com\/si\/aktualno\/trupla-jeseniske-deklice-zaradi-potreb-sojenja-ne-bodo-izkopali\/","og_locale":"sl_SI","og_type":"article","og_title":"Trupla jeseni\u0161ke deklice zaradi potreb sojenja ne bodo izkopali - Hudo Slovenija","og_description":"V dana\u0161njem nadaljevanju sojenja za smrt jeseni\u0161ke deklice je sodi\u0161\u010de odlo\u010dilo, da trupla pred dobrim letom tragi\u010dno preminule dveletne deklice z Jesenic zaradi potreb sojenja ne bodo izkopavali, poro\u010dajo mediji.","og_url":"https:\/\/hudo.com\/si\/aktualno\/trupla-jeseniske-deklice-zaradi-potreb-sojenja-ne-bodo-izkopali\/","og_site_name":"Hudo Slovenija","article_publisher":"https:\/\/www.facebook.com\/hudo.si","article_published_time":"2017-07-17T15:52:25+00:00","og_image":[{"width":1250,"height":833,"url":"https:\/\/hudo.com\/si\/wp-content\/uploads\/sites\/2\/2017\/03\/profimedia-0322102200.jpg","type":"image\/jpeg"}],"author":"M. N., STA","twitter_card":"summary_large_image","twitter_creator":"@hudo_si","twitter_site":"@hudo_si","twitter_misc":{"Written by":"M. N., STA","Est. reading time":"2 minuti"},"schema":{"@context":"https:\/\/schema.org","@graph":[{"@type":"Article","@id":"https:\/\/hudo.com\/si\/aktualno\/trupla-jeseniske-deklice-zaradi-potreb-sojenja-ne-bodo-izkopali\/#article","isPartOf":{"@id":"https:\/\/hudo.com\/si\/aktualno\/trupla-jeseniske-deklice-zaradi-potreb-sojenja-ne-bodo-izkopali\/"},"author":{"name":"M. N., STA","@id":"https:\/\/hudo.com\/si\/#\/schema\/person\/c2f10ce65d2e6ede2aeda5be2a0611fa"},"headline":"Trupla jeseni\u0161ke deklice zaradi potreb sojenja ne bodo izkopali","datePublished":"2017-07-17T15:52:25+00:00","dateModified":"2017-07-17T15:52:25+00:00","mainEntityOfPage":{"@id":"https:\/\/hudo.com\/si\/aktualno\/trupla-jeseniske-deklice-zaradi-potreb-sojenja-ne-bodo-izkopali\/"},"wordCount":329,"publisher":{"@id":"https:\/\/hudo.com\/si\/#organization"},"keywords":["center za socialno delo","\u010drna kronika","Jesenice","Slovenija"],"articleSection":["Aktualno"],"inLanguage":"sl-SI"},{"@type":"WebPage","@id":"https:\/\/hudo.com\/si\/aktualno\/trupla-jeseniske-deklice-zaradi-potreb-sojenja-ne-bodo-izkopali\/","url":"https:\/\/hudo.com\/si\/aktualno\/trupla-jeseniske-deklice-zaradi-potreb-sojenja-ne-bodo-izkopali\/","name":"Trupla jeseni\u0161ke deklice zaradi potreb sojenja ne bodo izkopali - Hudo Slovenija","isPartOf":{"@id":"https:\/\/hudo.com\/si\/#website"},"datePublished":"2017-07-17T15:52:25+00:00","dateModified":"2017-07-17T15:52:25+00:00","breadcrumb":{"@id":"https:\/\/hudo.com\/si\/aktualno\/trupla-jeseniske-deklice-zaradi-potreb-sojenja-ne-bodo-izkopali\/#breadcrumb"},"inLanguage":"sl-SI","potentialAction":[{"@type":"ReadAction","target":["https:\/\/hudo.com\/si\/aktualno\/trupla-jeseniske-deklice-zaradi-potreb-sojenja-ne-bodo-izkopali\/"]}]},{"@type":"BreadcrumbList","@id":"https:\/\/hudo.com\/si\/aktualno\/trupla-jeseniske-deklice-zaradi-potreb-sojenja-ne-bodo-izkopali\/#breadcrumb","itemListElement":[{"@type":"ListItem","position":1,"name":"Home","item":"https:\/\/hudo.com\/si\/"},{"@type":"ListItem","position":2,"name":"Trupla jeseni\u0161ke deklice zaradi potreb sojenja ne bodo izkopali"}]},{"@type":"WebSite","@id":"https:\/\/hudo.com\/si\/#website","url":"https:\/\/hudo.com\/si\/","name":"Hudo Slovenija","description":"Vse novice iz Slovenije in sveta","publisher":{"@id":"https:\/\/hudo.com\/si\/#organization"},"potentialAction":[{"@type":"SearchAction","target":{"@type":"EntryPoint","urlTemplate":"https:\/\/hudo.com\/si\/?s={search_term_string}"},"query-input":"required name=search_term_string"}],"inLanguage":"sl-SI"},{"@type":"Organization","@id":"https:\/\/hudo.com\/si\/#organization","name":"VSN Media","url":"https:\/\/hudo.com\/si\/","logo":{"@type":"ImageObject","inLanguage":"sl-SI","@id":"https:\/\/hudo.com\/si\/#\/schema\/logo\/image\/","url":"https:\/\/hudo.com\/si\/wp-content\/uploads\/sites\/2\/2021\/03\/hudo-app-2.png","contentUrl":"https:\/\/hudo.com\/si\/wp-content\/uploads\/sites\/2\/2021\/03\/hudo-app-2.png","width":2185,"height":2167,"caption":"VSN Media"},"image":{"@id":"https:\/\/hudo.com\/si\/#\/schema\/logo\/image\/"},"sameAs":["https:\/\/www.facebook.com\/hudo.si","https:\/\/twitter.com\/hudo_si"]},{"@type":"Person","@id":"https:\/\/hudo.com\/si\/#\/schema\/person\/c2f10ce65d2e6ede2aeda5be2a0611fa","name":"M. N., STA","image":{"@type":"ImageObject","inLanguage":"sl-SI","@id":"https:\/\/hudo.com\/si\/#\/schema\/person\/image\/","url":"https:\/\/secure.gravatar.com\/avatar\/f370d38daa10467f755c5c766a4cac20?s=96&d=mm&r=g","contentUrl":"https:\/\/secure.gravatar.com\/avatar\/f370d38daa10467f755c5c766a4cac20?s=96&d=mm&r=g","caption":"M. N., STA"},"url":"https:\/\/hudo.com\/si\/author\/mana\/"}]}},"amp_enabled":true,"_links":{"self":[{"href":"https:\/\/hudo.com\/si\/wp-json\/wp\/v2\/posts\/277917"}],"collection":[{"href":"https:\/\/hudo.com\/si\/wp-json\/wp\/v2\/posts"}],"about":[{"href":"https:\/\/hudo.com\/si\/wp-json\/wp\/v2\/types\/post"}],"author":[{"embeddable":true,"href":"https:\/\/hudo.com\/si\/wp-json\/wp\/v2\/users\/8"}],"replies":[{"embeddable":true,"href":"https:\/\/hudo.com\/si\/wp-json\/wp\/v2\/comments?post=277917"}],"version-history":[{"count":1,"href":"https:\/\/hudo.com\/si\/wp-json\/wp\/v2\/posts\/277917\/revisions"}],"predecessor-version":[{"id":277918,"href":"https:\/\/hudo.com\/si\/wp-json\/wp\/v2\/posts\/277917\/revisions\/277918"}],"wp:featuredmedia":[{"embeddable":true,"href":"https:\/\/hudo.com\/si\/wp-json\/wp\/v2\/media\/222612"}],"wp:attachment":[{"href":"https:\/\/hudo.com\/si\/wp-json\/wp\/v2\/media?parent=277917"}],"wp:term":[{"taxonomy":"category","embeddable":true,"href":"https:\/\/hudo.com\/si\/wp-json\/wp\/v2\/categories?post=277917"},{"taxonomy":"post_tag","embeddable":true,"href":"https:\/\/hudo.com\/si\/wp-json\/wp\/v2\/tags?post=277917"},{"taxonomy":"source","embeddable":true,"href":"https:\/\/hudo.com\/si\/wp-json\/wp\/v2\/source?post=277917"},{"taxonomy":"supertag","embeddable":true,"href":"https:\/\/hudo.com\/si\/wp-json\/wp\/v2\/supertag?post=277917"}],"curies":[{"name":"wp","href":"https:\/\/api.w.org\/{rel}","templated":true}]}}