{"id":279030,"date":"2017-07-20T14:16:41","date_gmt":"2017-07-20T12:16:41","guid":{"rendered":"http:\/\/hudo.com\/si\/?p=279030"},"modified":"2017-07-20T14:16:41","modified_gmt":"2017-07-20T12:16:41","slug":"indija-dobila-novega-predsednika-ki-pripada-najnizji-kasti","status":"publish","type":"post","link":"https:\/\/hudo.com\/si\/aktualno\/indija-dobila-novega-predsednika-ki-pripada-najnizji-kasti\/","title":{"rendered":"Indija dobila novega predsednika, ki pripada najni\u017eji kasti"},"content":{"rendered":"<p>71-letni nekdanji odvetnik in predsednik regionalne vlade zvezne dr\u017eave Bihar bo drugi indijski predsednik iz vrst dalitov. Prvi je bil K. R. Narayanan, ki je bil na polo\u017eaju med letoma 1997 in 2002.<\/p>\n<p>Kovindova tekmica na volitvah je bila nekdanja predsednica indijskega parlamenta Meira Kumar, ki je bila prva \u017eenska na tem polo\u017eaju. Predlagala jo je opozicijska stranka Indijski nacionalni kongres.<\/p>\n<p>Na volitvah je sodelovalo 99 odstotkov od skupno 4900 poslancev indijskega parlamenta in regionalnih parlamentov indijskih zveznih de\u017eel, poro\u010da nem\u0161ka tiskovna agencija dpa.<\/p>\n<p>Izvr\u0161no oblast v Indiji ima premier, predsednik pa lahko po\u0161lje nekatere zakone v ponovno obravnavo in pomaga pri oblikovanju vlade.<\/p>\n<p>Politi\u010dni analitiki ocenjujejo, da se bo z izvolitvijo Kovinda premier Narendra Modi \u0161e utrdil na oblasti ter pridobil politi\u010dni kapital tudi med najni\u017ejo kasto dalitov, ki so neko\u010d veljali za nedotakljive.<\/p>\n<p>Daliti so \u0161e vedno med najrevnej\u0161imi prebivalci Indije in diskriminirani, kljub pravni za\u0161\u010diti. Pogosto imajo te\u017eave z dostopom do izobrazbe, redko pa ni niti nasilno iz\u017eivljanje vi\u0161jih kast nad njimi.<\/p>\n","protected":false},"excerpt":{"rendered":"<p>Za novega indijskega predsednika je bil izvoljen pripadnik najni\u017eje kaste, dalitov, Ram Nath Kovind. Za kandidata vladajo\u010de stranke BJP premierja Narendre Modija je na ponedeljkovih volitvah glasovalo ve\u010d kot 65 odstotkov indijskih poslancev, je danes sporo\u010dila volilna komisija.<\/p>\n","protected":false},"author":7,"featured_media":279031,"comment_status":"closed","ping_status":"closed","sticky":false,"template":"","format":"standard","meta":{"footnotes":""},"categories":[1179],"tags":[1683],"source":[4511],"supertag":[],"acf":[],"yoast_head":"<!-- This site is optimized with the Yoast SEO plugin v21.3 - https:\/\/yoast.com\/wordpress\/plugins\/seo\/ -->\n<title>Indija dobila novega predsednika, ki pripada najni\u017eji kasti - Hudo Slovenija<\/title>\n<meta name=\"robots\" content=\"index, follow, max-snippet:-1, max-image-preview:large, max-video-preview:-1\" \/>\n<link rel=\"canonical\" href=\"https:\/\/hudo.com\/si\/aktualno\/indija-dobila-novega-predsednika-ki-pripada-najnizji-kasti\/\" \/>\n<meta property=\"og:locale\" content=\"sl_SI\" \/>\n<meta property=\"og:type\" content=\"article\" \/>\n<meta property=\"og:title\" content=\"Indija dobila novega predsednika, ki pripada najni\u017eji kasti - Hudo Slovenija\" \/>\n<meta property=\"og:description\" content=\"Za novega indijskega predsednika je bil izvoljen pripadnik najni\u017eje kaste, dalitov, Ram Nath Kovind. Za kandidata vladajo\u010de stranke BJP premierja Narendre Modija je na ponedeljkovih volitvah glasovalo ve\u010d kot 65 odstotkov indijskih poslancev, je danes sporo\u010dila volilna komisija.\" \/>\n<meta property=\"og:url\" content=\"https:\/\/hudo.com\/si\/aktualno\/indija-dobila-novega-predsednika-ki-pripada-najnizji-kasti\/\" \/>\n<meta property=\"og:site_name\" content=\"Hudo Slovenija\" \/>\n<meta property=\"article:publisher\" content=\"https:\/\/www.facebook.com\/hudo.si\" \/>\n<meta property=\"article:published_time\" content=\"2017-07-20T12:16:41+00:00\" \/>\n<meta property=\"og:image\" content=\"https:\/\/hudo.com\/si\/wp-content\/uploads\/sites\/2\/2017\/07\/profimedia-0341165449.jpg\" \/>\n\t<meta property=\"og:image:width\" content=\"1250\" \/>\n\t<meta property=\"og:image:height\" content=\"869\" \/>\n\t<meta property=\"og:image:type\" content=\"image\/jpeg\" \/>\n<meta name=\"author\" content=\"A. P., STA\" \/>\n<meta name=\"twitter:card\" content=\"summary_large_image\" \/>\n<meta name=\"twitter:creator\" content=\"@hudo_si\" \/>\n<meta name=\"twitter:site\" content=\"@hudo_si\" \/>\n<meta name=\"twitter:label1\" content=\"Written by\" \/>\n\t<meta name=\"twitter:data1\" content=\"A. P., STA\" \/>\n\t<meta name=\"twitter:label2\" content=\"Est. reading time\" \/>\n\t<meta name=\"twitter:data2\" content=\"1 minuta\" \/>\n<script type=\"application\/ld+json\" class=\"yoast-schema-graph\">{\"@context\":\"https:\/\/schema.org\",\"@graph\":[{\"@type\":\"Article\",\"@id\":\"https:\/\/hudo.com\/si\/aktualno\/indija-dobila-novega-predsednika-ki-pripada-najnizji-kasti\/#article\",\"isPartOf\":{\"@id\":\"https:\/\/hudo.com\/si\/aktualno\/indija-dobila-novega-predsednika-ki-pripada-najnizji-kasti\/\"},\"author\":{\"name\":\"A. P., STA\",\"@id\":\"https:\/\/hudo.com\/si\/#\/schema\/person\/18f09c02475ba9e606e941a565b80cff\"},\"headline\":\"Indija dobila novega predsednika, ki pripada najni\u017eji kasti\",\"datePublished\":\"2017-07-20T12:16:41+00:00\",\"dateModified\":\"2017-07-20T12:16:41+00:00\",\"mainEntityOfPage\":{\"@id\":\"https:\/\/hudo.com\/si\/aktualno\/indija-dobila-novega-predsednika-ki-pripada-najnizji-kasti\/\"},\"wordCount\":186,\"publisher\":{\"@id\":\"https:\/\/hudo.com\/si\/#organization\"},\"keywords\":[\"Indija\"],\"articleSection\":[\"Aktualno\"],\"inLanguage\":\"sl-SI\"},{\"@type\":\"WebPage\",\"@id\":\"https:\/\/hudo.com\/si\/aktualno\/indija-dobila-novega-predsednika-ki-pripada-najnizji-kasti\/\",\"url\":\"https:\/\/hudo.com\/si\/aktualno\/indija-dobila-novega-predsednika-ki-pripada-najnizji-kasti\/\",\"name\":\"Indija dobila novega predsednika, ki pripada najni\u017eji kasti - Hudo Slovenija\",\"isPartOf\":{\"@id\":\"https:\/\/hudo.com\/si\/#website\"},\"datePublished\":\"2017-07-20T12:16:41+00:00\",\"dateModified\":\"2017-07-20T12:16:41+00:00\",\"breadcrumb\":{\"@id\":\"https:\/\/hudo.com\/si\/aktualno\/indija-dobila-novega-predsednika-ki-pripada-najnizji-kasti\/#breadcrumb\"},\"inLanguage\":\"sl-SI\",\"potentialAction\":[{\"@type\":\"ReadAction\",\"target\":[\"https:\/\/hudo.com\/si\/aktualno\/indija-dobila-novega-predsednika-ki-pripada-najnizji-kasti\/\"]}]},{\"@type\":\"BreadcrumbList\",\"@id\":\"https:\/\/hudo.com\/si\/aktualno\/indija-dobila-novega-predsednika-ki-pripada-najnizji-kasti\/#breadcrumb\",\"itemListElement\":[{\"@type\":\"ListItem\",\"position\":1,\"name\":\"Home\",\"item\":\"https:\/\/hudo.com\/si\/\"},{\"@type\":\"ListItem\",\"position\":2,\"name\":\"Indija dobila novega predsednika, ki pripada najni\u017eji kasti\"}]},{\"@type\":\"WebSite\",\"@id\":\"https:\/\/hudo.com\/si\/#website\",\"url\":\"https:\/\/hudo.com\/si\/\",\"name\":\"Hudo Slovenija\",\"description\":\"Vse novice iz Slovenije in sveta\",\"publisher\":{\"@id\":\"https:\/\/hudo.com\/si\/#organization\"},\"potentialAction\":[{\"@type\":\"SearchAction\",\"target\":{\"@type\":\"EntryPoint\",\"urlTemplate\":\"https:\/\/hudo.com\/si\/?s={search_term_string}\"},\"query-input\":\"required name=search_term_string\"}],\"inLanguage\":\"sl-SI\"},{\"@type\":\"Organization\",\"@id\":\"https:\/\/hudo.com\/si\/#organization\",\"name\":\"VSN Media\",\"url\":\"https:\/\/hudo.com\/si\/\",\"logo\":{\"@type\":\"ImageObject\",\"inLanguage\":\"sl-SI\",\"@id\":\"https:\/\/hudo.com\/si\/#\/schema\/logo\/image\/\",\"url\":\"https:\/\/hudo.com\/si\/wp-content\/uploads\/sites\/2\/2021\/03\/hudo-app-2.png\",\"contentUrl\":\"https:\/\/hudo.com\/si\/wp-content\/uploads\/sites\/2\/2021\/03\/hudo-app-2.png\",\"width\":2185,\"height\":2167,\"caption\":\"VSN Media\"},\"image\":{\"@id\":\"https:\/\/hudo.com\/si\/#\/schema\/logo\/image\/\"},\"sameAs\":[\"https:\/\/www.facebook.com\/hudo.si\",\"https:\/\/twitter.com\/hudo_si\"]},{\"@type\":\"Person\",\"@id\":\"https:\/\/hudo.com\/si\/#\/schema\/person\/18f09c02475ba9e606e941a565b80cff\",\"name\":\"A. P., STA\",\"image\":{\"@type\":\"ImageObject\",\"inLanguage\":\"sl-SI\",\"@id\":\"https:\/\/hudo.com\/si\/#\/schema\/person\/image\/\",\"url\":\"https:\/\/secure.gravatar.com\/avatar\/03eac8e609f5f04383125d80eaeaaf3e?s=96&d=mm&r=g\",\"contentUrl\":\"https:\/\/secure.gravatar.com\/avatar\/03eac8e609f5f04383125d80eaeaaf3e?s=96&d=mm&r=g\",\"caption\":\"A. P., STA\"},\"url\":\"https:\/\/hudo.com\/si\/author\/lubu\/\"}]}<\/script>\n<!-- \/ Yoast SEO plugin. -->","yoast_head_json":{"title":"Indija dobila novega predsednika, ki pripada najni\u017eji kasti - Hudo Slovenija","robots":{"index":"index","follow":"follow","max-snippet":"max-snippet:-1","max-image-preview":"max-image-preview:large","max-video-preview":"max-video-preview:-1"},"canonical":"https:\/\/hudo.com\/si\/aktualno\/indija-dobila-novega-predsednika-ki-pripada-najnizji-kasti\/","og_locale":"sl_SI","og_type":"article","og_title":"Indija dobila novega predsednika, ki pripada najni\u017eji kasti - Hudo Slovenija","og_description":"Za novega indijskega predsednika je bil izvoljen pripadnik najni\u017eje kaste, dalitov, Ram Nath Kovind. Za kandidata vladajo\u010de stranke BJP premierja Narendre Modija je na ponedeljkovih volitvah glasovalo ve\u010d kot 65 odstotkov indijskih poslancev, je danes sporo\u010dila volilna komisija.","og_url":"https:\/\/hudo.com\/si\/aktualno\/indija-dobila-novega-predsednika-ki-pripada-najnizji-kasti\/","og_site_name":"Hudo Slovenija","article_publisher":"https:\/\/www.facebook.com\/hudo.si","article_published_time":"2017-07-20T12:16:41+00:00","og_image":[{"width":1250,"height":869,"url":"https:\/\/hudo.com\/si\/wp-content\/uploads\/sites\/2\/2017\/07\/profimedia-0341165449.jpg","type":"image\/jpeg"}],"author":"A. P., STA","twitter_card":"summary_large_image","twitter_creator":"@hudo_si","twitter_site":"@hudo_si","twitter_misc":{"Written by":"A. P., STA","Est. reading time":"1 minuta"},"schema":{"@context":"https:\/\/schema.org","@graph":[{"@type":"Article","@id":"https:\/\/hudo.com\/si\/aktualno\/indija-dobila-novega-predsednika-ki-pripada-najnizji-kasti\/#article","isPartOf":{"@id":"https:\/\/hudo.com\/si\/aktualno\/indija-dobila-novega-predsednika-ki-pripada-najnizji-kasti\/"},"author":{"name":"A. P., STA","@id":"https:\/\/hudo.com\/si\/#\/schema\/person\/18f09c02475ba9e606e941a565b80cff"},"headline":"Indija dobila novega predsednika, ki pripada najni\u017eji kasti","datePublished":"2017-07-20T12:16:41+00:00","dateModified":"2017-07-20T12:16:41+00:00","mainEntityOfPage":{"@id":"https:\/\/hudo.com\/si\/aktualno\/indija-dobila-novega-predsednika-ki-pripada-najnizji-kasti\/"},"wordCount":186,"publisher":{"@id":"https:\/\/hudo.com\/si\/#organization"},"keywords":["Indija"],"articleSection":["Aktualno"],"inLanguage":"sl-SI"},{"@type":"WebPage","@id":"https:\/\/hudo.com\/si\/aktualno\/indija-dobila-novega-predsednika-ki-pripada-najnizji-kasti\/","url":"https:\/\/hudo.com\/si\/aktualno\/indija-dobila-novega-predsednika-ki-pripada-najnizji-kasti\/","name":"Indija dobila novega predsednika, ki pripada najni\u017eji kasti - Hudo Slovenija","isPartOf":{"@id":"https:\/\/hudo.com\/si\/#website"},"datePublished":"2017-07-20T12:16:41+00:00","dateModified":"2017-07-20T12:16:41+00:00","breadcrumb":{"@id":"https:\/\/hudo.com\/si\/aktualno\/indija-dobila-novega-predsednika-ki-pripada-najnizji-kasti\/#breadcrumb"},"inLanguage":"sl-SI","potentialAction":[{"@type":"ReadAction","target":["https:\/\/hudo.com\/si\/aktualno\/indija-dobila-novega-predsednika-ki-pripada-najnizji-kasti\/"]}]},{"@type":"BreadcrumbList","@id":"https:\/\/hudo.com\/si\/aktualno\/indija-dobila-novega-predsednika-ki-pripada-najnizji-kasti\/#breadcrumb","itemListElement":[{"@type":"ListItem","position":1,"name":"Home","item":"https:\/\/hudo.com\/si\/"},{"@type":"ListItem","position":2,"name":"Indija dobila novega predsednika, ki pripada najni\u017eji kasti"}]},{"@type":"WebSite","@id":"https:\/\/hudo.com\/si\/#website","url":"https:\/\/hudo.com\/si\/","name":"Hudo Slovenija","description":"Vse novice iz Slovenije in sveta","publisher":{"@id":"https:\/\/hudo.com\/si\/#organization"},"potentialAction":[{"@type":"SearchAction","target":{"@type":"EntryPoint","urlTemplate":"https:\/\/hudo.com\/si\/?s={search_term_string}"},"query-input":"required name=search_term_string"}],"inLanguage":"sl-SI"},{"@type":"Organization","@id":"https:\/\/hudo.com\/si\/#organization","name":"VSN Media","url":"https:\/\/hudo.com\/si\/","logo":{"@type":"ImageObject","inLanguage":"sl-SI","@id":"https:\/\/hudo.com\/si\/#\/schema\/logo\/image\/","url":"https:\/\/hudo.com\/si\/wp-content\/uploads\/sites\/2\/2021\/03\/hudo-app-2.png","contentUrl":"https:\/\/hudo.com\/si\/wp-content\/uploads\/sites\/2\/2021\/03\/hudo-app-2.png","width":2185,"height":2167,"caption":"VSN Media"},"image":{"@id":"https:\/\/hudo.com\/si\/#\/schema\/logo\/image\/"},"sameAs":["https:\/\/www.facebook.com\/hudo.si","https:\/\/twitter.com\/hudo_si"]},{"@type":"Person","@id":"https:\/\/hudo.com\/si\/#\/schema\/person\/18f09c02475ba9e606e941a565b80cff","name":"A. P., STA","image":{"@type":"ImageObject","inLanguage":"sl-SI","@id":"https:\/\/hudo.com\/si\/#\/schema\/person\/image\/","url":"https:\/\/secure.gravatar.com\/avatar\/03eac8e609f5f04383125d80eaeaaf3e?s=96&d=mm&r=g","contentUrl":"https:\/\/secure.gravatar.com\/avatar\/03eac8e609f5f04383125d80eaeaaf3e?s=96&d=mm&r=g","caption":"A. P., STA"},"url":"https:\/\/hudo.com\/si\/author\/lubu\/"}]}},"amp_enabled":true,"_links":{"self":[{"href":"https:\/\/hudo.com\/si\/wp-json\/wp\/v2\/posts\/279030"}],"collection":[{"href":"https:\/\/hudo.com\/si\/wp-json\/wp\/v2\/posts"}],"about":[{"href":"https:\/\/hudo.com\/si\/wp-json\/wp\/v2\/types\/post"}],"author":[{"embeddable":true,"href":"https:\/\/hudo.com\/si\/wp-json\/wp\/v2\/users\/7"}],"replies":[{"embeddable":true,"href":"https:\/\/hudo.com\/si\/wp-json\/wp\/v2\/comments?post=279030"}],"version-history":[{"count":1,"href":"https:\/\/hudo.com\/si\/wp-json\/wp\/v2\/posts\/279030\/revisions"}],"predecessor-version":[{"id":279032,"href":"https:\/\/hudo.com\/si\/wp-json\/wp\/v2\/posts\/279030\/revisions\/279032"}],"wp:featuredmedia":[{"embeddable":true,"href":"https:\/\/hudo.com\/si\/wp-json\/wp\/v2\/media\/279031"}],"wp:attachment":[{"href":"https:\/\/hudo.com\/si\/wp-json\/wp\/v2\/media?parent=279030"}],"wp:term":[{"taxonomy":"category","embeddable":true,"href":"https:\/\/hudo.com\/si\/wp-json\/wp\/v2\/categories?post=279030"},{"taxonomy":"post_tag","embeddable":true,"href":"https:\/\/hudo.com\/si\/wp-json\/wp\/v2\/tags?post=279030"},{"taxonomy":"source","embeddable":true,"href":"https:\/\/hudo.com\/si\/wp-json\/wp\/v2\/source?post=279030"},{"taxonomy":"supertag","embeddable":true,"href":"https:\/\/hudo.com\/si\/wp-json\/wp\/v2\/supertag?post=279030"}],"curies":[{"name":"wp","href":"https:\/\/api.w.org\/{rel}","templated":true}]}}