{"id":279035,"date":"2017-07-20T10:57:00","date_gmt":"2017-07-20T08:57:00","guid":{"rendered":"http:\/\/hudo.com\/si\/2017\/07\/20\/arbitrazna-sodba-zadeva-tudi-pravo-eu\/"},"modified":"2017-07-20T10:57:00","modified_gmt":"2017-07-20T08:57:00","slug":"arbitrazna-sodba-zadeva-tudi-pravo-eu","status":"publish","type":"post","link":"https:\/\/hudo.com\/si\/aktualno\/arbitrazna-sodba-zadeva-tudi-pravo-eu\/","title":{"rendered":"Arbitra\u017ena sodba zadeva tudi pravo EU"},"content":{"rendered":"<p>Kategorija: Evropa Thu, 20 Jul 2017 12:57:00 +0200  Bruselj \u2013 Iz uradno potrjenega zapisnika zasedanja evropske komisije 4. julija je razvidno, s kak\u0161nimi dilemami se v Bruslju ukvarjajo glede arbitra\u017ene razsodbe o slovensko-hrva\u0161ki meji. Hrva\u0161ki argumenti niso obveljali. Kot je v uvodnem nagovoru komisarskemu kolegiju povedal podpredsednik evropske komisije Frans Timmermans, je arbitra\u017eno sodi\u0161\u010de lani ugotovilo, da kr\u0161itev arbitra\u017enega sporazuma ni bila tak\u0161ne narave, da bi Hrva\u0161ka lahko prekinila postopek. Nadaljeval je, da evropska komisija sicer ni bila stranka v zadevi, a je imela posredni\u0161ko vlogo v postopku, ki je vodil do ustanovitve arbitra\u017enega tribunala. Evropska komisija je tudi podpirala postopek in izra\u017eala upanje, da bosta obe strani spo\u0161tovali odlo\u010ditev tribunala. \u010ceprav razsodba ni neposredno pravno zavezujo\u010da za Unijo, je Timmermans opozoril, da bo v prihodnosti evropsko sodi\u0161\u010de verjetno povpra\u0161ano, kako razsodba vpliva na pravo EU. Poseben pomen je je\u00a0&#8230;<\/p>\n","protected":false},"excerpt":{"rendered":"<p>Kategorija: Evropa Thu, 20 Jul 2017 12:57:00 +0200  Bruselj \u2013 Iz uradno potrjenega zapisnika zasedanja evropske komisije 4. julija je razvidno, s kak\u0161nimi dilemami se v Bruslju ukvarjajo glede arbitra\u017ene razsodbe o slovensko-hrva\u0161ki meji. Hrva\u0161ki argumenti niso obveljali. Kot je v uvodnem nagovoru komisarskemu kolegiju povedal podpredsednik evropske komisije Frans Timmermans, je arbitra\u017eno sodi\u0161\u010de lani ugotovilo, da kr\u0161itev arbitra\u017enega sporazuma ni bila tak\u0161ne narave, da bi Hrva\u0161ka lahko prekinila postopek. Nadaljeval je, da evropska komisija sicer ni bila stranka v zadevi, a je imela posredni\u0161ko vlogo v postopku, ki je vodil do ustanovitve arbitra\u017enega tribunala. Evropska komisija je tudi podpirala postopek in izra\u017eala upanje, da bosta obe strani spo\u0161tovali odlo\u010ditev tribunala. \u010ceprav razsodba ni neposredno pravno zavezujo\u010da za Unijo, je Timmermans opozoril, da bo v prihodnosti evropsko sodi\u0161\u010de verjetno povpra\u0161ano, kako razsodba vpliva na pravo EU. Poseben pomen je je\u00a0&#8230;<\/p>\n","protected":false},"author":1,"featured_media":0,"comment_status":"closed","ping_status":"closed","sticky":false,"template":"","format":"standard","meta":{"footnotes":""},"categories":[1179],"tags":[],"source":[1703],"supertag":[],"acf":[],"yoast_head":"<!-- This site is optimized with the Yoast SEO plugin v21.3 - https:\/\/yoast.com\/wordpress\/plugins\/seo\/ -->\n<title>Arbitra\u017ena sodba zadeva tudi pravo EU - Hudo Slovenija<\/title>\n<meta name=\"robots\" content=\"index, follow, max-snippet:-1, max-image-preview:large, max-video-preview:-1\" \/>\n<link rel=\"canonical\" href=\"https:\/\/hudo.com\/si\/aktualno\/arbitrazna-sodba-zadeva-tudi-pravo-eu\/\" \/>\n<meta property=\"og:locale\" content=\"sl_SI\" \/>\n<meta property=\"og:type\" content=\"article\" \/>\n<meta property=\"og:title\" content=\"Arbitra\u017ena sodba zadeva tudi pravo EU - Hudo Slovenija\" \/>\n<meta property=\"og:description\" content=\"Kategorija: Evropa Thu, 20 Jul 2017 12:57:00 +0200 Bruselj \u2013 Iz uradno potrjenega zapisnika zasedanja evropske komisije 4. julija je razvidno, s kak\u0161nimi dilemami se v Bruslju ukvarjajo glede arbitra\u017ene razsodbe o slovensko-hrva\u0161ki meji. Hrva\u0161ki argumenti niso obveljali. Kot je v uvodnem nagovoru komisarskemu kolegiju povedal podpredsednik evropske komisije Frans Timmermans, je arbitra\u017eno sodi\u0161\u010de lani ugotovilo, da kr\u0161itev arbitra\u017enega sporazuma ni bila tak\u0161ne narave, da bi Hrva\u0161ka lahko prekinila postopek. Nadaljeval je, da evropska komisija sicer ni bila stranka v zadevi, a je imela posredni\u0161ko vlogo v postopku, ki je vodil do ustanovitve arbitra\u017enega tribunala. Evropska komisija je tudi podpirala postopek in izra\u017eala upanje, da bosta obe strani spo\u0161tovali odlo\u010ditev tribunala. \u010ceprav razsodba ni neposredno pravno zavezujo\u010da za Unijo, je Timmermans opozoril, da bo v prihodnosti evropsko sodi\u0161\u010de verjetno povpra\u0161ano, kako razsodba vpliva na pravo EU. Poseben pomen je je\u00a0...\" \/>\n<meta property=\"og:url\" content=\"https:\/\/hudo.com\/si\/aktualno\/arbitrazna-sodba-zadeva-tudi-pravo-eu\/\" \/>\n<meta property=\"og:site_name\" content=\"Hudo Slovenija\" \/>\n<meta property=\"article:publisher\" content=\"https:\/\/www.facebook.com\/hudo.si\" \/>\n<meta property=\"article:published_time\" content=\"2017-07-20T08:57:00+00:00\" \/>\n<meta property=\"og:image\" content=\"https:\/\/hudo.com\/si\/wp-content\/uploads\/sites\/2\/2017\/07\/480x290_AFP_Photo-20160601131408-75364100.jpeg\" \/>\n\t<meta property=\"og:image:width\" content=\"480\" \/>\n\t<meta property=\"og:image:height\" content=\"290\" \/>\n\t<meta property=\"og:image:type\" content=\"image\/jpeg\" \/>\n<meta name=\"author\" content=\"hudo\" \/>\n<meta name=\"twitter:card\" content=\"summary_large_image\" \/>\n<meta name=\"twitter:creator\" content=\"@hudo_si\" \/>\n<meta name=\"twitter:site\" content=\"@hudo_si\" \/>\n<meta name=\"twitter:label1\" content=\"Written by\" \/>\n\t<meta name=\"twitter:data1\" content=\"hudo\" \/>\n\t<meta name=\"twitter:label2\" content=\"Est. reading time\" \/>\n\t<meta name=\"twitter:data2\" content=\"1 minuta\" \/>\n<script type=\"application\/ld+json\" class=\"yoast-schema-graph\">{\"@context\":\"https:\/\/schema.org\",\"@graph\":[{\"@type\":\"Article\",\"@id\":\"https:\/\/hudo.com\/si\/aktualno\/arbitrazna-sodba-zadeva-tudi-pravo-eu\/#article\",\"isPartOf\":{\"@id\":\"https:\/\/hudo.com\/si\/aktualno\/arbitrazna-sodba-zadeva-tudi-pravo-eu\/\"},\"author\":{\"name\":\"hudo\",\"@id\":\"https:\/\/hudo.com\/si\/#\/schema\/person\/601cf3379633985b20f7e50f2bb47707\"},\"headline\":\"Arbitra\u017ena sodba zadeva tudi pravo EU\",\"datePublished\":\"2017-07-20T08:57:00+00:00\",\"dateModified\":\"2017-07-20T08:57:00+00:00\",\"mainEntityOfPage\":{\"@id\":\"https:\/\/hudo.com\/si\/aktualno\/arbitrazna-sodba-zadeva-tudi-pravo-eu\/\"},\"wordCount\":159,\"publisher\":{\"@id\":\"https:\/\/hudo.com\/si\/#organization\"},\"articleSection\":[\"Aktualno\"],\"inLanguage\":\"sl-SI\"},{\"@type\":\"WebPage\",\"@id\":\"https:\/\/hudo.com\/si\/aktualno\/arbitrazna-sodba-zadeva-tudi-pravo-eu\/\",\"url\":\"https:\/\/hudo.com\/si\/aktualno\/arbitrazna-sodba-zadeva-tudi-pravo-eu\/\",\"name\":\"Arbitra\u017ena sodba zadeva tudi pravo EU - Hudo Slovenija\",\"isPartOf\":{\"@id\":\"https:\/\/hudo.com\/si\/#website\"},\"datePublished\":\"2017-07-20T08:57:00+00:00\",\"dateModified\":\"2017-07-20T08:57:00+00:00\",\"breadcrumb\":{\"@id\":\"https:\/\/hudo.com\/si\/aktualno\/arbitrazna-sodba-zadeva-tudi-pravo-eu\/#breadcrumb\"},\"inLanguage\":\"sl-SI\",\"potentialAction\":[{\"@type\":\"ReadAction\",\"target\":[\"https:\/\/hudo.com\/si\/aktualno\/arbitrazna-sodba-zadeva-tudi-pravo-eu\/\"]}]},{\"@type\":\"BreadcrumbList\",\"@id\":\"https:\/\/hudo.com\/si\/aktualno\/arbitrazna-sodba-zadeva-tudi-pravo-eu\/#breadcrumb\",\"itemListElement\":[{\"@type\":\"ListItem\",\"position\":1,\"name\":\"Home\",\"item\":\"https:\/\/hudo.com\/si\/\"},{\"@type\":\"ListItem\",\"position\":2,\"name\":\"Arbitra\u017ena sodba zadeva tudi pravo EU\"}]},{\"@type\":\"WebSite\",\"@id\":\"https:\/\/hudo.com\/si\/#website\",\"url\":\"https:\/\/hudo.com\/si\/\",\"name\":\"Hudo Slovenija\",\"description\":\"Vse novice iz Slovenije in sveta\",\"publisher\":{\"@id\":\"https:\/\/hudo.com\/si\/#organization\"},\"potentialAction\":[{\"@type\":\"SearchAction\",\"target\":{\"@type\":\"EntryPoint\",\"urlTemplate\":\"https:\/\/hudo.com\/si\/?s={search_term_string}\"},\"query-input\":\"required name=search_term_string\"}],\"inLanguage\":\"sl-SI\"},{\"@type\":\"Organization\",\"@id\":\"https:\/\/hudo.com\/si\/#organization\",\"name\":\"VSN Media\",\"url\":\"https:\/\/hudo.com\/si\/\",\"logo\":{\"@type\":\"ImageObject\",\"inLanguage\":\"sl-SI\",\"@id\":\"https:\/\/hudo.com\/si\/#\/schema\/logo\/image\/\",\"url\":\"https:\/\/hudo.com\/si\/wp-content\/uploads\/sites\/2\/2021\/03\/hudo-app-2.png\",\"contentUrl\":\"https:\/\/hudo.com\/si\/wp-content\/uploads\/sites\/2\/2021\/03\/hudo-app-2.png\",\"width\":2185,\"height\":2167,\"caption\":\"VSN Media\"},\"image\":{\"@id\":\"https:\/\/hudo.com\/si\/#\/schema\/logo\/image\/\"},\"sameAs\":[\"https:\/\/www.facebook.com\/hudo.si\",\"https:\/\/twitter.com\/hudo_si\"]},{\"@type\":\"Person\",\"@id\":\"https:\/\/hudo.com\/si\/#\/schema\/person\/601cf3379633985b20f7e50f2bb47707\",\"name\":\"hudo\",\"image\":{\"@type\":\"ImageObject\",\"inLanguage\":\"sl-SI\",\"@id\":\"https:\/\/hudo.com\/si\/#\/schema\/person\/image\/\",\"url\":\"https:\/\/secure.gravatar.com\/avatar\/c4ca25fa72cace7a696b52ff5db9e095?s=96&d=mm&r=g\",\"contentUrl\":\"https:\/\/secure.gravatar.com\/avatar\/c4ca25fa72cace7a696b52ff5db9e095?s=96&d=mm&r=g\",\"caption\":\"hudo\"},\"url\":\"https:\/\/hudo.com\/si\/author\/hudo\/\"}]}<\/script>\n<!-- \/ Yoast SEO plugin. -->","yoast_head_json":{"title":"Arbitra\u017ena sodba zadeva tudi pravo EU - Hudo Slovenija","robots":{"index":"index","follow":"follow","max-snippet":"max-snippet:-1","max-image-preview":"max-image-preview:large","max-video-preview":"max-video-preview:-1"},"canonical":"https:\/\/hudo.com\/si\/aktualno\/arbitrazna-sodba-zadeva-tudi-pravo-eu\/","og_locale":"sl_SI","og_type":"article","og_title":"Arbitra\u017ena sodba zadeva tudi pravo EU - Hudo Slovenija","og_description":"Kategorija: Evropa Thu, 20 Jul 2017 12:57:00 +0200 Bruselj \u2013 Iz uradno potrjenega zapisnika zasedanja evropske komisije 4. julija je razvidno, s kak\u0161nimi dilemami se v Bruslju ukvarjajo glede arbitra\u017ene razsodbe o slovensko-hrva\u0161ki meji. Hrva\u0161ki argumenti niso obveljali. Kot je v uvodnem nagovoru komisarskemu kolegiju povedal podpredsednik evropske komisije Frans Timmermans, je arbitra\u017eno sodi\u0161\u010de lani ugotovilo, da kr\u0161itev arbitra\u017enega sporazuma ni bila tak\u0161ne narave, da bi Hrva\u0161ka lahko prekinila postopek. Nadaljeval je, da evropska komisija sicer ni bila stranka v zadevi, a je imela posredni\u0161ko vlogo v postopku, ki je vodil do ustanovitve arbitra\u017enega tribunala. Evropska komisija je tudi podpirala postopek in izra\u017eala upanje, da bosta obe strani spo\u0161tovali odlo\u010ditev tribunala. \u010ceprav razsodba ni neposredno pravno zavezujo\u010da za Unijo, je Timmermans opozoril, da bo v prihodnosti evropsko sodi\u0161\u010de verjetno povpra\u0161ano, kako razsodba vpliva na pravo EU. Poseben pomen je je\u00a0...","og_url":"https:\/\/hudo.com\/si\/aktualno\/arbitrazna-sodba-zadeva-tudi-pravo-eu\/","og_site_name":"Hudo Slovenija","article_publisher":"https:\/\/www.facebook.com\/hudo.si","article_published_time":"2017-07-20T08:57:00+00:00","og_image":[{"width":480,"height":290,"url":"https:\/\/hudo.com\/si\/wp-content\/uploads\/sites\/2\/2017\/07\/480x290_AFP_Photo-20160601131408-75364100.jpeg","type":"image\/jpeg"}],"author":"hudo","twitter_card":"summary_large_image","twitter_creator":"@hudo_si","twitter_site":"@hudo_si","twitter_misc":{"Written by":"hudo","Est. reading time":"1 minuta"},"schema":{"@context":"https:\/\/schema.org","@graph":[{"@type":"Article","@id":"https:\/\/hudo.com\/si\/aktualno\/arbitrazna-sodba-zadeva-tudi-pravo-eu\/#article","isPartOf":{"@id":"https:\/\/hudo.com\/si\/aktualno\/arbitrazna-sodba-zadeva-tudi-pravo-eu\/"},"author":{"name":"hudo","@id":"https:\/\/hudo.com\/si\/#\/schema\/person\/601cf3379633985b20f7e50f2bb47707"},"headline":"Arbitra\u017ena sodba zadeva tudi pravo EU","datePublished":"2017-07-20T08:57:00+00:00","dateModified":"2017-07-20T08:57:00+00:00","mainEntityOfPage":{"@id":"https:\/\/hudo.com\/si\/aktualno\/arbitrazna-sodba-zadeva-tudi-pravo-eu\/"},"wordCount":159,"publisher":{"@id":"https:\/\/hudo.com\/si\/#organization"},"articleSection":["Aktualno"],"inLanguage":"sl-SI"},{"@type":"WebPage","@id":"https:\/\/hudo.com\/si\/aktualno\/arbitrazna-sodba-zadeva-tudi-pravo-eu\/","url":"https:\/\/hudo.com\/si\/aktualno\/arbitrazna-sodba-zadeva-tudi-pravo-eu\/","name":"Arbitra\u017ena sodba zadeva tudi pravo EU - Hudo Slovenija","isPartOf":{"@id":"https:\/\/hudo.com\/si\/#website"},"datePublished":"2017-07-20T08:57:00+00:00","dateModified":"2017-07-20T08:57:00+00:00","breadcrumb":{"@id":"https:\/\/hudo.com\/si\/aktualno\/arbitrazna-sodba-zadeva-tudi-pravo-eu\/#breadcrumb"},"inLanguage":"sl-SI","potentialAction":[{"@type":"ReadAction","target":["https:\/\/hudo.com\/si\/aktualno\/arbitrazna-sodba-zadeva-tudi-pravo-eu\/"]}]},{"@type":"BreadcrumbList","@id":"https:\/\/hudo.com\/si\/aktualno\/arbitrazna-sodba-zadeva-tudi-pravo-eu\/#breadcrumb","itemListElement":[{"@type":"ListItem","position":1,"name":"Home","item":"https:\/\/hudo.com\/si\/"},{"@type":"ListItem","position":2,"name":"Arbitra\u017ena sodba zadeva tudi pravo EU"}]},{"@type":"WebSite","@id":"https:\/\/hudo.com\/si\/#website","url":"https:\/\/hudo.com\/si\/","name":"Hudo Slovenija","description":"Vse novice iz Slovenije in sveta","publisher":{"@id":"https:\/\/hudo.com\/si\/#organization"},"potentialAction":[{"@type":"SearchAction","target":{"@type":"EntryPoint","urlTemplate":"https:\/\/hudo.com\/si\/?s={search_term_string}"},"query-input":"required name=search_term_string"}],"inLanguage":"sl-SI"},{"@type":"Organization","@id":"https:\/\/hudo.com\/si\/#organization","name":"VSN Media","url":"https:\/\/hudo.com\/si\/","logo":{"@type":"ImageObject","inLanguage":"sl-SI","@id":"https:\/\/hudo.com\/si\/#\/schema\/logo\/image\/","url":"https:\/\/hudo.com\/si\/wp-content\/uploads\/sites\/2\/2021\/03\/hudo-app-2.png","contentUrl":"https:\/\/hudo.com\/si\/wp-content\/uploads\/sites\/2\/2021\/03\/hudo-app-2.png","width":2185,"height":2167,"caption":"VSN Media"},"image":{"@id":"https:\/\/hudo.com\/si\/#\/schema\/logo\/image\/"},"sameAs":["https:\/\/www.facebook.com\/hudo.si","https:\/\/twitter.com\/hudo_si"]},{"@type":"Person","@id":"https:\/\/hudo.com\/si\/#\/schema\/person\/601cf3379633985b20f7e50f2bb47707","name":"hudo","image":{"@type":"ImageObject","inLanguage":"sl-SI","@id":"https:\/\/hudo.com\/si\/#\/schema\/person\/image\/","url":"https:\/\/secure.gravatar.com\/avatar\/c4ca25fa72cace7a696b52ff5db9e095?s=96&d=mm&r=g","contentUrl":"https:\/\/secure.gravatar.com\/avatar\/c4ca25fa72cace7a696b52ff5db9e095?s=96&d=mm&r=g","caption":"hudo"},"url":"https:\/\/hudo.com\/si\/author\/hudo\/"}]}},"amp_enabled":true,"_links":{"self":[{"href":"https:\/\/hudo.com\/si\/wp-json\/wp\/v2\/posts\/279035"}],"collection":[{"href":"https:\/\/hudo.com\/si\/wp-json\/wp\/v2\/posts"}],"about":[{"href":"https:\/\/hudo.com\/si\/wp-json\/wp\/v2\/types\/post"}],"author":[{"embeddable":true,"href":"https:\/\/hudo.com\/si\/wp-json\/wp\/v2\/users\/1"}],"replies":[{"embeddable":true,"href":"https:\/\/hudo.com\/si\/wp-json\/wp\/v2\/comments?post=279035"}],"version-history":[{"count":0,"href":"https:\/\/hudo.com\/si\/wp-json\/wp\/v2\/posts\/279035\/revisions"}],"wp:attachment":[{"href":"https:\/\/hudo.com\/si\/wp-json\/wp\/v2\/media?parent=279035"}],"wp:term":[{"taxonomy":"category","embeddable":true,"href":"https:\/\/hudo.com\/si\/wp-json\/wp\/v2\/categories?post=279035"},{"taxonomy":"post_tag","embeddable":true,"href":"https:\/\/hudo.com\/si\/wp-json\/wp\/v2\/tags?post=279035"},{"taxonomy":"source","embeddable":true,"href":"https:\/\/hudo.com\/si\/wp-json\/wp\/v2\/source?post=279035"},{"taxonomy":"supertag","embeddable":true,"href":"https:\/\/hudo.com\/si\/wp-json\/wp\/v2\/supertag?post=279035"}],"curies":[{"name":"wp","href":"https:\/\/api.w.org\/{rel}","templated":true}]}}