{"id":279284,"date":"2017-07-21T08:22:52","date_gmt":"2017-07-21T06:22:52","guid":{"rendered":"http:\/\/hudo.com\/si\/?p=279284"},"modified":"2017-07-21T15:02:46","modified_gmt":"2017-07-21T13:02:46","slug":"potres-v-egejskem-morju-z-magnitudo-67-stopnje-zahteval-smrtni-zrtvi-na-kosu","status":"publish","type":"post","link":"https:\/\/hudo.com\/si\/aktualno\/potres-v-egejskem-morju-z-magnitudo-67-stopnje-zahteval-smrtni-zrtvi-na-kosu\/","title":{"rendered":"Potres v Egejskem morju z magnitudo 6,7 stopnje zahteval smrtni \u017ertvi na Kosu"},"content":{"rendered":"<p>&nbsp;<\/p>\n<p>\u0160vedsko zunanje ministrstvo je kasneje potrdilo smrt \u0161vedskega dr\u017eavljana. Dodali so, da gre za mo\u0161kega, starega med 20 in 30 let, ki je bil iz osrednje \u0160vedske. Prav tako naj bi bilo v potresu po\u0161kodovanih \u0161e nekaj \u0161vedskih dr\u017eavljanov.<\/p>\n<p>Epicenter potresa je bil v globini desetih kilometrov in pribli\u017eno 10,3 kilometra ju\u017eno od tur\u0161kega letovi\u0161\u010da Bodrum ter 16,2 kilometra vzhodno od otoka Kos. Tla so se zatresla ob 1.31 po lokalnem \u010dasu. Potresu naj bi sledilo ve\u010d popotresnih sunkov.<\/p>\n<p>S Kosa, kjer naj bi potres najve\u010d \u0161kode povzro\u010dil v sredi\u0161\u010du istoimenskega mesta, poro\u010dajo tudi o manj\u0161em cunamiju, ki je v mestu Kos dosegel pristani\u0161\u010de za jahte. Iz Aten so na otok \u017ee poslali re\u0161evalce z dvema helikopterjema in letalom.<\/p>\n<p>&#8220;Imamo dve smrtni \u017ertvi in ranjene,&#8221; je za francosko tiskovno agencijo AFP potrdil predstavnik bolni\u0161nice. Dodal je, da sta obe osebi umrli, ko se je nanju zru\u0161ila streha nekega bara v sredi\u0161\u010du mesta. \u017dupan Kosa Georges Kijrircis je za gr\u0161ke medije izjavil, da sta obe smrtni \u017ertvi tuja dr\u017eavljana.<\/p>\n<p>Letali\u0161\u010de na Kosu v potresu ni bilo po\u0161kodovano, zamude pa so mogo\u010de pri vo\u017enji s trajektom, poro\u010da avstrijska tiskovna agencija APA.<\/p>\n<p>V tur\u0161kem Bodrumu so morali evakuirati tamkaj\u0161njo bolni\u0161nico zaradi razpok na stavbi. Po besedah tamkaj\u0161njega \u017eupana Mehmeta Kocadona je bila najve\u010dja te\u017eava po potresu izpad elektri\u010dne energije v posameznih delih mesta. Po navedbah lokalnih oblasti naj bi bilo ve\u010d ljudi ranjenih, ko so zaradi panike skakali \u010dez okna. Nekaj \u0161kode je utrpela tudi bodrumska mo\u0161eja. Blizu Bodruma so visoki valovali poplavili cesto in vozila.<\/p>\n<p>Potres so \u010dutili tudi v tretjem najve\u010djem tur\u0161kem mestu Izmir, ki je severno od Bodruma, ter na gr\u0161kem otoku Rodos.<\/p>\n<p>Sredi junija letos so se tresla tla na gr\u0161kih otokih Lezbos in Hios ter pred zahodno obalo Tur\u010dije. Na Lezbosu je potres zahteval smrtno \u017ertev in po\u0161kodoval \u0161tevilne hi\u0161e.<\/p>\n<p>V evropskem prostoru so potresi najpogostej\u0161i v Gr\u010diji, ju\u017eni delih Balkana ter na zahodu Tur\u010dije. Tla se pogosto tresejo tudi v Italiji in na zahodu Balkana. Ve\u010dina huj\u0161ih potresov na evropskih tleh se zgodi na obmo\u010dju v bli\u017eini stika Afri\u0161ke in Evropske tektonske plo\u0161\u010de, navaja dpa.<\/p>\n","protected":false},"excerpt":{"rendered":"<p>Potres z magnitudo 6,7, ki je minulo no\u010d stresel gr\u0161ko oto\u010dje Dodekanez in egejsko obalo Tur\u010dije, je na gr\u0161kem otoku Kos zahteval najmanj dve smrtni \u017ertvi, ve\u010d kot 100 oseb je po\u0161kodovanih. Oba mrtva sta turista. Eden je dr\u017eavljan Tur\u010dije, drugi je \u0161vedski dr\u017eavljan, so po poro\u010danju nem\u0161ke tiskovne agencije dpa sporo\u010dile lokalne oblasti.<\/p>\n","protected":false},"author":8,"featured_media":171591,"comment_status":"closed","ping_status":"closed","sticky":false,"template":"","format":"standard","meta":{"footnotes":""},"categories":[1179],"tags":[3235,3718,1887],"source":[4511],"supertag":[6103],"acf":[],"yoast_head":"<!-- This site is optimized with the Yoast SEO plugin v21.3 - https:\/\/yoast.com\/wordpress\/plugins\/seo\/ -->\n<title>Potres v Egejskem morju z magnitudo 6,7 stopnje zahteval smrtni \u017ertvi na Kosu - Hudo Slovenija<\/title>\n<meta name=\"robots\" content=\"index, follow, max-snippet:-1, max-image-preview:large, max-video-preview:-1\" \/>\n<link rel=\"canonical\" href=\"https:\/\/hudo.com\/si\/aktualno\/potres-v-egejskem-morju-z-magnitudo-67-stopnje-zahteval-smrtni-zrtvi-na-kosu\/\" \/>\n<meta property=\"og:locale\" content=\"sl_SI\" \/>\n<meta property=\"og:type\" content=\"article\" \/>\n<meta property=\"og:title\" content=\"Potres v Egejskem morju z magnitudo 6,7 stopnje zahteval smrtni \u017ertvi na Kosu - Hudo Slovenija\" \/>\n<meta property=\"og:description\" content=\"Potres z magnitudo 6,7, ki je minulo no\u010d stresel gr\u0161ko oto\u010dje Dodekanez in egejsko obalo Tur\u010dije, je na gr\u0161kem otoku Kos zahteval najmanj dve smrtni \u017ertvi, ve\u010d kot 100 oseb je po\u0161kodovanih. Oba mrtva sta turista. Eden je dr\u017eavljan Tur\u010dije, drugi je \u0161vedski dr\u017eavljan, so po poro\u010danju nem\u0161ke tiskovne agencije dpa sporo\u010dile lokalne oblasti.\" \/>\n<meta property=\"og:url\" content=\"https:\/\/hudo.com\/si\/aktualno\/potres-v-egejskem-morju-z-magnitudo-67-stopnje-zahteval-smrtni-zrtvi-na-kosu\/\" \/>\n<meta property=\"og:site_name\" content=\"Hudo Slovenija\" \/>\n<meta property=\"article:publisher\" content=\"https:\/\/www.facebook.com\/hudo.si\" \/>\n<meta property=\"article:published_time\" content=\"2017-07-21T06:22:52+00:00\" \/>\n<meta property=\"article:modified_time\" content=\"2017-07-21T13:02:46+00:00\" \/>\n<meta property=\"og:image\" content=\"https:\/\/hudo.com\/si\/wp-content\/uploads\/sites\/2\/2016\/11\/profimedia-0294275091.jpg\" \/>\n\t<meta property=\"og:image:width\" content=\"1250\" \/>\n\t<meta property=\"og:image:height\" content=\"786\" \/>\n\t<meta property=\"og:image:type\" content=\"image\/jpeg\" \/>\n<meta name=\"author\" content=\"M. N., STA\" \/>\n<meta name=\"twitter:card\" content=\"summary_large_image\" \/>\n<meta name=\"twitter:creator\" content=\"@hudo_si\" \/>\n<meta name=\"twitter:site\" content=\"@hudo_si\" \/>\n<meta name=\"twitter:label1\" content=\"Written by\" \/>\n\t<meta name=\"twitter:data1\" content=\"M. N., STA\" \/>\n\t<meta name=\"twitter:label2\" content=\"Est. reading time\" \/>\n\t<meta name=\"twitter:data2\" content=\"2 minuti\" \/>\n<script type=\"application\/ld+json\" class=\"yoast-schema-graph\">{\"@context\":\"https:\/\/schema.org\",\"@graph\":[{\"@type\":\"Article\",\"@id\":\"https:\/\/hudo.com\/si\/aktualno\/potres-v-egejskem-morju-z-magnitudo-67-stopnje-zahteval-smrtni-zrtvi-na-kosu\/#article\",\"isPartOf\":{\"@id\":\"https:\/\/hudo.com\/si\/aktualno\/potres-v-egejskem-morju-z-magnitudo-67-stopnje-zahteval-smrtni-zrtvi-na-kosu\/\"},\"author\":{\"name\":\"M. N., STA\",\"@id\":\"https:\/\/hudo.com\/si\/#\/schema\/person\/c2f10ce65d2e6ede2aeda5be2a0611fa\"},\"headline\":\"Potres v Egejskem morju z magnitudo 6,7 stopnje zahteval smrtni \u017ertvi na Kosu\",\"datePublished\":\"2017-07-21T06:22:52+00:00\",\"dateModified\":\"2017-07-21T13:02:46+00:00\",\"mainEntityOfPage\":{\"@id\":\"https:\/\/hudo.com\/si\/aktualno\/potres-v-egejskem-morju-z-magnitudo-67-stopnje-zahteval-smrtni-zrtvi-na-kosu\/\"},\"wordCount\":405,\"publisher\":{\"@id\":\"https:\/\/hudo.com\/si\/#organization\"},\"keywords\":[\"gr\u010dija\",\"potres\",\"tur\u010dija\"],\"articleSection\":[\"Aktualno\"],\"inLanguage\":\"sl-SI\"},{\"@type\":\"WebPage\",\"@id\":\"https:\/\/hudo.com\/si\/aktualno\/potres-v-egejskem-morju-z-magnitudo-67-stopnje-zahteval-smrtni-zrtvi-na-kosu\/\",\"url\":\"https:\/\/hudo.com\/si\/aktualno\/potres-v-egejskem-morju-z-magnitudo-67-stopnje-zahteval-smrtni-zrtvi-na-kosu\/\",\"name\":\"Potres v Egejskem morju z magnitudo 6,7 stopnje zahteval smrtni \u017ertvi na Kosu - Hudo Slovenija\",\"isPartOf\":{\"@id\":\"https:\/\/hudo.com\/si\/#website\"},\"datePublished\":\"2017-07-21T06:22:52+00:00\",\"dateModified\":\"2017-07-21T13:02:46+00:00\",\"breadcrumb\":{\"@id\":\"https:\/\/hudo.com\/si\/aktualno\/potres-v-egejskem-morju-z-magnitudo-67-stopnje-zahteval-smrtni-zrtvi-na-kosu\/#breadcrumb\"},\"inLanguage\":\"sl-SI\",\"potentialAction\":[{\"@type\":\"ReadAction\",\"target\":[\"https:\/\/hudo.com\/si\/aktualno\/potres-v-egejskem-morju-z-magnitudo-67-stopnje-zahteval-smrtni-zrtvi-na-kosu\/\"]}]},{\"@type\":\"BreadcrumbList\",\"@id\":\"https:\/\/hudo.com\/si\/aktualno\/potres-v-egejskem-morju-z-magnitudo-67-stopnje-zahteval-smrtni-zrtvi-na-kosu\/#breadcrumb\",\"itemListElement\":[{\"@type\":\"ListItem\",\"position\":1,\"name\":\"Home\",\"item\":\"https:\/\/hudo.com\/si\/\"},{\"@type\":\"ListItem\",\"position\":2,\"name\":\"Potres v Egejskem morju z magnitudo 6,7 stopnje zahteval smrtni \u017ertvi na Kosu\"}]},{\"@type\":\"WebSite\",\"@id\":\"https:\/\/hudo.com\/si\/#website\",\"url\":\"https:\/\/hudo.com\/si\/\",\"name\":\"Hudo Slovenija\",\"description\":\"Vse novice iz Slovenije in sveta\",\"publisher\":{\"@id\":\"https:\/\/hudo.com\/si\/#organization\"},\"potentialAction\":[{\"@type\":\"SearchAction\",\"target\":{\"@type\":\"EntryPoint\",\"urlTemplate\":\"https:\/\/hudo.com\/si\/?s={search_term_string}\"},\"query-input\":\"required name=search_term_string\"}],\"inLanguage\":\"sl-SI\"},{\"@type\":\"Organization\",\"@id\":\"https:\/\/hudo.com\/si\/#organization\",\"name\":\"VSN Media\",\"url\":\"https:\/\/hudo.com\/si\/\",\"logo\":{\"@type\":\"ImageObject\",\"inLanguage\":\"sl-SI\",\"@id\":\"https:\/\/hudo.com\/si\/#\/schema\/logo\/image\/\",\"url\":\"https:\/\/hudo.com\/si\/wp-content\/uploads\/sites\/2\/2021\/03\/hudo-app-2.png\",\"contentUrl\":\"https:\/\/hudo.com\/si\/wp-content\/uploads\/sites\/2\/2021\/03\/hudo-app-2.png\",\"width\":2185,\"height\":2167,\"caption\":\"VSN Media\"},\"image\":{\"@id\":\"https:\/\/hudo.com\/si\/#\/schema\/logo\/image\/\"},\"sameAs\":[\"https:\/\/www.facebook.com\/hudo.si\",\"https:\/\/twitter.com\/hudo_si\"]},{\"@type\":\"Person\",\"@id\":\"https:\/\/hudo.com\/si\/#\/schema\/person\/c2f10ce65d2e6ede2aeda5be2a0611fa\",\"name\":\"M. N., STA\",\"image\":{\"@type\":\"ImageObject\",\"inLanguage\":\"sl-SI\",\"@id\":\"https:\/\/hudo.com\/si\/#\/schema\/person\/image\/\",\"url\":\"https:\/\/secure.gravatar.com\/avatar\/f370d38daa10467f755c5c766a4cac20?s=96&d=mm&r=g\",\"contentUrl\":\"https:\/\/secure.gravatar.com\/avatar\/f370d38daa10467f755c5c766a4cac20?s=96&d=mm&r=g\",\"caption\":\"M. N., STA\"},\"url\":\"https:\/\/hudo.com\/si\/author\/mana\/\"}]}<\/script>\n<!-- \/ Yoast SEO plugin. -->","yoast_head_json":{"title":"Potres v Egejskem morju z magnitudo 6,7 stopnje zahteval smrtni \u017ertvi na Kosu - Hudo Slovenija","robots":{"index":"index","follow":"follow","max-snippet":"max-snippet:-1","max-image-preview":"max-image-preview:large","max-video-preview":"max-video-preview:-1"},"canonical":"https:\/\/hudo.com\/si\/aktualno\/potres-v-egejskem-morju-z-magnitudo-67-stopnje-zahteval-smrtni-zrtvi-na-kosu\/","og_locale":"sl_SI","og_type":"article","og_title":"Potres v Egejskem morju z magnitudo 6,7 stopnje zahteval smrtni \u017ertvi na Kosu - Hudo Slovenija","og_description":"Potres z magnitudo 6,7, ki je minulo no\u010d stresel gr\u0161ko oto\u010dje Dodekanez in egejsko obalo Tur\u010dije, je na gr\u0161kem otoku Kos zahteval najmanj dve smrtni \u017ertvi, ve\u010d kot 100 oseb je po\u0161kodovanih. Oba mrtva sta turista. Eden je dr\u017eavljan Tur\u010dije, drugi je \u0161vedski dr\u017eavljan, so po poro\u010danju nem\u0161ke tiskovne agencije dpa sporo\u010dile lokalne oblasti.","og_url":"https:\/\/hudo.com\/si\/aktualno\/potres-v-egejskem-morju-z-magnitudo-67-stopnje-zahteval-smrtni-zrtvi-na-kosu\/","og_site_name":"Hudo Slovenija","article_publisher":"https:\/\/www.facebook.com\/hudo.si","article_published_time":"2017-07-21T06:22:52+00:00","article_modified_time":"2017-07-21T13:02:46+00:00","og_image":[{"width":1250,"height":786,"url":"https:\/\/hudo.com\/si\/wp-content\/uploads\/sites\/2\/2016\/11\/profimedia-0294275091.jpg","type":"image\/jpeg"}],"author":"M. N., STA","twitter_card":"summary_large_image","twitter_creator":"@hudo_si","twitter_site":"@hudo_si","twitter_misc":{"Written by":"M. N., STA","Est. reading time":"2 minuti"},"schema":{"@context":"https:\/\/schema.org","@graph":[{"@type":"Article","@id":"https:\/\/hudo.com\/si\/aktualno\/potres-v-egejskem-morju-z-magnitudo-67-stopnje-zahteval-smrtni-zrtvi-na-kosu\/#article","isPartOf":{"@id":"https:\/\/hudo.com\/si\/aktualno\/potres-v-egejskem-morju-z-magnitudo-67-stopnje-zahteval-smrtni-zrtvi-na-kosu\/"},"author":{"name":"M. N., STA","@id":"https:\/\/hudo.com\/si\/#\/schema\/person\/c2f10ce65d2e6ede2aeda5be2a0611fa"},"headline":"Potres v Egejskem morju z magnitudo 6,7 stopnje zahteval smrtni \u017ertvi na Kosu","datePublished":"2017-07-21T06:22:52+00:00","dateModified":"2017-07-21T13:02:46+00:00","mainEntityOfPage":{"@id":"https:\/\/hudo.com\/si\/aktualno\/potres-v-egejskem-morju-z-magnitudo-67-stopnje-zahteval-smrtni-zrtvi-na-kosu\/"},"wordCount":405,"publisher":{"@id":"https:\/\/hudo.com\/si\/#organization"},"keywords":["gr\u010dija","potres","tur\u010dija"],"articleSection":["Aktualno"],"inLanguage":"sl-SI"},{"@type":"WebPage","@id":"https:\/\/hudo.com\/si\/aktualno\/potres-v-egejskem-morju-z-magnitudo-67-stopnje-zahteval-smrtni-zrtvi-na-kosu\/","url":"https:\/\/hudo.com\/si\/aktualno\/potres-v-egejskem-morju-z-magnitudo-67-stopnje-zahteval-smrtni-zrtvi-na-kosu\/","name":"Potres v Egejskem morju z magnitudo 6,7 stopnje zahteval smrtni \u017ertvi na Kosu - Hudo Slovenija","isPartOf":{"@id":"https:\/\/hudo.com\/si\/#website"},"datePublished":"2017-07-21T06:22:52+00:00","dateModified":"2017-07-21T13:02:46+00:00","breadcrumb":{"@id":"https:\/\/hudo.com\/si\/aktualno\/potres-v-egejskem-morju-z-magnitudo-67-stopnje-zahteval-smrtni-zrtvi-na-kosu\/#breadcrumb"},"inLanguage":"sl-SI","potentialAction":[{"@type":"ReadAction","target":["https:\/\/hudo.com\/si\/aktualno\/potres-v-egejskem-morju-z-magnitudo-67-stopnje-zahteval-smrtni-zrtvi-na-kosu\/"]}]},{"@type":"BreadcrumbList","@id":"https:\/\/hudo.com\/si\/aktualno\/potres-v-egejskem-morju-z-magnitudo-67-stopnje-zahteval-smrtni-zrtvi-na-kosu\/#breadcrumb","itemListElement":[{"@type":"ListItem","position":1,"name":"Home","item":"https:\/\/hudo.com\/si\/"},{"@type":"ListItem","position":2,"name":"Potres v Egejskem morju z magnitudo 6,7 stopnje zahteval smrtni \u017ertvi na Kosu"}]},{"@type":"WebSite","@id":"https:\/\/hudo.com\/si\/#website","url":"https:\/\/hudo.com\/si\/","name":"Hudo Slovenija","description":"Vse novice iz Slovenije in sveta","publisher":{"@id":"https:\/\/hudo.com\/si\/#organization"},"potentialAction":[{"@type":"SearchAction","target":{"@type":"EntryPoint","urlTemplate":"https:\/\/hudo.com\/si\/?s={search_term_string}"},"query-input":"required name=search_term_string"}],"inLanguage":"sl-SI"},{"@type":"Organization","@id":"https:\/\/hudo.com\/si\/#organization","name":"VSN Media","url":"https:\/\/hudo.com\/si\/","logo":{"@type":"ImageObject","inLanguage":"sl-SI","@id":"https:\/\/hudo.com\/si\/#\/schema\/logo\/image\/","url":"https:\/\/hudo.com\/si\/wp-content\/uploads\/sites\/2\/2021\/03\/hudo-app-2.png","contentUrl":"https:\/\/hudo.com\/si\/wp-content\/uploads\/sites\/2\/2021\/03\/hudo-app-2.png","width":2185,"height":2167,"caption":"VSN Media"},"image":{"@id":"https:\/\/hudo.com\/si\/#\/schema\/logo\/image\/"},"sameAs":["https:\/\/www.facebook.com\/hudo.si","https:\/\/twitter.com\/hudo_si"]},{"@type":"Person","@id":"https:\/\/hudo.com\/si\/#\/schema\/person\/c2f10ce65d2e6ede2aeda5be2a0611fa","name":"M. N., STA","image":{"@type":"ImageObject","inLanguage":"sl-SI","@id":"https:\/\/hudo.com\/si\/#\/schema\/person\/image\/","url":"https:\/\/secure.gravatar.com\/avatar\/f370d38daa10467f755c5c766a4cac20?s=96&d=mm&r=g","contentUrl":"https:\/\/secure.gravatar.com\/avatar\/f370d38daa10467f755c5c766a4cac20?s=96&d=mm&r=g","caption":"M. N., STA"},"url":"https:\/\/hudo.com\/si\/author\/mana\/"}]}},"amp_enabled":true,"_links":{"self":[{"href":"https:\/\/hudo.com\/si\/wp-json\/wp\/v2\/posts\/279284"}],"collection":[{"href":"https:\/\/hudo.com\/si\/wp-json\/wp\/v2\/posts"}],"about":[{"href":"https:\/\/hudo.com\/si\/wp-json\/wp\/v2\/types\/post"}],"author":[{"embeddable":true,"href":"https:\/\/hudo.com\/si\/wp-json\/wp\/v2\/users\/8"}],"replies":[{"embeddable":true,"href":"https:\/\/hudo.com\/si\/wp-json\/wp\/v2\/comments?post=279284"}],"version-history":[{"count":4,"href":"https:\/\/hudo.com\/si\/wp-json\/wp\/v2\/posts\/279284\/revisions"}],"predecessor-version":[{"id":279490,"href":"https:\/\/hudo.com\/si\/wp-json\/wp\/v2\/posts\/279284\/revisions\/279490"}],"wp:featuredmedia":[{"embeddable":true,"href":"https:\/\/hudo.com\/si\/wp-json\/wp\/v2\/media\/171591"}],"wp:attachment":[{"href":"https:\/\/hudo.com\/si\/wp-json\/wp\/v2\/media?parent=279284"}],"wp:term":[{"taxonomy":"category","embeddable":true,"href":"https:\/\/hudo.com\/si\/wp-json\/wp\/v2\/categories?post=279284"},{"taxonomy":"post_tag","embeddable":true,"href":"https:\/\/hudo.com\/si\/wp-json\/wp\/v2\/tags?post=279284"},{"taxonomy":"source","embeddable":true,"href":"https:\/\/hudo.com\/si\/wp-json\/wp\/v2\/source?post=279284"},{"taxonomy":"supertag","embeddable":true,"href":"https:\/\/hudo.com\/si\/wp-json\/wp\/v2\/supertag?post=279284"}],"curies":[{"name":"wp","href":"https:\/\/api.w.org\/{rel}","templated":true}]}}