{"id":279545,"date":"2017-07-21T17:04:38","date_gmt":"2017-07-21T15:04:38","guid":{"rendered":"http:\/\/hudo.com\/si\/?p=279545"},"modified":"2017-07-21T17:04:38","modified_gmt":"2017-07-21T15:04:38","slug":"nemskega-skakalnega-asa-freunda-zaradi-poskodbe-ne-bo-na-olimpijadi","status":"publish","type":"post","link":"https:\/\/hudo.com\/si\/aktualno\/nemskega-skakalnega-asa-freunda-zaradi-poskodbe-ne-bo-na-olimpijadi\/","title":{"rendered":"Nem\u0161kega skakalnega asa Freunda zaradi po\u0161kodbe ne bo na olimpijadi"},"content":{"rendered":"<p>&#8220;En zelo velik zastoj na \u0161portni poti sem \u017ee imel, zato je to zame tokrat \u0161e te\u017eje,&#8221; je dejal 29-letni Freund, nem\u0161ki trener Werner Schuster pa je ocenil: &#8220;Ta po\u0161kodba je tako za Severina osebno kot tudi za celotno reprezentanco zelo te\u017eka. Pred nami je v olimpijski zimi velik izziv, kako bi nadomestili njegov izostanek.&#8221;<\/p>\n<p>Freund je 24. januarja letos zaradi po\u0161kodbe kolenskih vezi in meniskusa pred\u010dasno kon\u010dal minulo sezono, svetovni prvak na veliki skakalnici iz Faluna 2015 po\u0161kodoval pa se je tudi tedaj po\u0161kodoval na treningu v Oberstdorfu in tako ni mogel braniti naslova na SP v Lahtiju.<\/p>\n","protected":false},"excerpt":{"rendered":"<p>Nem\u0161ki zvezdnik smu\u010darskih skokov Severin Freund zaradi po\u0161kodbe ne bo nastopal v naslednji olimpijski zimi, so sporo\u010dili iz nem\u0161ke zveze. Skupnega zmagovalca svetovnega pokala iz leta 2015 so danes operirali v M\u00fcnchnu, ker si je v \u010detrtek na treningu v Oberstdorfu raztrgal kri\u017ene vezi desnega kolena, drugih v zadnjih sedmih mesecih.<\/p>\n","protected":false},"author":8,"featured_media":178713,"comment_status":"closed","ping_status":"closed","sticky":false,"template":"","format":"standard","meta":{"footnotes":""},"categories":[1179],"tags":[3748,4940,2209,3754],"source":[4511],"supertag":[6103],"acf":[],"yoast_head":"<!-- This site is optimized with the Yoast SEO plugin v21.3 - https:\/\/yoast.com\/wordpress\/plugins\/seo\/ -->\n<title>Nem\u0161kega skakalnega asa Freunda zaradi po\u0161kodbe ne bo na olimpijadi - Hudo Slovenija<\/title>\n<meta name=\"robots\" content=\"index, follow, max-snippet:-1, max-image-preview:large, max-video-preview:-1\" \/>\n<link rel=\"canonical\" href=\"https:\/\/hudo.com\/si\/aktualno\/nemskega-skakalnega-asa-freunda-zaradi-poskodbe-ne-bo-na-olimpijadi\/\" \/>\n<meta property=\"og:locale\" content=\"sl_SI\" \/>\n<meta property=\"og:type\" content=\"article\" \/>\n<meta property=\"og:title\" content=\"Nem\u0161kega skakalnega asa Freunda zaradi po\u0161kodbe ne bo na olimpijadi - Hudo Slovenija\" \/>\n<meta property=\"og:description\" content=\"Nem\u0161ki zvezdnik smu\u010darskih skokov Severin Freund zaradi po\u0161kodbe ne bo nastopal v naslednji olimpijski zimi, so sporo\u010dili iz nem\u0161ke zveze. Skupnega zmagovalca svetovnega pokala iz leta 2015 so danes operirali v M\u00fcnchnu, ker si je v \u010detrtek na treningu v Oberstdorfu raztrgal kri\u017ene vezi desnega kolena, drugih v zadnjih sedmih mesecih.\" \/>\n<meta property=\"og:url\" content=\"https:\/\/hudo.com\/si\/aktualno\/nemskega-skakalnega-asa-freunda-zaradi-poskodbe-ne-bo-na-olimpijadi\/\" \/>\n<meta property=\"og:site_name\" content=\"Hudo Slovenija\" \/>\n<meta property=\"article:publisher\" content=\"https:\/\/www.facebook.com\/hudo.si\" \/>\n<meta property=\"article:published_time\" content=\"2017-07-21T15:04:38+00:00\" \/>\n<meta property=\"og:image\" content=\"https:\/\/hudo.com\/si\/wp-content\/uploads\/sites\/2\/2016\/11\/profimedia-0278940818.jpg\" \/>\n\t<meta property=\"og:image:width\" content=\"1250\" \/>\n\t<meta property=\"og:image:height\" content=\"833\" \/>\n\t<meta property=\"og:image:type\" content=\"image\/jpeg\" \/>\n<meta name=\"author\" content=\"M. N., STA\" \/>\n<meta name=\"twitter:card\" content=\"summary_large_image\" \/>\n<meta name=\"twitter:creator\" content=\"@hudo_si\" \/>\n<meta name=\"twitter:site\" content=\"@hudo_si\" \/>\n<meta name=\"twitter:label1\" content=\"Written by\" \/>\n\t<meta name=\"twitter:data1\" content=\"M. N., STA\" \/>\n\t<meta name=\"twitter:label2\" content=\"Est. reading time\" \/>\n\t<meta name=\"twitter:data2\" content=\"1 minuta\" \/>\n<script type=\"application\/ld+json\" class=\"yoast-schema-graph\">{\"@context\":\"https:\/\/schema.org\",\"@graph\":[{\"@type\":\"Article\",\"@id\":\"https:\/\/hudo.com\/si\/aktualno\/nemskega-skakalnega-asa-freunda-zaradi-poskodbe-ne-bo-na-olimpijadi\/#article\",\"isPartOf\":{\"@id\":\"https:\/\/hudo.com\/si\/aktualno\/nemskega-skakalnega-asa-freunda-zaradi-poskodbe-ne-bo-na-olimpijadi\/\"},\"author\":{\"name\":\"M. N., STA\",\"@id\":\"https:\/\/hudo.com\/si\/#\/schema\/person\/c2f10ce65d2e6ede2aeda5be2a0611fa\"},\"headline\":\"Nem\u0161kega skakalnega asa Freunda zaradi po\u0161kodbe ne bo na olimpijadi\",\"datePublished\":\"2017-07-21T15:04:38+00:00\",\"dateModified\":\"2017-07-21T15:04:38+00:00\",\"mainEntityOfPage\":{\"@id\":\"https:\/\/hudo.com\/si\/aktualno\/nemskega-skakalnega-asa-freunda-zaradi-poskodbe-ne-bo-na-olimpijadi\/\"},\"wordCount\":118,\"publisher\":{\"@id\":\"https:\/\/hudo.com\/si\/#organization\"},\"keywords\":[\"olimpijske igre\",\"Severin Freund\",\"smu\u010darski skoki\",\"\u0161port\"],\"articleSection\":[\"Aktualno\"],\"inLanguage\":\"sl-SI\"},{\"@type\":\"WebPage\",\"@id\":\"https:\/\/hudo.com\/si\/aktualno\/nemskega-skakalnega-asa-freunda-zaradi-poskodbe-ne-bo-na-olimpijadi\/\",\"url\":\"https:\/\/hudo.com\/si\/aktualno\/nemskega-skakalnega-asa-freunda-zaradi-poskodbe-ne-bo-na-olimpijadi\/\",\"name\":\"Nem\u0161kega skakalnega asa Freunda zaradi po\u0161kodbe ne bo na olimpijadi - Hudo Slovenija\",\"isPartOf\":{\"@id\":\"https:\/\/hudo.com\/si\/#website\"},\"datePublished\":\"2017-07-21T15:04:38+00:00\",\"dateModified\":\"2017-07-21T15:04:38+00:00\",\"breadcrumb\":{\"@id\":\"https:\/\/hudo.com\/si\/aktualno\/nemskega-skakalnega-asa-freunda-zaradi-poskodbe-ne-bo-na-olimpijadi\/#breadcrumb\"},\"inLanguage\":\"sl-SI\",\"potentialAction\":[{\"@type\":\"ReadAction\",\"target\":[\"https:\/\/hudo.com\/si\/aktualno\/nemskega-skakalnega-asa-freunda-zaradi-poskodbe-ne-bo-na-olimpijadi\/\"]}]},{\"@type\":\"BreadcrumbList\",\"@id\":\"https:\/\/hudo.com\/si\/aktualno\/nemskega-skakalnega-asa-freunda-zaradi-poskodbe-ne-bo-na-olimpijadi\/#breadcrumb\",\"itemListElement\":[{\"@type\":\"ListItem\",\"position\":1,\"name\":\"Home\",\"item\":\"https:\/\/hudo.com\/si\/\"},{\"@type\":\"ListItem\",\"position\":2,\"name\":\"Nem\u0161kega skakalnega asa Freunda zaradi po\u0161kodbe ne bo na olimpijadi\"}]},{\"@type\":\"WebSite\",\"@id\":\"https:\/\/hudo.com\/si\/#website\",\"url\":\"https:\/\/hudo.com\/si\/\",\"name\":\"Hudo Slovenija\",\"description\":\"Vse novice iz Slovenije in sveta\",\"publisher\":{\"@id\":\"https:\/\/hudo.com\/si\/#organization\"},\"potentialAction\":[{\"@type\":\"SearchAction\",\"target\":{\"@type\":\"EntryPoint\",\"urlTemplate\":\"https:\/\/hudo.com\/si\/?s={search_term_string}\"},\"query-input\":\"required name=search_term_string\"}],\"inLanguage\":\"sl-SI\"},{\"@type\":\"Organization\",\"@id\":\"https:\/\/hudo.com\/si\/#organization\",\"name\":\"VSN Media\",\"url\":\"https:\/\/hudo.com\/si\/\",\"logo\":{\"@type\":\"ImageObject\",\"inLanguage\":\"sl-SI\",\"@id\":\"https:\/\/hudo.com\/si\/#\/schema\/logo\/image\/\",\"url\":\"https:\/\/hudo.com\/si\/wp-content\/uploads\/sites\/2\/2021\/03\/hudo-app-2.png\",\"contentUrl\":\"https:\/\/hudo.com\/si\/wp-content\/uploads\/sites\/2\/2021\/03\/hudo-app-2.png\",\"width\":2185,\"height\":2167,\"caption\":\"VSN Media\"},\"image\":{\"@id\":\"https:\/\/hudo.com\/si\/#\/schema\/logo\/image\/\"},\"sameAs\":[\"https:\/\/www.facebook.com\/hudo.si\",\"https:\/\/twitter.com\/hudo_si\"]},{\"@type\":\"Person\",\"@id\":\"https:\/\/hudo.com\/si\/#\/schema\/person\/c2f10ce65d2e6ede2aeda5be2a0611fa\",\"name\":\"M. N., STA\",\"image\":{\"@type\":\"ImageObject\",\"inLanguage\":\"sl-SI\",\"@id\":\"https:\/\/hudo.com\/si\/#\/schema\/person\/image\/\",\"url\":\"https:\/\/secure.gravatar.com\/avatar\/f370d38daa10467f755c5c766a4cac20?s=96&d=mm&r=g\",\"contentUrl\":\"https:\/\/secure.gravatar.com\/avatar\/f370d38daa10467f755c5c766a4cac20?s=96&d=mm&r=g\",\"caption\":\"M. N., STA\"},\"url\":\"https:\/\/hudo.com\/si\/author\/mana\/\"}]}<\/script>\n<!-- \/ Yoast SEO plugin. -->","yoast_head_json":{"title":"Nem\u0161kega skakalnega asa Freunda zaradi po\u0161kodbe ne bo na olimpijadi - Hudo Slovenija","robots":{"index":"index","follow":"follow","max-snippet":"max-snippet:-1","max-image-preview":"max-image-preview:large","max-video-preview":"max-video-preview:-1"},"canonical":"https:\/\/hudo.com\/si\/aktualno\/nemskega-skakalnega-asa-freunda-zaradi-poskodbe-ne-bo-na-olimpijadi\/","og_locale":"sl_SI","og_type":"article","og_title":"Nem\u0161kega skakalnega asa Freunda zaradi po\u0161kodbe ne bo na olimpijadi - Hudo Slovenija","og_description":"Nem\u0161ki zvezdnik smu\u010darskih skokov Severin Freund zaradi po\u0161kodbe ne bo nastopal v naslednji olimpijski zimi, so sporo\u010dili iz nem\u0161ke zveze. Skupnega zmagovalca svetovnega pokala iz leta 2015 so danes operirali v M\u00fcnchnu, ker si je v \u010detrtek na treningu v Oberstdorfu raztrgal kri\u017ene vezi desnega kolena, drugih v zadnjih sedmih mesecih.","og_url":"https:\/\/hudo.com\/si\/aktualno\/nemskega-skakalnega-asa-freunda-zaradi-poskodbe-ne-bo-na-olimpijadi\/","og_site_name":"Hudo Slovenija","article_publisher":"https:\/\/www.facebook.com\/hudo.si","article_published_time":"2017-07-21T15:04:38+00:00","og_image":[{"width":1250,"height":833,"url":"https:\/\/hudo.com\/si\/wp-content\/uploads\/sites\/2\/2016\/11\/profimedia-0278940818.jpg","type":"image\/jpeg"}],"author":"M. N., STA","twitter_card":"summary_large_image","twitter_creator":"@hudo_si","twitter_site":"@hudo_si","twitter_misc":{"Written by":"M. N., STA","Est. reading time":"1 minuta"},"schema":{"@context":"https:\/\/schema.org","@graph":[{"@type":"Article","@id":"https:\/\/hudo.com\/si\/aktualno\/nemskega-skakalnega-asa-freunda-zaradi-poskodbe-ne-bo-na-olimpijadi\/#article","isPartOf":{"@id":"https:\/\/hudo.com\/si\/aktualno\/nemskega-skakalnega-asa-freunda-zaradi-poskodbe-ne-bo-na-olimpijadi\/"},"author":{"name":"M. N., STA","@id":"https:\/\/hudo.com\/si\/#\/schema\/person\/c2f10ce65d2e6ede2aeda5be2a0611fa"},"headline":"Nem\u0161kega skakalnega asa Freunda zaradi po\u0161kodbe ne bo na olimpijadi","datePublished":"2017-07-21T15:04:38+00:00","dateModified":"2017-07-21T15:04:38+00:00","mainEntityOfPage":{"@id":"https:\/\/hudo.com\/si\/aktualno\/nemskega-skakalnega-asa-freunda-zaradi-poskodbe-ne-bo-na-olimpijadi\/"},"wordCount":118,"publisher":{"@id":"https:\/\/hudo.com\/si\/#organization"},"keywords":["olimpijske igre","Severin Freund","smu\u010darski skoki","\u0161port"],"articleSection":["Aktualno"],"inLanguage":"sl-SI"},{"@type":"WebPage","@id":"https:\/\/hudo.com\/si\/aktualno\/nemskega-skakalnega-asa-freunda-zaradi-poskodbe-ne-bo-na-olimpijadi\/","url":"https:\/\/hudo.com\/si\/aktualno\/nemskega-skakalnega-asa-freunda-zaradi-poskodbe-ne-bo-na-olimpijadi\/","name":"Nem\u0161kega skakalnega asa Freunda zaradi po\u0161kodbe ne bo na olimpijadi - Hudo Slovenija","isPartOf":{"@id":"https:\/\/hudo.com\/si\/#website"},"datePublished":"2017-07-21T15:04:38+00:00","dateModified":"2017-07-21T15:04:38+00:00","breadcrumb":{"@id":"https:\/\/hudo.com\/si\/aktualno\/nemskega-skakalnega-asa-freunda-zaradi-poskodbe-ne-bo-na-olimpijadi\/#breadcrumb"},"inLanguage":"sl-SI","potentialAction":[{"@type":"ReadAction","target":["https:\/\/hudo.com\/si\/aktualno\/nemskega-skakalnega-asa-freunda-zaradi-poskodbe-ne-bo-na-olimpijadi\/"]}]},{"@type":"BreadcrumbList","@id":"https:\/\/hudo.com\/si\/aktualno\/nemskega-skakalnega-asa-freunda-zaradi-poskodbe-ne-bo-na-olimpijadi\/#breadcrumb","itemListElement":[{"@type":"ListItem","position":1,"name":"Home","item":"https:\/\/hudo.com\/si\/"},{"@type":"ListItem","position":2,"name":"Nem\u0161kega skakalnega asa Freunda zaradi po\u0161kodbe ne bo na olimpijadi"}]},{"@type":"WebSite","@id":"https:\/\/hudo.com\/si\/#website","url":"https:\/\/hudo.com\/si\/","name":"Hudo Slovenija","description":"Vse novice iz Slovenije in sveta","publisher":{"@id":"https:\/\/hudo.com\/si\/#organization"},"potentialAction":[{"@type":"SearchAction","target":{"@type":"EntryPoint","urlTemplate":"https:\/\/hudo.com\/si\/?s={search_term_string}"},"query-input":"required name=search_term_string"}],"inLanguage":"sl-SI"},{"@type":"Organization","@id":"https:\/\/hudo.com\/si\/#organization","name":"VSN Media","url":"https:\/\/hudo.com\/si\/","logo":{"@type":"ImageObject","inLanguage":"sl-SI","@id":"https:\/\/hudo.com\/si\/#\/schema\/logo\/image\/","url":"https:\/\/hudo.com\/si\/wp-content\/uploads\/sites\/2\/2021\/03\/hudo-app-2.png","contentUrl":"https:\/\/hudo.com\/si\/wp-content\/uploads\/sites\/2\/2021\/03\/hudo-app-2.png","width":2185,"height":2167,"caption":"VSN Media"},"image":{"@id":"https:\/\/hudo.com\/si\/#\/schema\/logo\/image\/"},"sameAs":["https:\/\/www.facebook.com\/hudo.si","https:\/\/twitter.com\/hudo_si"]},{"@type":"Person","@id":"https:\/\/hudo.com\/si\/#\/schema\/person\/c2f10ce65d2e6ede2aeda5be2a0611fa","name":"M. N., STA","image":{"@type":"ImageObject","inLanguage":"sl-SI","@id":"https:\/\/hudo.com\/si\/#\/schema\/person\/image\/","url":"https:\/\/secure.gravatar.com\/avatar\/f370d38daa10467f755c5c766a4cac20?s=96&d=mm&r=g","contentUrl":"https:\/\/secure.gravatar.com\/avatar\/f370d38daa10467f755c5c766a4cac20?s=96&d=mm&r=g","caption":"M. N., STA"},"url":"https:\/\/hudo.com\/si\/author\/mana\/"}]}},"amp_enabled":true,"_links":{"self":[{"href":"https:\/\/hudo.com\/si\/wp-json\/wp\/v2\/posts\/279545"}],"collection":[{"href":"https:\/\/hudo.com\/si\/wp-json\/wp\/v2\/posts"}],"about":[{"href":"https:\/\/hudo.com\/si\/wp-json\/wp\/v2\/types\/post"}],"author":[{"embeddable":true,"href":"https:\/\/hudo.com\/si\/wp-json\/wp\/v2\/users\/8"}],"replies":[{"embeddable":true,"href":"https:\/\/hudo.com\/si\/wp-json\/wp\/v2\/comments?post=279545"}],"version-history":[{"count":1,"href":"https:\/\/hudo.com\/si\/wp-json\/wp\/v2\/posts\/279545\/revisions"}],"predecessor-version":[{"id":279546,"href":"https:\/\/hudo.com\/si\/wp-json\/wp\/v2\/posts\/279545\/revisions\/279546"}],"wp:featuredmedia":[{"embeddable":true,"href":"https:\/\/hudo.com\/si\/wp-json\/wp\/v2\/media\/178713"}],"wp:attachment":[{"href":"https:\/\/hudo.com\/si\/wp-json\/wp\/v2\/media?parent=279545"}],"wp:term":[{"taxonomy":"category","embeddable":true,"href":"https:\/\/hudo.com\/si\/wp-json\/wp\/v2\/categories?post=279545"},{"taxonomy":"post_tag","embeddable":true,"href":"https:\/\/hudo.com\/si\/wp-json\/wp\/v2\/tags?post=279545"},{"taxonomy":"source","embeddable":true,"href":"https:\/\/hudo.com\/si\/wp-json\/wp\/v2\/source?post=279545"},{"taxonomy":"supertag","embeddable":true,"href":"https:\/\/hudo.com\/si\/wp-json\/wp\/v2\/supertag?post=279545"}],"curies":[{"name":"wp","href":"https:\/\/api.w.org\/{rel}","templated":true}]}}