{"id":280045,"date":"2017-07-24T08:08:59","date_gmt":"2017-07-24T06:08:59","guid":{"rendered":"http:\/\/hudo.com\/si\/?p=280045"},"modified":"2017-07-24T08:08:59","modified_gmt":"2017-07-24T06:08:59","slug":"v-streljanju-na-izraelskem-veleposlanistvu-v-jordaniji-dva-mrtva","status":"publish","type":"post","link":"https:\/\/hudo.com\/si\/aktualno\/v-streljanju-na-izraelskem-veleposlanistvu-v-jordaniji-dva-mrtva\/","title":{"rendered":"V streljanju na izraelskem veleposlani\u0161tvu v Jordaniji dva mrtva"},"content":{"rendered":"<p>Jordanski delavec mizarskega podjetja je na obmo\u010dje veleposlani\u0161tva pri\u0161el v nedeljo zve\u010der, da bi v stanovanju izraelskega varnostnika v zgradbi ob veleposlani\u0161tvu, namestil pohi\u0161tvo. Nenadoma je varnostnika od zadaj napadel z izvija\u010dem, varnostnik pa je odgovoril s streljanjem. Pri tem je bil po nesre\u010di ranjen Jordanec, ki \u017eivi v bli\u017eini. Ta je kasneje podlegel po\u0161kodbam.<\/p>\n<p>Varnostnik je bil v incidentu la\u017eje ranjen.<\/p>\n<p>Jordanske varnostne sile so po incidentu zavarovale obmo\u010dje okrog veleposlani\u0161tva.<\/p>\n<p>Med Izraelom in Jordanijo je v zadnjih dneh pri\u0161lo do napetosti, potem ko je Izrael na Tempeljskem gri\u010du, ki mu muslimani pravijo Haram al \u0160arif, po nedavnem krvavem napadu namestil detektorje kovin in nadzorne kamere. Muslimanskih mo\u0161kih mlaj\u0161ih od 50 let pa na gri\u010d niso spu\u0161\u010dali.<\/p>\n<p>V tem napadu so trije izraelski Arabci v starem delu Jeruzalema s strelnim oro\u017ejem napadli izraelske policiste, nato pa pobegnili na bli\u017enji Tempeljski gri\u010d, kjer so jih ubili pripadniki izraelskih varnostnih sil. V napadu sta bila ubita dva policista, ki sta ranam podlegla v bolni\u0161nici. To je bil eden najhuj\u0161ih incidentov v Jeruzalemu v zadnjih letih.<\/p>\n<p>Jordanija je uradni skrbnik muslimanskih svetih lokacij v Jeruzalemu, poostreni varnostni ukrepi na omenjenem ob\u010dutljivem obmo\u010dju, ki je svet tako za muslimane kot Jude, pa so spodbudili tudi petkov protest ve\u010d tiso\u010d Jordancev v Amanu.<\/p>\n<p>Arabska liga je sicer v nedeljo obto\u017eila Izrael, da se z novimi varnostnimi ukrepi na Tempeljskem gri\u010du &#8220;igra z ognjem&#8221;. &#8220;Jeruzalem je skrajna meja,&#8221; je sporo\u010dil vodja Arabske lige Ahmed Abul Gejt in dodal, da &#8220;noben Arabec ali musliman ne bo sprejel kr\u0161itev&#8221; na tem ob\u010dutljivem obmo\u010dju.<\/p>\n<p>Zaradi stopnjevanja napetosti v regiji so ZDA na Bli\u017enji vzhod napotile posebnega odposlanca Jasona Greenbatta, ki je \u017ee na poti v Izrael. &#8220;Pogovarjamo se z vsemi vpletenimi stranmi in se \u010dutimo zavezane, da najdemo re\u0161itev za ta varnostni problem,&#8221; je za ameri\u0161ko televizijo CNN povedal predstavnik ameri\u0161ke administracije.<\/p>\n<p>\u0160vedska, Francija in Egipt pa so zaradi novih napetosti na Bli\u017enjem vzhodu zahtevale izredno zasedanje Varnostnega sveta ZN.<\/p>\n","protected":false},"excerpt":{"rendered":"<p>V nedeljskem streljanju na obmo\u010dju izraelskega veleposlani\u0161tva v jordanski prestolnici Aman sta bila po najnovej\u0161ih podatkih ubita dva Jordanca, en Izraelec pa je bil ranjen. Kot je danes sporo\u010dilo izraelsko zunanje ministrstvo, je streljal izraelski varnostnik, potem ko ga je napadel jordanski delavec, poro\u010da francoska tiskovna agencija AFP.<\/p>\n","protected":false},"author":8,"featured_media":280046,"comment_status":"closed","ping_status":"closed","sticky":false,"template":"","format":"standard","meta":{"footnotes":""},"categories":[1179],"tags":[3493,7134],"source":[4511],"supertag":[6103],"acf":[],"yoast_head":"<!-- This site is optimized with the Yoast SEO plugin v21.3 - https:\/\/yoast.com\/wordpress\/plugins\/seo\/ -->\n<title>V streljanju na izraelskem veleposlani\u0161tvu v Jordaniji dva mrtva - Hudo Slovenija<\/title>\n<meta name=\"robots\" content=\"index, follow, max-snippet:-1, max-image-preview:large, max-video-preview:-1\" \/>\n<link rel=\"canonical\" href=\"https:\/\/hudo.com\/si\/aktualno\/v-streljanju-na-izraelskem-veleposlanistvu-v-jordaniji-dva-mrtva\/\" \/>\n<meta property=\"og:locale\" content=\"sl_SI\" \/>\n<meta property=\"og:type\" content=\"article\" \/>\n<meta property=\"og:title\" content=\"V streljanju na izraelskem veleposlani\u0161tvu v Jordaniji dva mrtva - Hudo Slovenija\" \/>\n<meta property=\"og:description\" content=\"V nedeljskem streljanju na obmo\u010dju izraelskega veleposlani\u0161tva v jordanski prestolnici Aman sta bila po najnovej\u0161ih podatkih ubita dva Jordanca, en Izraelec pa je bil ranjen. Kot je danes sporo\u010dilo izraelsko zunanje ministrstvo, je streljal izraelski varnostnik, potem ko ga je napadel jordanski delavec, poro\u010da francoska tiskovna agencija AFP.\" \/>\n<meta property=\"og:url\" content=\"https:\/\/hudo.com\/si\/aktualno\/v-streljanju-na-izraelskem-veleposlanistvu-v-jordaniji-dva-mrtva\/\" \/>\n<meta property=\"og:site_name\" content=\"Hudo Slovenija\" \/>\n<meta property=\"article:publisher\" content=\"https:\/\/www.facebook.com\/hudo.si\" \/>\n<meta property=\"article:published_time\" content=\"2017-07-24T06:08:59+00:00\" \/>\n<meta property=\"og:image\" content=\"https:\/\/hudo.com\/si\/wp-content\/uploads\/sites\/2\/2017\/07\/profimedia-0342801527.jpg\" \/>\n\t<meta property=\"og:image:width\" content=\"1250\" \/>\n\t<meta property=\"og:image:height\" content=\"989\" \/>\n\t<meta property=\"og:image:type\" content=\"image\/jpeg\" \/>\n<meta name=\"author\" content=\"M. N., STA\" \/>\n<meta name=\"twitter:card\" content=\"summary_large_image\" \/>\n<meta name=\"twitter:creator\" content=\"@hudo_si\" \/>\n<meta name=\"twitter:site\" content=\"@hudo_si\" \/>\n<meta name=\"twitter:label1\" content=\"Written by\" \/>\n\t<meta name=\"twitter:data1\" content=\"M. N., STA\" \/>\n\t<meta name=\"twitter:label2\" content=\"Est. reading time\" \/>\n\t<meta name=\"twitter:data2\" content=\"2 minuti\" \/>\n<script type=\"application\/ld+json\" class=\"yoast-schema-graph\">{\"@context\":\"https:\/\/schema.org\",\"@graph\":[{\"@type\":\"Article\",\"@id\":\"https:\/\/hudo.com\/si\/aktualno\/v-streljanju-na-izraelskem-veleposlanistvu-v-jordaniji-dva-mrtva\/#article\",\"isPartOf\":{\"@id\":\"https:\/\/hudo.com\/si\/aktualno\/v-streljanju-na-izraelskem-veleposlanistvu-v-jordaniji-dva-mrtva\/\"},\"author\":{\"name\":\"M. N., STA\",\"@id\":\"https:\/\/hudo.com\/si\/#\/schema\/person\/c2f10ce65d2e6ede2aeda5be2a0611fa\"},\"headline\":\"V streljanju na izraelskem veleposlani\u0161tvu v Jordaniji dva mrtva\",\"datePublished\":\"2017-07-24T06:08:59+00:00\",\"dateModified\":\"2017-07-24T06:08:59+00:00\",\"mainEntityOfPage\":{\"@id\":\"https:\/\/hudo.com\/si\/aktualno\/v-streljanju-na-izraelskem-veleposlanistvu-v-jordaniji-dva-mrtva\/\"},\"wordCount\":366,\"publisher\":{\"@id\":\"https:\/\/hudo.com\/si\/#organization\"},\"keywords\":[\"Izrael\",\"Jordanija\"],\"articleSection\":[\"Aktualno\"],\"inLanguage\":\"sl-SI\"},{\"@type\":\"WebPage\",\"@id\":\"https:\/\/hudo.com\/si\/aktualno\/v-streljanju-na-izraelskem-veleposlanistvu-v-jordaniji-dva-mrtva\/\",\"url\":\"https:\/\/hudo.com\/si\/aktualno\/v-streljanju-na-izraelskem-veleposlanistvu-v-jordaniji-dva-mrtva\/\",\"name\":\"V streljanju na izraelskem veleposlani\u0161tvu v Jordaniji dva mrtva - Hudo Slovenija\",\"isPartOf\":{\"@id\":\"https:\/\/hudo.com\/si\/#website\"},\"datePublished\":\"2017-07-24T06:08:59+00:00\",\"dateModified\":\"2017-07-24T06:08:59+00:00\",\"breadcrumb\":{\"@id\":\"https:\/\/hudo.com\/si\/aktualno\/v-streljanju-na-izraelskem-veleposlanistvu-v-jordaniji-dva-mrtva\/#breadcrumb\"},\"inLanguage\":\"sl-SI\",\"potentialAction\":[{\"@type\":\"ReadAction\",\"target\":[\"https:\/\/hudo.com\/si\/aktualno\/v-streljanju-na-izraelskem-veleposlanistvu-v-jordaniji-dva-mrtva\/\"]}]},{\"@type\":\"BreadcrumbList\",\"@id\":\"https:\/\/hudo.com\/si\/aktualno\/v-streljanju-na-izraelskem-veleposlanistvu-v-jordaniji-dva-mrtva\/#breadcrumb\",\"itemListElement\":[{\"@type\":\"ListItem\",\"position\":1,\"name\":\"Home\",\"item\":\"https:\/\/hudo.com\/si\/\"},{\"@type\":\"ListItem\",\"position\":2,\"name\":\"V streljanju na izraelskem veleposlani\u0161tvu v Jordaniji dva mrtva\"}]},{\"@type\":\"WebSite\",\"@id\":\"https:\/\/hudo.com\/si\/#website\",\"url\":\"https:\/\/hudo.com\/si\/\",\"name\":\"Hudo Slovenija\",\"description\":\"Vse novice iz Slovenije in sveta\",\"publisher\":{\"@id\":\"https:\/\/hudo.com\/si\/#organization\"},\"potentialAction\":[{\"@type\":\"SearchAction\",\"target\":{\"@type\":\"EntryPoint\",\"urlTemplate\":\"https:\/\/hudo.com\/si\/?s={search_term_string}\"},\"query-input\":\"required name=search_term_string\"}],\"inLanguage\":\"sl-SI\"},{\"@type\":\"Organization\",\"@id\":\"https:\/\/hudo.com\/si\/#organization\",\"name\":\"VSN Media\",\"url\":\"https:\/\/hudo.com\/si\/\",\"logo\":{\"@type\":\"ImageObject\",\"inLanguage\":\"sl-SI\",\"@id\":\"https:\/\/hudo.com\/si\/#\/schema\/logo\/image\/\",\"url\":\"https:\/\/hudo.com\/si\/wp-content\/uploads\/sites\/2\/2021\/03\/hudo-app-2.png\",\"contentUrl\":\"https:\/\/hudo.com\/si\/wp-content\/uploads\/sites\/2\/2021\/03\/hudo-app-2.png\",\"width\":2185,\"height\":2167,\"caption\":\"VSN Media\"},\"image\":{\"@id\":\"https:\/\/hudo.com\/si\/#\/schema\/logo\/image\/\"},\"sameAs\":[\"https:\/\/www.facebook.com\/hudo.si\",\"https:\/\/twitter.com\/hudo_si\"]},{\"@type\":\"Person\",\"@id\":\"https:\/\/hudo.com\/si\/#\/schema\/person\/c2f10ce65d2e6ede2aeda5be2a0611fa\",\"name\":\"M. N., STA\",\"image\":{\"@type\":\"ImageObject\",\"inLanguage\":\"sl-SI\",\"@id\":\"https:\/\/hudo.com\/si\/#\/schema\/person\/image\/\",\"url\":\"https:\/\/secure.gravatar.com\/avatar\/f370d38daa10467f755c5c766a4cac20?s=96&d=mm&r=g\",\"contentUrl\":\"https:\/\/secure.gravatar.com\/avatar\/f370d38daa10467f755c5c766a4cac20?s=96&d=mm&r=g\",\"caption\":\"M. N., STA\"},\"url\":\"https:\/\/hudo.com\/si\/author\/mana\/\"}]}<\/script>\n<!-- \/ Yoast SEO plugin. -->","yoast_head_json":{"title":"V streljanju na izraelskem veleposlani\u0161tvu v Jordaniji dva mrtva - Hudo Slovenija","robots":{"index":"index","follow":"follow","max-snippet":"max-snippet:-1","max-image-preview":"max-image-preview:large","max-video-preview":"max-video-preview:-1"},"canonical":"https:\/\/hudo.com\/si\/aktualno\/v-streljanju-na-izraelskem-veleposlanistvu-v-jordaniji-dva-mrtva\/","og_locale":"sl_SI","og_type":"article","og_title":"V streljanju na izraelskem veleposlani\u0161tvu v Jordaniji dva mrtva - Hudo Slovenija","og_description":"V nedeljskem streljanju na obmo\u010dju izraelskega veleposlani\u0161tva v jordanski prestolnici Aman sta bila po najnovej\u0161ih podatkih ubita dva Jordanca, en Izraelec pa je bil ranjen. Kot je danes sporo\u010dilo izraelsko zunanje ministrstvo, je streljal izraelski varnostnik, potem ko ga je napadel jordanski delavec, poro\u010da francoska tiskovna agencija AFP.","og_url":"https:\/\/hudo.com\/si\/aktualno\/v-streljanju-na-izraelskem-veleposlanistvu-v-jordaniji-dva-mrtva\/","og_site_name":"Hudo Slovenija","article_publisher":"https:\/\/www.facebook.com\/hudo.si","article_published_time":"2017-07-24T06:08:59+00:00","og_image":[{"width":1250,"height":989,"url":"https:\/\/hudo.com\/si\/wp-content\/uploads\/sites\/2\/2017\/07\/profimedia-0342801527.jpg","type":"image\/jpeg"}],"author":"M. N., STA","twitter_card":"summary_large_image","twitter_creator":"@hudo_si","twitter_site":"@hudo_si","twitter_misc":{"Written by":"M. N., STA","Est. reading time":"2 minuti"},"schema":{"@context":"https:\/\/schema.org","@graph":[{"@type":"Article","@id":"https:\/\/hudo.com\/si\/aktualno\/v-streljanju-na-izraelskem-veleposlanistvu-v-jordaniji-dva-mrtva\/#article","isPartOf":{"@id":"https:\/\/hudo.com\/si\/aktualno\/v-streljanju-na-izraelskem-veleposlanistvu-v-jordaniji-dva-mrtva\/"},"author":{"name":"M. N., STA","@id":"https:\/\/hudo.com\/si\/#\/schema\/person\/c2f10ce65d2e6ede2aeda5be2a0611fa"},"headline":"V streljanju na izraelskem veleposlani\u0161tvu v Jordaniji dva mrtva","datePublished":"2017-07-24T06:08:59+00:00","dateModified":"2017-07-24T06:08:59+00:00","mainEntityOfPage":{"@id":"https:\/\/hudo.com\/si\/aktualno\/v-streljanju-na-izraelskem-veleposlanistvu-v-jordaniji-dva-mrtva\/"},"wordCount":366,"publisher":{"@id":"https:\/\/hudo.com\/si\/#organization"},"keywords":["Izrael","Jordanija"],"articleSection":["Aktualno"],"inLanguage":"sl-SI"},{"@type":"WebPage","@id":"https:\/\/hudo.com\/si\/aktualno\/v-streljanju-na-izraelskem-veleposlanistvu-v-jordaniji-dva-mrtva\/","url":"https:\/\/hudo.com\/si\/aktualno\/v-streljanju-na-izraelskem-veleposlanistvu-v-jordaniji-dva-mrtva\/","name":"V streljanju na izraelskem veleposlani\u0161tvu v Jordaniji dva mrtva - Hudo Slovenija","isPartOf":{"@id":"https:\/\/hudo.com\/si\/#website"},"datePublished":"2017-07-24T06:08:59+00:00","dateModified":"2017-07-24T06:08:59+00:00","breadcrumb":{"@id":"https:\/\/hudo.com\/si\/aktualno\/v-streljanju-na-izraelskem-veleposlanistvu-v-jordaniji-dva-mrtva\/#breadcrumb"},"inLanguage":"sl-SI","potentialAction":[{"@type":"ReadAction","target":["https:\/\/hudo.com\/si\/aktualno\/v-streljanju-na-izraelskem-veleposlanistvu-v-jordaniji-dva-mrtva\/"]}]},{"@type":"BreadcrumbList","@id":"https:\/\/hudo.com\/si\/aktualno\/v-streljanju-na-izraelskem-veleposlanistvu-v-jordaniji-dva-mrtva\/#breadcrumb","itemListElement":[{"@type":"ListItem","position":1,"name":"Home","item":"https:\/\/hudo.com\/si\/"},{"@type":"ListItem","position":2,"name":"V streljanju na izraelskem veleposlani\u0161tvu v Jordaniji dva mrtva"}]},{"@type":"WebSite","@id":"https:\/\/hudo.com\/si\/#website","url":"https:\/\/hudo.com\/si\/","name":"Hudo Slovenija","description":"Vse novice iz Slovenije in sveta","publisher":{"@id":"https:\/\/hudo.com\/si\/#organization"},"potentialAction":[{"@type":"SearchAction","target":{"@type":"EntryPoint","urlTemplate":"https:\/\/hudo.com\/si\/?s={search_term_string}"},"query-input":"required name=search_term_string"}],"inLanguage":"sl-SI"},{"@type":"Organization","@id":"https:\/\/hudo.com\/si\/#organization","name":"VSN Media","url":"https:\/\/hudo.com\/si\/","logo":{"@type":"ImageObject","inLanguage":"sl-SI","@id":"https:\/\/hudo.com\/si\/#\/schema\/logo\/image\/","url":"https:\/\/hudo.com\/si\/wp-content\/uploads\/sites\/2\/2021\/03\/hudo-app-2.png","contentUrl":"https:\/\/hudo.com\/si\/wp-content\/uploads\/sites\/2\/2021\/03\/hudo-app-2.png","width":2185,"height":2167,"caption":"VSN Media"},"image":{"@id":"https:\/\/hudo.com\/si\/#\/schema\/logo\/image\/"},"sameAs":["https:\/\/www.facebook.com\/hudo.si","https:\/\/twitter.com\/hudo_si"]},{"@type":"Person","@id":"https:\/\/hudo.com\/si\/#\/schema\/person\/c2f10ce65d2e6ede2aeda5be2a0611fa","name":"M. N., STA","image":{"@type":"ImageObject","inLanguage":"sl-SI","@id":"https:\/\/hudo.com\/si\/#\/schema\/person\/image\/","url":"https:\/\/secure.gravatar.com\/avatar\/f370d38daa10467f755c5c766a4cac20?s=96&d=mm&r=g","contentUrl":"https:\/\/secure.gravatar.com\/avatar\/f370d38daa10467f755c5c766a4cac20?s=96&d=mm&r=g","caption":"M. N., STA"},"url":"https:\/\/hudo.com\/si\/author\/mana\/"}]}},"amp_enabled":true,"_links":{"self":[{"href":"https:\/\/hudo.com\/si\/wp-json\/wp\/v2\/posts\/280045"}],"collection":[{"href":"https:\/\/hudo.com\/si\/wp-json\/wp\/v2\/posts"}],"about":[{"href":"https:\/\/hudo.com\/si\/wp-json\/wp\/v2\/types\/post"}],"author":[{"embeddable":true,"href":"https:\/\/hudo.com\/si\/wp-json\/wp\/v2\/users\/8"}],"replies":[{"embeddable":true,"href":"https:\/\/hudo.com\/si\/wp-json\/wp\/v2\/comments?post=280045"}],"version-history":[{"count":1,"href":"https:\/\/hudo.com\/si\/wp-json\/wp\/v2\/posts\/280045\/revisions"}],"predecessor-version":[{"id":280047,"href":"https:\/\/hudo.com\/si\/wp-json\/wp\/v2\/posts\/280045\/revisions\/280047"}],"wp:featuredmedia":[{"embeddable":true,"href":"https:\/\/hudo.com\/si\/wp-json\/wp\/v2\/media\/280046"}],"wp:attachment":[{"href":"https:\/\/hudo.com\/si\/wp-json\/wp\/v2\/media?parent=280045"}],"wp:term":[{"taxonomy":"category","embeddable":true,"href":"https:\/\/hudo.com\/si\/wp-json\/wp\/v2\/categories?post=280045"},{"taxonomy":"post_tag","embeddable":true,"href":"https:\/\/hudo.com\/si\/wp-json\/wp\/v2\/tags?post=280045"},{"taxonomy":"source","embeddable":true,"href":"https:\/\/hudo.com\/si\/wp-json\/wp\/v2\/source?post=280045"},{"taxonomy":"supertag","embeddable":true,"href":"https:\/\/hudo.com\/si\/wp-json\/wp\/v2\/supertag?post=280045"}],"curies":[{"name":"wp","href":"https:\/\/api.w.org\/{rel}","templated":true}]}}