{"id":280694,"date":"2017-07-25T08:57:00","date_gmt":"2017-07-25T06:57:00","guid":{"rendered":"http:\/\/hudo.com\/si\/2017\/07\/25\/gospodarsko-razpolozenje-nad-dolgoletnim-povprecjem\/"},"modified":"2017-07-25T08:57:00","modified_gmt":"2017-07-25T06:57:00","slug":"gospodarsko-razpolozenje-nad-dolgoletnim-povprecjem","status":"publish","type":"post","link":"https:\/\/hudo.com\/si\/aktualno\/gospodarsko-razpolozenje-nad-dolgoletnim-povprecjem\/","title":{"rendered":"Gospodarsko razpolo\u017eenje nad dolgoletnim povpre\u010djem"},"content":{"rendered":"<p>Kategorija: Finance Tue, 25 Jul 2017 10:57:00 +0200  Ljubljana \u2013 Kazalnik gospodarske klime je bil julija z 11,4 odstotne to\u010dke za 0,9 odstotne to\u010dke ni\u017eji kot junija in za 6,1 odstotne to\u010dke vi\u0161ji kot julija lani. Ob tem je bil tudi \u0161e vedno za 13,8 odstotne to\u010dke nad dolgoletnim povpre\u010djem, je objavil statisti\u010dni urad. Na zni\u017eanje na mese\u010dni ravni je po pojasnilih statistikov vplival upad kazalnikov zaupanja v trgovini na drobno (-0,5 odstotne to\u010dke), v predelovalnih dejavnostih (-0,4 odstotne to\u010dke) in med potro\u0161niki (-0,2 odstotne to\u010dke). Na drugi strani se je izbolj\u0161al kazalnik zaupanja v gradbeni\u0161tvu (+0,2 odstotne to\u010dke), medtem ko se kazalnik zaupanja v storitvenih dejavnostih ni spreminjal. V medletni primerjavi so bili vsi podkazalniki vi\u0161ji. Najbolj je na vi\u0161jo raven gospodarske klime kot pred letom dni vplival kazalnik zaupanja potro\u0161nikov, ki je bil vi\u0161ji za 1,9 odstotne to\u010dke. Sledil\u00a0&#8230;<\/p>\n","protected":false},"excerpt":{"rendered":"<p>Kategorija: Finance Tue, 25 Jul 2017 10:57:00 +0200  Ljubljana \u2013 Kazalnik gospodarske klime je bil julija z 11,4 odstotne to\u010dke za 0,9 odstotne to\u010dke ni\u017eji kot junija in za 6,1 odstotne to\u010dke vi\u0161ji kot julija lani. Ob tem je bil tudi \u0161e vedno za 13,8 odstotne to\u010dke nad dolgoletnim povpre\u010djem, je objavil statisti\u010dni urad. Na zni\u017eanje na mese\u010dni ravni je po pojasnilih statistikov vplival upad kazalnikov zaupanja v trgovini na drobno (-0,5 odstotne to\u010dke), v predelovalnih dejavnostih (-0,4 odstotne to\u010dke) in med potro\u0161niki (-0,2 odstotne to\u010dke). Na drugi strani se je izbolj\u0161al kazalnik zaupanja v gradbeni\u0161tvu (+0,2 odstotne to\u010dke), medtem ko se kazalnik zaupanja v storitvenih dejavnostih ni spreminjal. V medletni primerjavi so bili vsi podkazalniki vi\u0161ji. Najbolj je na vi\u0161jo raven gospodarske klime kot pred letom dni vplival kazalnik zaupanja potro\u0161nikov, ki je bil vi\u0161ji za 1,9 odstotne to\u010dke. Sledil\u00a0&#8230;<\/p>\n","protected":false},"author":1,"featured_media":0,"comment_status":"closed","ping_status":"closed","sticky":false,"template":"","format":"standard","meta":{"footnotes":""},"categories":[1179],"tags":[],"source":[1703],"supertag":[],"acf":[],"yoast_head":"<!-- This site is optimized with the Yoast SEO plugin v21.3 - https:\/\/yoast.com\/wordpress\/plugins\/seo\/ -->\n<title>Gospodarsko razpolo\u017eenje nad dolgoletnim povpre\u010djem - Hudo Slovenija<\/title>\n<meta name=\"robots\" content=\"index, follow, max-snippet:-1, max-image-preview:large, max-video-preview:-1\" \/>\n<link rel=\"canonical\" href=\"https:\/\/hudo.com\/si\/aktualno\/gospodarsko-razpolozenje-nad-dolgoletnim-povprecjem\/\" \/>\n<meta property=\"og:locale\" content=\"sl_SI\" \/>\n<meta property=\"og:type\" content=\"article\" \/>\n<meta property=\"og:title\" content=\"Gospodarsko razpolo\u017eenje nad dolgoletnim povpre\u010djem - Hudo Slovenija\" \/>\n<meta property=\"og:description\" content=\"Kategorija: Finance Tue, 25 Jul 2017 10:57:00 +0200 Ljubljana \u2013 Kazalnik gospodarske klime je bil julija z 11,4 odstotne to\u010dke za 0,9 odstotne to\u010dke ni\u017eji kot junija in za 6,1 odstotne to\u010dke vi\u0161ji kot julija lani. Ob tem je bil tudi \u0161e vedno za 13,8 odstotne to\u010dke nad dolgoletnim povpre\u010djem, je objavil statisti\u010dni urad. Na zni\u017eanje na mese\u010dni ravni je po pojasnilih statistikov vplival upad kazalnikov zaupanja v trgovini na drobno (-0,5 odstotne to\u010dke), v predelovalnih dejavnostih (-0,4 odstotne to\u010dke) in med potro\u0161niki (-0,2 odstotne to\u010dke). Na drugi strani se je izbolj\u0161al kazalnik zaupanja v gradbeni\u0161tvu (+0,2 odstotne to\u010dke), medtem ko se kazalnik zaupanja v storitvenih dejavnostih ni spreminjal. V medletni primerjavi so bili vsi podkazalniki vi\u0161ji. Najbolj je na vi\u0161jo raven gospodarske klime kot pred letom dni vplival kazalnik zaupanja potro\u0161nikov, ki je bil vi\u0161ji za 1,9 odstotne to\u010dke. Sledil\u00a0...\" \/>\n<meta property=\"og:url\" content=\"https:\/\/hudo.com\/si\/aktualno\/gospodarsko-razpolozenje-nad-dolgoletnim-povprecjem\/\" \/>\n<meta property=\"og:site_name\" content=\"Hudo Slovenija\" \/>\n<meta property=\"article:publisher\" content=\"https:\/\/www.facebook.com\/hudo.si\" \/>\n<meta property=\"article:published_time\" content=\"2017-07-25T06:57:00+00:00\" \/>\n<meta property=\"og:image\" content=\"https:\/\/hudo.com\/si\/wp-content\/uploads\/sites\/2\/2017\/07\/480x290_Delo_Foto-20160520091323-26406300.jpeg\" \/>\n\t<meta property=\"og:image:width\" content=\"480\" \/>\n\t<meta property=\"og:image:height\" content=\"290\" \/>\n\t<meta property=\"og:image:type\" content=\"image\/jpeg\" \/>\n<meta name=\"author\" content=\"hudo\" \/>\n<meta name=\"twitter:card\" content=\"summary_large_image\" \/>\n<meta name=\"twitter:creator\" content=\"@hudo_si\" \/>\n<meta name=\"twitter:site\" content=\"@hudo_si\" \/>\n<meta name=\"twitter:label1\" content=\"Written by\" \/>\n\t<meta name=\"twitter:data1\" content=\"hudo\" \/>\n\t<meta name=\"twitter:label2\" content=\"Est. reading time\" \/>\n\t<meta name=\"twitter:data2\" content=\"1 minuta\" \/>\n<script type=\"application\/ld+json\" class=\"yoast-schema-graph\">{\"@context\":\"https:\/\/schema.org\",\"@graph\":[{\"@type\":\"Article\",\"@id\":\"https:\/\/hudo.com\/si\/aktualno\/gospodarsko-razpolozenje-nad-dolgoletnim-povprecjem\/#article\",\"isPartOf\":{\"@id\":\"https:\/\/hudo.com\/si\/aktualno\/gospodarsko-razpolozenje-nad-dolgoletnim-povprecjem\/\"},\"author\":{\"name\":\"hudo\",\"@id\":\"https:\/\/hudo.com\/si\/#\/schema\/person\/601cf3379633985b20f7e50f2bb47707\"},\"headline\":\"Gospodarsko razpolo\u017eenje nad dolgoletnim povpre\u010djem\",\"datePublished\":\"2017-07-25T06:57:00+00:00\",\"dateModified\":\"2017-07-25T06:57:00+00:00\",\"mainEntityOfPage\":{\"@id\":\"https:\/\/hudo.com\/si\/aktualno\/gospodarsko-razpolozenje-nad-dolgoletnim-povprecjem\/\"},\"wordCount\":159,\"publisher\":{\"@id\":\"https:\/\/hudo.com\/si\/#organization\"},\"articleSection\":[\"Aktualno\"],\"inLanguage\":\"sl-SI\"},{\"@type\":\"WebPage\",\"@id\":\"https:\/\/hudo.com\/si\/aktualno\/gospodarsko-razpolozenje-nad-dolgoletnim-povprecjem\/\",\"url\":\"https:\/\/hudo.com\/si\/aktualno\/gospodarsko-razpolozenje-nad-dolgoletnim-povprecjem\/\",\"name\":\"Gospodarsko razpolo\u017eenje nad dolgoletnim povpre\u010djem - Hudo Slovenija\",\"isPartOf\":{\"@id\":\"https:\/\/hudo.com\/si\/#website\"},\"datePublished\":\"2017-07-25T06:57:00+00:00\",\"dateModified\":\"2017-07-25T06:57:00+00:00\",\"breadcrumb\":{\"@id\":\"https:\/\/hudo.com\/si\/aktualno\/gospodarsko-razpolozenje-nad-dolgoletnim-povprecjem\/#breadcrumb\"},\"inLanguage\":\"sl-SI\",\"potentialAction\":[{\"@type\":\"ReadAction\",\"target\":[\"https:\/\/hudo.com\/si\/aktualno\/gospodarsko-razpolozenje-nad-dolgoletnim-povprecjem\/\"]}]},{\"@type\":\"BreadcrumbList\",\"@id\":\"https:\/\/hudo.com\/si\/aktualno\/gospodarsko-razpolozenje-nad-dolgoletnim-povprecjem\/#breadcrumb\",\"itemListElement\":[{\"@type\":\"ListItem\",\"position\":1,\"name\":\"Home\",\"item\":\"https:\/\/hudo.com\/si\/\"},{\"@type\":\"ListItem\",\"position\":2,\"name\":\"Gospodarsko razpolo\u017eenje nad dolgoletnim povpre\u010djem\"}]},{\"@type\":\"WebSite\",\"@id\":\"https:\/\/hudo.com\/si\/#website\",\"url\":\"https:\/\/hudo.com\/si\/\",\"name\":\"Hudo Slovenija\",\"description\":\"Vse novice iz Slovenije in sveta\",\"publisher\":{\"@id\":\"https:\/\/hudo.com\/si\/#organization\"},\"potentialAction\":[{\"@type\":\"SearchAction\",\"target\":{\"@type\":\"EntryPoint\",\"urlTemplate\":\"https:\/\/hudo.com\/si\/?s={search_term_string}\"},\"query-input\":\"required name=search_term_string\"}],\"inLanguage\":\"sl-SI\"},{\"@type\":\"Organization\",\"@id\":\"https:\/\/hudo.com\/si\/#organization\",\"name\":\"VSN Media\",\"url\":\"https:\/\/hudo.com\/si\/\",\"logo\":{\"@type\":\"ImageObject\",\"inLanguage\":\"sl-SI\",\"@id\":\"https:\/\/hudo.com\/si\/#\/schema\/logo\/image\/\",\"url\":\"https:\/\/hudo.com\/si\/wp-content\/uploads\/sites\/2\/2021\/03\/hudo-app-2.png\",\"contentUrl\":\"https:\/\/hudo.com\/si\/wp-content\/uploads\/sites\/2\/2021\/03\/hudo-app-2.png\",\"width\":2185,\"height\":2167,\"caption\":\"VSN Media\"},\"image\":{\"@id\":\"https:\/\/hudo.com\/si\/#\/schema\/logo\/image\/\"},\"sameAs\":[\"https:\/\/www.facebook.com\/hudo.si\",\"https:\/\/twitter.com\/hudo_si\"]},{\"@type\":\"Person\",\"@id\":\"https:\/\/hudo.com\/si\/#\/schema\/person\/601cf3379633985b20f7e50f2bb47707\",\"name\":\"hudo\",\"image\":{\"@type\":\"ImageObject\",\"inLanguage\":\"sl-SI\",\"@id\":\"https:\/\/hudo.com\/si\/#\/schema\/person\/image\/\",\"url\":\"https:\/\/secure.gravatar.com\/avatar\/c4ca25fa72cace7a696b52ff5db9e095?s=96&d=mm&r=g\",\"contentUrl\":\"https:\/\/secure.gravatar.com\/avatar\/c4ca25fa72cace7a696b52ff5db9e095?s=96&d=mm&r=g\",\"caption\":\"hudo\"},\"url\":\"https:\/\/hudo.com\/si\/author\/hudo\/\"}]}<\/script>\n<!-- \/ Yoast SEO plugin. -->","yoast_head_json":{"title":"Gospodarsko razpolo\u017eenje nad dolgoletnim povpre\u010djem - Hudo Slovenija","robots":{"index":"index","follow":"follow","max-snippet":"max-snippet:-1","max-image-preview":"max-image-preview:large","max-video-preview":"max-video-preview:-1"},"canonical":"https:\/\/hudo.com\/si\/aktualno\/gospodarsko-razpolozenje-nad-dolgoletnim-povprecjem\/","og_locale":"sl_SI","og_type":"article","og_title":"Gospodarsko razpolo\u017eenje nad dolgoletnim povpre\u010djem - Hudo Slovenija","og_description":"Kategorija: Finance Tue, 25 Jul 2017 10:57:00 +0200 Ljubljana \u2013 Kazalnik gospodarske klime je bil julija z 11,4 odstotne to\u010dke za 0,9 odstotne to\u010dke ni\u017eji kot junija in za 6,1 odstotne to\u010dke vi\u0161ji kot julija lani. Ob tem je bil tudi \u0161e vedno za 13,8 odstotne to\u010dke nad dolgoletnim povpre\u010djem, je objavil statisti\u010dni urad. Na zni\u017eanje na mese\u010dni ravni je po pojasnilih statistikov vplival upad kazalnikov zaupanja v trgovini na drobno (-0,5 odstotne to\u010dke), v predelovalnih dejavnostih (-0,4 odstotne to\u010dke) in med potro\u0161niki (-0,2 odstotne to\u010dke). Na drugi strani se je izbolj\u0161al kazalnik zaupanja v gradbeni\u0161tvu (+0,2 odstotne to\u010dke), medtem ko se kazalnik zaupanja v storitvenih dejavnostih ni spreminjal. V medletni primerjavi so bili vsi podkazalniki vi\u0161ji. Najbolj je na vi\u0161jo raven gospodarske klime kot pred letom dni vplival kazalnik zaupanja potro\u0161nikov, ki je bil vi\u0161ji za 1,9 odstotne to\u010dke. Sledil\u00a0...","og_url":"https:\/\/hudo.com\/si\/aktualno\/gospodarsko-razpolozenje-nad-dolgoletnim-povprecjem\/","og_site_name":"Hudo Slovenija","article_publisher":"https:\/\/www.facebook.com\/hudo.si","article_published_time":"2017-07-25T06:57:00+00:00","og_image":[{"width":480,"height":290,"url":"https:\/\/hudo.com\/si\/wp-content\/uploads\/sites\/2\/2017\/07\/480x290_Delo_Foto-20160520091323-26406300.jpeg","type":"image\/jpeg"}],"author":"hudo","twitter_card":"summary_large_image","twitter_creator":"@hudo_si","twitter_site":"@hudo_si","twitter_misc":{"Written by":"hudo","Est. reading time":"1 minuta"},"schema":{"@context":"https:\/\/schema.org","@graph":[{"@type":"Article","@id":"https:\/\/hudo.com\/si\/aktualno\/gospodarsko-razpolozenje-nad-dolgoletnim-povprecjem\/#article","isPartOf":{"@id":"https:\/\/hudo.com\/si\/aktualno\/gospodarsko-razpolozenje-nad-dolgoletnim-povprecjem\/"},"author":{"name":"hudo","@id":"https:\/\/hudo.com\/si\/#\/schema\/person\/601cf3379633985b20f7e50f2bb47707"},"headline":"Gospodarsko razpolo\u017eenje nad dolgoletnim povpre\u010djem","datePublished":"2017-07-25T06:57:00+00:00","dateModified":"2017-07-25T06:57:00+00:00","mainEntityOfPage":{"@id":"https:\/\/hudo.com\/si\/aktualno\/gospodarsko-razpolozenje-nad-dolgoletnim-povprecjem\/"},"wordCount":159,"publisher":{"@id":"https:\/\/hudo.com\/si\/#organization"},"articleSection":["Aktualno"],"inLanguage":"sl-SI"},{"@type":"WebPage","@id":"https:\/\/hudo.com\/si\/aktualno\/gospodarsko-razpolozenje-nad-dolgoletnim-povprecjem\/","url":"https:\/\/hudo.com\/si\/aktualno\/gospodarsko-razpolozenje-nad-dolgoletnim-povprecjem\/","name":"Gospodarsko razpolo\u017eenje nad dolgoletnim povpre\u010djem - Hudo Slovenija","isPartOf":{"@id":"https:\/\/hudo.com\/si\/#website"},"datePublished":"2017-07-25T06:57:00+00:00","dateModified":"2017-07-25T06:57:00+00:00","breadcrumb":{"@id":"https:\/\/hudo.com\/si\/aktualno\/gospodarsko-razpolozenje-nad-dolgoletnim-povprecjem\/#breadcrumb"},"inLanguage":"sl-SI","potentialAction":[{"@type":"ReadAction","target":["https:\/\/hudo.com\/si\/aktualno\/gospodarsko-razpolozenje-nad-dolgoletnim-povprecjem\/"]}]},{"@type":"BreadcrumbList","@id":"https:\/\/hudo.com\/si\/aktualno\/gospodarsko-razpolozenje-nad-dolgoletnim-povprecjem\/#breadcrumb","itemListElement":[{"@type":"ListItem","position":1,"name":"Home","item":"https:\/\/hudo.com\/si\/"},{"@type":"ListItem","position":2,"name":"Gospodarsko razpolo\u017eenje nad dolgoletnim povpre\u010djem"}]},{"@type":"WebSite","@id":"https:\/\/hudo.com\/si\/#website","url":"https:\/\/hudo.com\/si\/","name":"Hudo Slovenija","description":"Vse novice iz Slovenije in sveta","publisher":{"@id":"https:\/\/hudo.com\/si\/#organization"},"potentialAction":[{"@type":"SearchAction","target":{"@type":"EntryPoint","urlTemplate":"https:\/\/hudo.com\/si\/?s={search_term_string}"},"query-input":"required name=search_term_string"}],"inLanguage":"sl-SI"},{"@type":"Organization","@id":"https:\/\/hudo.com\/si\/#organization","name":"VSN Media","url":"https:\/\/hudo.com\/si\/","logo":{"@type":"ImageObject","inLanguage":"sl-SI","@id":"https:\/\/hudo.com\/si\/#\/schema\/logo\/image\/","url":"https:\/\/hudo.com\/si\/wp-content\/uploads\/sites\/2\/2021\/03\/hudo-app-2.png","contentUrl":"https:\/\/hudo.com\/si\/wp-content\/uploads\/sites\/2\/2021\/03\/hudo-app-2.png","width":2185,"height":2167,"caption":"VSN Media"},"image":{"@id":"https:\/\/hudo.com\/si\/#\/schema\/logo\/image\/"},"sameAs":["https:\/\/www.facebook.com\/hudo.si","https:\/\/twitter.com\/hudo_si"]},{"@type":"Person","@id":"https:\/\/hudo.com\/si\/#\/schema\/person\/601cf3379633985b20f7e50f2bb47707","name":"hudo","image":{"@type":"ImageObject","inLanguage":"sl-SI","@id":"https:\/\/hudo.com\/si\/#\/schema\/person\/image\/","url":"https:\/\/secure.gravatar.com\/avatar\/c4ca25fa72cace7a696b52ff5db9e095?s=96&d=mm&r=g","contentUrl":"https:\/\/secure.gravatar.com\/avatar\/c4ca25fa72cace7a696b52ff5db9e095?s=96&d=mm&r=g","caption":"hudo"},"url":"https:\/\/hudo.com\/si\/author\/hudo\/"}]}},"amp_enabled":true,"_links":{"self":[{"href":"https:\/\/hudo.com\/si\/wp-json\/wp\/v2\/posts\/280694"}],"collection":[{"href":"https:\/\/hudo.com\/si\/wp-json\/wp\/v2\/posts"}],"about":[{"href":"https:\/\/hudo.com\/si\/wp-json\/wp\/v2\/types\/post"}],"author":[{"embeddable":true,"href":"https:\/\/hudo.com\/si\/wp-json\/wp\/v2\/users\/1"}],"replies":[{"embeddable":true,"href":"https:\/\/hudo.com\/si\/wp-json\/wp\/v2\/comments?post=280694"}],"version-history":[{"count":0,"href":"https:\/\/hudo.com\/si\/wp-json\/wp\/v2\/posts\/280694\/revisions"}],"wp:attachment":[{"href":"https:\/\/hudo.com\/si\/wp-json\/wp\/v2\/media?parent=280694"}],"wp:term":[{"taxonomy":"category","embeddable":true,"href":"https:\/\/hudo.com\/si\/wp-json\/wp\/v2\/categories?post=280694"},{"taxonomy":"post_tag","embeddable":true,"href":"https:\/\/hudo.com\/si\/wp-json\/wp\/v2\/tags?post=280694"},{"taxonomy":"source","embeddable":true,"href":"https:\/\/hudo.com\/si\/wp-json\/wp\/v2\/source?post=280694"},{"taxonomy":"supertag","embeddable":true,"href":"https:\/\/hudo.com\/si\/wp-json\/wp\/v2\/supertag?post=280694"}],"curies":[{"name":"wp","href":"https:\/\/api.w.org\/{rel}","templated":true}]}}