{"id":281207,"date":"2017-07-26T14:29:00","date_gmt":"2017-07-26T12:29:00","guid":{"rendered":"http:\/\/hudo.com\/si\/2017\/07\/26\/v-vratih-pivovarjev-odslej-tudi-aljaz-panjtar\/"},"modified":"2017-07-26T14:29:00","modified_gmt":"2017-07-26T12:29:00","slug":"v-vratih-pivovarjev-odslej-tudi-aljaz-panjtar","status":"publish","type":"post","link":"https:\/\/hudo.com\/si\/aktualno\/v-vratih-pivovarjev-odslej-tudi-aljaz-panjtar\/","title":{"rendered":"V vratih pivovarjev odslej tudi Alja\u017e Panjtar"},"content":{"rendered":"<p>Kategorija: Rokomet Wed, 26 Jul 2017 16:29:00 +0200  Celje &#8211; Slovenski rokometni prvak Celje Pivovarna La\u0161ko se je okrepil z vratarjem Alja\u017eem Panjtarjem, dosedanjim \u010duvajem mre\u017ee Urbanscapa Loke. Panjtar je s Celjem podpisal dveletno pogodbo z mo\u017enostjo podalj\u0161anja. 25-letni Panjtar se bo novim soigralcem pridru\u017eil \u017ee danes, ko je na sporedu tudi prvi zbor ob za\u010detku priprav na novo sezono. Zapolnil bo zadnje prosto mesto v ekipi ter bo z Urbanom Lesjakom in Ga\u0161perjem Dobajem sestavljal vratarsko trojico. &#8220;Najprej bi se \u017eelel zahvaliti RK Celje Pivovarna La\u0161ko za izkazano zaupanje. Zelo vesel in ponosen sem, da bom postal del Celja Pivovarne La\u0161ko, to je bila moja \u017eelja \u017ee od malega. Nekdaj sem tu spremljal odli\u010dnega Dejana Peri\u0107a, ki je moj idol, in upam, da se bom vsaj pribli\u017eal njegovemu u\u010dinku. Ve\u010dino igralcev po ve\u010dini \u017ee poznam z rokometnih igri\u0161\u010d, komaj\u00a0&#8230;<\/p>\n","protected":false},"excerpt":{"rendered":"<p>Kategorija: Rokomet Wed, 26 Jul 2017 16:29:00 +0200  Celje &#8211; Slovenski rokometni prvak Celje Pivovarna La\u0161ko se je okrepil z vratarjem Alja\u017eem Panjtarjem, dosedanjim \u010duvajem mre\u017ee Urbanscapa Loke. Panjtar je s Celjem podpisal dveletno pogodbo z mo\u017enostjo podalj\u0161anja. 25-letni Panjtar se bo novim soigralcem pridru\u017eil \u017ee danes, ko je na sporedu tudi prvi zbor ob za\u010detku priprav na novo sezono. Zapolnil bo zadnje prosto mesto v ekipi ter bo z Urbanom Lesjakom in Ga\u0161perjem Dobajem sestavljal vratarsko trojico. &#8220;Najprej bi se \u017eelel zahvaliti RK Celje Pivovarna La\u0161ko za izkazano zaupanje. Zelo vesel in ponosen sem, da bom postal del Celja Pivovarne La\u0161ko, to je bila moja \u017eelja \u017ee od malega. Nekdaj sem tu spremljal odli\u010dnega Dejana Peri\u0107a, ki je moj idol, in upam, da se bom vsaj pribli\u017eal njegovemu u\u010dinku. Ve\u010dino igralcev po ve\u010dini \u017ee poznam z rokometnih igri\u0161\u010d, komaj\u00a0&#8230;<\/p>\n","protected":false},"author":1,"featured_media":0,"comment_status":"closed","ping_status":"closed","sticky":false,"template":"","format":"standard","meta":{"footnotes":""},"categories":[1179],"tags":[],"source":[1703],"supertag":[],"acf":[],"yoast_head":"<!-- This site is optimized with the Yoast SEO plugin v21.3 - https:\/\/yoast.com\/wordpress\/plugins\/seo\/ -->\n<title>V vratih pivovarjev odslej tudi Alja\u017e Panjtar - Hudo Slovenija<\/title>\n<meta name=\"robots\" content=\"index, follow, max-snippet:-1, max-image-preview:large, max-video-preview:-1\" \/>\n<link rel=\"canonical\" href=\"https:\/\/hudo.com\/si\/aktualno\/v-vratih-pivovarjev-odslej-tudi-aljaz-panjtar\/\" \/>\n<meta property=\"og:locale\" content=\"sl_SI\" \/>\n<meta property=\"og:type\" content=\"article\" \/>\n<meta property=\"og:title\" content=\"V vratih pivovarjev odslej tudi Alja\u017e Panjtar - Hudo Slovenija\" \/>\n<meta property=\"og:description\" content=\"Kategorija: Rokomet Wed, 26 Jul 2017 16:29:00 +0200 Celje - Slovenski rokometni prvak Celje Pivovarna La\u0161ko se je okrepil z vratarjem Alja\u017eem Panjtarjem, dosedanjim \u010duvajem mre\u017ee Urbanscapa Loke. Panjtar je s Celjem podpisal dveletno pogodbo z mo\u017enostjo podalj\u0161anja. 25-letni Panjtar se bo novim soigralcem pridru\u017eil \u017ee danes, ko je na sporedu tudi prvi zbor ob za\u010detku priprav na novo sezono. Zapolnil bo zadnje prosto mesto v ekipi ter bo z Urbanom Lesjakom in Ga\u0161perjem Dobajem sestavljal vratarsko trojico. &quot;Najprej bi se \u017eelel zahvaliti RK Celje Pivovarna La\u0161ko za izkazano zaupanje. Zelo vesel in ponosen sem, da bom postal del Celja Pivovarne La\u0161ko, to je bila moja \u017eelja \u017ee od malega. Nekdaj sem tu spremljal odli\u010dnega Dejana Peri\u0107a, ki je moj idol, in upam, da se bom vsaj pribli\u017eal njegovemu u\u010dinku. Ve\u010dino igralcev po ve\u010dini \u017ee poznam z rokometnih igri\u0161\u010d, komaj\u00a0...\" \/>\n<meta property=\"og:url\" content=\"https:\/\/hudo.com\/si\/aktualno\/v-vratih-pivovarjev-odslej-tudi-aljaz-panjtar\/\" \/>\n<meta property=\"og:site_name\" content=\"Hudo Slovenija\" \/>\n<meta property=\"article:publisher\" content=\"https:\/\/www.facebook.com\/hudo.si\" \/>\n<meta property=\"article:published_time\" content=\"2017-07-26T12:29:00+00:00\" \/>\n<meta property=\"og:image\" content=\"https:\/\/hudo.com\/si\/wp-content\/uploads\/sites\/2\/2017\/07\/480x290_Delo_Foto-20170726164117-21260600.jpeg\" \/>\n\t<meta property=\"og:image:width\" content=\"480\" \/>\n\t<meta property=\"og:image:height\" content=\"290\" \/>\n\t<meta property=\"og:image:type\" content=\"image\/jpeg\" \/>\n<meta name=\"author\" content=\"hudo\" \/>\n<meta name=\"twitter:card\" content=\"summary_large_image\" \/>\n<meta name=\"twitter:creator\" content=\"@hudo_si\" \/>\n<meta name=\"twitter:site\" content=\"@hudo_si\" \/>\n<meta name=\"twitter:label1\" content=\"Written by\" \/>\n\t<meta name=\"twitter:data1\" content=\"hudo\" \/>\n\t<meta name=\"twitter:label2\" content=\"Est. reading time\" \/>\n\t<meta name=\"twitter:data2\" content=\"1 minuta\" \/>\n<script type=\"application\/ld+json\" class=\"yoast-schema-graph\">{\"@context\":\"https:\/\/schema.org\",\"@graph\":[{\"@type\":\"Article\",\"@id\":\"https:\/\/hudo.com\/si\/aktualno\/v-vratih-pivovarjev-odslej-tudi-aljaz-panjtar\/#article\",\"isPartOf\":{\"@id\":\"https:\/\/hudo.com\/si\/aktualno\/v-vratih-pivovarjev-odslej-tudi-aljaz-panjtar\/\"},\"author\":{\"name\":\"hudo\",\"@id\":\"https:\/\/hudo.com\/si\/#\/schema\/person\/601cf3379633985b20f7e50f2bb47707\"},\"headline\":\"V vratih pivovarjev odslej tudi Alja\u017e Panjtar\",\"datePublished\":\"2017-07-26T12:29:00+00:00\",\"dateModified\":\"2017-07-26T12:29:00+00:00\",\"mainEntityOfPage\":{\"@id\":\"https:\/\/hudo.com\/si\/aktualno\/v-vratih-pivovarjev-odslej-tudi-aljaz-panjtar\/\"},\"wordCount\":159,\"publisher\":{\"@id\":\"https:\/\/hudo.com\/si\/#organization\"},\"articleSection\":[\"Aktualno\"],\"inLanguage\":\"sl-SI\"},{\"@type\":\"WebPage\",\"@id\":\"https:\/\/hudo.com\/si\/aktualno\/v-vratih-pivovarjev-odslej-tudi-aljaz-panjtar\/\",\"url\":\"https:\/\/hudo.com\/si\/aktualno\/v-vratih-pivovarjev-odslej-tudi-aljaz-panjtar\/\",\"name\":\"V vratih pivovarjev odslej tudi Alja\u017e Panjtar - Hudo Slovenija\",\"isPartOf\":{\"@id\":\"https:\/\/hudo.com\/si\/#website\"},\"datePublished\":\"2017-07-26T12:29:00+00:00\",\"dateModified\":\"2017-07-26T12:29:00+00:00\",\"breadcrumb\":{\"@id\":\"https:\/\/hudo.com\/si\/aktualno\/v-vratih-pivovarjev-odslej-tudi-aljaz-panjtar\/#breadcrumb\"},\"inLanguage\":\"sl-SI\",\"potentialAction\":[{\"@type\":\"ReadAction\",\"target\":[\"https:\/\/hudo.com\/si\/aktualno\/v-vratih-pivovarjev-odslej-tudi-aljaz-panjtar\/\"]}]},{\"@type\":\"BreadcrumbList\",\"@id\":\"https:\/\/hudo.com\/si\/aktualno\/v-vratih-pivovarjev-odslej-tudi-aljaz-panjtar\/#breadcrumb\",\"itemListElement\":[{\"@type\":\"ListItem\",\"position\":1,\"name\":\"Home\",\"item\":\"https:\/\/hudo.com\/si\/\"},{\"@type\":\"ListItem\",\"position\":2,\"name\":\"V vratih pivovarjev odslej tudi Alja\u017e Panjtar\"}]},{\"@type\":\"WebSite\",\"@id\":\"https:\/\/hudo.com\/si\/#website\",\"url\":\"https:\/\/hudo.com\/si\/\",\"name\":\"Hudo Slovenija\",\"description\":\"Vse novice iz Slovenije in sveta\",\"publisher\":{\"@id\":\"https:\/\/hudo.com\/si\/#organization\"},\"potentialAction\":[{\"@type\":\"SearchAction\",\"target\":{\"@type\":\"EntryPoint\",\"urlTemplate\":\"https:\/\/hudo.com\/si\/?s={search_term_string}\"},\"query-input\":\"required name=search_term_string\"}],\"inLanguage\":\"sl-SI\"},{\"@type\":\"Organization\",\"@id\":\"https:\/\/hudo.com\/si\/#organization\",\"name\":\"VSN Media\",\"url\":\"https:\/\/hudo.com\/si\/\",\"logo\":{\"@type\":\"ImageObject\",\"inLanguage\":\"sl-SI\",\"@id\":\"https:\/\/hudo.com\/si\/#\/schema\/logo\/image\/\",\"url\":\"https:\/\/hudo.com\/si\/wp-content\/uploads\/sites\/2\/2021\/03\/hudo-app-2.png\",\"contentUrl\":\"https:\/\/hudo.com\/si\/wp-content\/uploads\/sites\/2\/2021\/03\/hudo-app-2.png\",\"width\":2185,\"height\":2167,\"caption\":\"VSN Media\"},\"image\":{\"@id\":\"https:\/\/hudo.com\/si\/#\/schema\/logo\/image\/\"},\"sameAs\":[\"https:\/\/www.facebook.com\/hudo.si\",\"https:\/\/twitter.com\/hudo_si\"]},{\"@type\":\"Person\",\"@id\":\"https:\/\/hudo.com\/si\/#\/schema\/person\/601cf3379633985b20f7e50f2bb47707\",\"name\":\"hudo\",\"image\":{\"@type\":\"ImageObject\",\"inLanguage\":\"sl-SI\",\"@id\":\"https:\/\/hudo.com\/si\/#\/schema\/person\/image\/\",\"url\":\"https:\/\/secure.gravatar.com\/avatar\/c4ca25fa72cace7a696b52ff5db9e095?s=96&d=mm&r=g\",\"contentUrl\":\"https:\/\/secure.gravatar.com\/avatar\/c4ca25fa72cace7a696b52ff5db9e095?s=96&d=mm&r=g\",\"caption\":\"hudo\"},\"url\":\"https:\/\/hudo.com\/si\/author\/hudo\/\"}]}<\/script>\n<!-- \/ Yoast SEO plugin. -->","yoast_head_json":{"title":"V vratih pivovarjev odslej tudi Alja\u017e Panjtar - Hudo Slovenija","robots":{"index":"index","follow":"follow","max-snippet":"max-snippet:-1","max-image-preview":"max-image-preview:large","max-video-preview":"max-video-preview:-1"},"canonical":"https:\/\/hudo.com\/si\/aktualno\/v-vratih-pivovarjev-odslej-tudi-aljaz-panjtar\/","og_locale":"sl_SI","og_type":"article","og_title":"V vratih pivovarjev odslej tudi Alja\u017e Panjtar - Hudo Slovenija","og_description":"Kategorija: Rokomet Wed, 26 Jul 2017 16:29:00 +0200 Celje - Slovenski rokometni prvak Celje Pivovarna La\u0161ko se je okrepil z vratarjem Alja\u017eem Panjtarjem, dosedanjim \u010duvajem mre\u017ee Urbanscapa Loke. Panjtar je s Celjem podpisal dveletno pogodbo z mo\u017enostjo podalj\u0161anja. 25-letni Panjtar se bo novim soigralcem pridru\u017eil \u017ee danes, ko je na sporedu tudi prvi zbor ob za\u010detku priprav na novo sezono. Zapolnil bo zadnje prosto mesto v ekipi ter bo z Urbanom Lesjakom in Ga\u0161perjem Dobajem sestavljal vratarsko trojico. \"Najprej bi se \u017eelel zahvaliti RK Celje Pivovarna La\u0161ko za izkazano zaupanje. Zelo vesel in ponosen sem, da bom postal del Celja Pivovarne La\u0161ko, to je bila moja \u017eelja \u017ee od malega. Nekdaj sem tu spremljal odli\u010dnega Dejana Peri\u0107a, ki je moj idol, in upam, da se bom vsaj pribli\u017eal njegovemu u\u010dinku. Ve\u010dino igralcev po ve\u010dini \u017ee poznam z rokometnih igri\u0161\u010d, komaj\u00a0...","og_url":"https:\/\/hudo.com\/si\/aktualno\/v-vratih-pivovarjev-odslej-tudi-aljaz-panjtar\/","og_site_name":"Hudo Slovenija","article_publisher":"https:\/\/www.facebook.com\/hudo.si","article_published_time":"2017-07-26T12:29:00+00:00","og_image":[{"width":480,"height":290,"url":"https:\/\/hudo.com\/si\/wp-content\/uploads\/sites\/2\/2017\/07\/480x290_Delo_Foto-20170726164117-21260600.jpeg","type":"image\/jpeg"}],"author":"hudo","twitter_card":"summary_large_image","twitter_creator":"@hudo_si","twitter_site":"@hudo_si","twitter_misc":{"Written by":"hudo","Est. reading time":"1 minuta"},"schema":{"@context":"https:\/\/schema.org","@graph":[{"@type":"Article","@id":"https:\/\/hudo.com\/si\/aktualno\/v-vratih-pivovarjev-odslej-tudi-aljaz-panjtar\/#article","isPartOf":{"@id":"https:\/\/hudo.com\/si\/aktualno\/v-vratih-pivovarjev-odslej-tudi-aljaz-panjtar\/"},"author":{"name":"hudo","@id":"https:\/\/hudo.com\/si\/#\/schema\/person\/601cf3379633985b20f7e50f2bb47707"},"headline":"V vratih pivovarjev odslej tudi Alja\u017e Panjtar","datePublished":"2017-07-26T12:29:00+00:00","dateModified":"2017-07-26T12:29:00+00:00","mainEntityOfPage":{"@id":"https:\/\/hudo.com\/si\/aktualno\/v-vratih-pivovarjev-odslej-tudi-aljaz-panjtar\/"},"wordCount":159,"publisher":{"@id":"https:\/\/hudo.com\/si\/#organization"},"articleSection":["Aktualno"],"inLanguage":"sl-SI"},{"@type":"WebPage","@id":"https:\/\/hudo.com\/si\/aktualno\/v-vratih-pivovarjev-odslej-tudi-aljaz-panjtar\/","url":"https:\/\/hudo.com\/si\/aktualno\/v-vratih-pivovarjev-odslej-tudi-aljaz-panjtar\/","name":"V vratih pivovarjev odslej tudi Alja\u017e Panjtar - Hudo Slovenija","isPartOf":{"@id":"https:\/\/hudo.com\/si\/#website"},"datePublished":"2017-07-26T12:29:00+00:00","dateModified":"2017-07-26T12:29:00+00:00","breadcrumb":{"@id":"https:\/\/hudo.com\/si\/aktualno\/v-vratih-pivovarjev-odslej-tudi-aljaz-panjtar\/#breadcrumb"},"inLanguage":"sl-SI","potentialAction":[{"@type":"ReadAction","target":["https:\/\/hudo.com\/si\/aktualno\/v-vratih-pivovarjev-odslej-tudi-aljaz-panjtar\/"]}]},{"@type":"BreadcrumbList","@id":"https:\/\/hudo.com\/si\/aktualno\/v-vratih-pivovarjev-odslej-tudi-aljaz-panjtar\/#breadcrumb","itemListElement":[{"@type":"ListItem","position":1,"name":"Home","item":"https:\/\/hudo.com\/si\/"},{"@type":"ListItem","position":2,"name":"V vratih pivovarjev odslej tudi Alja\u017e Panjtar"}]},{"@type":"WebSite","@id":"https:\/\/hudo.com\/si\/#website","url":"https:\/\/hudo.com\/si\/","name":"Hudo Slovenija","description":"Vse novice iz Slovenije in sveta","publisher":{"@id":"https:\/\/hudo.com\/si\/#organization"},"potentialAction":[{"@type":"SearchAction","target":{"@type":"EntryPoint","urlTemplate":"https:\/\/hudo.com\/si\/?s={search_term_string}"},"query-input":"required name=search_term_string"}],"inLanguage":"sl-SI"},{"@type":"Organization","@id":"https:\/\/hudo.com\/si\/#organization","name":"VSN Media","url":"https:\/\/hudo.com\/si\/","logo":{"@type":"ImageObject","inLanguage":"sl-SI","@id":"https:\/\/hudo.com\/si\/#\/schema\/logo\/image\/","url":"https:\/\/hudo.com\/si\/wp-content\/uploads\/sites\/2\/2021\/03\/hudo-app-2.png","contentUrl":"https:\/\/hudo.com\/si\/wp-content\/uploads\/sites\/2\/2021\/03\/hudo-app-2.png","width":2185,"height":2167,"caption":"VSN Media"},"image":{"@id":"https:\/\/hudo.com\/si\/#\/schema\/logo\/image\/"},"sameAs":["https:\/\/www.facebook.com\/hudo.si","https:\/\/twitter.com\/hudo_si"]},{"@type":"Person","@id":"https:\/\/hudo.com\/si\/#\/schema\/person\/601cf3379633985b20f7e50f2bb47707","name":"hudo","image":{"@type":"ImageObject","inLanguage":"sl-SI","@id":"https:\/\/hudo.com\/si\/#\/schema\/person\/image\/","url":"https:\/\/secure.gravatar.com\/avatar\/c4ca25fa72cace7a696b52ff5db9e095?s=96&d=mm&r=g","contentUrl":"https:\/\/secure.gravatar.com\/avatar\/c4ca25fa72cace7a696b52ff5db9e095?s=96&d=mm&r=g","caption":"hudo"},"url":"https:\/\/hudo.com\/si\/author\/hudo\/"}]}},"amp_enabled":true,"_links":{"self":[{"href":"https:\/\/hudo.com\/si\/wp-json\/wp\/v2\/posts\/281207"}],"collection":[{"href":"https:\/\/hudo.com\/si\/wp-json\/wp\/v2\/posts"}],"about":[{"href":"https:\/\/hudo.com\/si\/wp-json\/wp\/v2\/types\/post"}],"author":[{"embeddable":true,"href":"https:\/\/hudo.com\/si\/wp-json\/wp\/v2\/users\/1"}],"replies":[{"embeddable":true,"href":"https:\/\/hudo.com\/si\/wp-json\/wp\/v2\/comments?post=281207"}],"version-history":[{"count":0,"href":"https:\/\/hudo.com\/si\/wp-json\/wp\/v2\/posts\/281207\/revisions"}],"wp:attachment":[{"href":"https:\/\/hudo.com\/si\/wp-json\/wp\/v2\/media?parent=281207"}],"wp:term":[{"taxonomy":"category","embeddable":true,"href":"https:\/\/hudo.com\/si\/wp-json\/wp\/v2\/categories?post=281207"},{"taxonomy":"post_tag","embeddable":true,"href":"https:\/\/hudo.com\/si\/wp-json\/wp\/v2\/tags?post=281207"},{"taxonomy":"source","embeddable":true,"href":"https:\/\/hudo.com\/si\/wp-json\/wp\/v2\/source?post=281207"},{"taxonomy":"supertag","embeddable":true,"href":"https:\/\/hudo.com\/si\/wp-json\/wp\/v2\/supertag?post=281207"}],"curies":[{"name":"wp","href":"https:\/\/api.w.org\/{rel}","templated":true}]}}