{"id":281412,"date":"2017-07-27T10:30:00","date_gmt":"2017-07-27T08:30:00","guid":{"rendered":"http:\/\/hudo.com\/si\/2017\/07\/27\/basf-v-treh-mesecih-23-milijarde-evrov-dobicka\/"},"modified":"2017-07-27T10:30:00","modified_gmt":"2017-07-27T08:30:00","slug":"basf-v-treh-mesecih-23-milijarde-evrov-dobicka","status":"publish","type":"post","link":"https:\/\/hudo.com\/si\/aktualno\/basf-v-treh-mesecih-23-milijarde-evrov-dobicka\/","title":{"rendered":"BASF v treh mesecih 2,3 milijarde evrov dobi\u010dka"},"content":{"rendered":"<p>Kategorija: Podjetja Thu, 27 Jul 2017 12:30:00 +0200  \u00bbV drugem \u010detrtletju 2017 se je nadaljeval trend pozitivnega povpra\u0161evanja. \u017de peto \u010detrtletje zapored smo pove\u010dali obseg prodaje. V primerjavi z istim \u010detrtletjem lani smo znatno izbolj\u0161ali prodajo in dobi\u010dek,\u00ab pojasnjuje Kurt Bock, predsednik uprave izvr\u0161nih direktorjev podjetja BASF SE. Prodaja Skupine BASF se je v primerjavi z drugim \u010detrtletjem 2016 pove\u010dala za 12 odstotkov na 16,3 milijarde evrov, kar je predvsem posledica vi\u0161jih cen in koli\u010din. Dru\u017eba je ob vi\u0161jih stro\u0161kih surovin zvi\u0161ala prodajne cene za sedem odstotkov, predvsem zaradi vi\u0161jih cen v segmentu kemikalij. Obseg prodaje se je pove\u010dal za tri odstotke. U\u010dinki valutnih te\u010dajev so pozitivno vplivali na prodajo in so tako kot u\u010dinki portfelja odgovorni za enoodstotno pove\u010danje. Pri re\u0161itvah za kmetijstvo dobi\u010dek pada. Foto BASF Dobi\u010dek se je v drugem \u010detrtletju pove\u010dal za 32 odstotkov na 2,3 milijarde\u00a0&#8230;<\/p>\n","protected":false},"excerpt":{"rendered":"<p>Kategorija: Podjetja Thu, 27 Jul 2017 12:30:00 +0200  \u00bbV drugem \u010detrtletju 2017 se je nadaljeval trend pozitivnega povpra\u0161evanja. \u017de peto \u010detrtletje zapored smo pove\u010dali obseg prodaje. V primerjavi z istim \u010detrtletjem lani smo znatno izbolj\u0161ali prodajo in dobi\u010dek,\u00ab pojasnjuje Kurt Bock, predsednik uprave izvr\u0161nih direktorjev podjetja BASF SE. Prodaja Skupine BASF se je v primerjavi z drugim \u010detrtletjem 2016 pove\u010dala za 12 odstotkov na 16,3 milijarde evrov, kar je predvsem posledica vi\u0161jih cen in koli\u010din. Dru\u017eba je ob vi\u0161jih stro\u0161kih surovin zvi\u0161ala prodajne cene za sedem odstotkov, predvsem zaradi vi\u0161jih cen v segmentu kemikalij. Obseg prodaje se je pove\u010dal za tri odstotke. U\u010dinki valutnih te\u010dajev so pozitivno vplivali na prodajo in so tako kot u\u010dinki portfelja odgovorni za enoodstotno pove\u010danje. Pri re\u0161itvah za kmetijstvo dobi\u010dek pada. Foto BASF Dobi\u010dek se je v drugem \u010detrtletju pove\u010dal za 32 odstotkov na 2,3 milijarde\u00a0&#8230;<\/p>\n","protected":false},"author":1,"featured_media":0,"comment_status":"closed","ping_status":"closed","sticky":false,"template":"","format":"standard","meta":{"footnotes":""},"categories":[1179],"tags":[],"source":[1703],"supertag":[],"acf":[],"yoast_head":"<!-- This site is optimized with the Yoast SEO plugin v21.3 - https:\/\/yoast.com\/wordpress\/plugins\/seo\/ -->\n<title>BASF v treh mesecih 2,3 milijarde evrov dobi\u010dka - Hudo Slovenija<\/title>\n<meta name=\"robots\" content=\"index, follow, max-snippet:-1, max-image-preview:large, max-video-preview:-1\" \/>\n<link rel=\"canonical\" href=\"https:\/\/hudo.com\/si\/aktualno\/basf-v-treh-mesecih-23-milijarde-evrov-dobicka\/\" \/>\n<meta property=\"og:locale\" content=\"sl_SI\" \/>\n<meta property=\"og:type\" content=\"article\" \/>\n<meta property=\"og:title\" content=\"BASF v treh mesecih 2,3 milijarde evrov dobi\u010dka - Hudo Slovenija\" \/>\n<meta property=\"og:description\" content=\"Kategorija: Podjetja Thu, 27 Jul 2017 12:30:00 +0200 \u00bbV drugem \u010detrtletju 2017 se je nadaljeval trend pozitivnega povpra\u0161evanja. \u017de peto \u010detrtletje zapored smo pove\u010dali obseg prodaje. V primerjavi z istim \u010detrtletjem lani smo znatno izbolj\u0161ali prodajo in dobi\u010dek,\u00ab pojasnjuje Kurt Bock, predsednik uprave izvr\u0161nih direktorjev podjetja BASF SE. Prodaja Skupine BASF se je v primerjavi z drugim \u010detrtletjem 2016 pove\u010dala za 12 odstotkov na 16,3 milijarde evrov, kar je predvsem posledica vi\u0161jih cen in koli\u010din. Dru\u017eba je ob vi\u0161jih stro\u0161kih surovin zvi\u0161ala prodajne cene za sedem odstotkov, predvsem zaradi vi\u0161jih cen v segmentu kemikalij. Obseg prodaje se je pove\u010dal za tri odstotke. U\u010dinki valutnih te\u010dajev so pozitivno vplivali na prodajo in so tako kot u\u010dinki portfelja odgovorni za enoodstotno pove\u010danje. Pri re\u0161itvah za kmetijstvo dobi\u010dek pada. Foto BASF Dobi\u010dek se je v drugem \u010detrtletju pove\u010dal za 32 odstotkov na 2,3 milijarde\u00a0...\" \/>\n<meta property=\"og:url\" content=\"https:\/\/hudo.com\/si\/aktualno\/basf-v-treh-mesecih-23-milijarde-evrov-dobicka\/\" \/>\n<meta property=\"og:site_name\" content=\"Hudo Slovenija\" \/>\n<meta property=\"article:publisher\" content=\"https:\/\/www.facebook.com\/hudo.si\" \/>\n<meta property=\"article:published_time\" content=\"2017-07-27T08:30:00+00:00\" \/>\n<meta property=\"og:image\" content=\"https:\/\/hudo.com\/si\/wp-content\/uploads\/sites\/2\/2017\/07\/480x290_basffoto1.jpeg\" \/>\n\t<meta property=\"og:image:width\" content=\"480\" \/>\n\t<meta property=\"og:image:height\" content=\"290\" \/>\n\t<meta property=\"og:image:type\" content=\"image\/jpeg\" \/>\n<meta name=\"author\" content=\"hudo\" \/>\n<meta name=\"twitter:card\" content=\"summary_large_image\" \/>\n<meta name=\"twitter:creator\" content=\"@hudo_si\" \/>\n<meta name=\"twitter:site\" content=\"@hudo_si\" \/>\n<meta name=\"twitter:label1\" content=\"Written by\" \/>\n\t<meta name=\"twitter:data1\" content=\"hudo\" \/>\n\t<meta name=\"twitter:label2\" content=\"Est. reading time\" \/>\n\t<meta name=\"twitter:data2\" content=\"1 minuta\" \/>\n<script type=\"application\/ld+json\" class=\"yoast-schema-graph\">{\"@context\":\"https:\/\/schema.org\",\"@graph\":[{\"@type\":\"Article\",\"@id\":\"https:\/\/hudo.com\/si\/aktualno\/basf-v-treh-mesecih-23-milijarde-evrov-dobicka\/#article\",\"isPartOf\":{\"@id\":\"https:\/\/hudo.com\/si\/aktualno\/basf-v-treh-mesecih-23-milijarde-evrov-dobicka\/\"},\"author\":{\"name\":\"hudo\",\"@id\":\"https:\/\/hudo.com\/si\/#\/schema\/person\/601cf3379633985b20f7e50f2bb47707\"},\"headline\":\"BASF v treh mesecih 2,3 milijarde evrov dobi\u010dka\",\"datePublished\":\"2017-07-27T08:30:00+00:00\",\"dateModified\":\"2017-07-27T08:30:00+00:00\",\"mainEntityOfPage\":{\"@id\":\"https:\/\/hudo.com\/si\/aktualno\/basf-v-treh-mesecih-23-milijarde-evrov-dobicka\/\"},\"wordCount\":161,\"publisher\":{\"@id\":\"https:\/\/hudo.com\/si\/#organization\"},\"articleSection\":[\"Aktualno\"],\"inLanguage\":\"sl-SI\"},{\"@type\":\"WebPage\",\"@id\":\"https:\/\/hudo.com\/si\/aktualno\/basf-v-treh-mesecih-23-milijarde-evrov-dobicka\/\",\"url\":\"https:\/\/hudo.com\/si\/aktualno\/basf-v-treh-mesecih-23-milijarde-evrov-dobicka\/\",\"name\":\"BASF v treh mesecih 2,3 milijarde evrov dobi\u010dka - Hudo Slovenija\",\"isPartOf\":{\"@id\":\"https:\/\/hudo.com\/si\/#website\"},\"datePublished\":\"2017-07-27T08:30:00+00:00\",\"dateModified\":\"2017-07-27T08:30:00+00:00\",\"breadcrumb\":{\"@id\":\"https:\/\/hudo.com\/si\/aktualno\/basf-v-treh-mesecih-23-milijarde-evrov-dobicka\/#breadcrumb\"},\"inLanguage\":\"sl-SI\",\"potentialAction\":[{\"@type\":\"ReadAction\",\"target\":[\"https:\/\/hudo.com\/si\/aktualno\/basf-v-treh-mesecih-23-milijarde-evrov-dobicka\/\"]}]},{\"@type\":\"BreadcrumbList\",\"@id\":\"https:\/\/hudo.com\/si\/aktualno\/basf-v-treh-mesecih-23-milijarde-evrov-dobicka\/#breadcrumb\",\"itemListElement\":[{\"@type\":\"ListItem\",\"position\":1,\"name\":\"Home\",\"item\":\"https:\/\/hudo.com\/si\/\"},{\"@type\":\"ListItem\",\"position\":2,\"name\":\"BASF v treh mesecih 2,3 milijarde evrov dobi\u010dka\"}]},{\"@type\":\"WebSite\",\"@id\":\"https:\/\/hudo.com\/si\/#website\",\"url\":\"https:\/\/hudo.com\/si\/\",\"name\":\"Hudo Slovenija\",\"description\":\"Vse novice iz Slovenije in sveta\",\"publisher\":{\"@id\":\"https:\/\/hudo.com\/si\/#organization\"},\"potentialAction\":[{\"@type\":\"SearchAction\",\"target\":{\"@type\":\"EntryPoint\",\"urlTemplate\":\"https:\/\/hudo.com\/si\/?s={search_term_string}\"},\"query-input\":\"required name=search_term_string\"}],\"inLanguage\":\"sl-SI\"},{\"@type\":\"Organization\",\"@id\":\"https:\/\/hudo.com\/si\/#organization\",\"name\":\"VSN Media\",\"url\":\"https:\/\/hudo.com\/si\/\",\"logo\":{\"@type\":\"ImageObject\",\"inLanguage\":\"sl-SI\",\"@id\":\"https:\/\/hudo.com\/si\/#\/schema\/logo\/image\/\",\"url\":\"https:\/\/hudo.com\/si\/wp-content\/uploads\/sites\/2\/2021\/03\/hudo-app-2.png\",\"contentUrl\":\"https:\/\/hudo.com\/si\/wp-content\/uploads\/sites\/2\/2021\/03\/hudo-app-2.png\",\"width\":2185,\"height\":2167,\"caption\":\"VSN Media\"},\"image\":{\"@id\":\"https:\/\/hudo.com\/si\/#\/schema\/logo\/image\/\"},\"sameAs\":[\"https:\/\/www.facebook.com\/hudo.si\",\"https:\/\/twitter.com\/hudo_si\"]},{\"@type\":\"Person\",\"@id\":\"https:\/\/hudo.com\/si\/#\/schema\/person\/601cf3379633985b20f7e50f2bb47707\",\"name\":\"hudo\",\"image\":{\"@type\":\"ImageObject\",\"inLanguage\":\"sl-SI\",\"@id\":\"https:\/\/hudo.com\/si\/#\/schema\/person\/image\/\",\"url\":\"https:\/\/secure.gravatar.com\/avatar\/c4ca25fa72cace7a696b52ff5db9e095?s=96&d=mm&r=g\",\"contentUrl\":\"https:\/\/secure.gravatar.com\/avatar\/c4ca25fa72cace7a696b52ff5db9e095?s=96&d=mm&r=g\",\"caption\":\"hudo\"},\"url\":\"https:\/\/hudo.com\/si\/author\/hudo\/\"}]}<\/script>\n<!-- \/ Yoast SEO plugin. -->","yoast_head_json":{"title":"BASF v treh mesecih 2,3 milijarde evrov dobi\u010dka - Hudo Slovenija","robots":{"index":"index","follow":"follow","max-snippet":"max-snippet:-1","max-image-preview":"max-image-preview:large","max-video-preview":"max-video-preview:-1"},"canonical":"https:\/\/hudo.com\/si\/aktualno\/basf-v-treh-mesecih-23-milijarde-evrov-dobicka\/","og_locale":"sl_SI","og_type":"article","og_title":"BASF v treh mesecih 2,3 milijarde evrov dobi\u010dka - Hudo Slovenija","og_description":"Kategorija: Podjetja Thu, 27 Jul 2017 12:30:00 +0200 \u00bbV drugem \u010detrtletju 2017 se je nadaljeval trend pozitivnega povpra\u0161evanja. \u017de peto \u010detrtletje zapored smo pove\u010dali obseg prodaje. V primerjavi z istim \u010detrtletjem lani smo znatno izbolj\u0161ali prodajo in dobi\u010dek,\u00ab pojasnjuje Kurt Bock, predsednik uprave izvr\u0161nih direktorjev podjetja BASF SE. Prodaja Skupine BASF se je v primerjavi z drugim \u010detrtletjem 2016 pove\u010dala za 12 odstotkov na 16,3 milijarde evrov, kar je predvsem posledica vi\u0161jih cen in koli\u010din. Dru\u017eba je ob vi\u0161jih stro\u0161kih surovin zvi\u0161ala prodajne cene za sedem odstotkov, predvsem zaradi vi\u0161jih cen v segmentu kemikalij. Obseg prodaje se je pove\u010dal za tri odstotke. U\u010dinki valutnih te\u010dajev so pozitivno vplivali na prodajo in so tako kot u\u010dinki portfelja odgovorni za enoodstotno pove\u010danje. Pri re\u0161itvah za kmetijstvo dobi\u010dek pada. Foto BASF Dobi\u010dek se je v drugem \u010detrtletju pove\u010dal za 32 odstotkov na 2,3 milijarde\u00a0...","og_url":"https:\/\/hudo.com\/si\/aktualno\/basf-v-treh-mesecih-23-milijarde-evrov-dobicka\/","og_site_name":"Hudo Slovenija","article_publisher":"https:\/\/www.facebook.com\/hudo.si","article_published_time":"2017-07-27T08:30:00+00:00","og_image":[{"width":480,"height":290,"url":"https:\/\/hudo.com\/si\/wp-content\/uploads\/sites\/2\/2017\/07\/480x290_basffoto1.jpeg","type":"image\/jpeg"}],"author":"hudo","twitter_card":"summary_large_image","twitter_creator":"@hudo_si","twitter_site":"@hudo_si","twitter_misc":{"Written by":"hudo","Est. reading time":"1 minuta"},"schema":{"@context":"https:\/\/schema.org","@graph":[{"@type":"Article","@id":"https:\/\/hudo.com\/si\/aktualno\/basf-v-treh-mesecih-23-milijarde-evrov-dobicka\/#article","isPartOf":{"@id":"https:\/\/hudo.com\/si\/aktualno\/basf-v-treh-mesecih-23-milijarde-evrov-dobicka\/"},"author":{"name":"hudo","@id":"https:\/\/hudo.com\/si\/#\/schema\/person\/601cf3379633985b20f7e50f2bb47707"},"headline":"BASF v treh mesecih 2,3 milijarde evrov dobi\u010dka","datePublished":"2017-07-27T08:30:00+00:00","dateModified":"2017-07-27T08:30:00+00:00","mainEntityOfPage":{"@id":"https:\/\/hudo.com\/si\/aktualno\/basf-v-treh-mesecih-23-milijarde-evrov-dobicka\/"},"wordCount":161,"publisher":{"@id":"https:\/\/hudo.com\/si\/#organization"},"articleSection":["Aktualno"],"inLanguage":"sl-SI"},{"@type":"WebPage","@id":"https:\/\/hudo.com\/si\/aktualno\/basf-v-treh-mesecih-23-milijarde-evrov-dobicka\/","url":"https:\/\/hudo.com\/si\/aktualno\/basf-v-treh-mesecih-23-milijarde-evrov-dobicka\/","name":"BASF v treh mesecih 2,3 milijarde evrov dobi\u010dka - Hudo Slovenija","isPartOf":{"@id":"https:\/\/hudo.com\/si\/#website"},"datePublished":"2017-07-27T08:30:00+00:00","dateModified":"2017-07-27T08:30:00+00:00","breadcrumb":{"@id":"https:\/\/hudo.com\/si\/aktualno\/basf-v-treh-mesecih-23-milijarde-evrov-dobicka\/#breadcrumb"},"inLanguage":"sl-SI","potentialAction":[{"@type":"ReadAction","target":["https:\/\/hudo.com\/si\/aktualno\/basf-v-treh-mesecih-23-milijarde-evrov-dobicka\/"]}]},{"@type":"BreadcrumbList","@id":"https:\/\/hudo.com\/si\/aktualno\/basf-v-treh-mesecih-23-milijarde-evrov-dobicka\/#breadcrumb","itemListElement":[{"@type":"ListItem","position":1,"name":"Home","item":"https:\/\/hudo.com\/si\/"},{"@type":"ListItem","position":2,"name":"BASF v treh mesecih 2,3 milijarde evrov dobi\u010dka"}]},{"@type":"WebSite","@id":"https:\/\/hudo.com\/si\/#website","url":"https:\/\/hudo.com\/si\/","name":"Hudo Slovenija","description":"Vse novice iz Slovenije in sveta","publisher":{"@id":"https:\/\/hudo.com\/si\/#organization"},"potentialAction":[{"@type":"SearchAction","target":{"@type":"EntryPoint","urlTemplate":"https:\/\/hudo.com\/si\/?s={search_term_string}"},"query-input":"required name=search_term_string"}],"inLanguage":"sl-SI"},{"@type":"Organization","@id":"https:\/\/hudo.com\/si\/#organization","name":"VSN Media","url":"https:\/\/hudo.com\/si\/","logo":{"@type":"ImageObject","inLanguage":"sl-SI","@id":"https:\/\/hudo.com\/si\/#\/schema\/logo\/image\/","url":"https:\/\/hudo.com\/si\/wp-content\/uploads\/sites\/2\/2021\/03\/hudo-app-2.png","contentUrl":"https:\/\/hudo.com\/si\/wp-content\/uploads\/sites\/2\/2021\/03\/hudo-app-2.png","width":2185,"height":2167,"caption":"VSN Media"},"image":{"@id":"https:\/\/hudo.com\/si\/#\/schema\/logo\/image\/"},"sameAs":["https:\/\/www.facebook.com\/hudo.si","https:\/\/twitter.com\/hudo_si"]},{"@type":"Person","@id":"https:\/\/hudo.com\/si\/#\/schema\/person\/601cf3379633985b20f7e50f2bb47707","name":"hudo","image":{"@type":"ImageObject","inLanguage":"sl-SI","@id":"https:\/\/hudo.com\/si\/#\/schema\/person\/image\/","url":"https:\/\/secure.gravatar.com\/avatar\/c4ca25fa72cace7a696b52ff5db9e095?s=96&d=mm&r=g","contentUrl":"https:\/\/secure.gravatar.com\/avatar\/c4ca25fa72cace7a696b52ff5db9e095?s=96&d=mm&r=g","caption":"hudo"},"url":"https:\/\/hudo.com\/si\/author\/hudo\/"}]}},"amp_enabled":true,"_links":{"self":[{"href":"https:\/\/hudo.com\/si\/wp-json\/wp\/v2\/posts\/281412"}],"collection":[{"href":"https:\/\/hudo.com\/si\/wp-json\/wp\/v2\/posts"}],"about":[{"href":"https:\/\/hudo.com\/si\/wp-json\/wp\/v2\/types\/post"}],"author":[{"embeddable":true,"href":"https:\/\/hudo.com\/si\/wp-json\/wp\/v2\/users\/1"}],"replies":[{"embeddable":true,"href":"https:\/\/hudo.com\/si\/wp-json\/wp\/v2\/comments?post=281412"}],"version-history":[{"count":0,"href":"https:\/\/hudo.com\/si\/wp-json\/wp\/v2\/posts\/281412\/revisions"}],"wp:attachment":[{"href":"https:\/\/hudo.com\/si\/wp-json\/wp\/v2\/media?parent=281412"}],"wp:term":[{"taxonomy":"category","embeddable":true,"href":"https:\/\/hudo.com\/si\/wp-json\/wp\/v2\/categories?post=281412"},{"taxonomy":"post_tag","embeddable":true,"href":"https:\/\/hudo.com\/si\/wp-json\/wp\/v2\/tags?post=281412"},{"taxonomy":"source","embeddable":true,"href":"https:\/\/hudo.com\/si\/wp-json\/wp\/v2\/source?post=281412"},{"taxonomy":"supertag","embeddable":true,"href":"https:\/\/hudo.com\/si\/wp-json\/wp\/v2\/supertag?post=281412"}],"curies":[{"name":"wp","href":"https:\/\/api.w.org\/{rel}","templated":true}]}}