{"id":281414,"date":"2017-07-27T10:30:00","date_gmt":"2017-07-27T08:30:00","guid":{"rendered":"http:\/\/hudo.com\/si\/2017\/07\/27\/zaradi-usodnega-pretepa-v-racah-ovadeni-trije-mladoletniki\/"},"modified":"2017-07-27T10:30:00","modified_gmt":"2017-07-27T08:30:00","slug":"zaradi-usodnega-pretepa-v-racah-ovadeni-trije-mladoletniki","status":"publish","type":"post","link":"https:\/\/hudo.com\/si\/aktualno\/zaradi-usodnega-pretepa-v-racah-ovadeni-trije-mladoletniki\/","title":{"rendered":"Zaradi usodnega pretepa v Ra\u010dah ovadeni trije mladoletniki"},"content":{"rendered":"<p>Podrobno smo \u017ee poro\u010dali o smrti 60 letnega mo\u0161kega iz Ra\u010d, ki so ga 21. junija pretepli v \u010dakalnici tamkaj\u0161nje \u017eelezni\u0161ke postaje in je za posledicami po\u0161kodb, povzro\u010denih v pretepu, 19. julija umrl v mariborski bolni\u0161nici. Policisti so sicer takoj, ko je zaposleni na Slovenskih \u017eeleznicah sporo\u010dil, da na tleh v \u010dakalnici le\u017ei po\u0161kodovan mo\u0161ki, opravili ogled, &#8220;vendar zaradi pomanjkanja informacij \u0161e niso mogli zalju\u010diti, da gre za tako hudo kaznivo dejanje,&#8221; so danes sporo\u010dili s PU Maribor. Re\u0161evalci so pretepenega takrat odpeljali v UKC Maribor. Policija se je temeljitej\u0161e preiskave pretepa lotila potem, ko smo z Ve\u010dera v zvezi s pretepom nanjo naslovili nekaj vpra\u0161anj. Izkazalo se je, da so bila na mestu, da mo\u0161ki torej ni po nerodnosti padel, kot so sprva sklepali re\u0161evalci in policisti, ki so opravili ogled, pa\u010d da je bil pretepen. Tako hudo, da so po zaklju\u010deni preiskavi dejanje okvalificirali kot posebno hudo telesno po\u0161kodbo, katere posledica je bila smrt. Zaradi tega dejanja so 8. julija odvzeli prostost in za potreben \u010das pridr\u017eali starej\u0161ega mladoletnika iz Maribora in ga bodo kazensko ovadili zaradi suma storitve omenjenega kaznivega dejanja. Preiskava je pokazala, da je starej\u0161a mladoletnica \u017ertev zvabila v \u010dakalnico \u017delezni\u0161ke postaje Ra\u010de, in ko je pokojni stopil v \u010dakalnico, je vanjo za njim stopil \u0161e osumljenec skupaj s \u0161e eno mladoletnico. Po za\u010detnem pogovoru je osumljeni vpri\u010do obeh mladoletnic mo\u0161kega ve\u010dkrat udaril po glavi in telesu oziroma ga brcnil, nakar so mladoletniki od\u0161li iz \u010dakalnice, mo\u0161kega pa po\u0161kodovanega pustili le\u017eati. Ker dejanja osumljenca mladoletnici nista prijavili, ju bodo policisti ovadili zaradi kaznivega dejanja opustitev ovadbe kaznivega dejanja ali storilca. (\u010dk)<\/p>\n","protected":false},"excerpt":{"rendered":"<p>Podrobno smo \u017ee poro\u010dali o smrti 60 letnega mo\u0161kega iz Ra\u010d, ki so ga 21. junija pretepli v \u010dakalnici tamkaj\u0161nje \u017eelezni\u0161ke postaje in je za posledicami po\u0161kodb, povzro\u010denih v pretepu, 19. julija umrl v mariborski bolni\u0161nici. Policisti so sicer takoj, ko je zaposleni na Slovenskih \u017eeleznicah sporo\u010dil, da na tleh v \u010dakalnici le\u017ei po\u0161kodovan mo\u0161ki, opravili ogled, &#8220;vendar zaradi pomanjkanja informacij \u0161e niso mogli zalju\u010diti, da gre za tako hudo kaznivo dejanje,&#8221; so danes sporo\u010dili s PU Maribor. Re\u0161evalci so pretepenega takrat odpeljali v UKC Maribor. Policija se je temeljitej\u0161e preiskave pretepa lotila potem, ko smo z Ve\u010dera v zvezi s pretepom nanjo naslovili nekaj vpra\u0161anj. Izkazalo se je, da so bila na mestu, da mo\u0161ki torej ni po nerodnosti padel, kot so sprva sklepali re\u0161evalci in policisti, ki so opravili ogled, pa\u010d da je bil pretepen. Tako hudo, da so po zaklju\u010deni preiskavi dejanje okvalificirali kot posebno hudo telesno po\u0161kodbo, katere posledica je bila smrt. Zaradi tega dejanja so 8. julija odvzeli prostost in za potreben \u010das pridr\u017eali starej\u0161ega mladoletnika iz Maribora in ga bodo kazensko ovadili zaradi suma storitve omenjenega kaznivega dejanja. Preiskava je pokazala, da je starej\u0161a mladoletnica \u017ertev zvabila v \u010dakalnico \u017delezni\u0161ke postaje Ra\u010de, in ko je pokojni stopil v \u010dakalnico, je vanjo za njim stopil \u0161e osumljenec skupaj s \u0161e eno mladoletnico. Po za\u010detnem pogovoru je osumljeni vpri\u010do obeh mladoletnic mo\u0161kega ve\u010dkrat udaril po glavi in telesu oziroma ga brcnil, nakar so mladoletniki od\u0161li iz \u010dakalnice, mo\u0161kega pa po\u0161kodovanega pustili le\u017eati. Ker dejanja osumljenca mladoletnici nista prijavili, ju bodo policisti ovadili zaradi kaznivega dejanja opustitev ovadbe kaznivega dejanja ali storilca. (\u010dk)<\/p>\n","protected":false},"author":1,"featured_media":0,"comment_status":"closed","ping_status":"closed","sticky":false,"template":"","format":"standard","meta":{"footnotes":""},"categories":[1179],"tags":[],"source":[1711],"supertag":[],"acf":[],"yoast_head":"<!-- This site is optimized with the Yoast SEO plugin v21.3 - https:\/\/yoast.com\/wordpress\/plugins\/seo\/ -->\n<title>Zaradi usodnega pretepa v Ra\u010dah ovadeni trije mladoletniki - Hudo Slovenija<\/title>\n<meta name=\"robots\" content=\"index, follow, max-snippet:-1, max-image-preview:large, max-video-preview:-1\" \/>\n<link rel=\"canonical\" href=\"https:\/\/hudo.com\/si\/aktualno\/zaradi-usodnega-pretepa-v-racah-ovadeni-trije-mladoletniki\/\" \/>\n<meta property=\"og:locale\" content=\"sl_SI\" \/>\n<meta property=\"og:type\" content=\"article\" \/>\n<meta property=\"og:title\" content=\"Zaradi usodnega pretepa v Ra\u010dah ovadeni trije mladoletniki - Hudo Slovenija\" \/>\n<meta property=\"og:description\" content=\"Podrobno smo \u017ee poro\u010dali o smrti 60 letnega mo\u0161kega iz Ra\u010d, ki so ga 21. junija pretepli v \u010dakalnici tamkaj\u0161nje \u017eelezni\u0161ke postaje in je za posledicami po\u0161kodb, povzro\u010denih v pretepu, 19. julija umrl v mariborski bolni\u0161nici. Policisti so sicer takoj, ko je zaposleni na Slovenskih \u017eeleznicah sporo\u010dil, da na tleh v \u010dakalnici le\u017ei po\u0161kodovan mo\u0161ki, opravili ogled, &quot;vendar zaradi pomanjkanja informacij \u0161e niso mogli zalju\u010diti, da gre za tako hudo kaznivo dejanje,&quot; so danes sporo\u010dili s PU Maribor. Re\u0161evalci so pretepenega takrat odpeljali v UKC Maribor. Policija se je temeljitej\u0161e preiskave pretepa lotila potem, ko smo z Ve\u010dera v zvezi s pretepom nanjo naslovili nekaj vpra\u0161anj. Izkazalo se je, da so bila na mestu, da mo\u0161ki torej ni po nerodnosti padel, kot so sprva sklepali re\u0161evalci in policisti, ki so opravili ogled, pa\u010d da je bil pretepen. Tako hudo, da so po zaklju\u010deni preiskavi dejanje okvalificirali kot posebno hudo telesno po\u0161kodbo, katere posledica je bila smrt. Zaradi tega dejanja so 8. julija odvzeli prostost in za potreben \u010das pridr\u017eali starej\u0161ega mladoletnika iz Maribora in ga bodo kazensko ovadili zaradi suma storitve omenjenega kaznivega dejanja. Preiskava je pokazala, da je starej\u0161a mladoletnica \u017ertev zvabila v \u010dakalnico \u017delezni\u0161ke postaje Ra\u010de, in ko je pokojni stopil v \u010dakalnico, je vanjo za njim stopil \u0161e osumljenec skupaj s \u0161e eno mladoletnico. Po za\u010detnem pogovoru je osumljeni vpri\u010do obeh mladoletnic mo\u0161kega ve\u010dkrat udaril po glavi in telesu oziroma ga brcnil, nakar so mladoletniki od\u0161li iz \u010dakalnice, mo\u0161kega pa po\u0161kodovanega pustili le\u017eati. Ker dejanja osumljenca mladoletnici nista prijavili, ju bodo policisti ovadili zaradi kaznivega dejanja opustitev ovadbe kaznivega dejanja ali storilca. (\u010dk)\" \/>\n<meta property=\"og:url\" content=\"https:\/\/hudo.com\/si\/aktualno\/zaradi-usodnega-pretepa-v-racah-ovadeni-trije-mladoletniki\/\" \/>\n<meta property=\"og:site_name\" content=\"Hudo Slovenija\" \/>\n<meta property=\"article:publisher\" content=\"https:\/\/www.facebook.com\/hudo.si\" \/>\n<meta property=\"article:published_time\" content=\"2017-07-27T08:30:00+00:00\" \/>\n<meta property=\"og:image\" content=\"https:\/\/hudo.com\/si\/wp-content\/uploads\/sites\/2\/2017\/07\/race-300.jpg\" \/>\n\t<meta property=\"og:image:width\" content=\"450\" \/>\n\t<meta property=\"og:image:height\" content=\"337\" \/>\n\t<meta property=\"og:image:type\" content=\"image\/jpeg\" \/>\n<meta name=\"author\" content=\"hudo\" \/>\n<meta name=\"twitter:card\" content=\"summary_large_image\" \/>\n<meta name=\"twitter:creator\" content=\"@hudo_si\" \/>\n<meta name=\"twitter:site\" content=\"@hudo_si\" \/>\n<meta name=\"twitter:label1\" content=\"Written by\" \/>\n\t<meta name=\"twitter:data1\" content=\"hudo\" \/>\n\t<meta name=\"twitter:label2\" content=\"Est. reading time\" \/>\n\t<meta name=\"twitter:data2\" content=\"1 minuta\" \/>\n<script type=\"application\/ld+json\" class=\"yoast-schema-graph\">{\"@context\":\"https:\/\/schema.org\",\"@graph\":[{\"@type\":\"Article\",\"@id\":\"https:\/\/hudo.com\/si\/aktualno\/zaradi-usodnega-pretepa-v-racah-ovadeni-trije-mladoletniki\/#article\",\"isPartOf\":{\"@id\":\"https:\/\/hudo.com\/si\/aktualno\/zaradi-usodnega-pretepa-v-racah-ovadeni-trije-mladoletniki\/\"},\"author\":{\"name\":\"hudo\",\"@id\":\"https:\/\/hudo.com\/si\/#\/schema\/person\/601cf3379633985b20f7e50f2bb47707\"},\"headline\":\"Zaradi usodnega pretepa v Ra\u010dah ovadeni trije mladoletniki\",\"datePublished\":\"2017-07-27T08:30:00+00:00\",\"dateModified\":\"2017-07-27T08:30:00+00:00\",\"mainEntityOfPage\":{\"@id\":\"https:\/\/hudo.com\/si\/aktualno\/zaradi-usodnega-pretepa-v-racah-ovadeni-trije-mladoletniki\/\"},\"wordCount\":305,\"publisher\":{\"@id\":\"https:\/\/hudo.com\/si\/#organization\"},\"articleSection\":[\"Aktualno\"],\"inLanguage\":\"sl-SI\"},{\"@type\":\"WebPage\",\"@id\":\"https:\/\/hudo.com\/si\/aktualno\/zaradi-usodnega-pretepa-v-racah-ovadeni-trije-mladoletniki\/\",\"url\":\"https:\/\/hudo.com\/si\/aktualno\/zaradi-usodnega-pretepa-v-racah-ovadeni-trije-mladoletniki\/\",\"name\":\"Zaradi usodnega pretepa v Ra\u010dah ovadeni trije mladoletniki - Hudo Slovenija\",\"isPartOf\":{\"@id\":\"https:\/\/hudo.com\/si\/#website\"},\"datePublished\":\"2017-07-27T08:30:00+00:00\",\"dateModified\":\"2017-07-27T08:30:00+00:00\",\"breadcrumb\":{\"@id\":\"https:\/\/hudo.com\/si\/aktualno\/zaradi-usodnega-pretepa-v-racah-ovadeni-trije-mladoletniki\/#breadcrumb\"},\"inLanguage\":\"sl-SI\",\"potentialAction\":[{\"@type\":\"ReadAction\",\"target\":[\"https:\/\/hudo.com\/si\/aktualno\/zaradi-usodnega-pretepa-v-racah-ovadeni-trije-mladoletniki\/\"]}]},{\"@type\":\"BreadcrumbList\",\"@id\":\"https:\/\/hudo.com\/si\/aktualno\/zaradi-usodnega-pretepa-v-racah-ovadeni-trije-mladoletniki\/#breadcrumb\",\"itemListElement\":[{\"@type\":\"ListItem\",\"position\":1,\"name\":\"Home\",\"item\":\"https:\/\/hudo.com\/si\/\"},{\"@type\":\"ListItem\",\"position\":2,\"name\":\"Zaradi usodnega pretepa v Ra\u010dah ovadeni trije mladoletniki\"}]},{\"@type\":\"WebSite\",\"@id\":\"https:\/\/hudo.com\/si\/#website\",\"url\":\"https:\/\/hudo.com\/si\/\",\"name\":\"Hudo Slovenija\",\"description\":\"Vse novice iz Slovenije in sveta\",\"publisher\":{\"@id\":\"https:\/\/hudo.com\/si\/#organization\"},\"potentialAction\":[{\"@type\":\"SearchAction\",\"target\":{\"@type\":\"EntryPoint\",\"urlTemplate\":\"https:\/\/hudo.com\/si\/?s={search_term_string}\"},\"query-input\":\"required name=search_term_string\"}],\"inLanguage\":\"sl-SI\"},{\"@type\":\"Organization\",\"@id\":\"https:\/\/hudo.com\/si\/#organization\",\"name\":\"VSN Media\",\"url\":\"https:\/\/hudo.com\/si\/\",\"logo\":{\"@type\":\"ImageObject\",\"inLanguage\":\"sl-SI\",\"@id\":\"https:\/\/hudo.com\/si\/#\/schema\/logo\/image\/\",\"url\":\"https:\/\/hudo.com\/si\/wp-content\/uploads\/sites\/2\/2021\/03\/hudo-app-2.png\",\"contentUrl\":\"https:\/\/hudo.com\/si\/wp-content\/uploads\/sites\/2\/2021\/03\/hudo-app-2.png\",\"width\":2185,\"height\":2167,\"caption\":\"VSN Media\"},\"image\":{\"@id\":\"https:\/\/hudo.com\/si\/#\/schema\/logo\/image\/\"},\"sameAs\":[\"https:\/\/www.facebook.com\/hudo.si\",\"https:\/\/twitter.com\/hudo_si\"]},{\"@type\":\"Person\",\"@id\":\"https:\/\/hudo.com\/si\/#\/schema\/person\/601cf3379633985b20f7e50f2bb47707\",\"name\":\"hudo\",\"image\":{\"@type\":\"ImageObject\",\"inLanguage\":\"sl-SI\",\"@id\":\"https:\/\/hudo.com\/si\/#\/schema\/person\/image\/\",\"url\":\"https:\/\/secure.gravatar.com\/avatar\/c4ca25fa72cace7a696b52ff5db9e095?s=96&d=mm&r=g\",\"contentUrl\":\"https:\/\/secure.gravatar.com\/avatar\/c4ca25fa72cace7a696b52ff5db9e095?s=96&d=mm&r=g\",\"caption\":\"hudo\"},\"url\":\"https:\/\/hudo.com\/si\/author\/hudo\/\"}]}<\/script>\n<!-- \/ Yoast SEO plugin. -->","yoast_head_json":{"title":"Zaradi usodnega pretepa v Ra\u010dah ovadeni trije mladoletniki - Hudo Slovenija","robots":{"index":"index","follow":"follow","max-snippet":"max-snippet:-1","max-image-preview":"max-image-preview:large","max-video-preview":"max-video-preview:-1"},"canonical":"https:\/\/hudo.com\/si\/aktualno\/zaradi-usodnega-pretepa-v-racah-ovadeni-trije-mladoletniki\/","og_locale":"sl_SI","og_type":"article","og_title":"Zaradi usodnega pretepa v Ra\u010dah ovadeni trije mladoletniki - Hudo Slovenija","og_description":"Podrobno smo \u017ee poro\u010dali o smrti 60 letnega mo\u0161kega iz Ra\u010d, ki so ga 21. junija pretepli v \u010dakalnici tamkaj\u0161nje \u017eelezni\u0161ke postaje in je za posledicami po\u0161kodb, povzro\u010denih v pretepu, 19. julija umrl v mariborski bolni\u0161nici. Policisti so sicer takoj, ko je zaposleni na Slovenskih \u017eeleznicah sporo\u010dil, da na tleh v \u010dakalnici le\u017ei po\u0161kodovan mo\u0161ki, opravili ogled, \"vendar zaradi pomanjkanja informacij \u0161e niso mogli zalju\u010diti, da gre za tako hudo kaznivo dejanje,\" so danes sporo\u010dili s PU Maribor. Re\u0161evalci so pretepenega takrat odpeljali v UKC Maribor. Policija se je temeljitej\u0161e preiskave pretepa lotila potem, ko smo z Ve\u010dera v zvezi s pretepom nanjo naslovili nekaj vpra\u0161anj. Izkazalo se je, da so bila na mestu, da mo\u0161ki torej ni po nerodnosti padel, kot so sprva sklepali re\u0161evalci in policisti, ki so opravili ogled, pa\u010d da je bil pretepen. Tako hudo, da so po zaklju\u010deni preiskavi dejanje okvalificirali kot posebno hudo telesno po\u0161kodbo, katere posledica je bila smrt. Zaradi tega dejanja so 8. julija odvzeli prostost in za potreben \u010das pridr\u017eali starej\u0161ega mladoletnika iz Maribora in ga bodo kazensko ovadili zaradi suma storitve omenjenega kaznivega dejanja. Preiskava je pokazala, da je starej\u0161a mladoletnica \u017ertev zvabila v \u010dakalnico \u017delezni\u0161ke postaje Ra\u010de, in ko je pokojni stopil v \u010dakalnico, je vanjo za njim stopil \u0161e osumljenec skupaj s \u0161e eno mladoletnico. Po za\u010detnem pogovoru je osumljeni vpri\u010do obeh mladoletnic mo\u0161kega ve\u010dkrat udaril po glavi in telesu oziroma ga brcnil, nakar so mladoletniki od\u0161li iz \u010dakalnice, mo\u0161kega pa po\u0161kodovanega pustili le\u017eati. Ker dejanja osumljenca mladoletnici nista prijavili, ju bodo policisti ovadili zaradi kaznivega dejanja opustitev ovadbe kaznivega dejanja ali storilca. (\u010dk)","og_url":"https:\/\/hudo.com\/si\/aktualno\/zaradi-usodnega-pretepa-v-racah-ovadeni-trije-mladoletniki\/","og_site_name":"Hudo Slovenija","article_publisher":"https:\/\/www.facebook.com\/hudo.si","article_published_time":"2017-07-27T08:30:00+00:00","og_image":[{"width":450,"height":337,"url":"https:\/\/hudo.com\/si\/wp-content\/uploads\/sites\/2\/2017\/07\/race-300.jpg","type":"image\/jpeg"}],"author":"hudo","twitter_card":"summary_large_image","twitter_creator":"@hudo_si","twitter_site":"@hudo_si","twitter_misc":{"Written by":"hudo","Est. reading time":"1 minuta"},"schema":{"@context":"https:\/\/schema.org","@graph":[{"@type":"Article","@id":"https:\/\/hudo.com\/si\/aktualno\/zaradi-usodnega-pretepa-v-racah-ovadeni-trije-mladoletniki\/#article","isPartOf":{"@id":"https:\/\/hudo.com\/si\/aktualno\/zaradi-usodnega-pretepa-v-racah-ovadeni-trije-mladoletniki\/"},"author":{"name":"hudo","@id":"https:\/\/hudo.com\/si\/#\/schema\/person\/601cf3379633985b20f7e50f2bb47707"},"headline":"Zaradi usodnega pretepa v Ra\u010dah ovadeni trije mladoletniki","datePublished":"2017-07-27T08:30:00+00:00","dateModified":"2017-07-27T08:30:00+00:00","mainEntityOfPage":{"@id":"https:\/\/hudo.com\/si\/aktualno\/zaradi-usodnega-pretepa-v-racah-ovadeni-trije-mladoletniki\/"},"wordCount":305,"publisher":{"@id":"https:\/\/hudo.com\/si\/#organization"},"articleSection":["Aktualno"],"inLanguage":"sl-SI"},{"@type":"WebPage","@id":"https:\/\/hudo.com\/si\/aktualno\/zaradi-usodnega-pretepa-v-racah-ovadeni-trije-mladoletniki\/","url":"https:\/\/hudo.com\/si\/aktualno\/zaradi-usodnega-pretepa-v-racah-ovadeni-trije-mladoletniki\/","name":"Zaradi usodnega pretepa v Ra\u010dah ovadeni trije mladoletniki - Hudo Slovenija","isPartOf":{"@id":"https:\/\/hudo.com\/si\/#website"},"datePublished":"2017-07-27T08:30:00+00:00","dateModified":"2017-07-27T08:30:00+00:00","breadcrumb":{"@id":"https:\/\/hudo.com\/si\/aktualno\/zaradi-usodnega-pretepa-v-racah-ovadeni-trije-mladoletniki\/#breadcrumb"},"inLanguage":"sl-SI","potentialAction":[{"@type":"ReadAction","target":["https:\/\/hudo.com\/si\/aktualno\/zaradi-usodnega-pretepa-v-racah-ovadeni-trije-mladoletniki\/"]}]},{"@type":"BreadcrumbList","@id":"https:\/\/hudo.com\/si\/aktualno\/zaradi-usodnega-pretepa-v-racah-ovadeni-trije-mladoletniki\/#breadcrumb","itemListElement":[{"@type":"ListItem","position":1,"name":"Home","item":"https:\/\/hudo.com\/si\/"},{"@type":"ListItem","position":2,"name":"Zaradi usodnega pretepa v Ra\u010dah ovadeni trije mladoletniki"}]},{"@type":"WebSite","@id":"https:\/\/hudo.com\/si\/#website","url":"https:\/\/hudo.com\/si\/","name":"Hudo Slovenija","description":"Vse novice iz Slovenije in sveta","publisher":{"@id":"https:\/\/hudo.com\/si\/#organization"},"potentialAction":[{"@type":"SearchAction","target":{"@type":"EntryPoint","urlTemplate":"https:\/\/hudo.com\/si\/?s={search_term_string}"},"query-input":"required name=search_term_string"}],"inLanguage":"sl-SI"},{"@type":"Organization","@id":"https:\/\/hudo.com\/si\/#organization","name":"VSN Media","url":"https:\/\/hudo.com\/si\/","logo":{"@type":"ImageObject","inLanguage":"sl-SI","@id":"https:\/\/hudo.com\/si\/#\/schema\/logo\/image\/","url":"https:\/\/hudo.com\/si\/wp-content\/uploads\/sites\/2\/2021\/03\/hudo-app-2.png","contentUrl":"https:\/\/hudo.com\/si\/wp-content\/uploads\/sites\/2\/2021\/03\/hudo-app-2.png","width":2185,"height":2167,"caption":"VSN Media"},"image":{"@id":"https:\/\/hudo.com\/si\/#\/schema\/logo\/image\/"},"sameAs":["https:\/\/www.facebook.com\/hudo.si","https:\/\/twitter.com\/hudo_si"]},{"@type":"Person","@id":"https:\/\/hudo.com\/si\/#\/schema\/person\/601cf3379633985b20f7e50f2bb47707","name":"hudo","image":{"@type":"ImageObject","inLanguage":"sl-SI","@id":"https:\/\/hudo.com\/si\/#\/schema\/person\/image\/","url":"https:\/\/secure.gravatar.com\/avatar\/c4ca25fa72cace7a696b52ff5db9e095?s=96&d=mm&r=g","contentUrl":"https:\/\/secure.gravatar.com\/avatar\/c4ca25fa72cace7a696b52ff5db9e095?s=96&d=mm&r=g","caption":"hudo"},"url":"https:\/\/hudo.com\/si\/author\/hudo\/"}]}},"amp_enabled":true,"_links":{"self":[{"href":"https:\/\/hudo.com\/si\/wp-json\/wp\/v2\/posts\/281414"}],"collection":[{"href":"https:\/\/hudo.com\/si\/wp-json\/wp\/v2\/posts"}],"about":[{"href":"https:\/\/hudo.com\/si\/wp-json\/wp\/v2\/types\/post"}],"author":[{"embeddable":true,"href":"https:\/\/hudo.com\/si\/wp-json\/wp\/v2\/users\/1"}],"replies":[{"embeddable":true,"href":"https:\/\/hudo.com\/si\/wp-json\/wp\/v2\/comments?post=281414"}],"version-history":[{"count":0,"href":"https:\/\/hudo.com\/si\/wp-json\/wp\/v2\/posts\/281414\/revisions"}],"wp:attachment":[{"href":"https:\/\/hudo.com\/si\/wp-json\/wp\/v2\/media?parent=281414"}],"wp:term":[{"taxonomy":"category","embeddable":true,"href":"https:\/\/hudo.com\/si\/wp-json\/wp\/v2\/categories?post=281414"},{"taxonomy":"post_tag","embeddable":true,"href":"https:\/\/hudo.com\/si\/wp-json\/wp\/v2\/tags?post=281414"},{"taxonomy":"source","embeddable":true,"href":"https:\/\/hudo.com\/si\/wp-json\/wp\/v2\/source?post=281414"},{"taxonomy":"supertag","embeddable":true,"href":"https:\/\/hudo.com\/si\/wp-json\/wp\/v2\/supertag?post=281414"}],"curies":[{"name":"wp","href":"https:\/\/api.w.org\/{rel}","templated":true}]}}