{"id":281515,"date":"2017-07-27T11:21:00","date_gmt":"2017-07-27T09:21:00","guid":{"rendered":"http:\/\/hudo.com\/si\/2017\/07\/27\/plenkovic-ne-pricakuje-vrnitve-vecjega-stevila-beguncev-iz-slovenije-in-avstrije\/"},"modified":"2017-07-27T11:21:00","modified_gmt":"2017-07-27T09:21:00","slug":"plenkovic-ne-pricakuje-vrnitve-vecjega-stevila-beguncev-iz-slovenije-in-avstrije","status":"publish","type":"post","link":"https:\/\/hudo.com\/si\/aktualno\/plenkovic-ne-pricakuje-vrnitve-vecjega-stevila-beguncev-iz-slovenije-in-avstrije\/","title":{"rendered":"Plenkovi\u0107 ne pri\u010dakuje vrnitve ve\u010djega \u0161tevila beguncev iz Slovenije in Avstrije"},"content":{"rendered":"<p>Kategorija: Sose\u0161\u010dina Thu, 27 Jul 2017 13:21:00 +0200  Zagreb\/Dunaj \u2013 Hrva\u0161ki premier Andrej Plenkovi\u0107 je na dana\u0161nji seji hrva\u0161ke vlade povedal, da odlo\u010ditev sodi\u0161\u010da Evropske unije o odgovornosti Hrva\u0161ke za obravnavanje pro\u0161enj za mednarodno za\u0161\u010dito oseb, ki so mno\u017ei\u010dno pre\u010dkale njeno mejo med begunsko krizo, ne bo prispevala k vrnitvi ve\u010djega \u0161tevila beguncev iz Slovenije in Avstrije. \u00bbZaradi \u010dasa, ki je minil od nezakonitega vstopa migrantov na ozemlje dr\u017eav \u010dlanic EU, ni bojazni, da bi odlo\u010ditev sodi\u0161\u010da povzro\u010dila vra\u010danje bistvenega \u0161tevila oseb, ki so od septembra 2015 do aprila lani \u0161le prek ozemlja Hrva\u0161ke,\u00ab je \u0161e izpostavil. Napovedal je, da se bodo vlada ter pristojni ministrstvi za zunanje in notranje zadeve naknadno odzvali na razsodbo, potem ko jo bodo podrobno prou\u010dili. Kot je Plenkovi\u0107 poudaril, so napa\u010dne razlage, da je bila sodba sprejeta proti Hrva\u0161ki, ker Hrva\u0161ka ni bila stran v\u00a0&#8230;<\/p>\n","protected":false},"excerpt":{"rendered":"<p>Kategorija: Sose\u0161\u010dina Thu, 27 Jul 2017 13:21:00 +0200  Zagreb\/Dunaj \u2013 Hrva\u0161ki premier Andrej Plenkovi\u0107 je na dana\u0161nji seji hrva\u0161ke vlade povedal, da odlo\u010ditev sodi\u0161\u010da Evropske unije o odgovornosti Hrva\u0161ke za obravnavanje pro\u0161enj za mednarodno za\u0161\u010dito oseb, ki so mno\u017ei\u010dno pre\u010dkale njeno mejo med begunsko krizo, ne bo prispevala k vrnitvi ve\u010djega \u0161tevila beguncev iz Slovenije in Avstrije. \u00bbZaradi \u010dasa, ki je minil od nezakonitega vstopa migrantov na ozemlje dr\u017eav \u010dlanic EU, ni bojazni, da bi odlo\u010ditev sodi\u0161\u010da povzro\u010dila vra\u010danje bistvenega \u0161tevila oseb, ki so od septembra 2015 do aprila lani \u0161le prek ozemlja Hrva\u0161ke,\u00ab je \u0161e izpostavil. Napovedal je, da se bodo vlada ter pristojni ministrstvi za zunanje in notranje zadeve naknadno odzvali na razsodbo, potem ko jo bodo podrobno prou\u010dili. Kot je Plenkovi\u0107 poudaril, so napa\u010dne razlage, da je bila sodba sprejeta proti Hrva\u0161ki, ker Hrva\u0161ka ni bila stran v\u00a0&#8230;<\/p>\n","protected":false},"author":1,"featured_media":0,"comment_status":"closed","ping_status":"closed","sticky":false,"template":"","format":"standard","meta":{"footnotes":""},"categories":[1179],"tags":[],"source":[1703],"supertag":[],"acf":[],"yoast_head":"<!-- This site is optimized with the Yoast SEO plugin v21.3 - https:\/\/yoast.com\/wordpress\/plugins\/seo\/ -->\n<title>Plenkovi\u0107 ne pri\u010dakuje vrnitve ve\u010djega \u0161tevila beguncev iz Slovenije in Avstrije - Hudo Slovenija<\/title>\n<meta name=\"robots\" content=\"index, follow, max-snippet:-1, max-image-preview:large, max-video-preview:-1\" \/>\n<link rel=\"canonical\" href=\"https:\/\/hudo.com\/si\/aktualno\/plenkovic-ne-pricakuje-vrnitve-vecjega-stevila-beguncev-iz-slovenije-in-avstrije\/\" \/>\n<meta property=\"og:locale\" content=\"sl_SI\" \/>\n<meta property=\"og:type\" content=\"article\" \/>\n<meta property=\"og:title\" content=\"Plenkovi\u0107 ne pri\u010dakuje vrnitve ve\u010djega \u0161tevila beguncev iz Slovenije in Avstrije - Hudo Slovenija\" \/>\n<meta property=\"og:description\" content=\"Kategorija: Sose\u0161\u010dina Thu, 27 Jul 2017 13:21:00 +0200 Zagreb\/Dunaj \u2013 Hrva\u0161ki premier Andrej Plenkovi\u0107 je na dana\u0161nji seji hrva\u0161ke vlade povedal, da odlo\u010ditev sodi\u0161\u010da Evropske unije o odgovornosti Hrva\u0161ke za obravnavanje pro\u0161enj za mednarodno za\u0161\u010dito oseb, ki so mno\u017ei\u010dno pre\u010dkale njeno mejo med begunsko krizo, ne bo prispevala k vrnitvi ve\u010djega \u0161tevila beguncev iz Slovenije in Avstrije. \u00bbZaradi \u010dasa, ki je minil od nezakonitega vstopa migrantov na ozemlje dr\u017eav \u010dlanic EU, ni bojazni, da bi odlo\u010ditev sodi\u0161\u010da povzro\u010dila vra\u010danje bistvenega \u0161tevila oseb, ki so od septembra 2015 do aprila lani \u0161le prek ozemlja Hrva\u0161ke,\u00ab je \u0161e izpostavil. Napovedal je, da se bodo vlada ter pristojni ministrstvi za zunanje in notranje zadeve naknadno odzvali na razsodbo, potem ko jo bodo podrobno prou\u010dili. Kot je Plenkovi\u0107 poudaril, so napa\u010dne razlage, da je bila sodba sprejeta proti Hrva\u0161ki, ker Hrva\u0161ka ni bila stran v\u00a0...\" \/>\n<meta property=\"og:url\" content=\"https:\/\/hudo.com\/si\/aktualno\/plenkovic-ne-pricakuje-vrnitve-vecjega-stevila-beguncev-iz-slovenije-in-avstrije\/\" \/>\n<meta property=\"og:site_name\" content=\"Hudo Slovenija\" \/>\n<meta property=\"article:publisher\" content=\"https:\/\/www.facebook.com\/hudo.si\" \/>\n<meta property=\"article:published_time\" content=\"2017-07-27T09:21:00+00:00\" \/>\n<meta property=\"og:image\" content=\"https:\/\/hudo.com\/si\/wp-content\/uploads\/sites\/2\/2017\/07\/480x290_djvu_2519032_matkok_cropix-plenkovi-1.jpeg\" \/>\n\t<meta property=\"og:image:width\" content=\"480\" \/>\n\t<meta property=\"og:image:height\" content=\"290\" \/>\n\t<meta property=\"og:image:type\" content=\"image\/jpeg\" \/>\n<meta name=\"author\" content=\"hudo\" \/>\n<meta name=\"twitter:card\" content=\"summary_large_image\" \/>\n<meta name=\"twitter:creator\" content=\"@hudo_si\" \/>\n<meta name=\"twitter:site\" content=\"@hudo_si\" \/>\n<meta name=\"twitter:label1\" content=\"Written by\" \/>\n\t<meta name=\"twitter:data1\" content=\"hudo\" \/>\n\t<meta name=\"twitter:label2\" content=\"Est. reading time\" \/>\n\t<meta name=\"twitter:data2\" content=\"1 minuta\" \/>\n<script type=\"application\/ld+json\" class=\"yoast-schema-graph\">{\"@context\":\"https:\/\/schema.org\",\"@graph\":[{\"@type\":\"Article\",\"@id\":\"https:\/\/hudo.com\/si\/aktualno\/plenkovic-ne-pricakuje-vrnitve-vecjega-stevila-beguncev-iz-slovenije-in-avstrije\/#article\",\"isPartOf\":{\"@id\":\"https:\/\/hudo.com\/si\/aktualno\/plenkovic-ne-pricakuje-vrnitve-vecjega-stevila-beguncev-iz-slovenije-in-avstrije\/\"},\"author\":{\"name\":\"hudo\",\"@id\":\"https:\/\/hudo.com\/si\/#\/schema\/person\/601cf3379633985b20f7e50f2bb47707\"},\"headline\":\"Plenkovi\u0107 ne pri\u010dakuje vrnitve ve\u010djega \u0161tevila beguncev iz Slovenije in Avstrije\",\"datePublished\":\"2017-07-27T09:21:00+00:00\",\"dateModified\":\"2017-07-27T09:21:00+00:00\",\"mainEntityOfPage\":{\"@id\":\"https:\/\/hudo.com\/si\/aktualno\/plenkovic-ne-pricakuje-vrnitve-vecjega-stevila-beguncev-iz-slovenije-in-avstrije\/\"},\"wordCount\":172,\"publisher\":{\"@id\":\"https:\/\/hudo.com\/si\/#organization\"},\"articleSection\":[\"Aktualno\"],\"inLanguage\":\"sl-SI\"},{\"@type\":\"WebPage\",\"@id\":\"https:\/\/hudo.com\/si\/aktualno\/plenkovic-ne-pricakuje-vrnitve-vecjega-stevila-beguncev-iz-slovenije-in-avstrije\/\",\"url\":\"https:\/\/hudo.com\/si\/aktualno\/plenkovic-ne-pricakuje-vrnitve-vecjega-stevila-beguncev-iz-slovenije-in-avstrije\/\",\"name\":\"Plenkovi\u0107 ne pri\u010dakuje vrnitve ve\u010djega \u0161tevila beguncev iz Slovenije in Avstrije - Hudo Slovenija\",\"isPartOf\":{\"@id\":\"https:\/\/hudo.com\/si\/#website\"},\"datePublished\":\"2017-07-27T09:21:00+00:00\",\"dateModified\":\"2017-07-27T09:21:00+00:00\",\"breadcrumb\":{\"@id\":\"https:\/\/hudo.com\/si\/aktualno\/plenkovic-ne-pricakuje-vrnitve-vecjega-stevila-beguncev-iz-slovenije-in-avstrije\/#breadcrumb\"},\"inLanguage\":\"sl-SI\",\"potentialAction\":[{\"@type\":\"ReadAction\",\"target\":[\"https:\/\/hudo.com\/si\/aktualno\/plenkovic-ne-pricakuje-vrnitve-vecjega-stevila-beguncev-iz-slovenije-in-avstrije\/\"]}]},{\"@type\":\"BreadcrumbList\",\"@id\":\"https:\/\/hudo.com\/si\/aktualno\/plenkovic-ne-pricakuje-vrnitve-vecjega-stevila-beguncev-iz-slovenije-in-avstrije\/#breadcrumb\",\"itemListElement\":[{\"@type\":\"ListItem\",\"position\":1,\"name\":\"Home\",\"item\":\"https:\/\/hudo.com\/si\/\"},{\"@type\":\"ListItem\",\"position\":2,\"name\":\"Plenkovi\u0107 ne pri\u010dakuje vrnitve ve\u010djega \u0161tevila beguncev iz Slovenije in Avstrije\"}]},{\"@type\":\"WebSite\",\"@id\":\"https:\/\/hudo.com\/si\/#website\",\"url\":\"https:\/\/hudo.com\/si\/\",\"name\":\"Hudo Slovenija\",\"description\":\"Vse novice iz Slovenije in sveta\",\"publisher\":{\"@id\":\"https:\/\/hudo.com\/si\/#organization\"},\"potentialAction\":[{\"@type\":\"SearchAction\",\"target\":{\"@type\":\"EntryPoint\",\"urlTemplate\":\"https:\/\/hudo.com\/si\/?s={search_term_string}\"},\"query-input\":\"required name=search_term_string\"}],\"inLanguage\":\"sl-SI\"},{\"@type\":\"Organization\",\"@id\":\"https:\/\/hudo.com\/si\/#organization\",\"name\":\"VSN Media\",\"url\":\"https:\/\/hudo.com\/si\/\",\"logo\":{\"@type\":\"ImageObject\",\"inLanguage\":\"sl-SI\",\"@id\":\"https:\/\/hudo.com\/si\/#\/schema\/logo\/image\/\",\"url\":\"https:\/\/hudo.com\/si\/wp-content\/uploads\/sites\/2\/2021\/03\/hudo-app-2.png\",\"contentUrl\":\"https:\/\/hudo.com\/si\/wp-content\/uploads\/sites\/2\/2021\/03\/hudo-app-2.png\",\"width\":2185,\"height\":2167,\"caption\":\"VSN Media\"},\"image\":{\"@id\":\"https:\/\/hudo.com\/si\/#\/schema\/logo\/image\/\"},\"sameAs\":[\"https:\/\/www.facebook.com\/hudo.si\",\"https:\/\/twitter.com\/hudo_si\"]},{\"@type\":\"Person\",\"@id\":\"https:\/\/hudo.com\/si\/#\/schema\/person\/601cf3379633985b20f7e50f2bb47707\",\"name\":\"hudo\",\"image\":{\"@type\":\"ImageObject\",\"inLanguage\":\"sl-SI\",\"@id\":\"https:\/\/hudo.com\/si\/#\/schema\/person\/image\/\",\"url\":\"https:\/\/secure.gravatar.com\/avatar\/c4ca25fa72cace7a696b52ff5db9e095?s=96&d=mm&r=g\",\"contentUrl\":\"https:\/\/secure.gravatar.com\/avatar\/c4ca25fa72cace7a696b52ff5db9e095?s=96&d=mm&r=g\",\"caption\":\"hudo\"},\"url\":\"https:\/\/hudo.com\/si\/author\/hudo\/\"}]}<\/script>\n<!-- \/ Yoast SEO plugin. -->","yoast_head_json":{"title":"Plenkovi\u0107 ne pri\u010dakuje vrnitve ve\u010djega \u0161tevila beguncev iz Slovenije in Avstrije - Hudo Slovenija","robots":{"index":"index","follow":"follow","max-snippet":"max-snippet:-1","max-image-preview":"max-image-preview:large","max-video-preview":"max-video-preview:-1"},"canonical":"https:\/\/hudo.com\/si\/aktualno\/plenkovic-ne-pricakuje-vrnitve-vecjega-stevila-beguncev-iz-slovenije-in-avstrije\/","og_locale":"sl_SI","og_type":"article","og_title":"Plenkovi\u0107 ne pri\u010dakuje vrnitve ve\u010djega \u0161tevila beguncev iz Slovenije in Avstrije - Hudo Slovenija","og_description":"Kategorija: Sose\u0161\u010dina Thu, 27 Jul 2017 13:21:00 +0200 Zagreb\/Dunaj \u2013 Hrva\u0161ki premier Andrej Plenkovi\u0107 je na dana\u0161nji seji hrva\u0161ke vlade povedal, da odlo\u010ditev sodi\u0161\u010da Evropske unije o odgovornosti Hrva\u0161ke za obravnavanje pro\u0161enj za mednarodno za\u0161\u010dito oseb, ki so mno\u017ei\u010dno pre\u010dkale njeno mejo med begunsko krizo, ne bo prispevala k vrnitvi ve\u010djega \u0161tevila beguncev iz Slovenije in Avstrije. \u00bbZaradi \u010dasa, ki je minil od nezakonitega vstopa migrantov na ozemlje dr\u017eav \u010dlanic EU, ni bojazni, da bi odlo\u010ditev sodi\u0161\u010da povzro\u010dila vra\u010danje bistvenega \u0161tevila oseb, ki so od septembra 2015 do aprila lani \u0161le prek ozemlja Hrva\u0161ke,\u00ab je \u0161e izpostavil. Napovedal je, da se bodo vlada ter pristojni ministrstvi za zunanje in notranje zadeve naknadno odzvali na razsodbo, potem ko jo bodo podrobno prou\u010dili. Kot je Plenkovi\u0107 poudaril, so napa\u010dne razlage, da je bila sodba sprejeta proti Hrva\u0161ki, ker Hrva\u0161ka ni bila stran v\u00a0...","og_url":"https:\/\/hudo.com\/si\/aktualno\/plenkovic-ne-pricakuje-vrnitve-vecjega-stevila-beguncev-iz-slovenije-in-avstrije\/","og_site_name":"Hudo Slovenija","article_publisher":"https:\/\/www.facebook.com\/hudo.si","article_published_time":"2017-07-27T09:21:00+00:00","og_image":[{"width":480,"height":290,"url":"https:\/\/hudo.com\/si\/wp-content\/uploads\/sites\/2\/2017\/07\/480x290_djvu_2519032_matkok_cropix-plenkovi-1.jpeg","type":"image\/jpeg"}],"author":"hudo","twitter_card":"summary_large_image","twitter_creator":"@hudo_si","twitter_site":"@hudo_si","twitter_misc":{"Written by":"hudo","Est. reading time":"1 minuta"},"schema":{"@context":"https:\/\/schema.org","@graph":[{"@type":"Article","@id":"https:\/\/hudo.com\/si\/aktualno\/plenkovic-ne-pricakuje-vrnitve-vecjega-stevila-beguncev-iz-slovenije-in-avstrije\/#article","isPartOf":{"@id":"https:\/\/hudo.com\/si\/aktualno\/plenkovic-ne-pricakuje-vrnitve-vecjega-stevila-beguncev-iz-slovenije-in-avstrije\/"},"author":{"name":"hudo","@id":"https:\/\/hudo.com\/si\/#\/schema\/person\/601cf3379633985b20f7e50f2bb47707"},"headline":"Plenkovi\u0107 ne pri\u010dakuje vrnitve ve\u010djega \u0161tevila beguncev iz Slovenije in Avstrije","datePublished":"2017-07-27T09:21:00+00:00","dateModified":"2017-07-27T09:21:00+00:00","mainEntityOfPage":{"@id":"https:\/\/hudo.com\/si\/aktualno\/plenkovic-ne-pricakuje-vrnitve-vecjega-stevila-beguncev-iz-slovenije-in-avstrije\/"},"wordCount":172,"publisher":{"@id":"https:\/\/hudo.com\/si\/#organization"},"articleSection":["Aktualno"],"inLanguage":"sl-SI"},{"@type":"WebPage","@id":"https:\/\/hudo.com\/si\/aktualno\/plenkovic-ne-pricakuje-vrnitve-vecjega-stevila-beguncev-iz-slovenije-in-avstrije\/","url":"https:\/\/hudo.com\/si\/aktualno\/plenkovic-ne-pricakuje-vrnitve-vecjega-stevila-beguncev-iz-slovenije-in-avstrije\/","name":"Plenkovi\u0107 ne pri\u010dakuje vrnitve ve\u010djega \u0161tevila beguncev iz Slovenije in Avstrije - Hudo Slovenija","isPartOf":{"@id":"https:\/\/hudo.com\/si\/#website"},"datePublished":"2017-07-27T09:21:00+00:00","dateModified":"2017-07-27T09:21:00+00:00","breadcrumb":{"@id":"https:\/\/hudo.com\/si\/aktualno\/plenkovic-ne-pricakuje-vrnitve-vecjega-stevila-beguncev-iz-slovenije-in-avstrije\/#breadcrumb"},"inLanguage":"sl-SI","potentialAction":[{"@type":"ReadAction","target":["https:\/\/hudo.com\/si\/aktualno\/plenkovic-ne-pricakuje-vrnitve-vecjega-stevila-beguncev-iz-slovenije-in-avstrije\/"]}]},{"@type":"BreadcrumbList","@id":"https:\/\/hudo.com\/si\/aktualno\/plenkovic-ne-pricakuje-vrnitve-vecjega-stevila-beguncev-iz-slovenije-in-avstrije\/#breadcrumb","itemListElement":[{"@type":"ListItem","position":1,"name":"Home","item":"https:\/\/hudo.com\/si\/"},{"@type":"ListItem","position":2,"name":"Plenkovi\u0107 ne pri\u010dakuje vrnitve ve\u010djega \u0161tevila beguncev iz Slovenije in Avstrije"}]},{"@type":"WebSite","@id":"https:\/\/hudo.com\/si\/#website","url":"https:\/\/hudo.com\/si\/","name":"Hudo Slovenija","description":"Vse novice iz Slovenije in sveta","publisher":{"@id":"https:\/\/hudo.com\/si\/#organization"},"potentialAction":[{"@type":"SearchAction","target":{"@type":"EntryPoint","urlTemplate":"https:\/\/hudo.com\/si\/?s={search_term_string}"},"query-input":"required name=search_term_string"}],"inLanguage":"sl-SI"},{"@type":"Organization","@id":"https:\/\/hudo.com\/si\/#organization","name":"VSN Media","url":"https:\/\/hudo.com\/si\/","logo":{"@type":"ImageObject","inLanguage":"sl-SI","@id":"https:\/\/hudo.com\/si\/#\/schema\/logo\/image\/","url":"https:\/\/hudo.com\/si\/wp-content\/uploads\/sites\/2\/2021\/03\/hudo-app-2.png","contentUrl":"https:\/\/hudo.com\/si\/wp-content\/uploads\/sites\/2\/2021\/03\/hudo-app-2.png","width":2185,"height":2167,"caption":"VSN Media"},"image":{"@id":"https:\/\/hudo.com\/si\/#\/schema\/logo\/image\/"},"sameAs":["https:\/\/www.facebook.com\/hudo.si","https:\/\/twitter.com\/hudo_si"]},{"@type":"Person","@id":"https:\/\/hudo.com\/si\/#\/schema\/person\/601cf3379633985b20f7e50f2bb47707","name":"hudo","image":{"@type":"ImageObject","inLanguage":"sl-SI","@id":"https:\/\/hudo.com\/si\/#\/schema\/person\/image\/","url":"https:\/\/secure.gravatar.com\/avatar\/c4ca25fa72cace7a696b52ff5db9e095?s=96&d=mm&r=g","contentUrl":"https:\/\/secure.gravatar.com\/avatar\/c4ca25fa72cace7a696b52ff5db9e095?s=96&d=mm&r=g","caption":"hudo"},"url":"https:\/\/hudo.com\/si\/author\/hudo\/"}]}},"amp_enabled":true,"_links":{"self":[{"href":"https:\/\/hudo.com\/si\/wp-json\/wp\/v2\/posts\/281515"}],"collection":[{"href":"https:\/\/hudo.com\/si\/wp-json\/wp\/v2\/posts"}],"about":[{"href":"https:\/\/hudo.com\/si\/wp-json\/wp\/v2\/types\/post"}],"author":[{"embeddable":true,"href":"https:\/\/hudo.com\/si\/wp-json\/wp\/v2\/users\/1"}],"replies":[{"embeddable":true,"href":"https:\/\/hudo.com\/si\/wp-json\/wp\/v2\/comments?post=281515"}],"version-history":[{"count":0,"href":"https:\/\/hudo.com\/si\/wp-json\/wp\/v2\/posts\/281515\/revisions"}],"wp:attachment":[{"href":"https:\/\/hudo.com\/si\/wp-json\/wp\/v2\/media?parent=281515"}],"wp:term":[{"taxonomy":"category","embeddable":true,"href":"https:\/\/hudo.com\/si\/wp-json\/wp\/v2\/categories?post=281515"},{"taxonomy":"post_tag","embeddable":true,"href":"https:\/\/hudo.com\/si\/wp-json\/wp\/v2\/tags?post=281515"},{"taxonomy":"source","embeddable":true,"href":"https:\/\/hudo.com\/si\/wp-json\/wp\/v2\/source?post=281515"},{"taxonomy":"supertag","embeddable":true,"href":"https:\/\/hudo.com\/si\/wp-json\/wp\/v2\/supertag?post=281515"}],"curies":[{"name":"wp","href":"https:\/\/api.w.org\/{rel}","templated":true}]}}