{"id":281661,"date":"2017-07-27T12:38:00","date_gmt":"2017-07-27T10:38:00","guid":{"rendered":"http:\/\/hudo.com\/si\/2017\/07\/27\/eno-leto-zapora-zaradi-razbijanja-po-ptujskem-tozilstvu\/"},"modified":"2017-07-27T12:38:00","modified_gmt":"2017-07-27T10:38:00","slug":"eno-leto-zapora-zaradi-razbijanja-po-ptujskem-tozilstvu","status":"publish","type":"post","link":"https:\/\/hudo.com\/si\/aktualno\/eno-leto-zapora-zaradi-razbijanja-po-ptujskem-tozilstvu\/","title":{"rendered":"Eno leto zapora zaradi razbijanja po ptujskem to\u017eilstvu"},"content":{"rendered":"<p>Aleksander An\u017eelj, ki je 17. maja letos sku\u0161al priti oboro\u017een v prostore ptujskega to\u017eilstva in je zaradi tega pristal v priporu, bo za zapahi \u0161e nekaj \u010dasa. Ptujska sodnica Katja Bojnec je danes namre\u010d povsem sledila predlogu mariborskega to\u017eilca Martina Ulage, da je za obto\u017eenega primerna kazen eno leto zapora. Sodba \u0161e ni pravnomo\u010dna in hitro tudi ne bo, saj je An\u017eeljeva zagovornica, odvetnica Metka Slani\u010d, izjavila, da se bo obramba zoper prvostopenjsko odlo\u010ditev prito\u017eila. &#8220;Itak,&#8221; je napovedi odvetnice v sodni dvorani pritrdil An\u017eelj. Dejanje priznava, zanika naklep Da je odgovoren za incident na to\u017eilstvu, obto\u017eeni na sojenju sicer ni zanikal, je pa odlo\u010dno zavrnil o\u010ditke to\u017eilstva, da ga je storil naklepno. Zagovarjal se je, da nikomur ni hotel storiti ni\u010d \u017ealega. &#8220;Tistega dne je pri\u0161lo do konflikta preko domofona, razjezil pa me je ignorantski odnos. Nekaj dni po dogodku sem na to\u017eilstvo poslal opravi\u010dilo, iskreno sem se jim opravi\u010dil,&#8221; je An\u017eelj povedal v za\u010detku sojenja in spomnil, da se je na kraj dogodka po tem, ko ga je \u017ee zapustil, vrnil sam, ko je sli\u0161al tuljenje policijskih siren. A to ni bil njegov prvi incident. Dva meseca pred tem dogodkom je na to\u017eilstvo pri\u0161el s sekiro in menda grozil, da bo vse pobil. Da je oboro\u017een pri\u0161el na to\u017eilstvo tudi v drugo, so policisti ugotovili med preiskavo njegovega avtomobila, ko so v njegovem nahrbtniku na\u0161li no\u017e in ro\u010daj sekire. S tem nahrbtnikom ga je posnela varnostna kamera, ko je norel pred vhodom v prostore to\u017eilstva in razbil steklena vrata, torej so policisti utemlejeno sklepali, da gro\u017enje obdol\u017eenega niso bile nedol\u017ene. Jezen zaradi hi\u0161ne preiskave Ozadje, ki je An\u017eelja vodilo v to, da je besnel po to\u017eilstvu, je njegov predkazenski postopek zaradi domnevne vpletenosti v mamilarski posel. Zaradi suma, da se ukvarja s preprodajo prepovedanih substanc, so policisti pri njem opravili hi\u0161no preiskavo in mu poleg pripomo\u010dkov za gojenje konoplje zasegli tudi denar, o katerem sumijo, da ga je zaslu\u017eil s krimina<\/p>\n","protected":false},"excerpt":{"rendered":"<p>Aleksander An\u017eelj, ki je 17. maja letos sku\u0161al priti oboro\u017een v prostore ptujskega to\u017eilstva in je zaradi tega pristal v priporu, bo za zapahi \u0161e nekaj \u010dasa. Ptujska sodnica Katja Bojnec je danes namre\u010d povsem sledila predlogu mariborskega to\u017eilca Martina Ulage, da je za obto\u017eenega primerna kazen eno leto zapora. Sodba \u0161e ni pravnomo\u010dna in hitro tudi ne bo, saj je An\u017eeljeva zagovornica, odvetnica Metka Slani\u010d, izjavila, da se bo obramba zoper prvostopenjsko odlo\u010ditev prito\u017eila. &#8220;Itak,&#8221; je napovedi odvetnice v sodni dvorani pritrdil An\u017eelj. Dejanje priznava, zanika naklep Da je odgovoren za incident na to\u017eilstvu, obto\u017eeni na sojenju sicer ni zanikal, je pa odlo\u010dno zavrnil o\u010ditke to\u017eilstva, da ga je storil naklepno. Zagovarjal se je, da nikomur ni hotel storiti ni\u010d \u017ealega. &#8220;Tistega dne je pri\u0161lo do konflikta preko domofona, razjezil pa me je ignorantski odnos. Nekaj dni po dogodku sem na to\u017eilstvo poslal opravi\u010dilo, iskreno sem se jim opravi\u010dil,&#8221; je An\u017eelj povedal v za\u010detku sojenja in spomnil, da se je na kraj dogodka po tem, ko ga je \u017ee zapustil, vrnil sam, ko je sli\u0161al tuljenje policijskih siren. A to ni bil njegov prvi incident. Dva meseca pred tem dogodkom je na to\u017eilstvo pri\u0161el s sekiro in menda grozil, da bo vse pobil. Da je oboro\u017een pri\u0161el na to\u017eilstvo tudi v drugo, so policisti ugotovili med preiskavo njegovega avtomobila, ko so v njegovem nahrbtniku na\u0161li no\u017e in ro\u010daj sekire. S tem nahrbtnikom ga je posnela varnostna kamera, ko je norel pred vhodom v prostore to\u017eilstva in razbil steklena vrata, torej so policisti utemlejeno sklepali, da gro\u017enje obdol\u017eenega niso bile nedol\u017ene. Jezen zaradi hi\u0161ne preiskave Ozadje, ki je An\u017eelja vodilo v to, da je besnel po to\u017eilstvu, je njegov predkazenski postopek zaradi domnevne vpletenosti v mamilarski posel. Zaradi suma, da se ukvarja s preprodajo prepovedanih substanc, so policisti pri njem opravili hi\u0161no preiskavo in mu poleg pripomo\u010dkov za gojenje konoplje zasegli tudi denar, o katerem sumijo, da ga je zaslu\u017eil s krimina<\/p>\n","protected":false},"author":1,"featured_media":0,"comment_status":"closed","ping_status":"closed","sticky":false,"template":"","format":"standard","meta":{"footnotes":""},"categories":[1179],"tags":[],"source":[1711],"supertag":[],"acf":[],"yoast_head":"<!-- This site is optimized with the Yoast SEO plugin v21.3 - https:\/\/yoast.com\/wordpress\/plugins\/seo\/ -->\n<title>Eno leto zapora zaradi razbijanja po ptujskem to\u017eilstvu - Hudo Slovenija<\/title>\n<meta name=\"robots\" content=\"index, follow, max-snippet:-1, max-image-preview:large, max-video-preview:-1\" \/>\n<link rel=\"canonical\" href=\"https:\/\/hudo.com\/si\/aktualno\/eno-leto-zapora-zaradi-razbijanja-po-ptujskem-tozilstvu\/\" \/>\n<meta property=\"og:locale\" content=\"sl_SI\" \/>\n<meta property=\"og:type\" content=\"article\" \/>\n<meta property=\"og:title\" content=\"Eno leto zapora zaradi razbijanja po ptujskem to\u017eilstvu - Hudo Slovenija\" \/>\n<meta property=\"og:description\" content=\"Aleksander An\u017eelj, ki je 17. maja letos sku\u0161al priti oboro\u017een v prostore ptujskega to\u017eilstva in je zaradi tega pristal v priporu, bo za zapahi \u0161e nekaj \u010dasa. Ptujska sodnica Katja Bojnec je danes namre\u010d povsem sledila predlogu mariborskega to\u017eilca Martina Ulage, da je za obto\u017eenega primerna kazen eno leto zapora. Sodba \u0161e ni pravnomo\u010dna in hitro tudi ne bo, saj je An\u017eeljeva zagovornica, odvetnica Metka Slani\u010d, izjavila, da se bo obramba zoper prvostopenjsko odlo\u010ditev prito\u017eila. &quot;Itak,&quot; je napovedi odvetnice v sodni dvorani pritrdil An\u017eelj. Dejanje priznava, zanika naklep Da je odgovoren za incident na to\u017eilstvu, obto\u017eeni na sojenju sicer ni zanikal, je pa odlo\u010dno zavrnil o\u010ditke to\u017eilstva, da ga je storil naklepno. Zagovarjal se je, da nikomur ni hotel storiti ni\u010d \u017ealega. &quot;Tistega dne je pri\u0161lo do konflikta preko domofona, razjezil pa me je ignorantski odnos. Nekaj dni po dogodku sem na to\u017eilstvo poslal opravi\u010dilo, iskreno sem se jim opravi\u010dil,&quot; je An\u017eelj povedal v za\u010detku sojenja in spomnil, da se je na kraj dogodka po tem, ko ga je \u017ee zapustil, vrnil sam, ko je sli\u0161al tuljenje policijskih siren. A to ni bil njegov prvi incident. Dva meseca pred tem dogodkom je na to\u017eilstvo pri\u0161el s sekiro in menda grozil, da bo vse pobil. Da je oboro\u017een pri\u0161el na to\u017eilstvo tudi v drugo, so policisti ugotovili med preiskavo njegovega avtomobila, ko so v njegovem nahrbtniku na\u0161li no\u017e in ro\u010daj sekire. S tem nahrbtnikom ga je posnela varnostna kamera, ko je norel pred vhodom v prostore to\u017eilstva in razbil steklena vrata, torej so policisti utemlejeno sklepali, da gro\u017enje obdol\u017eenega niso bile nedol\u017ene. Jezen zaradi hi\u0161ne preiskave Ozadje, ki je An\u017eelja vodilo v to, da je besnel po to\u017eilstvu, je njegov predkazenski postopek zaradi domnevne vpletenosti v mamilarski posel. Zaradi suma, da se ukvarja s preprodajo prepovedanih substanc, so policisti pri njem opravili hi\u0161no preiskavo in mu poleg pripomo\u010dkov za gojenje konoplje zasegli tudi denar, o katerem sumijo, da ga je zaslu\u017eil s krimina\" \/>\n<meta property=\"og:url\" content=\"https:\/\/hudo.com\/si\/aktualno\/eno-leto-zapora-zaradi-razbijanja-po-ptujskem-tozilstvu\/\" \/>\n<meta property=\"og:site_name\" content=\"Hudo Slovenija\" \/>\n<meta property=\"article:publisher\" content=\"https:\/\/www.facebook.com\/hudo.si\" \/>\n<meta property=\"article:published_time\" content=\"2017-07-27T10:38:00+00:00\" \/>\n<meta property=\"og:image\" content=\"https:\/\/hudo.com\/si\/wp-content\/uploads\/sites\/2\/2017\/07\/0519tozilstv3-300.jpg\" \/>\n\t<meta property=\"og:image:width\" content=\"450\" \/>\n\t<meta property=\"og:image:height\" content=\"300\" \/>\n\t<meta property=\"og:image:type\" content=\"image\/jpeg\" \/>\n<meta name=\"author\" content=\"hudo\" \/>\n<meta name=\"twitter:card\" content=\"summary_large_image\" \/>\n<meta name=\"twitter:creator\" content=\"@hudo_si\" \/>\n<meta name=\"twitter:site\" content=\"@hudo_si\" \/>\n<meta name=\"twitter:label1\" content=\"Written by\" \/>\n\t<meta name=\"twitter:data1\" content=\"hudo\" \/>\n\t<meta name=\"twitter:label2\" content=\"Est. reading time\" \/>\n\t<meta name=\"twitter:data2\" content=\"2 minuti\" \/>\n<script type=\"application\/ld+json\" class=\"yoast-schema-graph\">{\"@context\":\"https:\/\/schema.org\",\"@graph\":[{\"@type\":\"Article\",\"@id\":\"https:\/\/hudo.com\/si\/aktualno\/eno-leto-zapora-zaradi-razbijanja-po-ptujskem-tozilstvu\/#article\",\"isPartOf\":{\"@id\":\"https:\/\/hudo.com\/si\/aktualno\/eno-leto-zapora-zaradi-razbijanja-po-ptujskem-tozilstvu\/\"},\"author\":{\"name\":\"hudo\",\"@id\":\"https:\/\/hudo.com\/si\/#\/schema\/person\/601cf3379633985b20f7e50f2bb47707\"},\"headline\":\"Eno leto zapora zaradi razbijanja po ptujskem to\u017eilstvu\",\"datePublished\":\"2017-07-27T10:38:00+00:00\",\"dateModified\":\"2017-07-27T10:38:00+00:00\",\"mainEntityOfPage\":{\"@id\":\"https:\/\/hudo.com\/si\/aktualno\/eno-leto-zapora-zaradi-razbijanja-po-ptujskem-tozilstvu\/\"},\"wordCount\":370,\"publisher\":{\"@id\":\"https:\/\/hudo.com\/si\/#organization\"},\"articleSection\":[\"Aktualno\"],\"inLanguage\":\"sl-SI\"},{\"@type\":\"WebPage\",\"@id\":\"https:\/\/hudo.com\/si\/aktualno\/eno-leto-zapora-zaradi-razbijanja-po-ptujskem-tozilstvu\/\",\"url\":\"https:\/\/hudo.com\/si\/aktualno\/eno-leto-zapora-zaradi-razbijanja-po-ptujskem-tozilstvu\/\",\"name\":\"Eno leto zapora zaradi razbijanja po ptujskem to\u017eilstvu - Hudo Slovenija\",\"isPartOf\":{\"@id\":\"https:\/\/hudo.com\/si\/#website\"},\"datePublished\":\"2017-07-27T10:38:00+00:00\",\"dateModified\":\"2017-07-27T10:38:00+00:00\",\"breadcrumb\":{\"@id\":\"https:\/\/hudo.com\/si\/aktualno\/eno-leto-zapora-zaradi-razbijanja-po-ptujskem-tozilstvu\/#breadcrumb\"},\"inLanguage\":\"sl-SI\",\"potentialAction\":[{\"@type\":\"ReadAction\",\"target\":[\"https:\/\/hudo.com\/si\/aktualno\/eno-leto-zapora-zaradi-razbijanja-po-ptujskem-tozilstvu\/\"]}]},{\"@type\":\"BreadcrumbList\",\"@id\":\"https:\/\/hudo.com\/si\/aktualno\/eno-leto-zapora-zaradi-razbijanja-po-ptujskem-tozilstvu\/#breadcrumb\",\"itemListElement\":[{\"@type\":\"ListItem\",\"position\":1,\"name\":\"Home\",\"item\":\"https:\/\/hudo.com\/si\/\"},{\"@type\":\"ListItem\",\"position\":2,\"name\":\"Eno leto zapora zaradi razbijanja po ptujskem to\u017eilstvu\"}]},{\"@type\":\"WebSite\",\"@id\":\"https:\/\/hudo.com\/si\/#website\",\"url\":\"https:\/\/hudo.com\/si\/\",\"name\":\"Hudo Slovenija\",\"description\":\"Vse novice iz Slovenije in sveta\",\"publisher\":{\"@id\":\"https:\/\/hudo.com\/si\/#organization\"},\"potentialAction\":[{\"@type\":\"SearchAction\",\"target\":{\"@type\":\"EntryPoint\",\"urlTemplate\":\"https:\/\/hudo.com\/si\/?s={search_term_string}\"},\"query-input\":\"required name=search_term_string\"}],\"inLanguage\":\"sl-SI\"},{\"@type\":\"Organization\",\"@id\":\"https:\/\/hudo.com\/si\/#organization\",\"name\":\"VSN Media\",\"url\":\"https:\/\/hudo.com\/si\/\",\"logo\":{\"@type\":\"ImageObject\",\"inLanguage\":\"sl-SI\",\"@id\":\"https:\/\/hudo.com\/si\/#\/schema\/logo\/image\/\",\"url\":\"https:\/\/hudo.com\/si\/wp-content\/uploads\/sites\/2\/2021\/03\/hudo-app-2.png\",\"contentUrl\":\"https:\/\/hudo.com\/si\/wp-content\/uploads\/sites\/2\/2021\/03\/hudo-app-2.png\",\"width\":2185,\"height\":2167,\"caption\":\"VSN Media\"},\"image\":{\"@id\":\"https:\/\/hudo.com\/si\/#\/schema\/logo\/image\/\"},\"sameAs\":[\"https:\/\/www.facebook.com\/hudo.si\",\"https:\/\/twitter.com\/hudo_si\"]},{\"@type\":\"Person\",\"@id\":\"https:\/\/hudo.com\/si\/#\/schema\/person\/601cf3379633985b20f7e50f2bb47707\",\"name\":\"hudo\",\"image\":{\"@type\":\"ImageObject\",\"inLanguage\":\"sl-SI\",\"@id\":\"https:\/\/hudo.com\/si\/#\/schema\/person\/image\/\",\"url\":\"https:\/\/secure.gravatar.com\/avatar\/c4ca25fa72cace7a696b52ff5db9e095?s=96&d=mm&r=g\",\"contentUrl\":\"https:\/\/secure.gravatar.com\/avatar\/c4ca25fa72cace7a696b52ff5db9e095?s=96&d=mm&r=g\",\"caption\":\"hudo\"},\"url\":\"https:\/\/hudo.com\/si\/author\/hudo\/\"}]}<\/script>\n<!-- \/ Yoast SEO plugin. -->","yoast_head_json":{"title":"Eno leto zapora zaradi razbijanja po ptujskem to\u017eilstvu - Hudo Slovenija","robots":{"index":"index","follow":"follow","max-snippet":"max-snippet:-1","max-image-preview":"max-image-preview:large","max-video-preview":"max-video-preview:-1"},"canonical":"https:\/\/hudo.com\/si\/aktualno\/eno-leto-zapora-zaradi-razbijanja-po-ptujskem-tozilstvu\/","og_locale":"sl_SI","og_type":"article","og_title":"Eno leto zapora zaradi razbijanja po ptujskem to\u017eilstvu - Hudo Slovenija","og_description":"Aleksander An\u017eelj, ki je 17. maja letos sku\u0161al priti oboro\u017een v prostore ptujskega to\u017eilstva in je zaradi tega pristal v priporu, bo za zapahi \u0161e nekaj \u010dasa. Ptujska sodnica Katja Bojnec je danes namre\u010d povsem sledila predlogu mariborskega to\u017eilca Martina Ulage, da je za obto\u017eenega primerna kazen eno leto zapora. Sodba \u0161e ni pravnomo\u010dna in hitro tudi ne bo, saj je An\u017eeljeva zagovornica, odvetnica Metka Slani\u010d, izjavila, da se bo obramba zoper prvostopenjsko odlo\u010ditev prito\u017eila. \"Itak,\" je napovedi odvetnice v sodni dvorani pritrdil An\u017eelj. Dejanje priznava, zanika naklep Da je odgovoren za incident na to\u017eilstvu, obto\u017eeni na sojenju sicer ni zanikal, je pa odlo\u010dno zavrnil o\u010ditke to\u017eilstva, da ga je storil naklepno. Zagovarjal se je, da nikomur ni hotel storiti ni\u010d \u017ealega. \"Tistega dne je pri\u0161lo do konflikta preko domofona, razjezil pa me je ignorantski odnos. Nekaj dni po dogodku sem na to\u017eilstvo poslal opravi\u010dilo, iskreno sem se jim opravi\u010dil,\" je An\u017eelj povedal v za\u010detku sojenja in spomnil, da se je na kraj dogodka po tem, ko ga je \u017ee zapustil, vrnil sam, ko je sli\u0161al tuljenje policijskih siren. A to ni bil njegov prvi incident. Dva meseca pred tem dogodkom je na to\u017eilstvo pri\u0161el s sekiro in menda grozil, da bo vse pobil. Da je oboro\u017een pri\u0161el na to\u017eilstvo tudi v drugo, so policisti ugotovili med preiskavo njegovega avtomobila, ko so v njegovem nahrbtniku na\u0161li no\u017e in ro\u010daj sekire. S tem nahrbtnikom ga je posnela varnostna kamera, ko je norel pred vhodom v prostore to\u017eilstva in razbil steklena vrata, torej so policisti utemlejeno sklepali, da gro\u017enje obdol\u017eenega niso bile nedol\u017ene. Jezen zaradi hi\u0161ne preiskave Ozadje, ki je An\u017eelja vodilo v to, da je besnel po to\u017eilstvu, je njegov predkazenski postopek zaradi domnevne vpletenosti v mamilarski posel. Zaradi suma, da se ukvarja s preprodajo prepovedanih substanc, so policisti pri njem opravili hi\u0161no preiskavo in mu poleg pripomo\u010dkov za gojenje konoplje zasegli tudi denar, o katerem sumijo, da ga je zaslu\u017eil s krimina","og_url":"https:\/\/hudo.com\/si\/aktualno\/eno-leto-zapora-zaradi-razbijanja-po-ptujskem-tozilstvu\/","og_site_name":"Hudo Slovenija","article_publisher":"https:\/\/www.facebook.com\/hudo.si","article_published_time":"2017-07-27T10:38:00+00:00","og_image":[{"width":450,"height":300,"url":"https:\/\/hudo.com\/si\/wp-content\/uploads\/sites\/2\/2017\/07\/0519tozilstv3-300.jpg","type":"image\/jpeg"}],"author":"hudo","twitter_card":"summary_large_image","twitter_creator":"@hudo_si","twitter_site":"@hudo_si","twitter_misc":{"Written by":"hudo","Est. reading time":"2 minuti"},"schema":{"@context":"https:\/\/schema.org","@graph":[{"@type":"Article","@id":"https:\/\/hudo.com\/si\/aktualno\/eno-leto-zapora-zaradi-razbijanja-po-ptujskem-tozilstvu\/#article","isPartOf":{"@id":"https:\/\/hudo.com\/si\/aktualno\/eno-leto-zapora-zaradi-razbijanja-po-ptujskem-tozilstvu\/"},"author":{"name":"hudo","@id":"https:\/\/hudo.com\/si\/#\/schema\/person\/601cf3379633985b20f7e50f2bb47707"},"headline":"Eno leto zapora zaradi razbijanja po ptujskem to\u017eilstvu","datePublished":"2017-07-27T10:38:00+00:00","dateModified":"2017-07-27T10:38:00+00:00","mainEntityOfPage":{"@id":"https:\/\/hudo.com\/si\/aktualno\/eno-leto-zapora-zaradi-razbijanja-po-ptujskem-tozilstvu\/"},"wordCount":370,"publisher":{"@id":"https:\/\/hudo.com\/si\/#organization"},"articleSection":["Aktualno"],"inLanguage":"sl-SI"},{"@type":"WebPage","@id":"https:\/\/hudo.com\/si\/aktualno\/eno-leto-zapora-zaradi-razbijanja-po-ptujskem-tozilstvu\/","url":"https:\/\/hudo.com\/si\/aktualno\/eno-leto-zapora-zaradi-razbijanja-po-ptujskem-tozilstvu\/","name":"Eno leto zapora zaradi razbijanja po ptujskem to\u017eilstvu - Hudo Slovenija","isPartOf":{"@id":"https:\/\/hudo.com\/si\/#website"},"datePublished":"2017-07-27T10:38:00+00:00","dateModified":"2017-07-27T10:38:00+00:00","breadcrumb":{"@id":"https:\/\/hudo.com\/si\/aktualno\/eno-leto-zapora-zaradi-razbijanja-po-ptujskem-tozilstvu\/#breadcrumb"},"inLanguage":"sl-SI","potentialAction":[{"@type":"ReadAction","target":["https:\/\/hudo.com\/si\/aktualno\/eno-leto-zapora-zaradi-razbijanja-po-ptujskem-tozilstvu\/"]}]},{"@type":"BreadcrumbList","@id":"https:\/\/hudo.com\/si\/aktualno\/eno-leto-zapora-zaradi-razbijanja-po-ptujskem-tozilstvu\/#breadcrumb","itemListElement":[{"@type":"ListItem","position":1,"name":"Home","item":"https:\/\/hudo.com\/si\/"},{"@type":"ListItem","position":2,"name":"Eno leto zapora zaradi razbijanja po ptujskem to\u017eilstvu"}]},{"@type":"WebSite","@id":"https:\/\/hudo.com\/si\/#website","url":"https:\/\/hudo.com\/si\/","name":"Hudo Slovenija","description":"Vse novice iz Slovenije in sveta","publisher":{"@id":"https:\/\/hudo.com\/si\/#organization"},"potentialAction":[{"@type":"SearchAction","target":{"@type":"EntryPoint","urlTemplate":"https:\/\/hudo.com\/si\/?s={search_term_string}"},"query-input":"required name=search_term_string"}],"inLanguage":"sl-SI"},{"@type":"Organization","@id":"https:\/\/hudo.com\/si\/#organization","name":"VSN Media","url":"https:\/\/hudo.com\/si\/","logo":{"@type":"ImageObject","inLanguage":"sl-SI","@id":"https:\/\/hudo.com\/si\/#\/schema\/logo\/image\/","url":"https:\/\/hudo.com\/si\/wp-content\/uploads\/sites\/2\/2021\/03\/hudo-app-2.png","contentUrl":"https:\/\/hudo.com\/si\/wp-content\/uploads\/sites\/2\/2021\/03\/hudo-app-2.png","width":2185,"height":2167,"caption":"VSN Media"},"image":{"@id":"https:\/\/hudo.com\/si\/#\/schema\/logo\/image\/"},"sameAs":["https:\/\/www.facebook.com\/hudo.si","https:\/\/twitter.com\/hudo_si"]},{"@type":"Person","@id":"https:\/\/hudo.com\/si\/#\/schema\/person\/601cf3379633985b20f7e50f2bb47707","name":"hudo","image":{"@type":"ImageObject","inLanguage":"sl-SI","@id":"https:\/\/hudo.com\/si\/#\/schema\/person\/image\/","url":"https:\/\/secure.gravatar.com\/avatar\/c4ca25fa72cace7a696b52ff5db9e095?s=96&d=mm&r=g","contentUrl":"https:\/\/secure.gravatar.com\/avatar\/c4ca25fa72cace7a696b52ff5db9e095?s=96&d=mm&r=g","caption":"hudo"},"url":"https:\/\/hudo.com\/si\/author\/hudo\/"}]}},"amp_enabled":true,"_links":{"self":[{"href":"https:\/\/hudo.com\/si\/wp-json\/wp\/v2\/posts\/281661"}],"collection":[{"href":"https:\/\/hudo.com\/si\/wp-json\/wp\/v2\/posts"}],"about":[{"href":"https:\/\/hudo.com\/si\/wp-json\/wp\/v2\/types\/post"}],"author":[{"embeddable":true,"href":"https:\/\/hudo.com\/si\/wp-json\/wp\/v2\/users\/1"}],"replies":[{"embeddable":true,"href":"https:\/\/hudo.com\/si\/wp-json\/wp\/v2\/comments?post=281661"}],"version-history":[{"count":0,"href":"https:\/\/hudo.com\/si\/wp-json\/wp\/v2\/posts\/281661\/revisions"}],"wp:attachment":[{"href":"https:\/\/hudo.com\/si\/wp-json\/wp\/v2\/media?parent=281661"}],"wp:term":[{"taxonomy":"category","embeddable":true,"href":"https:\/\/hudo.com\/si\/wp-json\/wp\/v2\/categories?post=281661"},{"taxonomy":"post_tag","embeddable":true,"href":"https:\/\/hudo.com\/si\/wp-json\/wp\/v2\/tags?post=281661"},{"taxonomy":"source","embeddable":true,"href":"https:\/\/hudo.com\/si\/wp-json\/wp\/v2\/source?post=281661"},{"taxonomy":"supertag","embeddable":true,"href":"https:\/\/hudo.com\/si\/wp-json\/wp\/v2\/supertag?post=281661"}],"curies":[{"name":"wp","href":"https:\/\/api.w.org\/{rel}","templated":true}]}}