{"id":282527,"date":"2017-07-30T13:37:00","date_gmt":"2017-07-30T11:37:00","guid":{"rendered":"http:\/\/hudo.com\/si\/2017\/07\/30\/ratejeva-sedma-janezic-trinajsti-na-lestvici\/"},"modified":"2017-07-30T13:37:00","modified_gmt":"2017-07-30T11:37:00","slug":"ratejeva-sedma-janezic-trinajsti-na-lestvici","status":"publish","type":"post","link":"https:\/\/hudo.com\/si\/aktualno\/ratejeva-sedma-janezic-trinajsti-na-lestvici\/","title":{"rendered":"Ratejeva sedma, Jane\u017ei\u010d trinajsti na lestvici"},"content":{"rendered":"<p>Kategorija: Drugi \u0161porti Sun, 30 Jul 2017 15:37:00 +0200  Ljubljana &#8211; Atletsko svetovno prvenstvo, ki ga bo London gostil med 4. in 13. avgustom, se nezadr\u017eno bli\u017ea, od slovenskih potnikov pa ima najbolj\u0161i leto\u0161nji dose\u017eek &#8211; sedmega &#8211; metalka kopja Martina Ratej, \u010dlanica celjskega Kladivarja, ki je v tej sezoni orodje najdlje zalu\u010dala 64,85 metra dale\u010d. Glede na rezultate je prva favoritinja za odli\u010dje naj\u017elahtnej\u0161ega leska Hrvatica Sara Kolak (68,43 metra), ki vadi pod taktirko nekdanjega Martininega trenerja Andreja Hajn\u0161ka, poro\u010da STA. Evropski prvak do 23 let v teku na 400 metrov Luka Jane\u017ei\u010d, sicer klubski kolega Ratejeve, je s 44,84 sekunde ta \u010das trinajsti na lestvici, na \u010delu katere je svetovni rekorder in olimpijski zmagovalec, Ju\u017enoafri\u010dan Wayde van Niekerk, ki bo v Londonu branil lovoriko. Maru\u0161a \u010cernjul (Kladivar) je 27. v skoku v vi\u0161ino (191 centimetrov), Tina \u0160utej (Mass\u00a0&#8230;<\/p>\n","protected":false},"excerpt":{"rendered":"<p>Kategorija: Drugi \u0161porti Sun, 30 Jul 2017 15:37:00 +0200  Ljubljana &#8211; Atletsko svetovno prvenstvo, ki ga bo London gostil med 4. in 13. avgustom, se nezadr\u017eno bli\u017ea, od slovenskih potnikov pa ima najbolj\u0161i leto\u0161nji dose\u017eek &#8211; sedmega &#8211; metalka kopja Martina Ratej, \u010dlanica celjskega Kladivarja, ki je v tej sezoni orodje najdlje zalu\u010dala 64,85 metra dale\u010d. Glede na rezultate je prva favoritinja za odli\u010dje naj\u017elahtnej\u0161ega leska Hrvatica Sara Kolak (68,43 metra), ki vadi pod taktirko nekdanjega Martininega trenerja Andreja Hajn\u0161ka, poro\u010da STA. Evropski prvak do 23 let v teku na 400 metrov Luka Jane\u017ei\u010d, sicer klubski kolega Ratejeve, je s 44,84 sekunde ta \u010das trinajsti na lestvici, na \u010delu katere je svetovni rekorder in olimpijski zmagovalec, Ju\u017enoafri\u010dan Wayde van Niekerk, ki bo v Londonu branil lovoriko. Maru\u0161a \u010cernjul (Kladivar) je 27. v skoku v vi\u0161ino (191 centimetrov), Tina \u0160utej (Mass\u00a0&#8230;<\/p>\n","protected":false},"author":1,"featured_media":0,"comment_status":"closed","ping_status":"closed","sticky":false,"template":"","format":"standard","meta":{"footnotes":""},"categories":[1179],"tags":[],"source":[1703],"supertag":[],"acf":[],"yoast_head":"<!-- This site is optimized with the Yoast SEO plugin v21.3 - https:\/\/yoast.com\/wordpress\/plugins\/seo\/ -->\n<title>Ratejeva sedma, Jane\u017ei\u010d trinajsti na lestvici - Hudo Slovenija<\/title>\n<meta name=\"robots\" content=\"index, follow, max-snippet:-1, max-image-preview:large, max-video-preview:-1\" \/>\n<link rel=\"canonical\" href=\"https:\/\/hudo.com\/si\/aktualno\/ratejeva-sedma-janezic-trinajsti-na-lestvici\/\" \/>\n<meta property=\"og:locale\" content=\"sl_SI\" \/>\n<meta property=\"og:type\" content=\"article\" \/>\n<meta property=\"og:title\" content=\"Ratejeva sedma, Jane\u017ei\u010d trinajsti na lestvici - Hudo Slovenija\" \/>\n<meta property=\"og:description\" content=\"Kategorija: Drugi \u0161porti Sun, 30 Jul 2017 15:37:00 +0200 Ljubljana - Atletsko svetovno prvenstvo, ki ga bo London gostil med 4. in 13. avgustom, se nezadr\u017eno bli\u017ea, od slovenskih potnikov pa ima najbolj\u0161i leto\u0161nji dose\u017eek - sedmega - metalka kopja Martina Ratej, \u010dlanica celjskega Kladivarja, ki je v tej sezoni orodje najdlje zalu\u010dala 64,85 metra dale\u010d. Glede na rezultate je prva favoritinja za odli\u010dje naj\u017elahtnej\u0161ega leska Hrvatica Sara Kolak (68,43 metra), ki vadi pod taktirko nekdanjega Martininega trenerja Andreja Hajn\u0161ka, poro\u010da STA. Evropski prvak do 23 let v teku na 400 metrov Luka Jane\u017ei\u010d, sicer klubski kolega Ratejeve, je s 44,84 sekunde ta \u010das trinajsti na lestvici, na \u010delu katere je svetovni rekorder in olimpijski zmagovalec, Ju\u017enoafri\u010dan Wayde van Niekerk, ki bo v Londonu branil lovoriko. Maru\u0161a \u010cernjul (Kladivar) je 27. v skoku v vi\u0161ino (191 centimetrov), Tina \u0160utej (Mass\u00a0...\" \/>\n<meta property=\"og:url\" content=\"https:\/\/hudo.com\/si\/aktualno\/ratejeva-sedma-janezic-trinajsti-na-lestvici\/\" \/>\n<meta property=\"og:site_name\" content=\"Hudo Slovenija\" \/>\n<meta property=\"article:publisher\" content=\"https:\/\/www.facebook.com\/hudo.si\" \/>\n<meta property=\"article:published_time\" content=\"2017-07-30T11:37:00+00:00\" \/>\n<meta property=\"og:image\" content=\"https:\/\/hudo.com\/si\/wp-content\/uploads\/sites\/2\/2017\/07\/480x290_djvu_2550026_janezp_regent-kranjc.jpeg\" \/>\n\t<meta property=\"og:image:width\" content=\"480\" \/>\n\t<meta property=\"og:image:height\" content=\"290\" \/>\n\t<meta property=\"og:image:type\" content=\"image\/jpeg\" \/>\n<meta name=\"author\" content=\"hudo\" \/>\n<meta name=\"twitter:card\" content=\"summary_large_image\" \/>\n<meta name=\"twitter:creator\" content=\"@hudo_si\" \/>\n<meta name=\"twitter:site\" content=\"@hudo_si\" \/>\n<meta name=\"twitter:label1\" content=\"Written by\" \/>\n\t<meta name=\"twitter:data1\" content=\"hudo\" \/>\n\t<meta name=\"twitter:label2\" content=\"Est. reading time\" \/>\n\t<meta name=\"twitter:data2\" content=\"1 minuta\" \/>\n<script type=\"application\/ld+json\" class=\"yoast-schema-graph\">{\"@context\":\"https:\/\/schema.org\",\"@graph\":[{\"@type\":\"Article\",\"@id\":\"https:\/\/hudo.com\/si\/aktualno\/ratejeva-sedma-janezic-trinajsti-na-lestvici\/#article\",\"isPartOf\":{\"@id\":\"https:\/\/hudo.com\/si\/aktualno\/ratejeva-sedma-janezic-trinajsti-na-lestvici\/\"},\"author\":{\"name\":\"hudo\",\"@id\":\"https:\/\/hudo.com\/si\/#\/schema\/person\/601cf3379633985b20f7e50f2bb47707\"},\"headline\":\"Ratejeva sedma, Jane\u017ei\u010d trinajsti na lestvici\",\"datePublished\":\"2017-07-30T11:37:00+00:00\",\"dateModified\":\"2017-07-30T11:37:00+00:00\",\"mainEntityOfPage\":{\"@id\":\"https:\/\/hudo.com\/si\/aktualno\/ratejeva-sedma-janezic-trinajsti-na-lestvici\/\"},\"wordCount\":150,\"publisher\":{\"@id\":\"https:\/\/hudo.com\/si\/#organization\"},\"articleSection\":[\"Aktualno\"],\"inLanguage\":\"sl-SI\"},{\"@type\":\"WebPage\",\"@id\":\"https:\/\/hudo.com\/si\/aktualno\/ratejeva-sedma-janezic-trinajsti-na-lestvici\/\",\"url\":\"https:\/\/hudo.com\/si\/aktualno\/ratejeva-sedma-janezic-trinajsti-na-lestvici\/\",\"name\":\"Ratejeva sedma, Jane\u017ei\u010d trinajsti na lestvici - Hudo Slovenija\",\"isPartOf\":{\"@id\":\"https:\/\/hudo.com\/si\/#website\"},\"datePublished\":\"2017-07-30T11:37:00+00:00\",\"dateModified\":\"2017-07-30T11:37:00+00:00\",\"breadcrumb\":{\"@id\":\"https:\/\/hudo.com\/si\/aktualno\/ratejeva-sedma-janezic-trinajsti-na-lestvici\/#breadcrumb\"},\"inLanguage\":\"sl-SI\",\"potentialAction\":[{\"@type\":\"ReadAction\",\"target\":[\"https:\/\/hudo.com\/si\/aktualno\/ratejeva-sedma-janezic-trinajsti-na-lestvici\/\"]}]},{\"@type\":\"BreadcrumbList\",\"@id\":\"https:\/\/hudo.com\/si\/aktualno\/ratejeva-sedma-janezic-trinajsti-na-lestvici\/#breadcrumb\",\"itemListElement\":[{\"@type\":\"ListItem\",\"position\":1,\"name\":\"Home\",\"item\":\"https:\/\/hudo.com\/si\/\"},{\"@type\":\"ListItem\",\"position\":2,\"name\":\"Ratejeva sedma, Jane\u017ei\u010d trinajsti na lestvici\"}]},{\"@type\":\"WebSite\",\"@id\":\"https:\/\/hudo.com\/si\/#website\",\"url\":\"https:\/\/hudo.com\/si\/\",\"name\":\"Hudo Slovenija\",\"description\":\"Vse novice iz Slovenije in sveta\",\"publisher\":{\"@id\":\"https:\/\/hudo.com\/si\/#organization\"},\"potentialAction\":[{\"@type\":\"SearchAction\",\"target\":{\"@type\":\"EntryPoint\",\"urlTemplate\":\"https:\/\/hudo.com\/si\/?s={search_term_string}\"},\"query-input\":\"required name=search_term_string\"}],\"inLanguage\":\"sl-SI\"},{\"@type\":\"Organization\",\"@id\":\"https:\/\/hudo.com\/si\/#organization\",\"name\":\"VSN Media\",\"url\":\"https:\/\/hudo.com\/si\/\",\"logo\":{\"@type\":\"ImageObject\",\"inLanguage\":\"sl-SI\",\"@id\":\"https:\/\/hudo.com\/si\/#\/schema\/logo\/image\/\",\"url\":\"https:\/\/hudo.com\/si\/wp-content\/uploads\/sites\/2\/2021\/03\/hudo-app-2.png\",\"contentUrl\":\"https:\/\/hudo.com\/si\/wp-content\/uploads\/sites\/2\/2021\/03\/hudo-app-2.png\",\"width\":2185,\"height\":2167,\"caption\":\"VSN Media\"},\"image\":{\"@id\":\"https:\/\/hudo.com\/si\/#\/schema\/logo\/image\/\"},\"sameAs\":[\"https:\/\/www.facebook.com\/hudo.si\",\"https:\/\/twitter.com\/hudo_si\"]},{\"@type\":\"Person\",\"@id\":\"https:\/\/hudo.com\/si\/#\/schema\/person\/601cf3379633985b20f7e50f2bb47707\",\"name\":\"hudo\",\"image\":{\"@type\":\"ImageObject\",\"inLanguage\":\"sl-SI\",\"@id\":\"https:\/\/hudo.com\/si\/#\/schema\/person\/image\/\",\"url\":\"https:\/\/secure.gravatar.com\/avatar\/c4ca25fa72cace7a696b52ff5db9e095?s=96&d=mm&r=g\",\"contentUrl\":\"https:\/\/secure.gravatar.com\/avatar\/c4ca25fa72cace7a696b52ff5db9e095?s=96&d=mm&r=g\",\"caption\":\"hudo\"},\"url\":\"https:\/\/hudo.com\/si\/author\/hudo\/\"}]}<\/script>\n<!-- \/ Yoast SEO plugin. -->","yoast_head_json":{"title":"Ratejeva sedma, Jane\u017ei\u010d trinajsti na lestvici - Hudo Slovenija","robots":{"index":"index","follow":"follow","max-snippet":"max-snippet:-1","max-image-preview":"max-image-preview:large","max-video-preview":"max-video-preview:-1"},"canonical":"https:\/\/hudo.com\/si\/aktualno\/ratejeva-sedma-janezic-trinajsti-na-lestvici\/","og_locale":"sl_SI","og_type":"article","og_title":"Ratejeva sedma, Jane\u017ei\u010d trinajsti na lestvici - Hudo Slovenija","og_description":"Kategorija: Drugi \u0161porti Sun, 30 Jul 2017 15:37:00 +0200 Ljubljana - Atletsko svetovno prvenstvo, ki ga bo London gostil med 4. in 13. avgustom, se nezadr\u017eno bli\u017ea, od slovenskih potnikov pa ima najbolj\u0161i leto\u0161nji dose\u017eek - sedmega - metalka kopja Martina Ratej, \u010dlanica celjskega Kladivarja, ki je v tej sezoni orodje najdlje zalu\u010dala 64,85 metra dale\u010d. Glede na rezultate je prva favoritinja za odli\u010dje naj\u017elahtnej\u0161ega leska Hrvatica Sara Kolak (68,43 metra), ki vadi pod taktirko nekdanjega Martininega trenerja Andreja Hajn\u0161ka, poro\u010da STA. Evropski prvak do 23 let v teku na 400 metrov Luka Jane\u017ei\u010d, sicer klubski kolega Ratejeve, je s 44,84 sekunde ta \u010das trinajsti na lestvici, na \u010delu katere je svetovni rekorder in olimpijski zmagovalec, Ju\u017enoafri\u010dan Wayde van Niekerk, ki bo v Londonu branil lovoriko. Maru\u0161a \u010cernjul (Kladivar) je 27. v skoku v vi\u0161ino (191 centimetrov), Tina \u0160utej (Mass\u00a0...","og_url":"https:\/\/hudo.com\/si\/aktualno\/ratejeva-sedma-janezic-trinajsti-na-lestvici\/","og_site_name":"Hudo Slovenija","article_publisher":"https:\/\/www.facebook.com\/hudo.si","article_published_time":"2017-07-30T11:37:00+00:00","og_image":[{"width":480,"height":290,"url":"https:\/\/hudo.com\/si\/wp-content\/uploads\/sites\/2\/2017\/07\/480x290_djvu_2550026_janezp_regent-kranjc.jpeg","type":"image\/jpeg"}],"author":"hudo","twitter_card":"summary_large_image","twitter_creator":"@hudo_si","twitter_site":"@hudo_si","twitter_misc":{"Written by":"hudo","Est. reading time":"1 minuta"},"schema":{"@context":"https:\/\/schema.org","@graph":[{"@type":"Article","@id":"https:\/\/hudo.com\/si\/aktualno\/ratejeva-sedma-janezic-trinajsti-na-lestvici\/#article","isPartOf":{"@id":"https:\/\/hudo.com\/si\/aktualno\/ratejeva-sedma-janezic-trinajsti-na-lestvici\/"},"author":{"name":"hudo","@id":"https:\/\/hudo.com\/si\/#\/schema\/person\/601cf3379633985b20f7e50f2bb47707"},"headline":"Ratejeva sedma, Jane\u017ei\u010d trinajsti na lestvici","datePublished":"2017-07-30T11:37:00+00:00","dateModified":"2017-07-30T11:37:00+00:00","mainEntityOfPage":{"@id":"https:\/\/hudo.com\/si\/aktualno\/ratejeva-sedma-janezic-trinajsti-na-lestvici\/"},"wordCount":150,"publisher":{"@id":"https:\/\/hudo.com\/si\/#organization"},"articleSection":["Aktualno"],"inLanguage":"sl-SI"},{"@type":"WebPage","@id":"https:\/\/hudo.com\/si\/aktualno\/ratejeva-sedma-janezic-trinajsti-na-lestvici\/","url":"https:\/\/hudo.com\/si\/aktualno\/ratejeva-sedma-janezic-trinajsti-na-lestvici\/","name":"Ratejeva sedma, Jane\u017ei\u010d trinajsti na lestvici - Hudo Slovenija","isPartOf":{"@id":"https:\/\/hudo.com\/si\/#website"},"datePublished":"2017-07-30T11:37:00+00:00","dateModified":"2017-07-30T11:37:00+00:00","breadcrumb":{"@id":"https:\/\/hudo.com\/si\/aktualno\/ratejeva-sedma-janezic-trinajsti-na-lestvici\/#breadcrumb"},"inLanguage":"sl-SI","potentialAction":[{"@type":"ReadAction","target":["https:\/\/hudo.com\/si\/aktualno\/ratejeva-sedma-janezic-trinajsti-na-lestvici\/"]}]},{"@type":"BreadcrumbList","@id":"https:\/\/hudo.com\/si\/aktualno\/ratejeva-sedma-janezic-trinajsti-na-lestvici\/#breadcrumb","itemListElement":[{"@type":"ListItem","position":1,"name":"Home","item":"https:\/\/hudo.com\/si\/"},{"@type":"ListItem","position":2,"name":"Ratejeva sedma, Jane\u017ei\u010d trinajsti na lestvici"}]},{"@type":"WebSite","@id":"https:\/\/hudo.com\/si\/#website","url":"https:\/\/hudo.com\/si\/","name":"Hudo Slovenija","description":"Vse novice iz Slovenije in sveta","publisher":{"@id":"https:\/\/hudo.com\/si\/#organization"},"potentialAction":[{"@type":"SearchAction","target":{"@type":"EntryPoint","urlTemplate":"https:\/\/hudo.com\/si\/?s={search_term_string}"},"query-input":"required name=search_term_string"}],"inLanguage":"sl-SI"},{"@type":"Organization","@id":"https:\/\/hudo.com\/si\/#organization","name":"VSN Media","url":"https:\/\/hudo.com\/si\/","logo":{"@type":"ImageObject","inLanguage":"sl-SI","@id":"https:\/\/hudo.com\/si\/#\/schema\/logo\/image\/","url":"https:\/\/hudo.com\/si\/wp-content\/uploads\/sites\/2\/2021\/03\/hudo-app-2.png","contentUrl":"https:\/\/hudo.com\/si\/wp-content\/uploads\/sites\/2\/2021\/03\/hudo-app-2.png","width":2185,"height":2167,"caption":"VSN Media"},"image":{"@id":"https:\/\/hudo.com\/si\/#\/schema\/logo\/image\/"},"sameAs":["https:\/\/www.facebook.com\/hudo.si","https:\/\/twitter.com\/hudo_si"]},{"@type":"Person","@id":"https:\/\/hudo.com\/si\/#\/schema\/person\/601cf3379633985b20f7e50f2bb47707","name":"hudo","image":{"@type":"ImageObject","inLanguage":"sl-SI","@id":"https:\/\/hudo.com\/si\/#\/schema\/person\/image\/","url":"https:\/\/secure.gravatar.com\/avatar\/c4ca25fa72cace7a696b52ff5db9e095?s=96&d=mm&r=g","contentUrl":"https:\/\/secure.gravatar.com\/avatar\/c4ca25fa72cace7a696b52ff5db9e095?s=96&d=mm&r=g","caption":"hudo"},"url":"https:\/\/hudo.com\/si\/author\/hudo\/"}]}},"amp_enabled":true,"_links":{"self":[{"href":"https:\/\/hudo.com\/si\/wp-json\/wp\/v2\/posts\/282527"}],"collection":[{"href":"https:\/\/hudo.com\/si\/wp-json\/wp\/v2\/posts"}],"about":[{"href":"https:\/\/hudo.com\/si\/wp-json\/wp\/v2\/types\/post"}],"author":[{"embeddable":true,"href":"https:\/\/hudo.com\/si\/wp-json\/wp\/v2\/users\/1"}],"replies":[{"embeddable":true,"href":"https:\/\/hudo.com\/si\/wp-json\/wp\/v2\/comments?post=282527"}],"version-history":[{"count":0,"href":"https:\/\/hudo.com\/si\/wp-json\/wp\/v2\/posts\/282527\/revisions"}],"wp:attachment":[{"href":"https:\/\/hudo.com\/si\/wp-json\/wp\/v2\/media?parent=282527"}],"wp:term":[{"taxonomy":"category","embeddable":true,"href":"https:\/\/hudo.com\/si\/wp-json\/wp\/v2\/categories?post=282527"},{"taxonomy":"post_tag","embeddable":true,"href":"https:\/\/hudo.com\/si\/wp-json\/wp\/v2\/tags?post=282527"},{"taxonomy":"source","embeddable":true,"href":"https:\/\/hudo.com\/si\/wp-json\/wp\/v2\/source?post=282527"},{"taxonomy":"supertag","embeddable":true,"href":"https:\/\/hudo.com\/si\/wp-json\/wp\/v2\/supertag?post=282527"}],"curies":[{"name":"wp","href":"https:\/\/api.w.org\/{rel}","templated":true}]}}