{"id":282660,"date":"2017-07-31T06:00:00","date_gmt":"2017-07-31T04:00:00","guid":{"rendered":"http:\/\/hudo.com\/si\/2017\/07\/31\/poletje-na-gorenjskem-polne-postelje-obetajo-rekordno-sezono\/"},"modified":"2017-07-31T06:00:00","modified_gmt":"2017-07-31T04:00:00","slug":"poletje-na-gorenjskem-polne-postelje-obetajo-rekordno-sezono","status":"publish","type":"post","link":"https:\/\/hudo.com\/si\/aktualno\/poletje-na-gorenjskem-polne-postelje-obetajo-rekordno-sezono\/","title":{"rendered":"Poletje na Gorenjskem: Polne postelje obetajo rekordno sezono"},"content":{"rendered":"<p>Kategorija: Slovenija Mon, 31 Jul 2017 08:00:00 +0200  Bled \u2013 Poletna turisti\u010dna sezona na Gorenjskem bo spet rekordna, saj so turisti\u010dni kraji dobro obiskani, tako da je na Bledu, v Bohinju in Kranjski Gori na voljo le malo prostih postelj. Podoben obisk in polno zasedenost zmogljivosti pri\u010dakujejo tudi avgusta. \u00bbBolje ne bi moglo biti,\u00ab je na vpra\u0161anje o turisti\u010dnem obisku dejal Bla\u017e Veber, direktor Turizma Kranjska Gora. \u00bb\u017de od konca zimske sezone sta obisk in zasedenost nastanitvenih zmogljivosti nad pri\u010dakovanji, poleti pa Kranjska Gora poka po \u0161ivih. Prej\u0161nji konec tedna je bilo prosto posteljo skoraj nemogo\u010de dobiti. Cene nastanitev so se ob rasti povpra\u0161evanja nekoliko dvignile.\u00ab Od lanskega poletja, ko so po prenovi spet odprli kamp \u0160pik, je tudi ta zelo dobro zaseden. Po slab\u0161i zimski sezoni, ko je bilo v Bohinju za 16 odstotkov manj preno\u010ditev\u00a0&#8230;<\/p>\n","protected":false},"excerpt":{"rendered":"<p>Kategorija: Slovenija Mon, 31 Jul 2017 08:00:00 +0200  Bled \u2013 Poletna turisti\u010dna sezona na Gorenjskem bo spet rekordna, saj so turisti\u010dni kraji dobro obiskani, tako da je na Bledu, v Bohinju in Kranjski Gori na voljo le malo prostih postelj. Podoben obisk in polno zasedenost zmogljivosti pri\u010dakujejo tudi avgusta. \u00bbBolje ne bi moglo biti,\u00ab je na vpra\u0161anje o turisti\u010dnem obisku dejal Bla\u017e Veber, direktor Turizma Kranjska Gora. \u00bb\u017de od konca zimske sezone sta obisk in zasedenost nastanitvenih zmogljivosti nad pri\u010dakovanji, poleti pa Kranjska Gora poka po \u0161ivih. Prej\u0161nji konec tedna je bilo prosto posteljo skoraj nemogo\u010de dobiti. Cene nastanitev so se ob rasti povpra\u0161evanja nekoliko dvignile.\u00ab Od lanskega poletja, ko so po prenovi spet odprli kamp \u0160pik, je tudi ta zelo dobro zaseden. Po slab\u0161i zimski sezoni, ko je bilo v Bohinju za 16 odstotkov manj preno\u010ditev\u00a0&#8230;<\/p>\n","protected":false},"author":1,"featured_media":0,"comment_status":"closed","ping_status":"closed","sticky":false,"template":"","format":"standard","meta":{"footnotes":""},"categories":[1179],"tags":[],"source":[1703],"supertag":[],"acf":[],"yoast_head":"<!-- This site is optimized with the Yoast SEO plugin v21.3 - https:\/\/yoast.com\/wordpress\/plugins\/seo\/ -->\n<title>Poletje na Gorenjskem: Polne postelje obetajo rekordno sezono - Hudo Slovenija<\/title>\n<meta name=\"robots\" content=\"index, follow, max-snippet:-1, max-image-preview:large, max-video-preview:-1\" \/>\n<link rel=\"canonical\" href=\"https:\/\/hudo.com\/si\/aktualno\/poletje-na-gorenjskem-polne-postelje-obetajo-rekordno-sezono\/\" \/>\n<meta property=\"og:locale\" content=\"sl_SI\" \/>\n<meta property=\"og:type\" content=\"article\" \/>\n<meta property=\"og:title\" content=\"Poletje na Gorenjskem: Polne postelje obetajo rekordno sezono - Hudo Slovenija\" \/>\n<meta property=\"og:description\" content=\"Kategorija: Slovenija Mon, 31 Jul 2017 08:00:00 +0200 Bled \u2013 Poletna turisti\u010dna sezona na Gorenjskem bo spet rekordna, saj so turisti\u010dni kraji dobro obiskani, tako da je na Bledu, v Bohinju in Kranjski Gori na voljo le malo prostih postelj. Podoben obisk in polno zasedenost zmogljivosti pri\u010dakujejo tudi avgusta. \u00bbBolje ne bi moglo biti,\u00ab je na vpra\u0161anje o turisti\u010dnem obisku dejal Bla\u017e Veber, direktor Turizma Kranjska Gora. \u00bb\u017de od konca zimske sezone sta obisk in zasedenost nastanitvenih zmogljivosti nad pri\u010dakovanji, poleti pa Kranjska Gora poka po \u0161ivih. Prej\u0161nji konec tedna je bilo prosto posteljo skoraj nemogo\u010de dobiti. Cene nastanitev so se ob rasti povpra\u0161evanja nekoliko dvignile.\u00ab Od lanskega poletja, ko so po prenovi spet odprli kamp \u0160pik, je tudi ta zelo dobro zaseden. Po slab\u0161i zimski sezoni, ko je bilo v Bohinju za 16 odstotkov manj preno\u010ditev\u00a0...\" \/>\n<meta property=\"og:url\" content=\"https:\/\/hudo.com\/si\/aktualno\/poletje-na-gorenjskem-polne-postelje-obetajo-rekordno-sezono\/\" \/>\n<meta property=\"og:site_name\" content=\"Hudo Slovenija\" \/>\n<meta property=\"article:publisher\" content=\"https:\/\/www.facebook.com\/hudo.si\" \/>\n<meta property=\"article:published_time\" content=\"2017-07-31T04:00:00+00:00\" \/>\n<meta property=\"og:image\" content=\"https:\/\/hudo.com\/si\/wp-content\/uploads\/sites\/2\/2017\/07\/480x290_4_stran__djvu_2560879_arkom_hires1.jpeg\" \/>\n\t<meta property=\"og:image:width\" content=\"480\" \/>\n\t<meta property=\"og:image:height\" content=\"290\" \/>\n\t<meta property=\"og:image:type\" content=\"image\/jpeg\" \/>\n<meta name=\"author\" content=\"hudo\" \/>\n<meta name=\"twitter:card\" content=\"summary_large_image\" \/>\n<meta name=\"twitter:creator\" content=\"@hudo_si\" \/>\n<meta name=\"twitter:site\" content=\"@hudo_si\" \/>\n<meta name=\"twitter:label1\" content=\"Written by\" \/>\n\t<meta name=\"twitter:data1\" content=\"hudo\" \/>\n\t<meta name=\"twitter:label2\" content=\"Est. reading time\" \/>\n\t<meta name=\"twitter:data2\" content=\"1 minuta\" \/>\n<script type=\"application\/ld+json\" class=\"yoast-schema-graph\">{\"@context\":\"https:\/\/schema.org\",\"@graph\":[{\"@type\":\"Article\",\"@id\":\"https:\/\/hudo.com\/si\/aktualno\/poletje-na-gorenjskem-polne-postelje-obetajo-rekordno-sezono\/#article\",\"isPartOf\":{\"@id\":\"https:\/\/hudo.com\/si\/aktualno\/poletje-na-gorenjskem-polne-postelje-obetajo-rekordno-sezono\/\"},\"author\":{\"name\":\"hudo\",\"@id\":\"https:\/\/hudo.com\/si\/#\/schema\/person\/601cf3379633985b20f7e50f2bb47707\"},\"headline\":\"Poletje na Gorenjskem: Polne postelje obetajo rekordno sezono\",\"datePublished\":\"2017-07-31T04:00:00+00:00\",\"dateModified\":\"2017-07-31T04:00:00+00:00\",\"mainEntityOfPage\":{\"@id\":\"https:\/\/hudo.com\/si\/aktualno\/poletje-na-gorenjskem-polne-postelje-obetajo-rekordno-sezono\/\"},\"wordCount\":150,\"publisher\":{\"@id\":\"https:\/\/hudo.com\/si\/#organization\"},\"articleSection\":[\"Aktualno\"],\"inLanguage\":\"sl-SI\"},{\"@type\":\"WebPage\",\"@id\":\"https:\/\/hudo.com\/si\/aktualno\/poletje-na-gorenjskem-polne-postelje-obetajo-rekordno-sezono\/\",\"url\":\"https:\/\/hudo.com\/si\/aktualno\/poletje-na-gorenjskem-polne-postelje-obetajo-rekordno-sezono\/\",\"name\":\"Poletje na Gorenjskem: Polne postelje obetajo rekordno sezono - Hudo Slovenija\",\"isPartOf\":{\"@id\":\"https:\/\/hudo.com\/si\/#website\"},\"datePublished\":\"2017-07-31T04:00:00+00:00\",\"dateModified\":\"2017-07-31T04:00:00+00:00\",\"breadcrumb\":{\"@id\":\"https:\/\/hudo.com\/si\/aktualno\/poletje-na-gorenjskem-polne-postelje-obetajo-rekordno-sezono\/#breadcrumb\"},\"inLanguage\":\"sl-SI\",\"potentialAction\":[{\"@type\":\"ReadAction\",\"target\":[\"https:\/\/hudo.com\/si\/aktualno\/poletje-na-gorenjskem-polne-postelje-obetajo-rekordno-sezono\/\"]}]},{\"@type\":\"BreadcrumbList\",\"@id\":\"https:\/\/hudo.com\/si\/aktualno\/poletje-na-gorenjskem-polne-postelje-obetajo-rekordno-sezono\/#breadcrumb\",\"itemListElement\":[{\"@type\":\"ListItem\",\"position\":1,\"name\":\"Home\",\"item\":\"https:\/\/hudo.com\/si\/\"},{\"@type\":\"ListItem\",\"position\":2,\"name\":\"Poletje na Gorenjskem: Polne postelje obetajo rekordno sezono\"}]},{\"@type\":\"WebSite\",\"@id\":\"https:\/\/hudo.com\/si\/#website\",\"url\":\"https:\/\/hudo.com\/si\/\",\"name\":\"Hudo Slovenija\",\"description\":\"Vse novice iz Slovenije in sveta\",\"publisher\":{\"@id\":\"https:\/\/hudo.com\/si\/#organization\"},\"potentialAction\":[{\"@type\":\"SearchAction\",\"target\":{\"@type\":\"EntryPoint\",\"urlTemplate\":\"https:\/\/hudo.com\/si\/?s={search_term_string}\"},\"query-input\":\"required name=search_term_string\"}],\"inLanguage\":\"sl-SI\"},{\"@type\":\"Organization\",\"@id\":\"https:\/\/hudo.com\/si\/#organization\",\"name\":\"VSN Media\",\"url\":\"https:\/\/hudo.com\/si\/\",\"logo\":{\"@type\":\"ImageObject\",\"inLanguage\":\"sl-SI\",\"@id\":\"https:\/\/hudo.com\/si\/#\/schema\/logo\/image\/\",\"url\":\"https:\/\/hudo.com\/si\/wp-content\/uploads\/sites\/2\/2021\/03\/hudo-app-2.png\",\"contentUrl\":\"https:\/\/hudo.com\/si\/wp-content\/uploads\/sites\/2\/2021\/03\/hudo-app-2.png\",\"width\":2185,\"height\":2167,\"caption\":\"VSN Media\"},\"image\":{\"@id\":\"https:\/\/hudo.com\/si\/#\/schema\/logo\/image\/\"},\"sameAs\":[\"https:\/\/www.facebook.com\/hudo.si\",\"https:\/\/twitter.com\/hudo_si\"]},{\"@type\":\"Person\",\"@id\":\"https:\/\/hudo.com\/si\/#\/schema\/person\/601cf3379633985b20f7e50f2bb47707\",\"name\":\"hudo\",\"image\":{\"@type\":\"ImageObject\",\"inLanguage\":\"sl-SI\",\"@id\":\"https:\/\/hudo.com\/si\/#\/schema\/person\/image\/\",\"url\":\"https:\/\/secure.gravatar.com\/avatar\/c4ca25fa72cace7a696b52ff5db9e095?s=96&d=mm&r=g\",\"contentUrl\":\"https:\/\/secure.gravatar.com\/avatar\/c4ca25fa72cace7a696b52ff5db9e095?s=96&d=mm&r=g\",\"caption\":\"hudo\"},\"url\":\"https:\/\/hudo.com\/si\/author\/hudo\/\"}]}<\/script>\n<!-- \/ Yoast SEO plugin. -->","yoast_head_json":{"title":"Poletje na Gorenjskem: Polne postelje obetajo rekordno sezono - Hudo Slovenija","robots":{"index":"index","follow":"follow","max-snippet":"max-snippet:-1","max-image-preview":"max-image-preview:large","max-video-preview":"max-video-preview:-1"},"canonical":"https:\/\/hudo.com\/si\/aktualno\/poletje-na-gorenjskem-polne-postelje-obetajo-rekordno-sezono\/","og_locale":"sl_SI","og_type":"article","og_title":"Poletje na Gorenjskem: Polne postelje obetajo rekordno sezono - Hudo Slovenija","og_description":"Kategorija: Slovenija Mon, 31 Jul 2017 08:00:00 +0200 Bled \u2013 Poletna turisti\u010dna sezona na Gorenjskem bo spet rekordna, saj so turisti\u010dni kraji dobro obiskani, tako da je na Bledu, v Bohinju in Kranjski Gori na voljo le malo prostih postelj. Podoben obisk in polno zasedenost zmogljivosti pri\u010dakujejo tudi avgusta. \u00bbBolje ne bi moglo biti,\u00ab je na vpra\u0161anje o turisti\u010dnem obisku dejal Bla\u017e Veber, direktor Turizma Kranjska Gora. \u00bb\u017de od konca zimske sezone sta obisk in zasedenost nastanitvenih zmogljivosti nad pri\u010dakovanji, poleti pa Kranjska Gora poka po \u0161ivih. Prej\u0161nji konec tedna je bilo prosto posteljo skoraj nemogo\u010de dobiti. Cene nastanitev so se ob rasti povpra\u0161evanja nekoliko dvignile.\u00ab Od lanskega poletja, ko so po prenovi spet odprli kamp \u0160pik, je tudi ta zelo dobro zaseden. Po slab\u0161i zimski sezoni, ko je bilo v Bohinju za 16 odstotkov manj preno\u010ditev\u00a0...","og_url":"https:\/\/hudo.com\/si\/aktualno\/poletje-na-gorenjskem-polne-postelje-obetajo-rekordno-sezono\/","og_site_name":"Hudo Slovenija","article_publisher":"https:\/\/www.facebook.com\/hudo.si","article_published_time":"2017-07-31T04:00:00+00:00","og_image":[{"width":480,"height":290,"url":"https:\/\/hudo.com\/si\/wp-content\/uploads\/sites\/2\/2017\/07\/480x290_4_stran__djvu_2560879_arkom_hires1.jpeg","type":"image\/jpeg"}],"author":"hudo","twitter_card":"summary_large_image","twitter_creator":"@hudo_si","twitter_site":"@hudo_si","twitter_misc":{"Written by":"hudo","Est. reading time":"1 minuta"},"schema":{"@context":"https:\/\/schema.org","@graph":[{"@type":"Article","@id":"https:\/\/hudo.com\/si\/aktualno\/poletje-na-gorenjskem-polne-postelje-obetajo-rekordno-sezono\/#article","isPartOf":{"@id":"https:\/\/hudo.com\/si\/aktualno\/poletje-na-gorenjskem-polne-postelje-obetajo-rekordno-sezono\/"},"author":{"name":"hudo","@id":"https:\/\/hudo.com\/si\/#\/schema\/person\/601cf3379633985b20f7e50f2bb47707"},"headline":"Poletje na Gorenjskem: Polne postelje obetajo rekordno sezono","datePublished":"2017-07-31T04:00:00+00:00","dateModified":"2017-07-31T04:00:00+00:00","mainEntityOfPage":{"@id":"https:\/\/hudo.com\/si\/aktualno\/poletje-na-gorenjskem-polne-postelje-obetajo-rekordno-sezono\/"},"wordCount":150,"publisher":{"@id":"https:\/\/hudo.com\/si\/#organization"},"articleSection":["Aktualno"],"inLanguage":"sl-SI"},{"@type":"WebPage","@id":"https:\/\/hudo.com\/si\/aktualno\/poletje-na-gorenjskem-polne-postelje-obetajo-rekordno-sezono\/","url":"https:\/\/hudo.com\/si\/aktualno\/poletje-na-gorenjskem-polne-postelje-obetajo-rekordno-sezono\/","name":"Poletje na Gorenjskem: Polne postelje obetajo rekordno sezono - Hudo Slovenija","isPartOf":{"@id":"https:\/\/hudo.com\/si\/#website"},"datePublished":"2017-07-31T04:00:00+00:00","dateModified":"2017-07-31T04:00:00+00:00","breadcrumb":{"@id":"https:\/\/hudo.com\/si\/aktualno\/poletje-na-gorenjskem-polne-postelje-obetajo-rekordno-sezono\/#breadcrumb"},"inLanguage":"sl-SI","potentialAction":[{"@type":"ReadAction","target":["https:\/\/hudo.com\/si\/aktualno\/poletje-na-gorenjskem-polne-postelje-obetajo-rekordno-sezono\/"]}]},{"@type":"BreadcrumbList","@id":"https:\/\/hudo.com\/si\/aktualno\/poletje-na-gorenjskem-polne-postelje-obetajo-rekordno-sezono\/#breadcrumb","itemListElement":[{"@type":"ListItem","position":1,"name":"Home","item":"https:\/\/hudo.com\/si\/"},{"@type":"ListItem","position":2,"name":"Poletje na Gorenjskem: Polne postelje obetajo rekordno sezono"}]},{"@type":"WebSite","@id":"https:\/\/hudo.com\/si\/#website","url":"https:\/\/hudo.com\/si\/","name":"Hudo Slovenija","description":"Vse novice iz Slovenije in sveta","publisher":{"@id":"https:\/\/hudo.com\/si\/#organization"},"potentialAction":[{"@type":"SearchAction","target":{"@type":"EntryPoint","urlTemplate":"https:\/\/hudo.com\/si\/?s={search_term_string}"},"query-input":"required name=search_term_string"}],"inLanguage":"sl-SI"},{"@type":"Organization","@id":"https:\/\/hudo.com\/si\/#organization","name":"VSN Media","url":"https:\/\/hudo.com\/si\/","logo":{"@type":"ImageObject","inLanguage":"sl-SI","@id":"https:\/\/hudo.com\/si\/#\/schema\/logo\/image\/","url":"https:\/\/hudo.com\/si\/wp-content\/uploads\/sites\/2\/2021\/03\/hudo-app-2.png","contentUrl":"https:\/\/hudo.com\/si\/wp-content\/uploads\/sites\/2\/2021\/03\/hudo-app-2.png","width":2185,"height":2167,"caption":"VSN Media"},"image":{"@id":"https:\/\/hudo.com\/si\/#\/schema\/logo\/image\/"},"sameAs":["https:\/\/www.facebook.com\/hudo.si","https:\/\/twitter.com\/hudo_si"]},{"@type":"Person","@id":"https:\/\/hudo.com\/si\/#\/schema\/person\/601cf3379633985b20f7e50f2bb47707","name":"hudo","image":{"@type":"ImageObject","inLanguage":"sl-SI","@id":"https:\/\/hudo.com\/si\/#\/schema\/person\/image\/","url":"https:\/\/secure.gravatar.com\/avatar\/c4ca25fa72cace7a696b52ff5db9e095?s=96&d=mm&r=g","contentUrl":"https:\/\/secure.gravatar.com\/avatar\/c4ca25fa72cace7a696b52ff5db9e095?s=96&d=mm&r=g","caption":"hudo"},"url":"https:\/\/hudo.com\/si\/author\/hudo\/"}]}},"amp_enabled":true,"_links":{"self":[{"href":"https:\/\/hudo.com\/si\/wp-json\/wp\/v2\/posts\/282660"}],"collection":[{"href":"https:\/\/hudo.com\/si\/wp-json\/wp\/v2\/posts"}],"about":[{"href":"https:\/\/hudo.com\/si\/wp-json\/wp\/v2\/types\/post"}],"author":[{"embeddable":true,"href":"https:\/\/hudo.com\/si\/wp-json\/wp\/v2\/users\/1"}],"replies":[{"embeddable":true,"href":"https:\/\/hudo.com\/si\/wp-json\/wp\/v2\/comments?post=282660"}],"version-history":[{"count":0,"href":"https:\/\/hudo.com\/si\/wp-json\/wp\/v2\/posts\/282660\/revisions"}],"wp:attachment":[{"href":"https:\/\/hudo.com\/si\/wp-json\/wp\/v2\/media?parent=282660"}],"wp:term":[{"taxonomy":"category","embeddable":true,"href":"https:\/\/hudo.com\/si\/wp-json\/wp\/v2\/categories?post=282660"},{"taxonomy":"post_tag","embeddable":true,"href":"https:\/\/hudo.com\/si\/wp-json\/wp\/v2\/tags?post=282660"},{"taxonomy":"source","embeddable":true,"href":"https:\/\/hudo.com\/si\/wp-json\/wp\/v2\/source?post=282660"},{"taxonomy":"supertag","embeddable":true,"href":"https:\/\/hudo.com\/si\/wp-json\/wp\/v2\/supertag?post=282660"}],"curies":[{"name":"wp","href":"https:\/\/api.w.org\/{rel}","templated":true}]}}