{"id":282710,"date":"2017-07-31T07:00:00","date_gmt":"2017-07-31T05:00:00","guid":{"rendered":"http:\/\/hudo.com\/si\/2017\/07\/31\/nas-edini-narodni-park-je-ze-stiri-leta-brez-direktorja-s-polnimi-pooblastili\/"},"modified":"2017-07-31T07:00:00","modified_gmt":"2017-07-31T05:00:00","slug":"nas-edini-narodni-park-je-ze-stiri-leta-brez-direktorja-s-polnimi-pooblastili","status":"publish","type":"post","link":"https:\/\/hudo.com\/si\/aktualno\/nas-edini-narodni-park-je-ze-stiri-leta-brez-direktorja-s-polnimi-pooblastili\/","title":{"rendered":"Na\u0161 edini narodni park je \u017ee \u0161tiri leta brez direktorja s polnimi pooblastili"},"content":{"rendered":"<p>Kategorija: Slovenija Mon, 31 Jul 2017 09:00:00 +0200  Bled \u2013 \u00bbMednarodne naravovarstvene organizacije in strokovna parkovna zdru\u017eenja ne morejo verjeti, kaj se dogaja v demokrati\u010dni, napredni in okoljsko zavedni Sloveniji,\u00ab je po imenovanju Janeza Rakarja za vr\u0161ilca dol\u017enosti direktorja Triglavskega narodnega parka (TNP) dejal direktor WWF Adria Martin \u0160olar, ki je TNP vodil do leta 2013. Bil je njegov zadnji direktor s polnimi pooblastili. Martin \u0160olar je za Delo povedal, da se je konec prej\u0161njega tedna, ko je vlada na predlog okoljskega ministrstva ministrice Irene Majcen odlo\u010dala o Rakarjevem imenovanju za v. d. direktorja TNP, sre\u010dal s predstavniki naju\u010dinkovitej\u0161ih nem\u0161kih narodnih parkov (Bavarski gozd in Berchtesgaden) v Nem\u010diji. Njihovi predstavniki so bili osupli ob novici o imenovanju novega vr\u0161ilca dol\u017enosti direktorja, je dejal \u0160olar. Prav tako generalni sekretar alpske konvencije Markus Reiterer, je opozoril \u0160olar in izpostavil, da je\u00a0&#8230;<\/p>\n","protected":false},"excerpt":{"rendered":"<p>Kategorija: Slovenija Mon, 31 Jul 2017 09:00:00 +0200  Bled \u2013 \u00bbMednarodne naravovarstvene organizacije in strokovna parkovna zdru\u017eenja ne morejo verjeti, kaj se dogaja v demokrati\u010dni, napredni in okoljsko zavedni Sloveniji,\u00ab je po imenovanju Janeza Rakarja za vr\u0161ilca dol\u017enosti direktorja Triglavskega narodnega parka (TNP) dejal direktor WWF Adria Martin \u0160olar, ki je TNP vodil do leta 2013. Bil je njegov zadnji direktor s polnimi pooblastili. Martin \u0160olar je za Delo povedal, da se je konec prej\u0161njega tedna, ko je vlada na predlog okoljskega ministrstva ministrice Irene Majcen odlo\u010dala o Rakarjevem imenovanju za v. d. direktorja TNP, sre\u010dal s predstavniki naju\u010dinkovitej\u0161ih nem\u0161kih narodnih parkov (Bavarski gozd in Berchtesgaden) v Nem\u010diji. Njihovi predstavniki so bili osupli ob novici o imenovanju novega vr\u0161ilca dol\u017enosti direktorja, je dejal \u0160olar. Prav tako generalni sekretar alpske konvencije Markus Reiterer, je opozoril \u0160olar in izpostavil, da je\u00a0&#8230;<\/p>\n","protected":false},"author":1,"featured_media":0,"comment_status":"closed","ping_status":"closed","sticky":false,"template":"","format":"standard","meta":{"footnotes":""},"categories":[1179],"tags":[],"source":[1703],"supertag":[],"acf":[],"yoast_head":"<!-- This site is optimized with the Yoast SEO plugin v21.3 - https:\/\/yoast.com\/wordpress\/plugins\/seo\/ -->\n<title>Na\u0161 edini narodni park je \u017ee \u0161tiri leta brez direktorja s polnimi pooblastili - Hudo Slovenija<\/title>\n<meta name=\"robots\" content=\"index, follow, max-snippet:-1, max-image-preview:large, max-video-preview:-1\" \/>\n<link rel=\"canonical\" href=\"https:\/\/hudo.com\/si\/aktualno\/nas-edini-narodni-park-je-ze-stiri-leta-brez-direktorja-s-polnimi-pooblastili\/\" \/>\n<meta property=\"og:locale\" content=\"sl_SI\" \/>\n<meta property=\"og:type\" content=\"article\" \/>\n<meta property=\"og:title\" content=\"Na\u0161 edini narodni park je \u017ee \u0161tiri leta brez direktorja s polnimi pooblastili - Hudo Slovenija\" \/>\n<meta property=\"og:description\" content=\"Kategorija: Slovenija Mon, 31 Jul 2017 09:00:00 +0200 Bled \u2013 \u00bbMednarodne naravovarstvene organizacije in strokovna parkovna zdru\u017eenja ne morejo verjeti, kaj se dogaja v demokrati\u010dni, napredni in okoljsko zavedni Sloveniji,\u00ab je po imenovanju Janeza Rakarja za vr\u0161ilca dol\u017enosti direktorja Triglavskega narodnega parka (TNP) dejal direktor WWF Adria Martin \u0160olar, ki je TNP vodil do leta 2013. Bil je njegov zadnji direktor s polnimi pooblastili. Martin \u0160olar je za Delo povedal, da se je konec prej\u0161njega tedna, ko je vlada na predlog okoljskega ministrstva ministrice Irene Majcen odlo\u010dala o Rakarjevem imenovanju za v. d. direktorja TNP, sre\u010dal s predstavniki naju\u010dinkovitej\u0161ih nem\u0161kih narodnih parkov (Bavarski gozd in Berchtesgaden) v Nem\u010diji. Njihovi predstavniki so bili osupli ob novici o imenovanju novega vr\u0161ilca dol\u017enosti direktorja, je dejal \u0160olar. Prav tako generalni sekretar alpske konvencije Markus Reiterer, je opozoril \u0160olar in izpostavil, da je\u00a0...\" \/>\n<meta property=\"og:url\" content=\"https:\/\/hudo.com\/si\/aktualno\/nas-edini-narodni-park-je-ze-stiri-leta-brez-direktorja-s-polnimi-pooblastili\/\" \/>\n<meta property=\"og:site_name\" content=\"Hudo Slovenija\" \/>\n<meta property=\"article:publisher\" content=\"https:\/\/www.facebook.com\/hudo.si\" \/>\n<meta property=\"article:published_time\" content=\"2017-07-31T05:00:00+00:00\" \/>\n<meta property=\"og:image\" content=\"https:\/\/hudo.com\/si\/wp-content\/uploads\/sites\/2\/2017\/07\/480x290_djvu_1329457_matkok_grgic_KRN-TRIGLAVSKI-NARODNI-P.jpeg\" \/>\n\t<meta property=\"og:image:width\" content=\"480\" \/>\n\t<meta property=\"og:image:height\" content=\"290\" \/>\n\t<meta property=\"og:image:type\" content=\"image\/jpeg\" \/>\n<meta name=\"author\" content=\"hudo\" \/>\n<meta name=\"twitter:card\" content=\"summary_large_image\" \/>\n<meta name=\"twitter:creator\" content=\"@hudo_si\" \/>\n<meta name=\"twitter:site\" content=\"@hudo_si\" \/>\n<meta name=\"twitter:label1\" content=\"Written by\" \/>\n\t<meta name=\"twitter:data1\" content=\"hudo\" \/>\n\t<meta name=\"twitter:label2\" content=\"Est. reading time\" \/>\n\t<meta name=\"twitter:data2\" content=\"1 minuta\" \/>\n<script type=\"application\/ld+json\" class=\"yoast-schema-graph\">{\"@context\":\"https:\/\/schema.org\",\"@graph\":[{\"@type\":\"Article\",\"@id\":\"https:\/\/hudo.com\/si\/aktualno\/nas-edini-narodni-park-je-ze-stiri-leta-brez-direktorja-s-polnimi-pooblastili\/#article\",\"isPartOf\":{\"@id\":\"https:\/\/hudo.com\/si\/aktualno\/nas-edini-narodni-park-je-ze-stiri-leta-brez-direktorja-s-polnimi-pooblastili\/\"},\"author\":{\"name\":\"hudo\",\"@id\":\"https:\/\/hudo.com\/si\/#\/schema\/person\/601cf3379633985b20f7e50f2bb47707\"},\"headline\":\"Na\u0161 edini narodni park je \u017ee \u0161tiri leta brez direktorja s polnimi pooblastili\",\"datePublished\":\"2017-07-31T05:00:00+00:00\",\"dateModified\":\"2017-07-31T05:00:00+00:00\",\"mainEntityOfPage\":{\"@id\":\"https:\/\/hudo.com\/si\/aktualno\/nas-edini-narodni-park-je-ze-stiri-leta-brez-direktorja-s-polnimi-pooblastili\/\"},\"wordCount\":159,\"publisher\":{\"@id\":\"https:\/\/hudo.com\/si\/#organization\"},\"articleSection\":[\"Aktualno\"],\"inLanguage\":\"sl-SI\"},{\"@type\":\"WebPage\",\"@id\":\"https:\/\/hudo.com\/si\/aktualno\/nas-edini-narodni-park-je-ze-stiri-leta-brez-direktorja-s-polnimi-pooblastili\/\",\"url\":\"https:\/\/hudo.com\/si\/aktualno\/nas-edini-narodni-park-je-ze-stiri-leta-brez-direktorja-s-polnimi-pooblastili\/\",\"name\":\"Na\u0161 edini narodni park je \u017ee \u0161tiri leta brez direktorja s polnimi pooblastili - Hudo Slovenija\",\"isPartOf\":{\"@id\":\"https:\/\/hudo.com\/si\/#website\"},\"datePublished\":\"2017-07-31T05:00:00+00:00\",\"dateModified\":\"2017-07-31T05:00:00+00:00\",\"breadcrumb\":{\"@id\":\"https:\/\/hudo.com\/si\/aktualno\/nas-edini-narodni-park-je-ze-stiri-leta-brez-direktorja-s-polnimi-pooblastili\/#breadcrumb\"},\"inLanguage\":\"sl-SI\",\"potentialAction\":[{\"@type\":\"ReadAction\",\"target\":[\"https:\/\/hudo.com\/si\/aktualno\/nas-edini-narodni-park-je-ze-stiri-leta-brez-direktorja-s-polnimi-pooblastili\/\"]}]},{\"@type\":\"BreadcrumbList\",\"@id\":\"https:\/\/hudo.com\/si\/aktualno\/nas-edini-narodni-park-je-ze-stiri-leta-brez-direktorja-s-polnimi-pooblastili\/#breadcrumb\",\"itemListElement\":[{\"@type\":\"ListItem\",\"position\":1,\"name\":\"Home\",\"item\":\"https:\/\/hudo.com\/si\/\"},{\"@type\":\"ListItem\",\"position\":2,\"name\":\"Na\u0161 edini narodni park je \u017ee \u0161tiri leta brez direktorja s polnimi pooblastili\"}]},{\"@type\":\"WebSite\",\"@id\":\"https:\/\/hudo.com\/si\/#website\",\"url\":\"https:\/\/hudo.com\/si\/\",\"name\":\"Hudo Slovenija\",\"description\":\"Vse novice iz Slovenije in sveta\",\"publisher\":{\"@id\":\"https:\/\/hudo.com\/si\/#organization\"},\"potentialAction\":[{\"@type\":\"SearchAction\",\"target\":{\"@type\":\"EntryPoint\",\"urlTemplate\":\"https:\/\/hudo.com\/si\/?s={search_term_string}\"},\"query-input\":\"required name=search_term_string\"}],\"inLanguage\":\"sl-SI\"},{\"@type\":\"Organization\",\"@id\":\"https:\/\/hudo.com\/si\/#organization\",\"name\":\"VSN Media\",\"url\":\"https:\/\/hudo.com\/si\/\",\"logo\":{\"@type\":\"ImageObject\",\"inLanguage\":\"sl-SI\",\"@id\":\"https:\/\/hudo.com\/si\/#\/schema\/logo\/image\/\",\"url\":\"https:\/\/hudo.com\/si\/wp-content\/uploads\/sites\/2\/2021\/03\/hudo-app-2.png\",\"contentUrl\":\"https:\/\/hudo.com\/si\/wp-content\/uploads\/sites\/2\/2021\/03\/hudo-app-2.png\",\"width\":2185,\"height\":2167,\"caption\":\"VSN Media\"},\"image\":{\"@id\":\"https:\/\/hudo.com\/si\/#\/schema\/logo\/image\/\"},\"sameAs\":[\"https:\/\/www.facebook.com\/hudo.si\",\"https:\/\/twitter.com\/hudo_si\"]},{\"@type\":\"Person\",\"@id\":\"https:\/\/hudo.com\/si\/#\/schema\/person\/601cf3379633985b20f7e50f2bb47707\",\"name\":\"hudo\",\"image\":{\"@type\":\"ImageObject\",\"inLanguage\":\"sl-SI\",\"@id\":\"https:\/\/hudo.com\/si\/#\/schema\/person\/image\/\",\"url\":\"https:\/\/secure.gravatar.com\/avatar\/c4ca25fa72cace7a696b52ff5db9e095?s=96&d=mm&r=g\",\"contentUrl\":\"https:\/\/secure.gravatar.com\/avatar\/c4ca25fa72cace7a696b52ff5db9e095?s=96&d=mm&r=g\",\"caption\":\"hudo\"},\"url\":\"https:\/\/hudo.com\/si\/author\/hudo\/\"}]}<\/script>\n<!-- \/ Yoast SEO plugin. -->","yoast_head_json":{"title":"Na\u0161 edini narodni park je \u017ee \u0161tiri leta brez direktorja s polnimi pooblastili - Hudo Slovenija","robots":{"index":"index","follow":"follow","max-snippet":"max-snippet:-1","max-image-preview":"max-image-preview:large","max-video-preview":"max-video-preview:-1"},"canonical":"https:\/\/hudo.com\/si\/aktualno\/nas-edini-narodni-park-je-ze-stiri-leta-brez-direktorja-s-polnimi-pooblastili\/","og_locale":"sl_SI","og_type":"article","og_title":"Na\u0161 edini narodni park je \u017ee \u0161tiri leta brez direktorja s polnimi pooblastili - Hudo Slovenija","og_description":"Kategorija: Slovenija Mon, 31 Jul 2017 09:00:00 +0200 Bled \u2013 \u00bbMednarodne naravovarstvene organizacije in strokovna parkovna zdru\u017eenja ne morejo verjeti, kaj se dogaja v demokrati\u010dni, napredni in okoljsko zavedni Sloveniji,\u00ab je po imenovanju Janeza Rakarja za vr\u0161ilca dol\u017enosti direktorja Triglavskega narodnega parka (TNP) dejal direktor WWF Adria Martin \u0160olar, ki je TNP vodil do leta 2013. Bil je njegov zadnji direktor s polnimi pooblastili. Martin \u0160olar je za Delo povedal, da se je konec prej\u0161njega tedna, ko je vlada na predlog okoljskega ministrstva ministrice Irene Majcen odlo\u010dala o Rakarjevem imenovanju za v. d. direktorja TNP, sre\u010dal s predstavniki naju\u010dinkovitej\u0161ih nem\u0161kih narodnih parkov (Bavarski gozd in Berchtesgaden) v Nem\u010diji. Njihovi predstavniki so bili osupli ob novici o imenovanju novega vr\u0161ilca dol\u017enosti direktorja, je dejal \u0160olar. Prav tako generalni sekretar alpske konvencije Markus Reiterer, je opozoril \u0160olar in izpostavil, da je\u00a0...","og_url":"https:\/\/hudo.com\/si\/aktualno\/nas-edini-narodni-park-je-ze-stiri-leta-brez-direktorja-s-polnimi-pooblastili\/","og_site_name":"Hudo Slovenija","article_publisher":"https:\/\/www.facebook.com\/hudo.si","article_published_time":"2017-07-31T05:00:00+00:00","og_image":[{"width":480,"height":290,"url":"https:\/\/hudo.com\/si\/wp-content\/uploads\/sites\/2\/2017\/07\/480x290_djvu_1329457_matkok_grgic_KRN-TRIGLAVSKI-NARODNI-P.jpeg","type":"image\/jpeg"}],"author":"hudo","twitter_card":"summary_large_image","twitter_creator":"@hudo_si","twitter_site":"@hudo_si","twitter_misc":{"Written by":"hudo","Est. reading time":"1 minuta"},"schema":{"@context":"https:\/\/schema.org","@graph":[{"@type":"Article","@id":"https:\/\/hudo.com\/si\/aktualno\/nas-edini-narodni-park-je-ze-stiri-leta-brez-direktorja-s-polnimi-pooblastili\/#article","isPartOf":{"@id":"https:\/\/hudo.com\/si\/aktualno\/nas-edini-narodni-park-je-ze-stiri-leta-brez-direktorja-s-polnimi-pooblastili\/"},"author":{"name":"hudo","@id":"https:\/\/hudo.com\/si\/#\/schema\/person\/601cf3379633985b20f7e50f2bb47707"},"headline":"Na\u0161 edini narodni park je \u017ee \u0161tiri leta brez direktorja s polnimi pooblastili","datePublished":"2017-07-31T05:00:00+00:00","dateModified":"2017-07-31T05:00:00+00:00","mainEntityOfPage":{"@id":"https:\/\/hudo.com\/si\/aktualno\/nas-edini-narodni-park-je-ze-stiri-leta-brez-direktorja-s-polnimi-pooblastili\/"},"wordCount":159,"publisher":{"@id":"https:\/\/hudo.com\/si\/#organization"},"articleSection":["Aktualno"],"inLanguage":"sl-SI"},{"@type":"WebPage","@id":"https:\/\/hudo.com\/si\/aktualno\/nas-edini-narodni-park-je-ze-stiri-leta-brez-direktorja-s-polnimi-pooblastili\/","url":"https:\/\/hudo.com\/si\/aktualno\/nas-edini-narodni-park-je-ze-stiri-leta-brez-direktorja-s-polnimi-pooblastili\/","name":"Na\u0161 edini narodni park je \u017ee \u0161tiri leta brez direktorja s polnimi pooblastili - Hudo Slovenija","isPartOf":{"@id":"https:\/\/hudo.com\/si\/#website"},"datePublished":"2017-07-31T05:00:00+00:00","dateModified":"2017-07-31T05:00:00+00:00","breadcrumb":{"@id":"https:\/\/hudo.com\/si\/aktualno\/nas-edini-narodni-park-je-ze-stiri-leta-brez-direktorja-s-polnimi-pooblastili\/#breadcrumb"},"inLanguage":"sl-SI","potentialAction":[{"@type":"ReadAction","target":["https:\/\/hudo.com\/si\/aktualno\/nas-edini-narodni-park-je-ze-stiri-leta-brez-direktorja-s-polnimi-pooblastili\/"]}]},{"@type":"BreadcrumbList","@id":"https:\/\/hudo.com\/si\/aktualno\/nas-edini-narodni-park-je-ze-stiri-leta-brez-direktorja-s-polnimi-pooblastili\/#breadcrumb","itemListElement":[{"@type":"ListItem","position":1,"name":"Home","item":"https:\/\/hudo.com\/si\/"},{"@type":"ListItem","position":2,"name":"Na\u0161 edini narodni park je \u017ee \u0161tiri leta brez direktorja s polnimi pooblastili"}]},{"@type":"WebSite","@id":"https:\/\/hudo.com\/si\/#website","url":"https:\/\/hudo.com\/si\/","name":"Hudo Slovenija","description":"Vse novice iz Slovenije in sveta","publisher":{"@id":"https:\/\/hudo.com\/si\/#organization"},"potentialAction":[{"@type":"SearchAction","target":{"@type":"EntryPoint","urlTemplate":"https:\/\/hudo.com\/si\/?s={search_term_string}"},"query-input":"required name=search_term_string"}],"inLanguage":"sl-SI"},{"@type":"Organization","@id":"https:\/\/hudo.com\/si\/#organization","name":"VSN Media","url":"https:\/\/hudo.com\/si\/","logo":{"@type":"ImageObject","inLanguage":"sl-SI","@id":"https:\/\/hudo.com\/si\/#\/schema\/logo\/image\/","url":"https:\/\/hudo.com\/si\/wp-content\/uploads\/sites\/2\/2021\/03\/hudo-app-2.png","contentUrl":"https:\/\/hudo.com\/si\/wp-content\/uploads\/sites\/2\/2021\/03\/hudo-app-2.png","width":2185,"height":2167,"caption":"VSN Media"},"image":{"@id":"https:\/\/hudo.com\/si\/#\/schema\/logo\/image\/"},"sameAs":["https:\/\/www.facebook.com\/hudo.si","https:\/\/twitter.com\/hudo_si"]},{"@type":"Person","@id":"https:\/\/hudo.com\/si\/#\/schema\/person\/601cf3379633985b20f7e50f2bb47707","name":"hudo","image":{"@type":"ImageObject","inLanguage":"sl-SI","@id":"https:\/\/hudo.com\/si\/#\/schema\/person\/image\/","url":"https:\/\/secure.gravatar.com\/avatar\/c4ca25fa72cace7a696b52ff5db9e095?s=96&d=mm&r=g","contentUrl":"https:\/\/secure.gravatar.com\/avatar\/c4ca25fa72cace7a696b52ff5db9e095?s=96&d=mm&r=g","caption":"hudo"},"url":"https:\/\/hudo.com\/si\/author\/hudo\/"}]}},"amp_enabled":true,"_links":{"self":[{"href":"https:\/\/hudo.com\/si\/wp-json\/wp\/v2\/posts\/282710"}],"collection":[{"href":"https:\/\/hudo.com\/si\/wp-json\/wp\/v2\/posts"}],"about":[{"href":"https:\/\/hudo.com\/si\/wp-json\/wp\/v2\/types\/post"}],"author":[{"embeddable":true,"href":"https:\/\/hudo.com\/si\/wp-json\/wp\/v2\/users\/1"}],"replies":[{"embeddable":true,"href":"https:\/\/hudo.com\/si\/wp-json\/wp\/v2\/comments?post=282710"}],"version-history":[{"count":0,"href":"https:\/\/hudo.com\/si\/wp-json\/wp\/v2\/posts\/282710\/revisions"}],"wp:attachment":[{"href":"https:\/\/hudo.com\/si\/wp-json\/wp\/v2\/media?parent=282710"}],"wp:term":[{"taxonomy":"category","embeddable":true,"href":"https:\/\/hudo.com\/si\/wp-json\/wp\/v2\/categories?post=282710"},{"taxonomy":"post_tag","embeddable":true,"href":"https:\/\/hudo.com\/si\/wp-json\/wp\/v2\/tags?post=282710"},{"taxonomy":"source","embeddable":true,"href":"https:\/\/hudo.com\/si\/wp-json\/wp\/v2\/source?post=282710"},{"taxonomy":"supertag","embeddable":true,"href":"https:\/\/hudo.com\/si\/wp-json\/wp\/v2\/supertag?post=282710"}],"curies":[{"name":"wp","href":"https:\/\/api.w.org\/{rel}","templated":true}]}}