{"id":282784,"date":"2017-07-31T12:45:19","date_gmt":"2017-07-31T10:45:19","guid":{"rendered":"http:\/\/hudo.com\/si\/?p=282784"},"modified":"2017-07-31T12:45:19","modified_gmt":"2017-07-31T10:45:19","slug":"zacenja-se-cetrti-vrocinski-val-nijz-svetuje-primerno-zascito-pred-soncem-uzivanje-tekocine","status":"publish","type":"post","link":"https:\/\/hudo.com\/si\/aktualno\/zacenja-se-cetrti-vrocinski-val-nijz-svetuje-primerno-zascito-pred-soncem-uzivanje-tekocine\/","title":{"rendered":"Za\u010denja se \u010detrti vro\u010dinski val: NIJZ svetuje primerno za\u0161\u010dito pred soncem in u\u017eivanje teko\u010dine"},"content":{"rendered":"<p>Na NIJZ ljudem svetujejo, naj se ob vro\u010dini umaknejo v senco ali hladnej\u0161e prostore. Ljudi tudi opominjajo, naj omejijo telesno dejavnost na prostem. Telesno dejavnost svetujejo v jutranjih in ve\u010dernih urah. Priporo\u010dajo u\u017eivanje lahke hrane v manj\u0161i obrokih.<\/p>\n<p>Pomembno pa je tudi u\u017eivanje zadostne koli\u010dine teko\u010dine. Pri tem odsvetujejo u\u017eivanje pija\u010d s kofeinom, alkoholom ali sladkorjem, ker povzro\u010dajo odvajanje teko\u010dine iz telesa. Odrasli morajo dnevno v vro\u010dini popiti pribli\u017eno dva litra teko\u010dine. Ob telesni aktivnosti je treba zau\u017eiti \u0161e ve\u010d teko\u010dine.<\/p>\n<p>Opozarjajo tudi na ustrezno za\u0161\u010dito pred soncem. Med 10. in 16. uro je sonce najmo\u010dnej\u0161e, takrat se je treba umakniti v senco. Za\u0161\u010dititi se je treba tudi s son\u010dnimi o\u010dali, pokrivalom za glavo, primernimi obla\u010dili in s \u0161irokospektralno za\u0161\u010ditno kremo s son\u010dnim za\u0161\u010ditnim faktorjem najmanj 30 ter za\u0161\u010dito pred UVA \u017earki.<\/p>\n<p>V vro\u010dini se hrana pokvari hitreje. Zato ljudem svetujejo, naj bodo bolj pozorni na kakovost hrane in pravilno ravnanje s hrano. Tudi zdravila je treba shranjevati na temperaturi, ki jo priporo\u010da proizvajalec.<\/p>\n<p>Na NIJZ svarijo pred tem, da bi \u010dloveka ali \u017eival pustili v zaprtem parkiranem avtomobilu. Malo odprto okno ali prej\u0161nje ohlajevanje avtomobila s klimo namre\u010d ne prepre\u010di segrevanja avtomobila, opominjajo.<\/p>\n<p>Najpogostej\u0161e te\u017eave, ki jih imajo ljudje ob dalj\u0161ih obdobjih vro\u010dine, so ko\u017eni izpu\u0161\u010daji, vro\u010dinski kr\u010di, vro\u010dinska iz\u010drpanost, omedlevica in vro\u010dinska kap, navajajo na in\u0161titutu.<\/p>\n<p>Posebno pozornost je treba nameniti najbolj ob\u010dutljivim ljudem, to so starej\u0161i in otroci. Ogro\u017eeni so tudi bolniki z obolenji, ki vplivajo na uravnavanje toplote v telesu, mobilnost in sposobnost presojanja. Mednje sodijo bolniki s sr\u010dno \u017eilnimi obolenji in obolenji dihal, diabetiki, bolniki z obolenji ledvic, bolniki z du\u0161evnimi motnjami in nepokretni.<\/p>\n<p>Ob tem na NIJZ priporo\u010dajo, da v primeru, ko bi bila oseba prizadeta zaradi pregretja, pomagamo tako, da jo umaknemo na hladno, na primer v senco ali hladen prostor. &#8220;V primeru vro\u010dinske kapi takoj pokli\u010demo zdravni\u0161ko pomo\u010d in obolelega ves \u010das hladimo,&#8221; priporo\u010dajo na NIJZ, ljudem pa svetujejo tudi, naj se ljudje z zdravnikom posvetujejo o neobi\u010dajnih te\u017eavah, ki ne minejo ali se ve\u010dajo.<\/p>\n","protected":false},"excerpt":{"rendered":"<p>Za\u010denja se \u010detrti vro\u010dinski val. Agencija za okolje je za od srede do petka izdala opozorilo za najvi\u0161jo ogro\u017eenost z veliko toplotno obremenitvijo za celotno Slovenijo, z izjemo visokogorja. Na nacionalnem in\u0161titutu za varovanje zdravje (NIJZ) ljudem svetujejo, naj se v vro\u010dini primerno za\u0161\u010ditijo pred soncem in u\u017eivajo dovolj teko\u010dine.<\/p>\n","protected":false},"author":8,"featured_media":282787,"comment_status":"closed","ping_status":"closed","sticky":false,"template":"","format":"standard","meta":{"footnotes":""},"categories":[1179],"tags":[5670,1792,5735,5270],"source":[4511],"supertag":[],"acf":[],"yoast_head":"<!-- This site is optimized with the Yoast SEO plugin v21.3 - https:\/\/yoast.com\/wordpress\/plugins\/seo\/ -->\n<title>Za\u010denja se \u010detrti vro\u010dinski val: NIJZ svetuje primerno za\u0161\u010dito pred soncem in u\u017eivanje teko\u010dine - Hudo Slovenija<\/title>\n<meta name=\"robots\" content=\"index, follow, max-snippet:-1, max-image-preview:large, max-video-preview:-1\" \/>\n<link rel=\"canonical\" href=\"https:\/\/hudo.com\/si\/aktualno\/zacenja-se-cetrti-vrocinski-val-nijz-svetuje-primerno-zascito-pred-soncem-uzivanje-tekocine\/\" \/>\n<meta property=\"og:locale\" content=\"sl_SI\" \/>\n<meta property=\"og:type\" content=\"article\" \/>\n<meta property=\"og:title\" content=\"Za\u010denja se \u010detrti vro\u010dinski val: NIJZ svetuje primerno za\u0161\u010dito pred soncem in u\u017eivanje teko\u010dine - Hudo Slovenija\" \/>\n<meta property=\"og:description\" content=\"Za\u010denja se \u010detrti vro\u010dinski val. Agencija za okolje je za od srede do petka izdala opozorilo za najvi\u0161jo ogro\u017eenost z veliko toplotno obremenitvijo za celotno Slovenijo, z izjemo visokogorja. Na nacionalnem in\u0161titutu za varovanje zdravje (NIJZ) ljudem svetujejo, naj se v vro\u010dini primerno za\u0161\u010ditijo pred soncem in u\u017eivajo dovolj teko\u010dine.\" \/>\n<meta property=\"og:url\" content=\"https:\/\/hudo.com\/si\/aktualno\/zacenja-se-cetrti-vrocinski-val-nijz-svetuje-primerno-zascito-pred-soncem-uzivanje-tekocine\/\" \/>\n<meta property=\"og:site_name\" content=\"Hudo Slovenija\" \/>\n<meta property=\"article:publisher\" content=\"https:\/\/www.facebook.com\/hudo.si\" \/>\n<meta property=\"article:published_time\" content=\"2017-07-31T10:45:19+00:00\" \/>\n<meta property=\"og:image\" content=\"https:\/\/hudo.com\/si\/wp-content\/uploads\/sites\/2\/2017\/07\/profimedia-0342650629.jpg\" \/>\n\t<meta property=\"og:image:width\" content=\"1250\" \/>\n\t<meta property=\"og:image:height\" content=\"833\" \/>\n\t<meta property=\"og:image:type\" content=\"image\/jpeg\" \/>\n<meta name=\"author\" content=\"M. N., STA\" \/>\n<meta name=\"twitter:card\" content=\"summary_large_image\" \/>\n<meta name=\"twitter:creator\" content=\"@hudo_si\" \/>\n<meta name=\"twitter:site\" content=\"@hudo_si\" \/>\n<meta name=\"twitter:label1\" content=\"Written by\" \/>\n\t<meta name=\"twitter:data1\" content=\"M. N., STA\" \/>\n\t<meta name=\"twitter:label2\" content=\"Est. reading time\" \/>\n\t<meta name=\"twitter:data2\" content=\"2 minuti\" \/>\n<script type=\"application\/ld+json\" class=\"yoast-schema-graph\">{\"@context\":\"https:\/\/schema.org\",\"@graph\":[{\"@type\":\"Article\",\"@id\":\"https:\/\/hudo.com\/si\/aktualno\/zacenja-se-cetrti-vrocinski-val-nijz-svetuje-primerno-zascito-pred-soncem-uzivanje-tekocine\/#article\",\"isPartOf\":{\"@id\":\"https:\/\/hudo.com\/si\/aktualno\/zacenja-se-cetrti-vrocinski-val-nijz-svetuje-primerno-zascito-pred-soncem-uzivanje-tekocine\/\"},\"author\":{\"name\":\"M. N., STA\",\"@id\":\"https:\/\/hudo.com\/si\/#\/schema\/person\/c2f10ce65d2e6ede2aeda5be2a0611fa\"},\"headline\":\"Za\u010denja se \u010detrti vro\u010dinski val: NIJZ svetuje primerno za\u0161\u010dito pred soncem in u\u017eivanje teko\u010dine\",\"datePublished\":\"2017-07-31T10:45:19+00:00\",\"dateModified\":\"2017-07-31T10:45:19+00:00\",\"mainEntityOfPage\":{\"@id\":\"https:\/\/hudo.com\/si\/aktualno\/zacenja-se-cetrti-vrocinski-val-nijz-svetuje-primerno-zascito-pred-soncem-uzivanje-tekocine\/\"},\"wordCount\":406,\"publisher\":{\"@id\":\"https:\/\/hudo.com\/si\/#organization\"},\"keywords\":[\"nijz\",\"poletje\",\"poletna vro\u010dina\",\"vro\u010dinski val\"],\"articleSection\":[\"Aktualno\"],\"inLanguage\":\"sl-SI\"},{\"@type\":\"WebPage\",\"@id\":\"https:\/\/hudo.com\/si\/aktualno\/zacenja-se-cetrti-vrocinski-val-nijz-svetuje-primerno-zascito-pred-soncem-uzivanje-tekocine\/\",\"url\":\"https:\/\/hudo.com\/si\/aktualno\/zacenja-se-cetrti-vrocinski-val-nijz-svetuje-primerno-zascito-pred-soncem-uzivanje-tekocine\/\",\"name\":\"Za\u010denja se \u010detrti vro\u010dinski val: NIJZ svetuje primerno za\u0161\u010dito pred soncem in u\u017eivanje teko\u010dine - Hudo Slovenija\",\"isPartOf\":{\"@id\":\"https:\/\/hudo.com\/si\/#website\"},\"datePublished\":\"2017-07-31T10:45:19+00:00\",\"dateModified\":\"2017-07-31T10:45:19+00:00\",\"breadcrumb\":{\"@id\":\"https:\/\/hudo.com\/si\/aktualno\/zacenja-se-cetrti-vrocinski-val-nijz-svetuje-primerno-zascito-pred-soncem-uzivanje-tekocine\/#breadcrumb\"},\"inLanguage\":\"sl-SI\",\"potentialAction\":[{\"@type\":\"ReadAction\",\"target\":[\"https:\/\/hudo.com\/si\/aktualno\/zacenja-se-cetrti-vrocinski-val-nijz-svetuje-primerno-zascito-pred-soncem-uzivanje-tekocine\/\"]}]},{\"@type\":\"BreadcrumbList\",\"@id\":\"https:\/\/hudo.com\/si\/aktualno\/zacenja-se-cetrti-vrocinski-val-nijz-svetuje-primerno-zascito-pred-soncem-uzivanje-tekocine\/#breadcrumb\",\"itemListElement\":[{\"@type\":\"ListItem\",\"position\":1,\"name\":\"Home\",\"item\":\"https:\/\/hudo.com\/si\/\"},{\"@type\":\"ListItem\",\"position\":2,\"name\":\"Za\u010denja se \u010detrti vro\u010dinski val: NIJZ svetuje primerno za\u0161\u010dito pred soncem in u\u017eivanje teko\u010dine\"}]},{\"@type\":\"WebSite\",\"@id\":\"https:\/\/hudo.com\/si\/#website\",\"url\":\"https:\/\/hudo.com\/si\/\",\"name\":\"Hudo Slovenija\",\"description\":\"Vse novice iz Slovenije in sveta\",\"publisher\":{\"@id\":\"https:\/\/hudo.com\/si\/#organization\"},\"potentialAction\":[{\"@type\":\"SearchAction\",\"target\":{\"@type\":\"EntryPoint\",\"urlTemplate\":\"https:\/\/hudo.com\/si\/?s={search_term_string}\"},\"query-input\":\"required name=search_term_string\"}],\"inLanguage\":\"sl-SI\"},{\"@type\":\"Organization\",\"@id\":\"https:\/\/hudo.com\/si\/#organization\",\"name\":\"VSN Media\",\"url\":\"https:\/\/hudo.com\/si\/\",\"logo\":{\"@type\":\"ImageObject\",\"inLanguage\":\"sl-SI\",\"@id\":\"https:\/\/hudo.com\/si\/#\/schema\/logo\/image\/\",\"url\":\"https:\/\/hudo.com\/si\/wp-content\/uploads\/sites\/2\/2021\/03\/hudo-app-2.png\",\"contentUrl\":\"https:\/\/hudo.com\/si\/wp-content\/uploads\/sites\/2\/2021\/03\/hudo-app-2.png\",\"width\":2185,\"height\":2167,\"caption\":\"VSN Media\"},\"image\":{\"@id\":\"https:\/\/hudo.com\/si\/#\/schema\/logo\/image\/\"},\"sameAs\":[\"https:\/\/www.facebook.com\/hudo.si\",\"https:\/\/twitter.com\/hudo_si\"]},{\"@type\":\"Person\",\"@id\":\"https:\/\/hudo.com\/si\/#\/schema\/person\/c2f10ce65d2e6ede2aeda5be2a0611fa\",\"name\":\"M. N., STA\",\"image\":{\"@type\":\"ImageObject\",\"inLanguage\":\"sl-SI\",\"@id\":\"https:\/\/hudo.com\/si\/#\/schema\/person\/image\/\",\"url\":\"https:\/\/secure.gravatar.com\/avatar\/f370d38daa10467f755c5c766a4cac20?s=96&d=mm&r=g\",\"contentUrl\":\"https:\/\/secure.gravatar.com\/avatar\/f370d38daa10467f755c5c766a4cac20?s=96&d=mm&r=g\",\"caption\":\"M. N., STA\"},\"url\":\"https:\/\/hudo.com\/si\/author\/mana\/\"}]}<\/script>\n<!-- \/ Yoast SEO plugin. -->","yoast_head_json":{"title":"Za\u010denja se \u010detrti vro\u010dinski val: NIJZ svetuje primerno za\u0161\u010dito pred soncem in u\u017eivanje teko\u010dine - Hudo Slovenija","robots":{"index":"index","follow":"follow","max-snippet":"max-snippet:-1","max-image-preview":"max-image-preview:large","max-video-preview":"max-video-preview:-1"},"canonical":"https:\/\/hudo.com\/si\/aktualno\/zacenja-se-cetrti-vrocinski-val-nijz-svetuje-primerno-zascito-pred-soncem-uzivanje-tekocine\/","og_locale":"sl_SI","og_type":"article","og_title":"Za\u010denja se \u010detrti vro\u010dinski val: NIJZ svetuje primerno za\u0161\u010dito pred soncem in u\u017eivanje teko\u010dine - Hudo Slovenija","og_description":"Za\u010denja se \u010detrti vro\u010dinski val. Agencija za okolje je za od srede do petka izdala opozorilo za najvi\u0161jo ogro\u017eenost z veliko toplotno obremenitvijo za celotno Slovenijo, z izjemo visokogorja. Na nacionalnem in\u0161titutu za varovanje zdravje (NIJZ) ljudem svetujejo, naj se v vro\u010dini primerno za\u0161\u010ditijo pred soncem in u\u017eivajo dovolj teko\u010dine.","og_url":"https:\/\/hudo.com\/si\/aktualno\/zacenja-se-cetrti-vrocinski-val-nijz-svetuje-primerno-zascito-pred-soncem-uzivanje-tekocine\/","og_site_name":"Hudo Slovenija","article_publisher":"https:\/\/www.facebook.com\/hudo.si","article_published_time":"2017-07-31T10:45:19+00:00","og_image":[{"width":1250,"height":833,"url":"https:\/\/hudo.com\/si\/wp-content\/uploads\/sites\/2\/2017\/07\/profimedia-0342650629.jpg","type":"image\/jpeg"}],"author":"M. N., STA","twitter_card":"summary_large_image","twitter_creator":"@hudo_si","twitter_site":"@hudo_si","twitter_misc":{"Written by":"M. N., STA","Est. reading time":"2 minuti"},"schema":{"@context":"https:\/\/schema.org","@graph":[{"@type":"Article","@id":"https:\/\/hudo.com\/si\/aktualno\/zacenja-se-cetrti-vrocinski-val-nijz-svetuje-primerno-zascito-pred-soncem-uzivanje-tekocine\/#article","isPartOf":{"@id":"https:\/\/hudo.com\/si\/aktualno\/zacenja-se-cetrti-vrocinski-val-nijz-svetuje-primerno-zascito-pred-soncem-uzivanje-tekocine\/"},"author":{"name":"M. N., STA","@id":"https:\/\/hudo.com\/si\/#\/schema\/person\/c2f10ce65d2e6ede2aeda5be2a0611fa"},"headline":"Za\u010denja se \u010detrti vro\u010dinski val: NIJZ svetuje primerno za\u0161\u010dito pred soncem in u\u017eivanje teko\u010dine","datePublished":"2017-07-31T10:45:19+00:00","dateModified":"2017-07-31T10:45:19+00:00","mainEntityOfPage":{"@id":"https:\/\/hudo.com\/si\/aktualno\/zacenja-se-cetrti-vrocinski-val-nijz-svetuje-primerno-zascito-pred-soncem-uzivanje-tekocine\/"},"wordCount":406,"publisher":{"@id":"https:\/\/hudo.com\/si\/#organization"},"keywords":["nijz","poletje","poletna vro\u010dina","vro\u010dinski val"],"articleSection":["Aktualno"],"inLanguage":"sl-SI"},{"@type":"WebPage","@id":"https:\/\/hudo.com\/si\/aktualno\/zacenja-se-cetrti-vrocinski-val-nijz-svetuje-primerno-zascito-pred-soncem-uzivanje-tekocine\/","url":"https:\/\/hudo.com\/si\/aktualno\/zacenja-se-cetrti-vrocinski-val-nijz-svetuje-primerno-zascito-pred-soncem-uzivanje-tekocine\/","name":"Za\u010denja se \u010detrti vro\u010dinski val: NIJZ svetuje primerno za\u0161\u010dito pred soncem in u\u017eivanje teko\u010dine - Hudo Slovenija","isPartOf":{"@id":"https:\/\/hudo.com\/si\/#website"},"datePublished":"2017-07-31T10:45:19+00:00","dateModified":"2017-07-31T10:45:19+00:00","breadcrumb":{"@id":"https:\/\/hudo.com\/si\/aktualno\/zacenja-se-cetrti-vrocinski-val-nijz-svetuje-primerno-zascito-pred-soncem-uzivanje-tekocine\/#breadcrumb"},"inLanguage":"sl-SI","potentialAction":[{"@type":"ReadAction","target":["https:\/\/hudo.com\/si\/aktualno\/zacenja-se-cetrti-vrocinski-val-nijz-svetuje-primerno-zascito-pred-soncem-uzivanje-tekocine\/"]}]},{"@type":"BreadcrumbList","@id":"https:\/\/hudo.com\/si\/aktualno\/zacenja-se-cetrti-vrocinski-val-nijz-svetuje-primerno-zascito-pred-soncem-uzivanje-tekocine\/#breadcrumb","itemListElement":[{"@type":"ListItem","position":1,"name":"Home","item":"https:\/\/hudo.com\/si\/"},{"@type":"ListItem","position":2,"name":"Za\u010denja se \u010detrti vro\u010dinski val: NIJZ svetuje primerno za\u0161\u010dito pred soncem in u\u017eivanje teko\u010dine"}]},{"@type":"WebSite","@id":"https:\/\/hudo.com\/si\/#website","url":"https:\/\/hudo.com\/si\/","name":"Hudo Slovenija","description":"Vse novice iz Slovenije in sveta","publisher":{"@id":"https:\/\/hudo.com\/si\/#organization"},"potentialAction":[{"@type":"SearchAction","target":{"@type":"EntryPoint","urlTemplate":"https:\/\/hudo.com\/si\/?s={search_term_string}"},"query-input":"required name=search_term_string"}],"inLanguage":"sl-SI"},{"@type":"Organization","@id":"https:\/\/hudo.com\/si\/#organization","name":"VSN Media","url":"https:\/\/hudo.com\/si\/","logo":{"@type":"ImageObject","inLanguage":"sl-SI","@id":"https:\/\/hudo.com\/si\/#\/schema\/logo\/image\/","url":"https:\/\/hudo.com\/si\/wp-content\/uploads\/sites\/2\/2021\/03\/hudo-app-2.png","contentUrl":"https:\/\/hudo.com\/si\/wp-content\/uploads\/sites\/2\/2021\/03\/hudo-app-2.png","width":2185,"height":2167,"caption":"VSN Media"},"image":{"@id":"https:\/\/hudo.com\/si\/#\/schema\/logo\/image\/"},"sameAs":["https:\/\/www.facebook.com\/hudo.si","https:\/\/twitter.com\/hudo_si"]},{"@type":"Person","@id":"https:\/\/hudo.com\/si\/#\/schema\/person\/c2f10ce65d2e6ede2aeda5be2a0611fa","name":"M. N., STA","image":{"@type":"ImageObject","inLanguage":"sl-SI","@id":"https:\/\/hudo.com\/si\/#\/schema\/person\/image\/","url":"https:\/\/secure.gravatar.com\/avatar\/f370d38daa10467f755c5c766a4cac20?s=96&d=mm&r=g","contentUrl":"https:\/\/secure.gravatar.com\/avatar\/f370d38daa10467f755c5c766a4cac20?s=96&d=mm&r=g","caption":"M. N., STA"},"url":"https:\/\/hudo.com\/si\/author\/mana\/"}]}},"amp_enabled":true,"_links":{"self":[{"href":"https:\/\/hudo.com\/si\/wp-json\/wp\/v2\/posts\/282784"}],"collection":[{"href":"https:\/\/hudo.com\/si\/wp-json\/wp\/v2\/posts"}],"about":[{"href":"https:\/\/hudo.com\/si\/wp-json\/wp\/v2\/types\/post"}],"author":[{"embeddable":true,"href":"https:\/\/hudo.com\/si\/wp-json\/wp\/v2\/users\/8"}],"replies":[{"embeddable":true,"href":"https:\/\/hudo.com\/si\/wp-json\/wp\/v2\/comments?post=282784"}],"version-history":[{"count":1,"href":"https:\/\/hudo.com\/si\/wp-json\/wp\/v2\/posts\/282784\/revisions"}],"predecessor-version":[{"id":282788,"href":"https:\/\/hudo.com\/si\/wp-json\/wp\/v2\/posts\/282784\/revisions\/282788"}],"wp:featuredmedia":[{"embeddable":true,"href":"https:\/\/hudo.com\/si\/wp-json\/wp\/v2\/media\/282787"}],"wp:attachment":[{"href":"https:\/\/hudo.com\/si\/wp-json\/wp\/v2\/media?parent=282784"}],"wp:term":[{"taxonomy":"category","embeddable":true,"href":"https:\/\/hudo.com\/si\/wp-json\/wp\/v2\/categories?post=282784"},{"taxonomy":"post_tag","embeddable":true,"href":"https:\/\/hudo.com\/si\/wp-json\/wp\/v2\/tags?post=282784"},{"taxonomy":"source","embeddable":true,"href":"https:\/\/hudo.com\/si\/wp-json\/wp\/v2\/source?post=282784"},{"taxonomy":"supertag","embeddable":true,"href":"https:\/\/hudo.com\/si\/wp-json\/wp\/v2\/supertag?post=282784"}],"curies":[{"name":"wp","href":"https:\/\/api.w.org\/{rel}","templated":true}]}}