{"id":282850,"date":"2017-07-31T12:40:00","date_gmt":"2017-07-31T10:40:00","guid":{"rendered":"http:\/\/hudo.com\/si\/2017\/07\/31\/bavcar-na-vrhovno-sodisce-poleg-zahteve-za-varstvo-zakonitosti-vlozil-tudi-pritozbo\/"},"modified":"2017-07-31T12:40:00","modified_gmt":"2017-07-31T10:40:00","slug":"bavcar-na-vrhovno-sodisce-poleg-zahteve-za-varstvo-zakonitosti-vlozil-tudi-pritozbo","status":"publish","type":"post","link":"https:\/\/hudo.com\/si\/aktualno\/bavcar-na-vrhovno-sodisce-poleg-zahteve-za-varstvo-zakonitosti-vlozil-tudi-pritozbo\/","title":{"rendered":"Bav\u010dar na vrhovno sodi\u0161\u010de poleg zahteve za varstvo zakonitosti vlo\u017eil tudi prito\u017ebo"},"content":{"rendered":"<p>Kategorija: Kronika Mon, 31 Jul 2017 14:40:00 +0200  Ljubljana &#8211; Nekdanji predsednik uprave Istrabenza Igor Bav\u010dar je na vrhovno sodi\u0161\u010de vlo\u017eil \u0161e prito\u017ebo na sklep vi\u0161jega sodi\u0161\u010da, ki ni sogla\u0161alo z njegovo zahtevo po izlo\u010ditvi sodnikov v odlo\u010danju okro\u017enega o zahtevi za odlog prestajanja kazni. Na vrhovnem sodi\u0161\u010du imajo tudi \u017ee njegovo zahtevo za varstvo zakonitosti, vendar ju v \u010dasu po\u010ditnic ne obravnavajo. Medtem ko so prito\u017ebo na sklep ljubljanskega vi\u0161jega sodi\u0161\u010da na vrhovnem sodi\u0161\u010du prejeli danes, pa je Bav\u010dar \u017ee pred pribli\u017eno tremi tedni tja vlo\u017eil tudi zahtevo za varstvo zakonitosti, ki pa ne zadr\u017ei izvajanja zaporne kazni, so za STA pojasnili na vrhovnem sodi\u0161\u010du. Zato je Bav\u010dar, ki bi moral 20. julija na prestajanje petletne zaporne kazni na Dob, na Okro\u017eno sodi\u0161\u010de v Ljubljani nekaj dni pred tem posredoval pro\u0161njo za odlog prestajanja kazni, kasneje pa je zahteval\u00a0&#8230;<\/p>\n","protected":false},"excerpt":{"rendered":"<p>Kategorija: Kronika Mon, 31 Jul 2017 14:40:00 +0200  Ljubljana &#8211; Nekdanji predsednik uprave Istrabenza Igor Bav\u010dar je na vrhovno sodi\u0161\u010de vlo\u017eil \u0161e prito\u017ebo na sklep vi\u0161jega sodi\u0161\u010da, ki ni sogla\u0161alo z njegovo zahtevo po izlo\u010ditvi sodnikov v odlo\u010danju okro\u017enega o zahtevi za odlog prestajanja kazni. Na vrhovnem sodi\u0161\u010du imajo tudi \u017ee njegovo zahtevo za varstvo zakonitosti, vendar ju v \u010dasu po\u010ditnic ne obravnavajo. Medtem ko so prito\u017ebo na sklep ljubljanskega vi\u0161jega sodi\u0161\u010da na vrhovnem sodi\u0161\u010du prejeli danes, pa je Bav\u010dar \u017ee pred pribli\u017eno tremi tedni tja vlo\u017eil tudi zahtevo za varstvo zakonitosti, ki pa ne zadr\u017ei izvajanja zaporne kazni, so za STA pojasnili na vrhovnem sodi\u0161\u010du. Zato je Bav\u010dar, ki bi moral 20. julija na prestajanje petletne zaporne kazni na Dob, na Okro\u017eno sodi\u0161\u010de v Ljubljani nekaj dni pred tem posredoval pro\u0161njo za odlog prestajanja kazni, kasneje pa je zahteval\u00a0&#8230;<\/p>\n","protected":false},"author":1,"featured_media":0,"comment_status":"closed","ping_status":"closed","sticky":false,"template":"","format":"standard","meta":{"footnotes":""},"categories":[1179],"tags":[],"source":[1703],"supertag":[],"acf":[],"yoast_head":"<!-- This site is optimized with the Yoast SEO plugin v21.3 - https:\/\/yoast.com\/wordpress\/plugins\/seo\/ -->\n<title>Bav\u010dar na vrhovno sodi\u0161\u010de poleg zahteve za varstvo zakonitosti vlo\u017eil tudi prito\u017ebo - Hudo Slovenija<\/title>\n<meta name=\"robots\" content=\"index, follow, max-snippet:-1, max-image-preview:large, max-video-preview:-1\" \/>\n<link rel=\"canonical\" href=\"https:\/\/hudo.com\/si\/aktualno\/bavcar-na-vrhovno-sodisce-poleg-zahteve-za-varstvo-zakonitosti-vlozil-tudi-pritozbo\/\" \/>\n<meta property=\"og:locale\" content=\"sl_SI\" \/>\n<meta property=\"og:type\" content=\"article\" \/>\n<meta property=\"og:title\" content=\"Bav\u010dar na vrhovno sodi\u0161\u010de poleg zahteve za varstvo zakonitosti vlo\u017eil tudi prito\u017ebo - Hudo Slovenija\" \/>\n<meta property=\"og:description\" content=\"Kategorija: Kronika Mon, 31 Jul 2017 14:40:00 +0200 Ljubljana - Nekdanji predsednik uprave Istrabenza Igor Bav\u010dar je na vrhovno sodi\u0161\u010de vlo\u017eil \u0161e prito\u017ebo na sklep vi\u0161jega sodi\u0161\u010da, ki ni sogla\u0161alo z njegovo zahtevo po izlo\u010ditvi sodnikov v odlo\u010danju okro\u017enega o zahtevi za odlog prestajanja kazni. Na vrhovnem sodi\u0161\u010du imajo tudi \u017ee njegovo zahtevo za varstvo zakonitosti, vendar ju v \u010dasu po\u010ditnic ne obravnavajo. Medtem ko so prito\u017ebo na sklep ljubljanskega vi\u0161jega sodi\u0161\u010da na vrhovnem sodi\u0161\u010du prejeli danes, pa je Bav\u010dar \u017ee pred pribli\u017eno tremi tedni tja vlo\u017eil tudi zahtevo za varstvo zakonitosti, ki pa ne zadr\u017ei izvajanja zaporne kazni, so za STA pojasnili na vrhovnem sodi\u0161\u010du. Zato je Bav\u010dar, ki bi moral 20. julija na prestajanje petletne zaporne kazni na Dob, na Okro\u017eno sodi\u0161\u010de v Ljubljani nekaj dni pred tem posredoval pro\u0161njo za odlog prestajanja kazni, kasneje pa je zahteval\u00a0...\" \/>\n<meta property=\"og:url\" content=\"https:\/\/hudo.com\/si\/aktualno\/bavcar-na-vrhovno-sodisce-poleg-zahteve-za-varstvo-zakonitosti-vlozil-tudi-pritozbo\/\" \/>\n<meta property=\"og:site_name\" content=\"Hudo Slovenija\" \/>\n<meta property=\"article:publisher\" content=\"https:\/\/www.facebook.com\/hudo.si\" \/>\n<meta property=\"article:published_time\" content=\"2017-07-31T10:40:00+00:00\" \/>\n<meta property=\"og:image\" content=\"https:\/\/hudo.com\/si\/wp-content\/uploads\/sites\/2\/2017\/07\/480x290_djvu_455464_vvo_jer-Igor-Bav-ar-4.jpeg\" \/>\n\t<meta property=\"og:image:width\" content=\"480\" \/>\n\t<meta property=\"og:image:height\" content=\"290\" \/>\n\t<meta property=\"og:image:type\" content=\"image\/jpeg\" \/>\n<meta name=\"author\" content=\"hudo\" \/>\n<meta name=\"twitter:card\" content=\"summary_large_image\" \/>\n<meta name=\"twitter:creator\" content=\"@hudo_si\" \/>\n<meta name=\"twitter:site\" content=\"@hudo_si\" \/>\n<meta name=\"twitter:label1\" content=\"Written by\" \/>\n\t<meta name=\"twitter:data1\" content=\"hudo\" \/>\n\t<meta name=\"twitter:label2\" content=\"Est. reading time\" \/>\n\t<meta name=\"twitter:data2\" content=\"1 minuta\" \/>\n<script type=\"application\/ld+json\" class=\"yoast-schema-graph\">{\"@context\":\"https:\/\/schema.org\",\"@graph\":[{\"@type\":\"Article\",\"@id\":\"https:\/\/hudo.com\/si\/aktualno\/bavcar-na-vrhovno-sodisce-poleg-zahteve-za-varstvo-zakonitosti-vlozil-tudi-pritozbo\/#article\",\"isPartOf\":{\"@id\":\"https:\/\/hudo.com\/si\/aktualno\/bavcar-na-vrhovno-sodisce-poleg-zahteve-za-varstvo-zakonitosti-vlozil-tudi-pritozbo\/\"},\"author\":{\"name\":\"hudo\",\"@id\":\"https:\/\/hudo.com\/si\/#\/schema\/person\/601cf3379633985b20f7e50f2bb47707\"},\"headline\":\"Bav\u010dar na vrhovno sodi\u0161\u010de poleg zahteve za varstvo zakonitosti vlo\u017eil tudi prito\u017ebo\",\"datePublished\":\"2017-07-31T10:40:00+00:00\",\"dateModified\":\"2017-07-31T10:40:00+00:00\",\"mainEntityOfPage\":{\"@id\":\"https:\/\/hudo.com\/si\/aktualno\/bavcar-na-vrhovno-sodisce-poleg-zahteve-za-varstvo-zakonitosti-vlozil-tudi-pritozbo\/\"},\"wordCount\":176,\"publisher\":{\"@id\":\"https:\/\/hudo.com\/si\/#organization\"},\"articleSection\":[\"Aktualno\"],\"inLanguage\":\"sl-SI\"},{\"@type\":\"WebPage\",\"@id\":\"https:\/\/hudo.com\/si\/aktualno\/bavcar-na-vrhovno-sodisce-poleg-zahteve-za-varstvo-zakonitosti-vlozil-tudi-pritozbo\/\",\"url\":\"https:\/\/hudo.com\/si\/aktualno\/bavcar-na-vrhovno-sodisce-poleg-zahteve-za-varstvo-zakonitosti-vlozil-tudi-pritozbo\/\",\"name\":\"Bav\u010dar na vrhovno sodi\u0161\u010de poleg zahteve za varstvo zakonitosti vlo\u017eil tudi prito\u017ebo - Hudo Slovenija\",\"isPartOf\":{\"@id\":\"https:\/\/hudo.com\/si\/#website\"},\"datePublished\":\"2017-07-31T10:40:00+00:00\",\"dateModified\":\"2017-07-31T10:40:00+00:00\",\"breadcrumb\":{\"@id\":\"https:\/\/hudo.com\/si\/aktualno\/bavcar-na-vrhovno-sodisce-poleg-zahteve-za-varstvo-zakonitosti-vlozil-tudi-pritozbo\/#breadcrumb\"},\"inLanguage\":\"sl-SI\",\"potentialAction\":[{\"@type\":\"ReadAction\",\"target\":[\"https:\/\/hudo.com\/si\/aktualno\/bavcar-na-vrhovno-sodisce-poleg-zahteve-za-varstvo-zakonitosti-vlozil-tudi-pritozbo\/\"]}]},{\"@type\":\"BreadcrumbList\",\"@id\":\"https:\/\/hudo.com\/si\/aktualno\/bavcar-na-vrhovno-sodisce-poleg-zahteve-za-varstvo-zakonitosti-vlozil-tudi-pritozbo\/#breadcrumb\",\"itemListElement\":[{\"@type\":\"ListItem\",\"position\":1,\"name\":\"Home\",\"item\":\"https:\/\/hudo.com\/si\/\"},{\"@type\":\"ListItem\",\"position\":2,\"name\":\"Bav\u010dar na vrhovno sodi\u0161\u010de poleg zahteve za varstvo zakonitosti vlo\u017eil tudi prito\u017ebo\"}]},{\"@type\":\"WebSite\",\"@id\":\"https:\/\/hudo.com\/si\/#website\",\"url\":\"https:\/\/hudo.com\/si\/\",\"name\":\"Hudo Slovenija\",\"description\":\"Vse novice iz Slovenije in sveta\",\"publisher\":{\"@id\":\"https:\/\/hudo.com\/si\/#organization\"},\"potentialAction\":[{\"@type\":\"SearchAction\",\"target\":{\"@type\":\"EntryPoint\",\"urlTemplate\":\"https:\/\/hudo.com\/si\/?s={search_term_string}\"},\"query-input\":\"required name=search_term_string\"}],\"inLanguage\":\"sl-SI\"},{\"@type\":\"Organization\",\"@id\":\"https:\/\/hudo.com\/si\/#organization\",\"name\":\"VSN Media\",\"url\":\"https:\/\/hudo.com\/si\/\",\"logo\":{\"@type\":\"ImageObject\",\"inLanguage\":\"sl-SI\",\"@id\":\"https:\/\/hudo.com\/si\/#\/schema\/logo\/image\/\",\"url\":\"https:\/\/hudo.com\/si\/wp-content\/uploads\/sites\/2\/2021\/03\/hudo-app-2.png\",\"contentUrl\":\"https:\/\/hudo.com\/si\/wp-content\/uploads\/sites\/2\/2021\/03\/hudo-app-2.png\",\"width\":2185,\"height\":2167,\"caption\":\"VSN Media\"},\"image\":{\"@id\":\"https:\/\/hudo.com\/si\/#\/schema\/logo\/image\/\"},\"sameAs\":[\"https:\/\/www.facebook.com\/hudo.si\",\"https:\/\/twitter.com\/hudo_si\"]},{\"@type\":\"Person\",\"@id\":\"https:\/\/hudo.com\/si\/#\/schema\/person\/601cf3379633985b20f7e50f2bb47707\",\"name\":\"hudo\",\"image\":{\"@type\":\"ImageObject\",\"inLanguage\":\"sl-SI\",\"@id\":\"https:\/\/hudo.com\/si\/#\/schema\/person\/image\/\",\"url\":\"https:\/\/secure.gravatar.com\/avatar\/c4ca25fa72cace7a696b52ff5db9e095?s=96&d=mm&r=g\",\"contentUrl\":\"https:\/\/secure.gravatar.com\/avatar\/c4ca25fa72cace7a696b52ff5db9e095?s=96&d=mm&r=g\",\"caption\":\"hudo\"},\"url\":\"https:\/\/hudo.com\/si\/author\/hudo\/\"}]}<\/script>\n<!-- \/ Yoast SEO plugin. -->","yoast_head_json":{"title":"Bav\u010dar na vrhovno sodi\u0161\u010de poleg zahteve za varstvo zakonitosti vlo\u017eil tudi prito\u017ebo - Hudo Slovenija","robots":{"index":"index","follow":"follow","max-snippet":"max-snippet:-1","max-image-preview":"max-image-preview:large","max-video-preview":"max-video-preview:-1"},"canonical":"https:\/\/hudo.com\/si\/aktualno\/bavcar-na-vrhovno-sodisce-poleg-zahteve-za-varstvo-zakonitosti-vlozil-tudi-pritozbo\/","og_locale":"sl_SI","og_type":"article","og_title":"Bav\u010dar na vrhovno sodi\u0161\u010de poleg zahteve za varstvo zakonitosti vlo\u017eil tudi prito\u017ebo - Hudo Slovenija","og_description":"Kategorija: Kronika Mon, 31 Jul 2017 14:40:00 +0200 Ljubljana - Nekdanji predsednik uprave Istrabenza Igor Bav\u010dar je na vrhovno sodi\u0161\u010de vlo\u017eil \u0161e prito\u017ebo na sklep vi\u0161jega sodi\u0161\u010da, ki ni sogla\u0161alo z njegovo zahtevo po izlo\u010ditvi sodnikov v odlo\u010danju okro\u017enega o zahtevi za odlog prestajanja kazni. Na vrhovnem sodi\u0161\u010du imajo tudi \u017ee njegovo zahtevo za varstvo zakonitosti, vendar ju v \u010dasu po\u010ditnic ne obravnavajo. Medtem ko so prito\u017ebo na sklep ljubljanskega vi\u0161jega sodi\u0161\u010da na vrhovnem sodi\u0161\u010du prejeli danes, pa je Bav\u010dar \u017ee pred pribli\u017eno tremi tedni tja vlo\u017eil tudi zahtevo za varstvo zakonitosti, ki pa ne zadr\u017ei izvajanja zaporne kazni, so za STA pojasnili na vrhovnem sodi\u0161\u010du. Zato je Bav\u010dar, ki bi moral 20. julija na prestajanje petletne zaporne kazni na Dob, na Okro\u017eno sodi\u0161\u010de v Ljubljani nekaj dni pred tem posredoval pro\u0161njo za odlog prestajanja kazni, kasneje pa je zahteval\u00a0...","og_url":"https:\/\/hudo.com\/si\/aktualno\/bavcar-na-vrhovno-sodisce-poleg-zahteve-za-varstvo-zakonitosti-vlozil-tudi-pritozbo\/","og_site_name":"Hudo Slovenija","article_publisher":"https:\/\/www.facebook.com\/hudo.si","article_published_time":"2017-07-31T10:40:00+00:00","og_image":[{"width":480,"height":290,"url":"https:\/\/hudo.com\/si\/wp-content\/uploads\/sites\/2\/2017\/07\/480x290_djvu_455464_vvo_jer-Igor-Bav-ar-4.jpeg","type":"image\/jpeg"}],"author":"hudo","twitter_card":"summary_large_image","twitter_creator":"@hudo_si","twitter_site":"@hudo_si","twitter_misc":{"Written by":"hudo","Est. reading time":"1 minuta"},"schema":{"@context":"https:\/\/schema.org","@graph":[{"@type":"Article","@id":"https:\/\/hudo.com\/si\/aktualno\/bavcar-na-vrhovno-sodisce-poleg-zahteve-za-varstvo-zakonitosti-vlozil-tudi-pritozbo\/#article","isPartOf":{"@id":"https:\/\/hudo.com\/si\/aktualno\/bavcar-na-vrhovno-sodisce-poleg-zahteve-za-varstvo-zakonitosti-vlozil-tudi-pritozbo\/"},"author":{"name":"hudo","@id":"https:\/\/hudo.com\/si\/#\/schema\/person\/601cf3379633985b20f7e50f2bb47707"},"headline":"Bav\u010dar na vrhovno sodi\u0161\u010de poleg zahteve za varstvo zakonitosti vlo\u017eil tudi prito\u017ebo","datePublished":"2017-07-31T10:40:00+00:00","dateModified":"2017-07-31T10:40:00+00:00","mainEntityOfPage":{"@id":"https:\/\/hudo.com\/si\/aktualno\/bavcar-na-vrhovno-sodisce-poleg-zahteve-za-varstvo-zakonitosti-vlozil-tudi-pritozbo\/"},"wordCount":176,"publisher":{"@id":"https:\/\/hudo.com\/si\/#organization"},"articleSection":["Aktualno"],"inLanguage":"sl-SI"},{"@type":"WebPage","@id":"https:\/\/hudo.com\/si\/aktualno\/bavcar-na-vrhovno-sodisce-poleg-zahteve-za-varstvo-zakonitosti-vlozil-tudi-pritozbo\/","url":"https:\/\/hudo.com\/si\/aktualno\/bavcar-na-vrhovno-sodisce-poleg-zahteve-za-varstvo-zakonitosti-vlozil-tudi-pritozbo\/","name":"Bav\u010dar na vrhovno sodi\u0161\u010de poleg zahteve za varstvo zakonitosti vlo\u017eil tudi prito\u017ebo - Hudo Slovenija","isPartOf":{"@id":"https:\/\/hudo.com\/si\/#website"},"datePublished":"2017-07-31T10:40:00+00:00","dateModified":"2017-07-31T10:40:00+00:00","breadcrumb":{"@id":"https:\/\/hudo.com\/si\/aktualno\/bavcar-na-vrhovno-sodisce-poleg-zahteve-za-varstvo-zakonitosti-vlozil-tudi-pritozbo\/#breadcrumb"},"inLanguage":"sl-SI","potentialAction":[{"@type":"ReadAction","target":["https:\/\/hudo.com\/si\/aktualno\/bavcar-na-vrhovno-sodisce-poleg-zahteve-za-varstvo-zakonitosti-vlozil-tudi-pritozbo\/"]}]},{"@type":"BreadcrumbList","@id":"https:\/\/hudo.com\/si\/aktualno\/bavcar-na-vrhovno-sodisce-poleg-zahteve-za-varstvo-zakonitosti-vlozil-tudi-pritozbo\/#breadcrumb","itemListElement":[{"@type":"ListItem","position":1,"name":"Home","item":"https:\/\/hudo.com\/si\/"},{"@type":"ListItem","position":2,"name":"Bav\u010dar na vrhovno sodi\u0161\u010de poleg zahteve za varstvo zakonitosti vlo\u017eil tudi prito\u017ebo"}]},{"@type":"WebSite","@id":"https:\/\/hudo.com\/si\/#website","url":"https:\/\/hudo.com\/si\/","name":"Hudo Slovenija","description":"Vse novice iz Slovenije in sveta","publisher":{"@id":"https:\/\/hudo.com\/si\/#organization"},"potentialAction":[{"@type":"SearchAction","target":{"@type":"EntryPoint","urlTemplate":"https:\/\/hudo.com\/si\/?s={search_term_string}"},"query-input":"required name=search_term_string"}],"inLanguage":"sl-SI"},{"@type":"Organization","@id":"https:\/\/hudo.com\/si\/#organization","name":"VSN Media","url":"https:\/\/hudo.com\/si\/","logo":{"@type":"ImageObject","inLanguage":"sl-SI","@id":"https:\/\/hudo.com\/si\/#\/schema\/logo\/image\/","url":"https:\/\/hudo.com\/si\/wp-content\/uploads\/sites\/2\/2021\/03\/hudo-app-2.png","contentUrl":"https:\/\/hudo.com\/si\/wp-content\/uploads\/sites\/2\/2021\/03\/hudo-app-2.png","width":2185,"height":2167,"caption":"VSN Media"},"image":{"@id":"https:\/\/hudo.com\/si\/#\/schema\/logo\/image\/"},"sameAs":["https:\/\/www.facebook.com\/hudo.si","https:\/\/twitter.com\/hudo_si"]},{"@type":"Person","@id":"https:\/\/hudo.com\/si\/#\/schema\/person\/601cf3379633985b20f7e50f2bb47707","name":"hudo","image":{"@type":"ImageObject","inLanguage":"sl-SI","@id":"https:\/\/hudo.com\/si\/#\/schema\/person\/image\/","url":"https:\/\/secure.gravatar.com\/avatar\/c4ca25fa72cace7a696b52ff5db9e095?s=96&d=mm&r=g","contentUrl":"https:\/\/secure.gravatar.com\/avatar\/c4ca25fa72cace7a696b52ff5db9e095?s=96&d=mm&r=g","caption":"hudo"},"url":"https:\/\/hudo.com\/si\/author\/hudo\/"}]}},"amp_enabled":true,"_links":{"self":[{"href":"https:\/\/hudo.com\/si\/wp-json\/wp\/v2\/posts\/282850"}],"collection":[{"href":"https:\/\/hudo.com\/si\/wp-json\/wp\/v2\/posts"}],"about":[{"href":"https:\/\/hudo.com\/si\/wp-json\/wp\/v2\/types\/post"}],"author":[{"embeddable":true,"href":"https:\/\/hudo.com\/si\/wp-json\/wp\/v2\/users\/1"}],"replies":[{"embeddable":true,"href":"https:\/\/hudo.com\/si\/wp-json\/wp\/v2\/comments?post=282850"}],"version-history":[{"count":0,"href":"https:\/\/hudo.com\/si\/wp-json\/wp\/v2\/posts\/282850\/revisions"}],"wp:attachment":[{"href":"https:\/\/hudo.com\/si\/wp-json\/wp\/v2\/media?parent=282850"}],"wp:term":[{"taxonomy":"category","embeddable":true,"href":"https:\/\/hudo.com\/si\/wp-json\/wp\/v2\/categories?post=282850"},{"taxonomy":"post_tag","embeddable":true,"href":"https:\/\/hudo.com\/si\/wp-json\/wp\/v2\/tags?post=282850"},{"taxonomy":"source","embeddable":true,"href":"https:\/\/hudo.com\/si\/wp-json\/wp\/v2\/source?post=282850"},{"taxonomy":"supertag","embeddable":true,"href":"https:\/\/hudo.com\/si\/wp-json\/wp\/v2\/supertag?post=282850"}],"curies":[{"name":"wp","href":"https:\/\/api.w.org\/{rel}","templated":true}]}}