{"id":282890,"date":"2017-07-31T13:36:00","date_gmt":"2017-07-31T11:36:00","guid":{"rendered":"http:\/\/hudo.com\/si\/2017\/07\/31\/steklarske-vajeti-od-jutri-v-rokah-petra-casa\/"},"modified":"2017-07-31T13:36:00","modified_gmt":"2017-07-31T11:36:00","slug":"steklarske-vajeti-od-jutri-v-rokah-petra-casa","status":"publish","type":"post","link":"https:\/\/hudo.com\/si\/aktualno\/steklarske-vajeti-od-jutri-v-rokah-petra-casa\/","title":{"rendered":"Steklarske vajeti od jutri v rokah Petra \u010casa"},"content":{"rendered":"<p>Kategorija: Podjetja Mon, 31 Jul 2017 15:36:00 +0200  Hrastnik \u2013 Steklarna Hrastnik (SH) je na pragu kadrovskih in organizacijskih sprememb. S 1. avgustom njene vajeti po trimese\u010dnem \u00bbpripravni\u0161tvu\u00ab prevzema Peter \u010cas, dosedanji namestnik generalnega direktorja Andreja Bo\u017ei\u010da, ki mu je lastnik SH Igor Lah zaupal funkcijo svetovalca za strate\u0161ki razvoj. Prva poteza v tej vlogi bo najverjetneje ustanovitev holdinga. Prvih aktivnosti na podro\u010dju prihodnjega strate\u0161kega razvoja steklarjev se je Bo\u017ei\u010d \u017ee lotil. Holding, ki ga na\u010drtuje, je zanj \u00bbizziv, ki bo Steklarni Hrastnik omogo\u010dil rast tako prek povezav kot prevzemov v panogi\u00ab. Med prvimi naj bi stekla \u0161iritev na poljski trg. Preden je Bre\u017ei\u010dan Bo\u017ei\u010d leta 2010 pri\u0161el v hrastni\u0161ko steklarno, je uspe\u0161no prestrukturiral in saniral \u017ee precej projektov. Tudi SH je potegnil iz rde\u010dih \u0161tevilk in jo v prvem \u010detrtletju letos pripeljal do rekordnega poslovnega rezultata v\u00a0&#8230;<\/p>\n","protected":false},"excerpt":{"rendered":"<p>Kategorija: Podjetja Mon, 31 Jul 2017 15:36:00 +0200  Hrastnik \u2013 Steklarna Hrastnik (SH) je na pragu kadrovskih in organizacijskih sprememb. S 1. avgustom njene vajeti po trimese\u010dnem \u00bbpripravni\u0161tvu\u00ab prevzema Peter \u010cas, dosedanji namestnik generalnega direktorja Andreja Bo\u017ei\u010da, ki mu je lastnik SH Igor Lah zaupal funkcijo svetovalca za strate\u0161ki razvoj. Prva poteza v tej vlogi bo najverjetneje ustanovitev holdinga. Prvih aktivnosti na podro\u010dju prihodnjega strate\u0161kega razvoja steklarjev se je Bo\u017ei\u010d \u017ee lotil. Holding, ki ga na\u010drtuje, je zanj \u00bbizziv, ki bo Steklarni Hrastnik omogo\u010dil rast tako prek povezav kot prevzemov v panogi\u00ab. Med prvimi naj bi stekla \u0161iritev na poljski trg. Preden je Bre\u017ei\u010dan Bo\u017ei\u010d leta 2010 pri\u0161el v hrastni\u0161ko steklarno, je uspe\u0161no prestrukturiral in saniral \u017ee precej projektov. Tudi SH je potegnil iz rde\u010dih \u0161tevilk in jo v prvem \u010detrtletju letos pripeljal do rekordnega poslovnega rezultata v\u00a0&#8230;<\/p>\n","protected":false},"author":1,"featured_media":0,"comment_status":"closed","ping_status":"closed","sticky":false,"template":"","format":"standard","meta":{"footnotes":""},"categories":[1179],"tags":[],"source":[1703],"supertag":[],"acf":[],"yoast_head":"<!-- This site is optimized with the Yoast SEO plugin v21.3 - https:\/\/yoast.com\/wordpress\/plugins\/seo\/ -->\n<title>Steklarske vajeti od jutri v rokah Petra \u010casa - Hudo Slovenija<\/title>\n<meta name=\"robots\" content=\"index, follow, max-snippet:-1, max-image-preview:large, max-video-preview:-1\" \/>\n<link rel=\"canonical\" href=\"https:\/\/hudo.com\/si\/aktualno\/steklarske-vajeti-od-jutri-v-rokah-petra-casa\/\" \/>\n<meta property=\"og:locale\" content=\"sl_SI\" \/>\n<meta property=\"og:type\" content=\"article\" \/>\n<meta property=\"og:title\" content=\"Steklarske vajeti od jutri v rokah Petra \u010casa - Hudo Slovenija\" \/>\n<meta property=\"og:description\" content=\"Kategorija: Podjetja Mon, 31 Jul 2017 15:36:00 +0200 Hrastnik \u2013 Steklarna Hrastnik (SH) je na pragu kadrovskih in organizacijskih sprememb. S 1. avgustom njene vajeti po trimese\u010dnem \u00bbpripravni\u0161tvu\u00ab prevzema Peter \u010cas, dosedanji namestnik generalnega direktorja Andreja Bo\u017ei\u010da, ki mu je lastnik SH Igor Lah zaupal funkcijo svetovalca za strate\u0161ki razvoj. Prva poteza v tej vlogi bo najverjetneje ustanovitev holdinga. Prvih aktivnosti na podro\u010dju prihodnjega strate\u0161kega razvoja steklarjev se je Bo\u017ei\u010d \u017ee lotil. Holding, ki ga na\u010drtuje, je zanj \u00bbizziv, ki bo Steklarni Hrastnik omogo\u010dil rast tako prek povezav kot prevzemov v panogi\u00ab. Med prvimi naj bi stekla \u0161iritev na poljski trg. Preden je Bre\u017ei\u010dan Bo\u017ei\u010d leta 2010 pri\u0161el v hrastni\u0161ko steklarno, je uspe\u0161no prestrukturiral in saniral \u017ee precej projektov. Tudi SH je potegnil iz rde\u010dih \u0161tevilk in jo v prvem \u010detrtletju letos pripeljal do rekordnega poslovnega rezultata v\u00a0...\" \/>\n<meta property=\"og:url\" content=\"https:\/\/hudo.com\/si\/aktualno\/steklarske-vajeti-od-jutri-v-rokah-petra-casa\/\" \/>\n<meta property=\"og:site_name\" content=\"Hudo Slovenija\" \/>\n<meta property=\"article:publisher\" content=\"https:\/\/www.facebook.com\/hudo.si\" \/>\n<meta property=\"article:published_time\" content=\"2017-07-31T11:36:00+00:00\" \/>\n<meta property=\"og:image\" content=\"https:\/\/hudo.com\/si\/wp-content\/uploads\/sites\/2\/2017\/07\/480x290_Gospodarska__Delo_Foto_2017.2_hires1.jpeg\" \/>\n\t<meta property=\"og:image:width\" content=\"480\" \/>\n\t<meta property=\"og:image:height\" content=\"290\" \/>\n\t<meta property=\"og:image:type\" content=\"image\/jpeg\" \/>\n<meta name=\"author\" content=\"hudo\" \/>\n<meta name=\"twitter:card\" content=\"summary_large_image\" \/>\n<meta name=\"twitter:creator\" content=\"@hudo_si\" \/>\n<meta name=\"twitter:site\" content=\"@hudo_si\" \/>\n<meta name=\"twitter:label1\" content=\"Written by\" \/>\n\t<meta name=\"twitter:data1\" content=\"hudo\" \/>\n\t<meta name=\"twitter:label2\" content=\"Est. reading time\" \/>\n\t<meta name=\"twitter:data2\" content=\"1 minuta\" \/>\n<script type=\"application\/ld+json\" class=\"yoast-schema-graph\">{\"@context\":\"https:\/\/schema.org\",\"@graph\":[{\"@type\":\"Article\",\"@id\":\"https:\/\/hudo.com\/si\/aktualno\/steklarske-vajeti-od-jutri-v-rokah-petra-casa\/#article\",\"isPartOf\":{\"@id\":\"https:\/\/hudo.com\/si\/aktualno\/steklarske-vajeti-od-jutri-v-rokah-petra-casa\/\"},\"author\":{\"name\":\"hudo\",\"@id\":\"https:\/\/hudo.com\/si\/#\/schema\/person\/601cf3379633985b20f7e50f2bb47707\"},\"headline\":\"Steklarske vajeti od jutri v rokah Petra \u010casa\",\"datePublished\":\"2017-07-31T11:36:00+00:00\",\"dateModified\":\"2017-07-31T11:36:00+00:00\",\"mainEntityOfPage\":{\"@id\":\"https:\/\/hudo.com\/si\/aktualno\/steklarske-vajeti-od-jutri-v-rokah-petra-casa\/\"},\"wordCount\":156,\"publisher\":{\"@id\":\"https:\/\/hudo.com\/si\/#organization\"},\"articleSection\":[\"Aktualno\"],\"inLanguage\":\"sl-SI\"},{\"@type\":\"WebPage\",\"@id\":\"https:\/\/hudo.com\/si\/aktualno\/steklarske-vajeti-od-jutri-v-rokah-petra-casa\/\",\"url\":\"https:\/\/hudo.com\/si\/aktualno\/steklarske-vajeti-od-jutri-v-rokah-petra-casa\/\",\"name\":\"Steklarske vajeti od jutri v rokah Petra \u010casa - Hudo Slovenija\",\"isPartOf\":{\"@id\":\"https:\/\/hudo.com\/si\/#website\"},\"datePublished\":\"2017-07-31T11:36:00+00:00\",\"dateModified\":\"2017-07-31T11:36:00+00:00\",\"breadcrumb\":{\"@id\":\"https:\/\/hudo.com\/si\/aktualno\/steklarske-vajeti-od-jutri-v-rokah-petra-casa\/#breadcrumb\"},\"inLanguage\":\"sl-SI\",\"potentialAction\":[{\"@type\":\"ReadAction\",\"target\":[\"https:\/\/hudo.com\/si\/aktualno\/steklarske-vajeti-od-jutri-v-rokah-petra-casa\/\"]}]},{\"@type\":\"BreadcrumbList\",\"@id\":\"https:\/\/hudo.com\/si\/aktualno\/steklarske-vajeti-od-jutri-v-rokah-petra-casa\/#breadcrumb\",\"itemListElement\":[{\"@type\":\"ListItem\",\"position\":1,\"name\":\"Home\",\"item\":\"https:\/\/hudo.com\/si\/\"},{\"@type\":\"ListItem\",\"position\":2,\"name\":\"Steklarske vajeti od jutri v rokah Petra \u010casa\"}]},{\"@type\":\"WebSite\",\"@id\":\"https:\/\/hudo.com\/si\/#website\",\"url\":\"https:\/\/hudo.com\/si\/\",\"name\":\"Hudo Slovenija\",\"description\":\"Vse novice iz Slovenije in sveta\",\"publisher\":{\"@id\":\"https:\/\/hudo.com\/si\/#organization\"},\"potentialAction\":[{\"@type\":\"SearchAction\",\"target\":{\"@type\":\"EntryPoint\",\"urlTemplate\":\"https:\/\/hudo.com\/si\/?s={search_term_string}\"},\"query-input\":\"required name=search_term_string\"}],\"inLanguage\":\"sl-SI\"},{\"@type\":\"Organization\",\"@id\":\"https:\/\/hudo.com\/si\/#organization\",\"name\":\"VSN Media\",\"url\":\"https:\/\/hudo.com\/si\/\",\"logo\":{\"@type\":\"ImageObject\",\"inLanguage\":\"sl-SI\",\"@id\":\"https:\/\/hudo.com\/si\/#\/schema\/logo\/image\/\",\"url\":\"https:\/\/hudo.com\/si\/wp-content\/uploads\/sites\/2\/2021\/03\/hudo-app-2.png\",\"contentUrl\":\"https:\/\/hudo.com\/si\/wp-content\/uploads\/sites\/2\/2021\/03\/hudo-app-2.png\",\"width\":2185,\"height\":2167,\"caption\":\"VSN Media\"},\"image\":{\"@id\":\"https:\/\/hudo.com\/si\/#\/schema\/logo\/image\/\"},\"sameAs\":[\"https:\/\/www.facebook.com\/hudo.si\",\"https:\/\/twitter.com\/hudo_si\"]},{\"@type\":\"Person\",\"@id\":\"https:\/\/hudo.com\/si\/#\/schema\/person\/601cf3379633985b20f7e50f2bb47707\",\"name\":\"hudo\",\"image\":{\"@type\":\"ImageObject\",\"inLanguage\":\"sl-SI\",\"@id\":\"https:\/\/hudo.com\/si\/#\/schema\/person\/image\/\",\"url\":\"https:\/\/secure.gravatar.com\/avatar\/c4ca25fa72cace7a696b52ff5db9e095?s=96&d=mm&r=g\",\"contentUrl\":\"https:\/\/secure.gravatar.com\/avatar\/c4ca25fa72cace7a696b52ff5db9e095?s=96&d=mm&r=g\",\"caption\":\"hudo\"},\"url\":\"https:\/\/hudo.com\/si\/author\/hudo\/\"}]}<\/script>\n<!-- \/ Yoast SEO plugin. -->","yoast_head_json":{"title":"Steklarske vajeti od jutri v rokah Petra \u010casa - Hudo Slovenija","robots":{"index":"index","follow":"follow","max-snippet":"max-snippet:-1","max-image-preview":"max-image-preview:large","max-video-preview":"max-video-preview:-1"},"canonical":"https:\/\/hudo.com\/si\/aktualno\/steklarske-vajeti-od-jutri-v-rokah-petra-casa\/","og_locale":"sl_SI","og_type":"article","og_title":"Steklarske vajeti od jutri v rokah Petra \u010casa - Hudo Slovenija","og_description":"Kategorija: Podjetja Mon, 31 Jul 2017 15:36:00 +0200 Hrastnik \u2013 Steklarna Hrastnik (SH) je na pragu kadrovskih in organizacijskih sprememb. S 1. avgustom njene vajeti po trimese\u010dnem \u00bbpripravni\u0161tvu\u00ab prevzema Peter \u010cas, dosedanji namestnik generalnega direktorja Andreja Bo\u017ei\u010da, ki mu je lastnik SH Igor Lah zaupal funkcijo svetovalca za strate\u0161ki razvoj. Prva poteza v tej vlogi bo najverjetneje ustanovitev holdinga. Prvih aktivnosti na podro\u010dju prihodnjega strate\u0161kega razvoja steklarjev se je Bo\u017ei\u010d \u017ee lotil. Holding, ki ga na\u010drtuje, je zanj \u00bbizziv, ki bo Steklarni Hrastnik omogo\u010dil rast tako prek povezav kot prevzemov v panogi\u00ab. Med prvimi naj bi stekla \u0161iritev na poljski trg. Preden je Bre\u017ei\u010dan Bo\u017ei\u010d leta 2010 pri\u0161el v hrastni\u0161ko steklarno, je uspe\u0161no prestrukturiral in saniral \u017ee precej projektov. Tudi SH je potegnil iz rde\u010dih \u0161tevilk in jo v prvem \u010detrtletju letos pripeljal do rekordnega poslovnega rezultata v\u00a0...","og_url":"https:\/\/hudo.com\/si\/aktualno\/steklarske-vajeti-od-jutri-v-rokah-petra-casa\/","og_site_name":"Hudo Slovenija","article_publisher":"https:\/\/www.facebook.com\/hudo.si","article_published_time":"2017-07-31T11:36:00+00:00","og_image":[{"width":480,"height":290,"url":"https:\/\/hudo.com\/si\/wp-content\/uploads\/sites\/2\/2017\/07\/480x290_Gospodarska__Delo_Foto_2017.2_hires1.jpeg","type":"image\/jpeg"}],"author":"hudo","twitter_card":"summary_large_image","twitter_creator":"@hudo_si","twitter_site":"@hudo_si","twitter_misc":{"Written by":"hudo","Est. reading time":"1 minuta"},"schema":{"@context":"https:\/\/schema.org","@graph":[{"@type":"Article","@id":"https:\/\/hudo.com\/si\/aktualno\/steklarske-vajeti-od-jutri-v-rokah-petra-casa\/#article","isPartOf":{"@id":"https:\/\/hudo.com\/si\/aktualno\/steklarske-vajeti-od-jutri-v-rokah-petra-casa\/"},"author":{"name":"hudo","@id":"https:\/\/hudo.com\/si\/#\/schema\/person\/601cf3379633985b20f7e50f2bb47707"},"headline":"Steklarske vajeti od jutri v rokah Petra \u010casa","datePublished":"2017-07-31T11:36:00+00:00","dateModified":"2017-07-31T11:36:00+00:00","mainEntityOfPage":{"@id":"https:\/\/hudo.com\/si\/aktualno\/steklarske-vajeti-od-jutri-v-rokah-petra-casa\/"},"wordCount":156,"publisher":{"@id":"https:\/\/hudo.com\/si\/#organization"},"articleSection":["Aktualno"],"inLanguage":"sl-SI"},{"@type":"WebPage","@id":"https:\/\/hudo.com\/si\/aktualno\/steklarske-vajeti-od-jutri-v-rokah-petra-casa\/","url":"https:\/\/hudo.com\/si\/aktualno\/steklarske-vajeti-od-jutri-v-rokah-petra-casa\/","name":"Steklarske vajeti od jutri v rokah Petra \u010casa - Hudo Slovenija","isPartOf":{"@id":"https:\/\/hudo.com\/si\/#website"},"datePublished":"2017-07-31T11:36:00+00:00","dateModified":"2017-07-31T11:36:00+00:00","breadcrumb":{"@id":"https:\/\/hudo.com\/si\/aktualno\/steklarske-vajeti-od-jutri-v-rokah-petra-casa\/#breadcrumb"},"inLanguage":"sl-SI","potentialAction":[{"@type":"ReadAction","target":["https:\/\/hudo.com\/si\/aktualno\/steklarske-vajeti-od-jutri-v-rokah-petra-casa\/"]}]},{"@type":"BreadcrumbList","@id":"https:\/\/hudo.com\/si\/aktualno\/steklarske-vajeti-od-jutri-v-rokah-petra-casa\/#breadcrumb","itemListElement":[{"@type":"ListItem","position":1,"name":"Home","item":"https:\/\/hudo.com\/si\/"},{"@type":"ListItem","position":2,"name":"Steklarske vajeti od jutri v rokah Petra \u010casa"}]},{"@type":"WebSite","@id":"https:\/\/hudo.com\/si\/#website","url":"https:\/\/hudo.com\/si\/","name":"Hudo Slovenija","description":"Vse novice iz Slovenije in sveta","publisher":{"@id":"https:\/\/hudo.com\/si\/#organization"},"potentialAction":[{"@type":"SearchAction","target":{"@type":"EntryPoint","urlTemplate":"https:\/\/hudo.com\/si\/?s={search_term_string}"},"query-input":"required name=search_term_string"}],"inLanguage":"sl-SI"},{"@type":"Organization","@id":"https:\/\/hudo.com\/si\/#organization","name":"VSN Media","url":"https:\/\/hudo.com\/si\/","logo":{"@type":"ImageObject","inLanguage":"sl-SI","@id":"https:\/\/hudo.com\/si\/#\/schema\/logo\/image\/","url":"https:\/\/hudo.com\/si\/wp-content\/uploads\/sites\/2\/2021\/03\/hudo-app-2.png","contentUrl":"https:\/\/hudo.com\/si\/wp-content\/uploads\/sites\/2\/2021\/03\/hudo-app-2.png","width":2185,"height":2167,"caption":"VSN Media"},"image":{"@id":"https:\/\/hudo.com\/si\/#\/schema\/logo\/image\/"},"sameAs":["https:\/\/www.facebook.com\/hudo.si","https:\/\/twitter.com\/hudo_si"]},{"@type":"Person","@id":"https:\/\/hudo.com\/si\/#\/schema\/person\/601cf3379633985b20f7e50f2bb47707","name":"hudo","image":{"@type":"ImageObject","inLanguage":"sl-SI","@id":"https:\/\/hudo.com\/si\/#\/schema\/person\/image\/","url":"https:\/\/secure.gravatar.com\/avatar\/c4ca25fa72cace7a696b52ff5db9e095?s=96&d=mm&r=g","contentUrl":"https:\/\/secure.gravatar.com\/avatar\/c4ca25fa72cace7a696b52ff5db9e095?s=96&d=mm&r=g","caption":"hudo"},"url":"https:\/\/hudo.com\/si\/author\/hudo\/"}]}},"amp_enabled":true,"_links":{"self":[{"href":"https:\/\/hudo.com\/si\/wp-json\/wp\/v2\/posts\/282890"}],"collection":[{"href":"https:\/\/hudo.com\/si\/wp-json\/wp\/v2\/posts"}],"about":[{"href":"https:\/\/hudo.com\/si\/wp-json\/wp\/v2\/types\/post"}],"author":[{"embeddable":true,"href":"https:\/\/hudo.com\/si\/wp-json\/wp\/v2\/users\/1"}],"replies":[{"embeddable":true,"href":"https:\/\/hudo.com\/si\/wp-json\/wp\/v2\/comments?post=282890"}],"version-history":[{"count":0,"href":"https:\/\/hudo.com\/si\/wp-json\/wp\/v2\/posts\/282890\/revisions"}],"wp:attachment":[{"href":"https:\/\/hudo.com\/si\/wp-json\/wp\/v2\/media?parent=282890"}],"wp:term":[{"taxonomy":"category","embeddable":true,"href":"https:\/\/hudo.com\/si\/wp-json\/wp\/v2\/categories?post=282890"},{"taxonomy":"post_tag","embeddable":true,"href":"https:\/\/hudo.com\/si\/wp-json\/wp\/v2\/tags?post=282890"},{"taxonomy":"source","embeddable":true,"href":"https:\/\/hudo.com\/si\/wp-json\/wp\/v2\/source?post=282890"},{"taxonomy":"supertag","embeddable":true,"href":"https:\/\/hudo.com\/si\/wp-json\/wp\/v2\/supertag?post=282890"}],"curies":[{"name":"wp","href":"https:\/\/api.w.org\/{rel}","templated":true}]}}