{"id":28304,"date":"2016-04-13T08:58:00","date_gmt":"2016-04-13T06:58:00","guid":{"rendered":"http:\/\/hudo.com\/si\/2016\/04\/13\/alonsov-nastop-na-kitajskem-pod-vprasajem\/"},"modified":"2016-04-13T15:16:42","modified_gmt":"2016-04-13T13:16:42","slug":"alonsov-nastop-na-kitajskem-pod-vprasajem","status":"publish","type":"post","link":"https:\/\/hudo.com\/si\/aktualno\/alonsov-nastop-na-kitajskem-pod-vprasajem\/","title":{"rendered":"Alonsov nastop na Kitajskem pod vpra\u0161ajem"},"content":{"rendered":"<p>Kategorija: Avtomoto Wed, 13 Apr 2016 10:58:00 +0200  \u0160anghaj &#8211; Karavana formule ena se bo ta konec tedna ustavila v \u0160anghaju, kjer bo v nedeljo na sporedu tretja dirka sezone. Zaenkrat \u0161e ni znano, ali bo na dirki sodeloval tudi \u0161panski dirka\u010d Mclarna Fernando Alonso. Ta je na uvodni dirki v Melbournu do\u017eivel hudo nesre\u010do in zaradi posledic le-te ni smel nastopiti v Bahrajnu. Je \u0160panec dovolj okreval za nastop na nedeljski dirki? Odgovor na to vpra\u0161anje bo znan jutri, ko ga bodo pregledali zdravniki Mednarodne avtomobilisti\u010dne zveze (FIA). \u00bbRazo\u010daran sem bil, ker nisem smel dirkati v Bahrajnu, vendar pa sem popolnoma spo\u0161toval odlo\u010ditev zdrani\u0161ke slu\u017ebe Fie. \u017delim si, da bi se v petek smel vrniti v bokse, vendar pa pred uradnim pregledom ne morem ni\u010desar predvidevati. Sam se bom do pregleda normalno pripravljal na dirka\u0161ki vikend,\u00ab je dejal 34-letni\u00a0&#8230;<\/p>\n","protected":false},"excerpt":{"rendered":"<p>Kategorija: Avtomoto Wed, 13 Apr 2016 10:58:00 +0200  \u0160anghaj &#8211; Karavana formule ena se bo ta konec tedna ustavila v \u0160anghaju, kjer bo v nedeljo na sporedu tretja dirka sezone. Zaenkrat \u0161e ni znano, ali bo na dirki sodeloval tudi \u0161panski dirka\u010d Mclarna Fernando Alonso. Ta je na uvodni dirki v Melbournu do\u017eivel hudo nesre\u010do in zaradi posledic le-te ni smel nastopiti v Bahrajnu. Je \u0160panec dovolj okreval za nastop na nedeljski dirki? Odgovor na to vpra\u0161anje bo znan jutri, ko ga bodo pregledali zdravniki Mednarodne avtomobilisti\u010dne zveze (FIA). \u00bbRazo\u010daran sem bil, ker nisem smel dirkati v Bahrajnu, vendar pa sem popolnoma spo\u0161toval odlo\u010ditev zdrani\u0161ke slu\u017ebe Fie. \u017delim si, da bi se v petek smel vrniti v bokse, vendar pa pred uradnim pregledom ne morem ni\u010desar predvidevati. Sam se bom do pregleda normalno pripravljal na dirka\u0161ki vikend,\u00ab je dejal 34-letni\u00a0&#8230;<\/p>\n","protected":false},"author":1,"featured_media":0,"comment_status":"closed","ping_status":"closed","sticky":false,"template":"","format":"standard","meta":{"footnotes":""},"categories":[1179],"tags":[],"source":[4511],"supertag":[],"acf":[],"yoast_head":"<!-- This site is optimized with the Yoast SEO plugin v21.3 - https:\/\/yoast.com\/wordpress\/plugins\/seo\/ -->\n<title>Alonsov nastop na Kitajskem pod vpra\u0161ajem - Hudo Slovenija<\/title>\n<meta name=\"robots\" content=\"index, follow, max-snippet:-1, max-image-preview:large, max-video-preview:-1\" \/>\n<link rel=\"canonical\" href=\"https:\/\/hudo.com\/si\/aktualno\/alonsov-nastop-na-kitajskem-pod-vprasajem\/\" \/>\n<meta property=\"og:locale\" content=\"sl_SI\" \/>\n<meta property=\"og:type\" content=\"article\" \/>\n<meta property=\"og:title\" content=\"Alonsov nastop na Kitajskem pod vpra\u0161ajem - Hudo Slovenija\" \/>\n<meta property=\"og:description\" content=\"Kategorija: Avtomoto Wed, 13 Apr 2016 10:58:00 +0200 \u0160anghaj - Karavana formule ena se bo ta konec tedna ustavila v \u0160anghaju, kjer bo v nedeljo na sporedu tretja dirka sezone. Zaenkrat \u0161e ni znano, ali bo na dirki sodeloval tudi \u0161panski dirka\u010d Mclarna Fernando Alonso. Ta je na uvodni dirki v Melbournu do\u017eivel hudo nesre\u010do in zaradi posledic le-te ni smel nastopiti v Bahrajnu. Je \u0160panec dovolj okreval za nastop na nedeljski dirki? Odgovor na to vpra\u0161anje bo znan jutri, ko ga bodo pregledali zdravniki Mednarodne avtomobilisti\u010dne zveze (FIA). \u00bbRazo\u010daran sem bil, ker nisem smel dirkati v Bahrajnu, vendar pa sem popolnoma spo\u0161toval odlo\u010ditev zdrani\u0161ke slu\u017ebe Fie. \u017delim si, da bi se v petek smel vrniti v bokse, vendar pa pred uradnim pregledom ne morem ni\u010desar predvidevati. Sam se bom do pregleda normalno pripravljal na dirka\u0161ki vikend,\u00ab je dejal 34-letni\u00a0...\" \/>\n<meta property=\"og:url\" content=\"https:\/\/hudo.com\/si\/aktualno\/alonsov-nastop-na-kitajskem-pod-vprasajem\/\" \/>\n<meta property=\"og:site_name\" content=\"Hudo Slovenija\" \/>\n<meta property=\"article:publisher\" content=\"https:\/\/www.facebook.com\/hudo.si\" \/>\n<meta property=\"article:published_time\" content=\"2016-04-13T06:58:00+00:00\" \/>\n<meta property=\"article:modified_time\" content=\"2016-04-13T13:16:42+00:00\" \/>\n<meta property=\"og:image\" content=\"https:\/\/hudo.com\/si\/wp-content\/uploads\/sites\/2\/2016\/04\/480x290_Alonso.jpg\" \/>\n\t<meta property=\"og:image:width\" content=\"480\" \/>\n\t<meta property=\"og:image:height\" content=\"290\" \/>\n\t<meta property=\"og:image:type\" content=\"image\/jpeg\" \/>\n<meta name=\"author\" content=\"hudo\" \/>\n<meta name=\"twitter:card\" content=\"summary_large_image\" \/>\n<meta name=\"twitter:creator\" content=\"@hudo_si\" \/>\n<meta name=\"twitter:site\" content=\"@hudo_si\" \/>\n<meta name=\"twitter:label1\" content=\"Written by\" \/>\n\t<meta name=\"twitter:data1\" content=\"hudo\" \/>\n\t<meta name=\"twitter:label2\" content=\"Est. reading time\" \/>\n\t<meta name=\"twitter:data2\" content=\"1 minuta\" \/>\n<script type=\"application\/ld+json\" class=\"yoast-schema-graph\">{\"@context\":\"https:\/\/schema.org\",\"@graph\":[{\"@type\":\"Article\",\"@id\":\"https:\/\/hudo.com\/si\/aktualno\/alonsov-nastop-na-kitajskem-pod-vprasajem\/#article\",\"isPartOf\":{\"@id\":\"https:\/\/hudo.com\/si\/aktualno\/alonsov-nastop-na-kitajskem-pod-vprasajem\/\"},\"author\":{\"name\":\"hudo\",\"@id\":\"https:\/\/hudo.com\/si\/#\/schema\/person\/601cf3379633985b20f7e50f2bb47707\"},\"headline\":\"Alonsov nastop na Kitajskem pod vpra\u0161ajem\",\"datePublished\":\"2016-04-13T06:58:00+00:00\",\"dateModified\":\"2016-04-13T13:16:42+00:00\",\"mainEntityOfPage\":{\"@id\":\"https:\/\/hudo.com\/si\/aktualno\/alonsov-nastop-na-kitajskem-pod-vprasajem\/\"},\"wordCount\":154,\"publisher\":{\"@id\":\"https:\/\/hudo.com\/si\/#organization\"},\"articleSection\":[\"Aktualno\"],\"inLanguage\":\"sl-SI\"},{\"@type\":\"WebPage\",\"@id\":\"https:\/\/hudo.com\/si\/aktualno\/alonsov-nastop-na-kitajskem-pod-vprasajem\/\",\"url\":\"https:\/\/hudo.com\/si\/aktualno\/alonsov-nastop-na-kitajskem-pod-vprasajem\/\",\"name\":\"Alonsov nastop na Kitajskem pod vpra\u0161ajem - Hudo Slovenija\",\"isPartOf\":{\"@id\":\"https:\/\/hudo.com\/si\/#website\"},\"datePublished\":\"2016-04-13T06:58:00+00:00\",\"dateModified\":\"2016-04-13T13:16:42+00:00\",\"breadcrumb\":{\"@id\":\"https:\/\/hudo.com\/si\/aktualno\/alonsov-nastop-na-kitajskem-pod-vprasajem\/#breadcrumb\"},\"inLanguage\":\"sl-SI\",\"potentialAction\":[{\"@type\":\"ReadAction\",\"target\":[\"https:\/\/hudo.com\/si\/aktualno\/alonsov-nastop-na-kitajskem-pod-vprasajem\/\"]}]},{\"@type\":\"BreadcrumbList\",\"@id\":\"https:\/\/hudo.com\/si\/aktualno\/alonsov-nastop-na-kitajskem-pod-vprasajem\/#breadcrumb\",\"itemListElement\":[{\"@type\":\"ListItem\",\"position\":1,\"name\":\"Home\",\"item\":\"https:\/\/hudo.com\/si\/\"},{\"@type\":\"ListItem\",\"position\":2,\"name\":\"Alonsov nastop na Kitajskem pod vpra\u0161ajem\"}]},{\"@type\":\"WebSite\",\"@id\":\"https:\/\/hudo.com\/si\/#website\",\"url\":\"https:\/\/hudo.com\/si\/\",\"name\":\"Hudo Slovenija\",\"description\":\"Vse novice iz Slovenije in sveta\",\"publisher\":{\"@id\":\"https:\/\/hudo.com\/si\/#organization\"},\"potentialAction\":[{\"@type\":\"SearchAction\",\"target\":{\"@type\":\"EntryPoint\",\"urlTemplate\":\"https:\/\/hudo.com\/si\/?s={search_term_string}\"},\"query-input\":\"required name=search_term_string\"}],\"inLanguage\":\"sl-SI\"},{\"@type\":\"Organization\",\"@id\":\"https:\/\/hudo.com\/si\/#organization\",\"name\":\"VSN Media\",\"url\":\"https:\/\/hudo.com\/si\/\",\"logo\":{\"@type\":\"ImageObject\",\"inLanguage\":\"sl-SI\",\"@id\":\"https:\/\/hudo.com\/si\/#\/schema\/logo\/image\/\",\"url\":\"https:\/\/hudo.com\/si\/wp-content\/uploads\/sites\/2\/2021\/03\/hudo-app-2.png\",\"contentUrl\":\"https:\/\/hudo.com\/si\/wp-content\/uploads\/sites\/2\/2021\/03\/hudo-app-2.png\",\"width\":2185,\"height\":2167,\"caption\":\"VSN Media\"},\"image\":{\"@id\":\"https:\/\/hudo.com\/si\/#\/schema\/logo\/image\/\"},\"sameAs\":[\"https:\/\/www.facebook.com\/hudo.si\",\"https:\/\/twitter.com\/hudo_si\"]},{\"@type\":\"Person\",\"@id\":\"https:\/\/hudo.com\/si\/#\/schema\/person\/601cf3379633985b20f7e50f2bb47707\",\"name\":\"hudo\",\"image\":{\"@type\":\"ImageObject\",\"inLanguage\":\"sl-SI\",\"@id\":\"https:\/\/hudo.com\/si\/#\/schema\/person\/image\/\",\"url\":\"https:\/\/secure.gravatar.com\/avatar\/c4ca25fa72cace7a696b52ff5db9e095?s=96&d=mm&r=g\",\"contentUrl\":\"https:\/\/secure.gravatar.com\/avatar\/c4ca25fa72cace7a696b52ff5db9e095?s=96&d=mm&r=g\",\"caption\":\"hudo\"},\"url\":\"https:\/\/hudo.com\/si\/author\/hudo\/\"}]}<\/script>\n<!-- \/ Yoast SEO plugin. -->","yoast_head_json":{"title":"Alonsov nastop na Kitajskem pod vpra\u0161ajem - Hudo Slovenija","robots":{"index":"index","follow":"follow","max-snippet":"max-snippet:-1","max-image-preview":"max-image-preview:large","max-video-preview":"max-video-preview:-1"},"canonical":"https:\/\/hudo.com\/si\/aktualno\/alonsov-nastop-na-kitajskem-pod-vprasajem\/","og_locale":"sl_SI","og_type":"article","og_title":"Alonsov nastop na Kitajskem pod vpra\u0161ajem - Hudo Slovenija","og_description":"Kategorija: Avtomoto Wed, 13 Apr 2016 10:58:00 +0200 \u0160anghaj - Karavana formule ena se bo ta konec tedna ustavila v \u0160anghaju, kjer bo v nedeljo na sporedu tretja dirka sezone. Zaenkrat \u0161e ni znano, ali bo na dirki sodeloval tudi \u0161panski dirka\u010d Mclarna Fernando Alonso. Ta je na uvodni dirki v Melbournu do\u017eivel hudo nesre\u010do in zaradi posledic le-te ni smel nastopiti v Bahrajnu. Je \u0160panec dovolj okreval za nastop na nedeljski dirki? Odgovor na to vpra\u0161anje bo znan jutri, ko ga bodo pregledali zdravniki Mednarodne avtomobilisti\u010dne zveze (FIA). \u00bbRazo\u010daran sem bil, ker nisem smel dirkati v Bahrajnu, vendar pa sem popolnoma spo\u0161toval odlo\u010ditev zdrani\u0161ke slu\u017ebe Fie. \u017delim si, da bi se v petek smel vrniti v bokse, vendar pa pred uradnim pregledom ne morem ni\u010desar predvidevati. Sam se bom do pregleda normalno pripravljal na dirka\u0161ki vikend,\u00ab je dejal 34-letni\u00a0...","og_url":"https:\/\/hudo.com\/si\/aktualno\/alonsov-nastop-na-kitajskem-pod-vprasajem\/","og_site_name":"Hudo Slovenija","article_publisher":"https:\/\/www.facebook.com\/hudo.si","article_published_time":"2016-04-13T06:58:00+00:00","article_modified_time":"2016-04-13T13:16:42+00:00","og_image":[{"width":480,"height":290,"url":"https:\/\/hudo.com\/si\/wp-content\/uploads\/sites\/2\/2016\/04\/480x290_Alonso.jpg","type":"image\/jpeg"}],"author":"hudo","twitter_card":"summary_large_image","twitter_creator":"@hudo_si","twitter_site":"@hudo_si","twitter_misc":{"Written by":"hudo","Est. reading time":"1 minuta"},"schema":{"@context":"https:\/\/schema.org","@graph":[{"@type":"Article","@id":"https:\/\/hudo.com\/si\/aktualno\/alonsov-nastop-na-kitajskem-pod-vprasajem\/#article","isPartOf":{"@id":"https:\/\/hudo.com\/si\/aktualno\/alonsov-nastop-na-kitajskem-pod-vprasajem\/"},"author":{"name":"hudo","@id":"https:\/\/hudo.com\/si\/#\/schema\/person\/601cf3379633985b20f7e50f2bb47707"},"headline":"Alonsov nastop na Kitajskem pod vpra\u0161ajem","datePublished":"2016-04-13T06:58:00+00:00","dateModified":"2016-04-13T13:16:42+00:00","mainEntityOfPage":{"@id":"https:\/\/hudo.com\/si\/aktualno\/alonsov-nastop-na-kitajskem-pod-vprasajem\/"},"wordCount":154,"publisher":{"@id":"https:\/\/hudo.com\/si\/#organization"},"articleSection":["Aktualno"],"inLanguage":"sl-SI"},{"@type":"WebPage","@id":"https:\/\/hudo.com\/si\/aktualno\/alonsov-nastop-na-kitajskem-pod-vprasajem\/","url":"https:\/\/hudo.com\/si\/aktualno\/alonsov-nastop-na-kitajskem-pod-vprasajem\/","name":"Alonsov nastop na Kitajskem pod vpra\u0161ajem - Hudo Slovenija","isPartOf":{"@id":"https:\/\/hudo.com\/si\/#website"},"datePublished":"2016-04-13T06:58:00+00:00","dateModified":"2016-04-13T13:16:42+00:00","breadcrumb":{"@id":"https:\/\/hudo.com\/si\/aktualno\/alonsov-nastop-na-kitajskem-pod-vprasajem\/#breadcrumb"},"inLanguage":"sl-SI","potentialAction":[{"@type":"ReadAction","target":["https:\/\/hudo.com\/si\/aktualno\/alonsov-nastop-na-kitajskem-pod-vprasajem\/"]}]},{"@type":"BreadcrumbList","@id":"https:\/\/hudo.com\/si\/aktualno\/alonsov-nastop-na-kitajskem-pod-vprasajem\/#breadcrumb","itemListElement":[{"@type":"ListItem","position":1,"name":"Home","item":"https:\/\/hudo.com\/si\/"},{"@type":"ListItem","position":2,"name":"Alonsov nastop na Kitajskem pod vpra\u0161ajem"}]},{"@type":"WebSite","@id":"https:\/\/hudo.com\/si\/#website","url":"https:\/\/hudo.com\/si\/","name":"Hudo Slovenija","description":"Vse novice iz Slovenije in sveta","publisher":{"@id":"https:\/\/hudo.com\/si\/#organization"},"potentialAction":[{"@type":"SearchAction","target":{"@type":"EntryPoint","urlTemplate":"https:\/\/hudo.com\/si\/?s={search_term_string}"},"query-input":"required name=search_term_string"}],"inLanguage":"sl-SI"},{"@type":"Organization","@id":"https:\/\/hudo.com\/si\/#organization","name":"VSN Media","url":"https:\/\/hudo.com\/si\/","logo":{"@type":"ImageObject","inLanguage":"sl-SI","@id":"https:\/\/hudo.com\/si\/#\/schema\/logo\/image\/","url":"https:\/\/hudo.com\/si\/wp-content\/uploads\/sites\/2\/2021\/03\/hudo-app-2.png","contentUrl":"https:\/\/hudo.com\/si\/wp-content\/uploads\/sites\/2\/2021\/03\/hudo-app-2.png","width":2185,"height":2167,"caption":"VSN Media"},"image":{"@id":"https:\/\/hudo.com\/si\/#\/schema\/logo\/image\/"},"sameAs":["https:\/\/www.facebook.com\/hudo.si","https:\/\/twitter.com\/hudo_si"]},{"@type":"Person","@id":"https:\/\/hudo.com\/si\/#\/schema\/person\/601cf3379633985b20f7e50f2bb47707","name":"hudo","image":{"@type":"ImageObject","inLanguage":"sl-SI","@id":"https:\/\/hudo.com\/si\/#\/schema\/person\/image\/","url":"https:\/\/secure.gravatar.com\/avatar\/c4ca25fa72cace7a696b52ff5db9e095?s=96&d=mm&r=g","contentUrl":"https:\/\/secure.gravatar.com\/avatar\/c4ca25fa72cace7a696b52ff5db9e095?s=96&d=mm&r=g","caption":"hudo"},"url":"https:\/\/hudo.com\/si\/author\/hudo\/"}]}},"amp_enabled":true,"_links":{"self":[{"href":"https:\/\/hudo.com\/si\/wp-json\/wp\/v2\/posts\/28304"}],"collection":[{"href":"https:\/\/hudo.com\/si\/wp-json\/wp\/v2\/posts"}],"about":[{"href":"https:\/\/hudo.com\/si\/wp-json\/wp\/v2\/types\/post"}],"author":[{"embeddable":true,"href":"https:\/\/hudo.com\/si\/wp-json\/wp\/v2\/users\/1"}],"replies":[{"embeddable":true,"href":"https:\/\/hudo.com\/si\/wp-json\/wp\/v2\/comments?post=28304"}],"version-history":[{"count":1,"href":"https:\/\/hudo.com\/si\/wp-json\/wp\/v2\/posts\/28304\/revisions"}],"predecessor-version":[{"id":28417,"href":"https:\/\/hudo.com\/si\/wp-json\/wp\/v2\/posts\/28304\/revisions\/28417"}],"wp:attachment":[{"href":"https:\/\/hudo.com\/si\/wp-json\/wp\/v2\/media?parent=28304"}],"wp:term":[{"taxonomy":"category","embeddable":true,"href":"https:\/\/hudo.com\/si\/wp-json\/wp\/v2\/categories?post=28304"},{"taxonomy":"post_tag","embeddable":true,"href":"https:\/\/hudo.com\/si\/wp-json\/wp\/v2\/tags?post=28304"},{"taxonomy":"source","embeddable":true,"href":"https:\/\/hudo.com\/si\/wp-json\/wp\/v2\/source?post=28304"},{"taxonomy":"supertag","embeddable":true,"href":"https:\/\/hudo.com\/si\/wp-json\/wp\/v2\/supertag?post=28304"}],"curies":[{"name":"wp","href":"https:\/\/api.w.org\/{rel}","templated":true}]}}