{"id":28384,"date":"2016-04-13T11:00:00","date_gmt":"2016-04-13T09:00:00","guid":{"rendered":"http:\/\/hudo.com\/si\/2016\/04\/13\/izbiranje-novega-generalnega-sekretarja-danes-na-vrsti-turk\/"},"modified":"2016-04-13T14:16:24","modified_gmt":"2016-04-13T12:16:24","slug":"izbiranje-novega-generalnega-sekretarja-danes-na-vrsti-turk","status":"publish","type":"post","link":"https:\/\/hudo.com\/si\/aktualno\/izbiranje-novega-generalnega-sekretarja-danes-na-vrsti-turk\/","title":{"rendered":"Izbiranje novega generalnega sekretarja: danes na vrsti T\u00fcrk"},"content":{"rendered":"<p>Kategorija: Globalno Wed, 13 Apr 2016 13:00:00 +0200  Na sede\u017eu Organizacije zdru\u017eenih narodov (OZN) v New Yorku se danes nadaljuje predstavitev kandidatov za bodo\u010dega generalnega sekretarja oziroma novega neformalnega \u00bbvoditelja svobodnega sveta\u00ab. Za predstavitev bo danes prvi na vrsti nekdanji predsednik Republike Slovenije in visoki uslu\u017ebenec ZN Danilo T\u00fcrk. Za njim bosta svojo kandidaturo predstavili nekdanja hrva\u0161ka zunanja ministrica Vesna Pusi\u0107 in nekdanja zunanja ministrica Moldavije Natalia Gherman; v \u010detrtek pa se bosta kot zadnja predstavila \u0161e nekdanja premierka Nove Zelandije Helen Clark, ki trenutno vodi program ZN za razvoj (UNDP), in nekdanji zunanji minister Makedonije Srgjan Kerim. \u017de v\u010deraj so se predstavili nekdanji \u010drnogorski premier Igor Luk\u0161i\u0107, nekdanja bolgarska zunanja ministrica, ki trenutno na\u010deluje Unescu, Irina Bokova, ter nekdanji portugalski premier in do nedavnega visoki komisar ZN za begunce Antonio Guterres. V prihodnjih tednih in mesecih se\u00a0&#8230;<\/p>\n","protected":false},"excerpt":{"rendered":"<p>Kategorija: Globalno Wed, 13 Apr 2016 13:00:00 +0200  Na sede\u017eu Organizacije zdru\u017eenih narodov (OZN) v New Yorku se danes nadaljuje predstavitev kandidatov za bodo\u010dega generalnega sekretarja oziroma novega neformalnega \u00bbvoditelja svobodnega sveta\u00ab. Za predstavitev bo danes prvi na vrsti nekdanji predsednik Republike Slovenije in visoki uslu\u017ebenec ZN Danilo T\u00fcrk. Za njim bosta svojo kandidaturo predstavili nekdanja hrva\u0161ka zunanja ministrica Vesna Pusi\u0107 in nekdanja zunanja ministrica Moldavije Natalia Gherman; v \u010detrtek pa se bosta kot zadnja predstavila \u0161e nekdanja premierka Nove Zelandije Helen Clark, ki trenutno vodi program ZN za razvoj (UNDP), in nekdanji zunanji minister Makedonije Srgjan Kerim. \u017de v\u010deraj so se predstavili nekdanji \u010drnogorski premier Igor Luk\u0161i\u0107, nekdanja bolgarska zunanja ministrica, ki trenutno na\u010deluje Unescu, Irina Bokova, ter nekdanji portugalski premier in do nedavnega visoki komisar ZN za begunce Antonio Guterres. V prihodnjih tednih in mesecih se\u00a0&#8230;<\/p>\n","protected":false},"author":1,"featured_media":0,"comment_status":"closed","ping_status":"closed","sticky":false,"template":"","format":"standard","meta":{"footnotes":""},"categories":[1179],"tags":[],"source":[4511],"supertag":[],"acf":[],"yoast_head":"<!-- This site is optimized with the Yoast SEO plugin v21.3 - https:\/\/yoast.com\/wordpress\/plugins\/seo\/ -->\n<title>Izbiranje novega generalnega sekretarja: danes na vrsti T\u00fcrk - Hudo Slovenija<\/title>\n<meta name=\"robots\" content=\"index, follow, max-snippet:-1, max-image-preview:large, max-video-preview:-1\" \/>\n<link rel=\"canonical\" href=\"https:\/\/hudo.com\/si\/aktualno\/izbiranje-novega-generalnega-sekretarja-danes-na-vrsti-turk\/\" \/>\n<meta property=\"og:locale\" content=\"sl_SI\" \/>\n<meta property=\"og:type\" content=\"article\" \/>\n<meta property=\"og:title\" content=\"Izbiranje novega generalnega sekretarja: danes na vrsti T\u00fcrk - Hudo Slovenija\" \/>\n<meta property=\"og:description\" content=\"Kategorija: Globalno Wed, 13 Apr 2016 13:00:00 +0200 Na sede\u017eu Organizacije zdru\u017eenih narodov (OZN) v New Yorku se danes nadaljuje predstavitev kandidatov za bodo\u010dega generalnega sekretarja oziroma novega neformalnega \u00bbvoditelja svobodnega sveta\u00ab. Za predstavitev bo danes prvi na vrsti nekdanji predsednik Republike Slovenije in visoki uslu\u017ebenec ZN Danilo T\u00fcrk. Za njim bosta svojo kandidaturo predstavili nekdanja hrva\u0161ka zunanja ministrica Vesna Pusi\u0107 in nekdanja zunanja ministrica Moldavije Natalia Gherman; v \u010detrtek pa se bosta kot zadnja predstavila \u0161e nekdanja premierka Nove Zelandije Helen Clark, ki trenutno vodi program ZN za razvoj (UNDP), in nekdanji zunanji minister Makedonije Srgjan Kerim. \u017de v\u010deraj so se predstavili nekdanji \u010drnogorski premier Igor Luk\u0161i\u0107, nekdanja bolgarska zunanja ministrica, ki trenutno na\u010deluje Unescu, Irina Bokova, ter nekdanji portugalski premier in do nedavnega visoki komisar ZN za begunce Antonio Guterres. V prihodnjih tednih in mesecih se\u00a0...\" \/>\n<meta property=\"og:url\" content=\"https:\/\/hudo.com\/si\/aktualno\/izbiranje-novega-generalnega-sekretarja-danes-na-vrsti-turk\/\" \/>\n<meta property=\"og:site_name\" content=\"Hudo Slovenija\" \/>\n<meta property=\"article:publisher\" content=\"https:\/\/www.facebook.com\/hudo.si\" \/>\n<meta property=\"article:published_time\" content=\"2016-04-13T09:00:00+00:00\" \/>\n<meta property=\"article:modified_time\" content=\"2016-04-13T12:16:24+00:00\" \/>\n<meta property=\"og:image\" content=\"https:\/\/hudo.com\/si\/wp-content\/uploads\/sites\/2\/2016\/04\/480x290_Ozadja__djvu_1677631_matija_hires4.jpeg\" \/>\n\t<meta property=\"og:image:width\" content=\"480\" \/>\n\t<meta property=\"og:image:height\" content=\"290\" \/>\n\t<meta property=\"og:image:type\" content=\"image\/jpeg\" \/>\n<meta name=\"author\" content=\"hudo\" \/>\n<meta name=\"twitter:card\" content=\"summary_large_image\" \/>\n<meta name=\"twitter:creator\" content=\"@hudo_si\" \/>\n<meta name=\"twitter:site\" content=\"@hudo_si\" \/>\n<meta name=\"twitter:label1\" content=\"Written by\" \/>\n\t<meta name=\"twitter:data1\" content=\"hudo\" \/>\n\t<meta name=\"twitter:label2\" content=\"Est. reading time\" \/>\n\t<meta name=\"twitter:data2\" content=\"1 minuta\" \/>\n<script type=\"application\/ld+json\" class=\"yoast-schema-graph\">{\"@context\":\"https:\/\/schema.org\",\"@graph\":[{\"@type\":\"Article\",\"@id\":\"https:\/\/hudo.com\/si\/aktualno\/izbiranje-novega-generalnega-sekretarja-danes-na-vrsti-turk\/#article\",\"isPartOf\":{\"@id\":\"https:\/\/hudo.com\/si\/aktualno\/izbiranje-novega-generalnega-sekretarja-danes-na-vrsti-turk\/\"},\"author\":{\"name\":\"hudo\",\"@id\":\"https:\/\/hudo.com\/si\/#\/schema\/person\/601cf3379633985b20f7e50f2bb47707\"},\"headline\":\"Izbiranje novega generalnega sekretarja: danes na vrsti T\u00fcrk\",\"datePublished\":\"2016-04-13T09:00:00+00:00\",\"dateModified\":\"2016-04-13T12:16:24+00:00\",\"mainEntityOfPage\":{\"@id\":\"https:\/\/hudo.com\/si\/aktualno\/izbiranje-novega-generalnega-sekretarja-danes-na-vrsti-turk\/\"},\"wordCount\":152,\"publisher\":{\"@id\":\"https:\/\/hudo.com\/si\/#organization\"},\"articleSection\":[\"Aktualno\"],\"inLanguage\":\"sl-SI\"},{\"@type\":\"WebPage\",\"@id\":\"https:\/\/hudo.com\/si\/aktualno\/izbiranje-novega-generalnega-sekretarja-danes-na-vrsti-turk\/\",\"url\":\"https:\/\/hudo.com\/si\/aktualno\/izbiranje-novega-generalnega-sekretarja-danes-na-vrsti-turk\/\",\"name\":\"Izbiranje novega generalnega sekretarja: danes na vrsti T\u00fcrk - Hudo Slovenija\",\"isPartOf\":{\"@id\":\"https:\/\/hudo.com\/si\/#website\"},\"datePublished\":\"2016-04-13T09:00:00+00:00\",\"dateModified\":\"2016-04-13T12:16:24+00:00\",\"breadcrumb\":{\"@id\":\"https:\/\/hudo.com\/si\/aktualno\/izbiranje-novega-generalnega-sekretarja-danes-na-vrsti-turk\/#breadcrumb\"},\"inLanguage\":\"sl-SI\",\"potentialAction\":[{\"@type\":\"ReadAction\",\"target\":[\"https:\/\/hudo.com\/si\/aktualno\/izbiranje-novega-generalnega-sekretarja-danes-na-vrsti-turk\/\"]}]},{\"@type\":\"BreadcrumbList\",\"@id\":\"https:\/\/hudo.com\/si\/aktualno\/izbiranje-novega-generalnega-sekretarja-danes-na-vrsti-turk\/#breadcrumb\",\"itemListElement\":[{\"@type\":\"ListItem\",\"position\":1,\"name\":\"Home\",\"item\":\"https:\/\/hudo.com\/si\/\"},{\"@type\":\"ListItem\",\"position\":2,\"name\":\"Izbiranje novega generalnega sekretarja: danes na vrsti T\u00fcrk\"}]},{\"@type\":\"WebSite\",\"@id\":\"https:\/\/hudo.com\/si\/#website\",\"url\":\"https:\/\/hudo.com\/si\/\",\"name\":\"Hudo Slovenija\",\"description\":\"Vse novice iz Slovenije in sveta\",\"publisher\":{\"@id\":\"https:\/\/hudo.com\/si\/#organization\"},\"potentialAction\":[{\"@type\":\"SearchAction\",\"target\":{\"@type\":\"EntryPoint\",\"urlTemplate\":\"https:\/\/hudo.com\/si\/?s={search_term_string}\"},\"query-input\":\"required name=search_term_string\"}],\"inLanguage\":\"sl-SI\"},{\"@type\":\"Organization\",\"@id\":\"https:\/\/hudo.com\/si\/#organization\",\"name\":\"VSN Media\",\"url\":\"https:\/\/hudo.com\/si\/\",\"logo\":{\"@type\":\"ImageObject\",\"inLanguage\":\"sl-SI\",\"@id\":\"https:\/\/hudo.com\/si\/#\/schema\/logo\/image\/\",\"url\":\"https:\/\/hudo.com\/si\/wp-content\/uploads\/sites\/2\/2021\/03\/hudo-app-2.png\",\"contentUrl\":\"https:\/\/hudo.com\/si\/wp-content\/uploads\/sites\/2\/2021\/03\/hudo-app-2.png\",\"width\":2185,\"height\":2167,\"caption\":\"VSN Media\"},\"image\":{\"@id\":\"https:\/\/hudo.com\/si\/#\/schema\/logo\/image\/\"},\"sameAs\":[\"https:\/\/www.facebook.com\/hudo.si\",\"https:\/\/twitter.com\/hudo_si\"]},{\"@type\":\"Person\",\"@id\":\"https:\/\/hudo.com\/si\/#\/schema\/person\/601cf3379633985b20f7e50f2bb47707\",\"name\":\"hudo\",\"image\":{\"@type\":\"ImageObject\",\"inLanguage\":\"sl-SI\",\"@id\":\"https:\/\/hudo.com\/si\/#\/schema\/person\/image\/\",\"url\":\"https:\/\/secure.gravatar.com\/avatar\/c4ca25fa72cace7a696b52ff5db9e095?s=96&d=mm&r=g\",\"contentUrl\":\"https:\/\/secure.gravatar.com\/avatar\/c4ca25fa72cace7a696b52ff5db9e095?s=96&d=mm&r=g\",\"caption\":\"hudo\"},\"url\":\"https:\/\/hudo.com\/si\/author\/hudo\/\"}]}<\/script>\n<!-- \/ Yoast SEO plugin. -->","yoast_head_json":{"title":"Izbiranje novega generalnega sekretarja: danes na vrsti T\u00fcrk - Hudo Slovenija","robots":{"index":"index","follow":"follow","max-snippet":"max-snippet:-1","max-image-preview":"max-image-preview:large","max-video-preview":"max-video-preview:-1"},"canonical":"https:\/\/hudo.com\/si\/aktualno\/izbiranje-novega-generalnega-sekretarja-danes-na-vrsti-turk\/","og_locale":"sl_SI","og_type":"article","og_title":"Izbiranje novega generalnega sekretarja: danes na vrsti T\u00fcrk - Hudo Slovenija","og_description":"Kategorija: Globalno Wed, 13 Apr 2016 13:00:00 +0200 Na sede\u017eu Organizacije zdru\u017eenih narodov (OZN) v New Yorku se danes nadaljuje predstavitev kandidatov za bodo\u010dega generalnega sekretarja oziroma novega neformalnega \u00bbvoditelja svobodnega sveta\u00ab. Za predstavitev bo danes prvi na vrsti nekdanji predsednik Republike Slovenije in visoki uslu\u017ebenec ZN Danilo T\u00fcrk. Za njim bosta svojo kandidaturo predstavili nekdanja hrva\u0161ka zunanja ministrica Vesna Pusi\u0107 in nekdanja zunanja ministrica Moldavije Natalia Gherman; v \u010detrtek pa se bosta kot zadnja predstavila \u0161e nekdanja premierka Nove Zelandije Helen Clark, ki trenutno vodi program ZN za razvoj (UNDP), in nekdanji zunanji minister Makedonije Srgjan Kerim. \u017de v\u010deraj so se predstavili nekdanji \u010drnogorski premier Igor Luk\u0161i\u0107, nekdanja bolgarska zunanja ministrica, ki trenutno na\u010deluje Unescu, Irina Bokova, ter nekdanji portugalski premier in do nedavnega visoki komisar ZN za begunce Antonio Guterres. V prihodnjih tednih in mesecih se\u00a0...","og_url":"https:\/\/hudo.com\/si\/aktualno\/izbiranje-novega-generalnega-sekretarja-danes-na-vrsti-turk\/","og_site_name":"Hudo Slovenija","article_publisher":"https:\/\/www.facebook.com\/hudo.si","article_published_time":"2016-04-13T09:00:00+00:00","article_modified_time":"2016-04-13T12:16:24+00:00","og_image":[{"width":480,"height":290,"url":"https:\/\/hudo.com\/si\/wp-content\/uploads\/sites\/2\/2016\/04\/480x290_Ozadja__djvu_1677631_matija_hires4.jpeg","type":"image\/jpeg"}],"author":"hudo","twitter_card":"summary_large_image","twitter_creator":"@hudo_si","twitter_site":"@hudo_si","twitter_misc":{"Written by":"hudo","Est. reading time":"1 minuta"},"schema":{"@context":"https:\/\/schema.org","@graph":[{"@type":"Article","@id":"https:\/\/hudo.com\/si\/aktualno\/izbiranje-novega-generalnega-sekretarja-danes-na-vrsti-turk\/#article","isPartOf":{"@id":"https:\/\/hudo.com\/si\/aktualno\/izbiranje-novega-generalnega-sekretarja-danes-na-vrsti-turk\/"},"author":{"name":"hudo","@id":"https:\/\/hudo.com\/si\/#\/schema\/person\/601cf3379633985b20f7e50f2bb47707"},"headline":"Izbiranje novega generalnega sekretarja: danes na vrsti T\u00fcrk","datePublished":"2016-04-13T09:00:00+00:00","dateModified":"2016-04-13T12:16:24+00:00","mainEntityOfPage":{"@id":"https:\/\/hudo.com\/si\/aktualno\/izbiranje-novega-generalnega-sekretarja-danes-na-vrsti-turk\/"},"wordCount":152,"publisher":{"@id":"https:\/\/hudo.com\/si\/#organization"},"articleSection":["Aktualno"],"inLanguage":"sl-SI"},{"@type":"WebPage","@id":"https:\/\/hudo.com\/si\/aktualno\/izbiranje-novega-generalnega-sekretarja-danes-na-vrsti-turk\/","url":"https:\/\/hudo.com\/si\/aktualno\/izbiranje-novega-generalnega-sekretarja-danes-na-vrsti-turk\/","name":"Izbiranje novega generalnega sekretarja: danes na vrsti T\u00fcrk - Hudo Slovenija","isPartOf":{"@id":"https:\/\/hudo.com\/si\/#website"},"datePublished":"2016-04-13T09:00:00+00:00","dateModified":"2016-04-13T12:16:24+00:00","breadcrumb":{"@id":"https:\/\/hudo.com\/si\/aktualno\/izbiranje-novega-generalnega-sekretarja-danes-na-vrsti-turk\/#breadcrumb"},"inLanguage":"sl-SI","potentialAction":[{"@type":"ReadAction","target":["https:\/\/hudo.com\/si\/aktualno\/izbiranje-novega-generalnega-sekretarja-danes-na-vrsti-turk\/"]}]},{"@type":"BreadcrumbList","@id":"https:\/\/hudo.com\/si\/aktualno\/izbiranje-novega-generalnega-sekretarja-danes-na-vrsti-turk\/#breadcrumb","itemListElement":[{"@type":"ListItem","position":1,"name":"Home","item":"https:\/\/hudo.com\/si\/"},{"@type":"ListItem","position":2,"name":"Izbiranje novega generalnega sekretarja: danes na vrsti T\u00fcrk"}]},{"@type":"WebSite","@id":"https:\/\/hudo.com\/si\/#website","url":"https:\/\/hudo.com\/si\/","name":"Hudo Slovenija","description":"Vse novice iz Slovenije in sveta","publisher":{"@id":"https:\/\/hudo.com\/si\/#organization"},"potentialAction":[{"@type":"SearchAction","target":{"@type":"EntryPoint","urlTemplate":"https:\/\/hudo.com\/si\/?s={search_term_string}"},"query-input":"required name=search_term_string"}],"inLanguage":"sl-SI"},{"@type":"Organization","@id":"https:\/\/hudo.com\/si\/#organization","name":"VSN Media","url":"https:\/\/hudo.com\/si\/","logo":{"@type":"ImageObject","inLanguage":"sl-SI","@id":"https:\/\/hudo.com\/si\/#\/schema\/logo\/image\/","url":"https:\/\/hudo.com\/si\/wp-content\/uploads\/sites\/2\/2021\/03\/hudo-app-2.png","contentUrl":"https:\/\/hudo.com\/si\/wp-content\/uploads\/sites\/2\/2021\/03\/hudo-app-2.png","width":2185,"height":2167,"caption":"VSN Media"},"image":{"@id":"https:\/\/hudo.com\/si\/#\/schema\/logo\/image\/"},"sameAs":["https:\/\/www.facebook.com\/hudo.si","https:\/\/twitter.com\/hudo_si"]},{"@type":"Person","@id":"https:\/\/hudo.com\/si\/#\/schema\/person\/601cf3379633985b20f7e50f2bb47707","name":"hudo","image":{"@type":"ImageObject","inLanguage":"sl-SI","@id":"https:\/\/hudo.com\/si\/#\/schema\/person\/image\/","url":"https:\/\/secure.gravatar.com\/avatar\/c4ca25fa72cace7a696b52ff5db9e095?s=96&d=mm&r=g","contentUrl":"https:\/\/secure.gravatar.com\/avatar\/c4ca25fa72cace7a696b52ff5db9e095?s=96&d=mm&r=g","caption":"hudo"},"url":"https:\/\/hudo.com\/si\/author\/hudo\/"}]}},"amp_enabled":true,"_links":{"self":[{"href":"https:\/\/hudo.com\/si\/wp-json\/wp\/v2\/posts\/28384"}],"collection":[{"href":"https:\/\/hudo.com\/si\/wp-json\/wp\/v2\/posts"}],"about":[{"href":"https:\/\/hudo.com\/si\/wp-json\/wp\/v2\/types\/post"}],"author":[{"embeddable":true,"href":"https:\/\/hudo.com\/si\/wp-json\/wp\/v2\/users\/1"}],"replies":[{"embeddable":true,"href":"https:\/\/hudo.com\/si\/wp-json\/wp\/v2\/comments?post=28384"}],"version-history":[{"count":1,"href":"https:\/\/hudo.com\/si\/wp-json\/wp\/v2\/posts\/28384\/revisions"}],"predecessor-version":[{"id":28476,"href":"https:\/\/hudo.com\/si\/wp-json\/wp\/v2\/posts\/28384\/revisions\/28476"}],"wp:attachment":[{"href":"https:\/\/hudo.com\/si\/wp-json\/wp\/v2\/media?parent=28384"}],"wp:term":[{"taxonomy":"category","embeddable":true,"href":"https:\/\/hudo.com\/si\/wp-json\/wp\/v2\/categories?post=28384"},{"taxonomy":"post_tag","embeddable":true,"href":"https:\/\/hudo.com\/si\/wp-json\/wp\/v2\/tags?post=28384"},{"taxonomy":"source","embeddable":true,"href":"https:\/\/hudo.com\/si\/wp-json\/wp\/v2\/source?post=28384"},{"taxonomy":"supertag","embeddable":true,"href":"https:\/\/hudo.com\/si\/wp-json\/wp\/v2\/supertag?post=28384"}],"curies":[{"name":"wp","href":"https:\/\/api.w.org\/{rel}","templated":true}]}}