{"id":28401,"date":"2016-04-13T10:00:00","date_gmt":"2016-04-13T08:00:00","guid":{"rendered":"http:\/\/hudo.com\/si\/2016\/04\/13\/v-sentilju-prostora-se-za-okoli-600-beguncev\/"},"modified":"2016-04-13T14:16:31","modified_gmt":"2016-04-13T12:16:31","slug":"v-sentilju-prostora-se-za-okoli-600-beguncev","status":"publish","type":"post","link":"https:\/\/hudo.com\/si\/aktualno\/v-sentilju-prostora-se-za-okoli-600-beguncev\/","title":{"rendered":"V \u0160entilju prostora \u0161e za okoli 600 beguncev"},"content":{"rendered":"<p>V nastanitvenem centru \u0160entilj bo odslej prostora \u0161e za okoli 600 prebe\u017enikov, saj Uprava RS za za\u0161\u010dito in re\u0161evanje preko pogodbenih izvajalcev v teh dneh opravlja demonta\u017eo nastanitvenih kapacitet na zgornjem platoju centra. Na nekdanjem mejnem prehodu pa ostanejo vsi namestitveni objekti ter ostala infrastruktura za oskrbo migrantov. Kot so povedali na Upravi RS za za\u0161\u010dito in re\u0161evanje, je namestitveni center \u0160entilj v tem trenutku prazen, uprava pa vzdr\u017euje stanje pripravljenosti. Po navedbah uprave je prav tako prazen sprejemno-nastanitveni center Lendava, ki ima zmogljivosti za namestitev 600 prebe\u017enikov. Obrambno ministrstvo je sicer ta teden podalj\u0161alo koncesijo za najem \u0161otorov v sprejemnem centru Lendava podjetju Expo biro. Po navedbah obrambnega ministrstva skupna vrednost naro\u010dila \u0161otorov zna\u0161a nekaj ve\u010d kot 76.000 evrov. Javna naro\u010dila za najem \u0161otorov so v \u010dasu prihoda prvih migrantov jeseni 2015 izvedli skladno s predhodnim soglasjem ministrstva za notranje zadeve in z odredbami za zagotovitev \u0161otori\u0161\u010d za potrebe za\u010dasne nastanitve ter oskrbe migrantov na obmo\u010dju Slovenije, so navedli na obrambnem ministrstvu. Za zagotavljanje nastanitvenih kapacitet za 2000 in 6000 migrantov sta bila pozvana dva ponudnika, in sicer podjetji Petre in Expo biro, ki sta lahko zagotovila zadostno \u0161tevilo \u0161otorov za za\u010dasno nastanitev. Obrambno ministrstvo je za postavitev \u0161otorov izbralo podjetje Expo biro. \u010casa prihoda in \u0161tevila migrantov po oceni obrambnega ministrstva ni mogo\u010de v naprej predvideti. Ker so \u0161otori \u017ee postavljeni in se uporabljajo za sprejemne in nastanitvene centre migrantov, kjer je potrebna 24-urna zagotovitev \u0161otorov za za\u010dasno namestitev, zamenjava z drugim ponudnikom oziroma odstranitev teh v trenutnih razmerah ni mogo\u010da, zato se je za lokacijo v Lendavi k oddaji ponudbe povabilo podjetje Expo biro, ki \u017ee sedaj s \u0161otori zagotavlja 24-urno nastanitev, so \u0161e navedli na obrambnem ministrstvu.Maribor<\/p>\n","protected":false},"excerpt":{"rendered":"<p>V nastanitvenem centru \u0160entilj bo odslej prostora \u0161e za okoli 600 prebe\u017enikov, saj Uprava RS za za\u0161\u010dito in re\u0161evanje preko pogodbenih izvajalcev v teh dneh opravlja demonta\u017eo nastanitvenih kapacitet na zgornjem platoju centra. Na nekdanjem mejnem prehodu pa ostanejo vsi namestitveni objekti ter ostala infrastruktura za oskrbo migrantov. Kot so povedali na Upravi RS za za\u0161\u010dito in re\u0161evanje, je namestitveni center \u0160entilj v tem trenutku prazen, uprava pa vzdr\u017euje stanje pripravljenosti. Po navedbah uprave je prav tako prazen sprejemno-nastanitveni center Lendava, ki ima zmogljivosti za namestitev 600 prebe\u017enikov. Obrambno ministrstvo je sicer ta teden podalj\u0161alo koncesijo za najem \u0161otorov v sprejemnem centru Lendava podjetju Expo biro. Po navedbah obrambnega ministrstva skupna vrednost naro\u010dila \u0161otorov zna\u0161a nekaj ve\u010d kot 76.000 evrov. Javna naro\u010dila za najem \u0161otorov so v \u010dasu prihoda prvih migrantov jeseni 2015 izvedli skladno s predhodnim soglasjem ministrstva za notranje zadeve in z odredbami za zagotovitev \u0161otori\u0161\u010d za potrebe za\u010dasne nastanitve ter oskrbe migrantov na obmo\u010dju Slovenije, so navedli na obrambnem ministrstvu. Za zagotavljanje nastanitvenih kapacitet za 2000 in 6000 migrantov sta bila pozvana dva ponudnika, in sicer podjetji Petre in Expo biro, ki sta lahko zagotovila zadostno \u0161tevilo \u0161otorov za za\u010dasno nastanitev. Obrambno ministrstvo je za postavitev \u0161otorov izbralo podjetje Expo biro. \u010casa prihoda in \u0161tevila migrantov po oceni obrambnega ministrstva ni mogo\u010de v naprej predvideti. Ker so \u0161otori \u017ee postavljeni in se uporabljajo za sprejemne in nastanitvene centre migrantov, kjer je potrebna 24-urna zagotovitev \u0161otorov za za\u010dasno namestitev, zamenjava z drugim ponudnikom oziroma odstranitev teh v trenutnih razmerah ni mogo\u010da, zato se je za lokacijo v Lendavi k oddaji ponudbe povabilo podjetje Expo biro, ki \u017ee sedaj s \u0161otori zagotavlja 24-urno nastanitev, so \u0161e navedli na obrambnem ministrstvu.Maribor<\/p>\n","protected":false},"author":1,"featured_media":0,"comment_status":"closed","ping_status":"closed","sticky":false,"template":"","format":"standard","meta":{"footnotes":""},"categories":[1179],"tags":[],"source":[1711],"supertag":[],"acf":[],"yoast_head":"<!-- This site is optimized with the Yoast SEO plugin v21.3 - https:\/\/yoast.com\/wordpress\/plugins\/seo\/ -->\n<title>V \u0160entilju prostora \u0161e za okoli 600 beguncev - Hudo Slovenija<\/title>\n<meta name=\"robots\" content=\"index, follow, max-snippet:-1, max-image-preview:large, max-video-preview:-1\" \/>\n<link rel=\"canonical\" href=\"https:\/\/hudo.com\/si\/aktualno\/v-sentilju-prostora-se-za-okoli-600-beguncev\/\" \/>\n<meta property=\"og:locale\" content=\"sl_SI\" \/>\n<meta property=\"og:type\" content=\"article\" \/>\n<meta property=\"og:title\" content=\"V \u0160entilju prostora \u0161e za okoli 600 beguncev - Hudo Slovenija\" \/>\n<meta property=\"og:description\" content=\"V nastanitvenem centru \u0160entilj bo odslej prostora \u0161e za okoli 600 prebe\u017enikov, saj Uprava RS za za\u0161\u010dito in re\u0161evanje preko pogodbenih izvajalcev v teh dneh opravlja demonta\u017eo nastanitvenih kapacitet na zgornjem platoju centra. Na nekdanjem mejnem prehodu pa ostanejo vsi namestitveni objekti ter ostala infrastruktura za oskrbo migrantov. Kot so povedali na Upravi RS za za\u0161\u010dito in re\u0161evanje, je namestitveni center \u0160entilj v tem trenutku prazen, uprava pa vzdr\u017euje stanje pripravljenosti. Po navedbah uprave je prav tako prazen sprejemno-nastanitveni center Lendava, ki ima zmogljivosti za namestitev 600 prebe\u017enikov. Obrambno ministrstvo je sicer ta teden podalj\u0161alo koncesijo za najem \u0161otorov v sprejemnem centru Lendava podjetju Expo biro. Po navedbah obrambnega ministrstva skupna vrednost naro\u010dila \u0161otorov zna\u0161a nekaj ve\u010d kot 76.000 evrov. Javna naro\u010dila za najem \u0161otorov so v \u010dasu prihoda prvih migrantov jeseni 2015 izvedli skladno s predhodnim soglasjem ministrstva za notranje zadeve in z odredbami za zagotovitev \u0161otori\u0161\u010d za potrebe za\u010dasne nastanitve ter oskrbe migrantov na obmo\u010dju Slovenije, so navedli na obrambnem ministrstvu. Za zagotavljanje nastanitvenih kapacitet za 2000 in 6000 migrantov sta bila pozvana dva ponudnika, in sicer podjetji Petre in Expo biro, ki sta lahko zagotovila zadostno \u0161tevilo \u0161otorov za za\u010dasno nastanitev. Obrambno ministrstvo je za postavitev \u0161otorov izbralo podjetje Expo biro. \u010casa prihoda in \u0161tevila migrantov po oceni obrambnega ministrstva ni mogo\u010de v naprej predvideti. Ker so \u0161otori \u017ee postavljeni in se uporabljajo za sprejemne in nastanitvene centre migrantov, kjer je potrebna 24-urna zagotovitev \u0161otorov za za\u010dasno namestitev, zamenjava z drugim ponudnikom oziroma odstranitev teh v trenutnih razmerah ni mogo\u010da, zato se je za lokacijo v Lendavi k oddaji ponudbe povabilo podjetje Expo biro, ki \u017ee sedaj s \u0161otori zagotavlja 24-urno nastanitev, so \u0161e navedli na obrambnem ministrstvu.Maribor\" \/>\n<meta property=\"og:url\" content=\"https:\/\/hudo.com\/si\/aktualno\/v-sentilju-prostora-se-za-okoli-600-beguncev\/\" \/>\n<meta property=\"og:site_name\" content=\"Hudo Slovenija\" \/>\n<meta property=\"article:publisher\" content=\"https:\/\/www.facebook.com\/hudo.si\" \/>\n<meta property=\"article:published_time\" content=\"2016-04-13T08:00:00+00:00\" \/>\n<meta property=\"article:modified_time\" content=\"2016-04-13T12:16:31+00:00\" \/>\n<meta property=\"og:image\" content=\"https:\/\/hudo.com\/si\/wp-content\/uploads\/sites\/2\/2016\/04\/01441506F-300.jpg\" \/>\n\t<meta property=\"og:image:width\" content=\"450\" \/>\n\t<meta property=\"og:image:height\" content=\"300\" \/>\n\t<meta property=\"og:image:type\" content=\"image\/jpeg\" \/>\n<meta name=\"author\" content=\"hudo\" \/>\n<meta name=\"twitter:card\" content=\"summary_large_image\" \/>\n<meta name=\"twitter:creator\" content=\"@hudo_si\" \/>\n<meta name=\"twitter:site\" content=\"@hudo_si\" \/>\n<meta name=\"twitter:label1\" content=\"Written by\" \/>\n\t<meta name=\"twitter:data1\" content=\"hudo\" \/>\n\t<meta name=\"twitter:label2\" content=\"Est. reading time\" \/>\n\t<meta name=\"twitter:data2\" content=\"1 minuta\" \/>\n<script type=\"application\/ld+json\" class=\"yoast-schema-graph\">{\"@context\":\"https:\/\/schema.org\",\"@graph\":[{\"@type\":\"Article\",\"@id\":\"https:\/\/hudo.com\/si\/aktualno\/v-sentilju-prostora-se-za-okoli-600-beguncev\/#article\",\"isPartOf\":{\"@id\":\"https:\/\/hudo.com\/si\/aktualno\/v-sentilju-prostora-se-za-okoli-600-beguncev\/\"},\"author\":{\"name\":\"hudo\",\"@id\":\"https:\/\/hudo.com\/si\/#\/schema\/person\/601cf3379633985b20f7e50f2bb47707\"},\"headline\":\"V \u0160entilju prostora \u0161e za okoli 600 beguncev\",\"datePublished\":\"2016-04-13T08:00:00+00:00\",\"dateModified\":\"2016-04-13T12:16:31+00:00\",\"mainEntityOfPage\":{\"@id\":\"https:\/\/hudo.com\/si\/aktualno\/v-sentilju-prostora-se-za-okoli-600-beguncev\/\"},\"wordCount\":301,\"publisher\":{\"@id\":\"https:\/\/hudo.com\/si\/#organization\"},\"articleSection\":[\"Aktualno\"],\"inLanguage\":\"sl-SI\"},{\"@type\":\"WebPage\",\"@id\":\"https:\/\/hudo.com\/si\/aktualno\/v-sentilju-prostora-se-za-okoli-600-beguncev\/\",\"url\":\"https:\/\/hudo.com\/si\/aktualno\/v-sentilju-prostora-se-za-okoli-600-beguncev\/\",\"name\":\"V \u0160entilju prostora \u0161e za okoli 600 beguncev - Hudo Slovenija\",\"isPartOf\":{\"@id\":\"https:\/\/hudo.com\/si\/#website\"},\"datePublished\":\"2016-04-13T08:00:00+00:00\",\"dateModified\":\"2016-04-13T12:16:31+00:00\",\"breadcrumb\":{\"@id\":\"https:\/\/hudo.com\/si\/aktualno\/v-sentilju-prostora-se-za-okoli-600-beguncev\/#breadcrumb\"},\"inLanguage\":\"sl-SI\",\"potentialAction\":[{\"@type\":\"ReadAction\",\"target\":[\"https:\/\/hudo.com\/si\/aktualno\/v-sentilju-prostora-se-za-okoli-600-beguncev\/\"]}]},{\"@type\":\"BreadcrumbList\",\"@id\":\"https:\/\/hudo.com\/si\/aktualno\/v-sentilju-prostora-se-za-okoli-600-beguncev\/#breadcrumb\",\"itemListElement\":[{\"@type\":\"ListItem\",\"position\":1,\"name\":\"Home\",\"item\":\"https:\/\/hudo.com\/si\/\"},{\"@type\":\"ListItem\",\"position\":2,\"name\":\"V \u0160entilju prostora \u0161e za okoli 600 beguncev\"}]},{\"@type\":\"WebSite\",\"@id\":\"https:\/\/hudo.com\/si\/#website\",\"url\":\"https:\/\/hudo.com\/si\/\",\"name\":\"Hudo Slovenija\",\"description\":\"Vse novice iz Slovenije in sveta\",\"publisher\":{\"@id\":\"https:\/\/hudo.com\/si\/#organization\"},\"potentialAction\":[{\"@type\":\"SearchAction\",\"target\":{\"@type\":\"EntryPoint\",\"urlTemplate\":\"https:\/\/hudo.com\/si\/?s={search_term_string}\"},\"query-input\":\"required name=search_term_string\"}],\"inLanguage\":\"sl-SI\"},{\"@type\":\"Organization\",\"@id\":\"https:\/\/hudo.com\/si\/#organization\",\"name\":\"VSN Media\",\"url\":\"https:\/\/hudo.com\/si\/\",\"logo\":{\"@type\":\"ImageObject\",\"inLanguage\":\"sl-SI\",\"@id\":\"https:\/\/hudo.com\/si\/#\/schema\/logo\/image\/\",\"url\":\"https:\/\/hudo.com\/si\/wp-content\/uploads\/sites\/2\/2021\/03\/hudo-app-2.png\",\"contentUrl\":\"https:\/\/hudo.com\/si\/wp-content\/uploads\/sites\/2\/2021\/03\/hudo-app-2.png\",\"width\":2185,\"height\":2167,\"caption\":\"VSN Media\"},\"image\":{\"@id\":\"https:\/\/hudo.com\/si\/#\/schema\/logo\/image\/\"},\"sameAs\":[\"https:\/\/www.facebook.com\/hudo.si\",\"https:\/\/twitter.com\/hudo_si\"]},{\"@type\":\"Person\",\"@id\":\"https:\/\/hudo.com\/si\/#\/schema\/person\/601cf3379633985b20f7e50f2bb47707\",\"name\":\"hudo\",\"image\":{\"@type\":\"ImageObject\",\"inLanguage\":\"sl-SI\",\"@id\":\"https:\/\/hudo.com\/si\/#\/schema\/person\/image\/\",\"url\":\"https:\/\/secure.gravatar.com\/avatar\/c4ca25fa72cace7a696b52ff5db9e095?s=96&d=mm&r=g\",\"contentUrl\":\"https:\/\/secure.gravatar.com\/avatar\/c4ca25fa72cace7a696b52ff5db9e095?s=96&d=mm&r=g\",\"caption\":\"hudo\"},\"url\":\"https:\/\/hudo.com\/si\/author\/hudo\/\"}]}<\/script>\n<!-- \/ Yoast SEO plugin. -->","yoast_head_json":{"title":"V \u0160entilju prostora \u0161e za okoli 600 beguncev - Hudo Slovenija","robots":{"index":"index","follow":"follow","max-snippet":"max-snippet:-1","max-image-preview":"max-image-preview:large","max-video-preview":"max-video-preview:-1"},"canonical":"https:\/\/hudo.com\/si\/aktualno\/v-sentilju-prostora-se-za-okoli-600-beguncev\/","og_locale":"sl_SI","og_type":"article","og_title":"V \u0160entilju prostora \u0161e za okoli 600 beguncev - Hudo Slovenija","og_description":"V nastanitvenem centru \u0160entilj bo odslej prostora \u0161e za okoli 600 prebe\u017enikov, saj Uprava RS za za\u0161\u010dito in re\u0161evanje preko pogodbenih izvajalcev v teh dneh opravlja demonta\u017eo nastanitvenih kapacitet na zgornjem platoju centra. Na nekdanjem mejnem prehodu pa ostanejo vsi namestitveni objekti ter ostala infrastruktura za oskrbo migrantov. Kot so povedali na Upravi RS za za\u0161\u010dito in re\u0161evanje, je namestitveni center \u0160entilj v tem trenutku prazen, uprava pa vzdr\u017euje stanje pripravljenosti. Po navedbah uprave je prav tako prazen sprejemno-nastanitveni center Lendava, ki ima zmogljivosti za namestitev 600 prebe\u017enikov. Obrambno ministrstvo je sicer ta teden podalj\u0161alo koncesijo za najem \u0161otorov v sprejemnem centru Lendava podjetju Expo biro. Po navedbah obrambnega ministrstva skupna vrednost naro\u010dila \u0161otorov zna\u0161a nekaj ve\u010d kot 76.000 evrov. Javna naro\u010dila za najem \u0161otorov so v \u010dasu prihoda prvih migrantov jeseni 2015 izvedli skladno s predhodnim soglasjem ministrstva za notranje zadeve in z odredbami za zagotovitev \u0161otori\u0161\u010d za potrebe za\u010dasne nastanitve ter oskrbe migrantov na obmo\u010dju Slovenije, so navedli na obrambnem ministrstvu. Za zagotavljanje nastanitvenih kapacitet za 2000 in 6000 migrantov sta bila pozvana dva ponudnika, in sicer podjetji Petre in Expo biro, ki sta lahko zagotovila zadostno \u0161tevilo \u0161otorov za za\u010dasno nastanitev. Obrambno ministrstvo je za postavitev \u0161otorov izbralo podjetje Expo biro. \u010casa prihoda in \u0161tevila migrantov po oceni obrambnega ministrstva ni mogo\u010de v naprej predvideti. Ker so \u0161otori \u017ee postavljeni in se uporabljajo za sprejemne in nastanitvene centre migrantov, kjer je potrebna 24-urna zagotovitev \u0161otorov za za\u010dasno namestitev, zamenjava z drugim ponudnikom oziroma odstranitev teh v trenutnih razmerah ni mogo\u010da, zato se je za lokacijo v Lendavi k oddaji ponudbe povabilo podjetje Expo biro, ki \u017ee sedaj s \u0161otori zagotavlja 24-urno nastanitev, so \u0161e navedli na obrambnem ministrstvu.Maribor","og_url":"https:\/\/hudo.com\/si\/aktualno\/v-sentilju-prostora-se-za-okoli-600-beguncev\/","og_site_name":"Hudo Slovenija","article_publisher":"https:\/\/www.facebook.com\/hudo.si","article_published_time":"2016-04-13T08:00:00+00:00","article_modified_time":"2016-04-13T12:16:31+00:00","og_image":[{"width":450,"height":300,"url":"https:\/\/hudo.com\/si\/wp-content\/uploads\/sites\/2\/2016\/04\/01441506F-300.jpg","type":"image\/jpeg"}],"author":"hudo","twitter_card":"summary_large_image","twitter_creator":"@hudo_si","twitter_site":"@hudo_si","twitter_misc":{"Written by":"hudo","Est. reading time":"1 minuta"},"schema":{"@context":"https:\/\/schema.org","@graph":[{"@type":"Article","@id":"https:\/\/hudo.com\/si\/aktualno\/v-sentilju-prostora-se-za-okoli-600-beguncev\/#article","isPartOf":{"@id":"https:\/\/hudo.com\/si\/aktualno\/v-sentilju-prostora-se-za-okoli-600-beguncev\/"},"author":{"name":"hudo","@id":"https:\/\/hudo.com\/si\/#\/schema\/person\/601cf3379633985b20f7e50f2bb47707"},"headline":"V \u0160entilju prostora \u0161e za okoli 600 beguncev","datePublished":"2016-04-13T08:00:00+00:00","dateModified":"2016-04-13T12:16:31+00:00","mainEntityOfPage":{"@id":"https:\/\/hudo.com\/si\/aktualno\/v-sentilju-prostora-se-za-okoli-600-beguncev\/"},"wordCount":301,"publisher":{"@id":"https:\/\/hudo.com\/si\/#organization"},"articleSection":["Aktualno"],"inLanguage":"sl-SI"},{"@type":"WebPage","@id":"https:\/\/hudo.com\/si\/aktualno\/v-sentilju-prostora-se-za-okoli-600-beguncev\/","url":"https:\/\/hudo.com\/si\/aktualno\/v-sentilju-prostora-se-za-okoli-600-beguncev\/","name":"V \u0160entilju prostora \u0161e za okoli 600 beguncev - Hudo Slovenija","isPartOf":{"@id":"https:\/\/hudo.com\/si\/#website"},"datePublished":"2016-04-13T08:00:00+00:00","dateModified":"2016-04-13T12:16:31+00:00","breadcrumb":{"@id":"https:\/\/hudo.com\/si\/aktualno\/v-sentilju-prostora-se-za-okoli-600-beguncev\/#breadcrumb"},"inLanguage":"sl-SI","potentialAction":[{"@type":"ReadAction","target":["https:\/\/hudo.com\/si\/aktualno\/v-sentilju-prostora-se-za-okoli-600-beguncev\/"]}]},{"@type":"BreadcrumbList","@id":"https:\/\/hudo.com\/si\/aktualno\/v-sentilju-prostora-se-za-okoli-600-beguncev\/#breadcrumb","itemListElement":[{"@type":"ListItem","position":1,"name":"Home","item":"https:\/\/hudo.com\/si\/"},{"@type":"ListItem","position":2,"name":"V \u0160entilju prostora \u0161e za okoli 600 beguncev"}]},{"@type":"WebSite","@id":"https:\/\/hudo.com\/si\/#website","url":"https:\/\/hudo.com\/si\/","name":"Hudo Slovenija","description":"Vse novice iz Slovenije in sveta","publisher":{"@id":"https:\/\/hudo.com\/si\/#organization"},"potentialAction":[{"@type":"SearchAction","target":{"@type":"EntryPoint","urlTemplate":"https:\/\/hudo.com\/si\/?s={search_term_string}"},"query-input":"required name=search_term_string"}],"inLanguage":"sl-SI"},{"@type":"Organization","@id":"https:\/\/hudo.com\/si\/#organization","name":"VSN Media","url":"https:\/\/hudo.com\/si\/","logo":{"@type":"ImageObject","inLanguage":"sl-SI","@id":"https:\/\/hudo.com\/si\/#\/schema\/logo\/image\/","url":"https:\/\/hudo.com\/si\/wp-content\/uploads\/sites\/2\/2021\/03\/hudo-app-2.png","contentUrl":"https:\/\/hudo.com\/si\/wp-content\/uploads\/sites\/2\/2021\/03\/hudo-app-2.png","width":2185,"height":2167,"caption":"VSN Media"},"image":{"@id":"https:\/\/hudo.com\/si\/#\/schema\/logo\/image\/"},"sameAs":["https:\/\/www.facebook.com\/hudo.si","https:\/\/twitter.com\/hudo_si"]},{"@type":"Person","@id":"https:\/\/hudo.com\/si\/#\/schema\/person\/601cf3379633985b20f7e50f2bb47707","name":"hudo","image":{"@type":"ImageObject","inLanguage":"sl-SI","@id":"https:\/\/hudo.com\/si\/#\/schema\/person\/image\/","url":"https:\/\/secure.gravatar.com\/avatar\/c4ca25fa72cace7a696b52ff5db9e095?s=96&d=mm&r=g","contentUrl":"https:\/\/secure.gravatar.com\/avatar\/c4ca25fa72cace7a696b52ff5db9e095?s=96&d=mm&r=g","caption":"hudo"},"url":"https:\/\/hudo.com\/si\/author\/hudo\/"}]}},"amp_enabled":true,"_links":{"self":[{"href":"https:\/\/hudo.com\/si\/wp-json\/wp\/v2\/posts\/28401"}],"collection":[{"href":"https:\/\/hudo.com\/si\/wp-json\/wp\/v2\/posts"}],"about":[{"href":"https:\/\/hudo.com\/si\/wp-json\/wp\/v2\/types\/post"}],"author":[{"embeddable":true,"href":"https:\/\/hudo.com\/si\/wp-json\/wp\/v2\/users\/1"}],"replies":[{"embeddable":true,"href":"https:\/\/hudo.com\/si\/wp-json\/wp\/v2\/comments?post=28401"}],"version-history":[{"count":1,"href":"https:\/\/hudo.com\/si\/wp-json\/wp\/v2\/posts\/28401\/revisions"}],"predecessor-version":[{"id":28489,"href":"https:\/\/hudo.com\/si\/wp-json\/wp\/v2\/posts\/28401\/revisions\/28489"}],"wp:attachment":[{"href":"https:\/\/hudo.com\/si\/wp-json\/wp\/v2\/media?parent=28401"}],"wp:term":[{"taxonomy":"category","embeddable":true,"href":"https:\/\/hudo.com\/si\/wp-json\/wp\/v2\/categories?post=28401"},{"taxonomy":"post_tag","embeddable":true,"href":"https:\/\/hudo.com\/si\/wp-json\/wp\/v2\/tags?post=28401"},{"taxonomy":"source","embeddable":true,"href":"https:\/\/hudo.com\/si\/wp-json\/wp\/v2\/source?post=28401"},{"taxonomy":"supertag","embeddable":true,"href":"https:\/\/hudo.com\/si\/wp-json\/wp\/v2\/supertag?post=28401"}],"curies":[{"name":"wp","href":"https:\/\/api.w.org\/{rel}","templated":true}]}}