{"id":284250,"date":"2017-08-04T10:14:00","date_gmt":"2017-08-04T08:14:00","guid":{"rendered":"http:\/\/hudo.com\/si\/2017\/08\/04\/vrocinski-val-in-ekstremna-susa-skodo-povzrocata-tudi-v-podravju\/"},"modified":"2017-08-04T10:14:00","modified_gmt":"2017-08-04T08:14:00","slug":"vrocinski-val-in-ekstremna-susa-skodo-povzrocata-tudi-v-podravju","status":"publish","type":"post","link":"https:\/\/hudo.com\/si\/aktualno\/vrocinski-val-in-ekstremna-susa-skodo-povzrocata-tudi-v-podravju\/","title":{"rendered":"Vro\u010dinski val in ekstremna su\u0161a \u0161kodo povzro\u010data tudi v Podravju"},"content":{"rendered":"<p>Kategorija: Slovenija Fri, 04 Aug 2017 12:14:00 +0200  Maribor &#8211; Vro\u010dinski val in ekstremne su\u0161ne razmere so se te dni za\u010dele zaostrovati tudi v Podravju, kjer so v nekaterih delih lokalne padavine stanje sicer za\u010dasno popravile, a so se kmetijska tla zaradi vro\u010dine v nekaj dneh spet izsu\u0161ila. Na Kmetijsko-gozdarskem zavodu Maribor od dr\u017eave pri\u010dakujejo, da se bo na te\u017eave kmetov pravilno in pravo\u010dasno odzvala. Kot je povedal direktor mariborskega zavoda Stane Klemen\u010di\u010d, je bila na njihovem obmo\u010dju \u017ee razporeditev zimskih padavin skromna, spomladansko-poletne padavine pa precej odstopajo od dolgoletnega povpre\u010dja. \u00bbUgotavljamo, da je povpre\u010dje pomanjkanja padavin prese\u017eeno za 45 do 48 odstotkov, kar zagotovo zelo vpliva na vegetacijo. Prizadete so predvsem tiste rastline, ki imajo manj obse\u017een koreninski sistem, hkrati pa je stanje precej odvisno tudi od tipa tal,\u00ab je dejal Klemen\u010di\u010d. Velike izpade pridelka v Podravju ugotavljajo predvsem\u00a0&#8230;<\/p>\n","protected":false},"excerpt":{"rendered":"<p>Kategorija: Slovenija Fri, 04 Aug 2017 12:14:00 +0200  Maribor &#8211; Vro\u010dinski val in ekstremne su\u0161ne razmere so se te dni za\u010dele zaostrovati tudi v Podravju, kjer so v nekaterih delih lokalne padavine stanje sicer za\u010dasno popravile, a so se kmetijska tla zaradi vro\u010dine v nekaj dneh spet izsu\u0161ila. Na Kmetijsko-gozdarskem zavodu Maribor od dr\u017eave pri\u010dakujejo, da se bo na te\u017eave kmetov pravilno in pravo\u010dasno odzvala. Kot je povedal direktor mariborskega zavoda Stane Klemen\u010di\u010d, je bila na njihovem obmo\u010dju \u017ee razporeditev zimskih padavin skromna, spomladansko-poletne padavine pa precej odstopajo od dolgoletnega povpre\u010dja. \u00bbUgotavljamo, da je povpre\u010dje pomanjkanja padavin prese\u017eeno za 45 do 48 odstotkov, kar zagotovo zelo vpliva na vegetacijo. Prizadete so predvsem tiste rastline, ki imajo manj obse\u017een koreninski sistem, hkrati pa je stanje precej odvisno tudi od tipa tal,\u00ab je dejal Klemen\u010di\u010d. Velike izpade pridelka v Podravju ugotavljajo predvsem\u00a0&#8230;<\/p>\n","protected":false},"author":1,"featured_media":0,"comment_status":"closed","ping_status":"closed","sticky":false,"template":"","format":"standard","meta":{"footnotes":""},"categories":[1179],"tags":[],"source":[1703],"supertag":[],"acf":[],"yoast_head":"<!-- This site is optimized with the Yoast SEO plugin v21.3 - https:\/\/yoast.com\/wordpress\/plugins\/seo\/ -->\n<title>Vro\u010dinski val in ekstremna su\u0161a \u0161kodo povzro\u010data tudi v Podravju - Hudo Slovenija<\/title>\n<meta name=\"robots\" content=\"index, follow, max-snippet:-1, max-image-preview:large, max-video-preview:-1\" \/>\n<link rel=\"canonical\" href=\"https:\/\/hudo.com\/si\/aktualno\/vrocinski-val-in-ekstremna-susa-skodo-povzrocata-tudi-v-podravju\/\" \/>\n<meta property=\"og:locale\" content=\"sl_SI\" \/>\n<meta property=\"og:type\" content=\"article\" \/>\n<meta property=\"og:title\" content=\"Vro\u010dinski val in ekstremna su\u0161a \u0161kodo povzro\u010data tudi v Podravju - Hudo Slovenija\" \/>\n<meta property=\"og:description\" content=\"Kategorija: Slovenija Fri, 04 Aug 2017 12:14:00 +0200 Maribor - Vro\u010dinski val in ekstremne su\u0161ne razmere so se te dni za\u010dele zaostrovati tudi v Podravju, kjer so v nekaterih delih lokalne padavine stanje sicer za\u010dasno popravile, a so se kmetijska tla zaradi vro\u010dine v nekaj dneh spet izsu\u0161ila. Na Kmetijsko-gozdarskem zavodu Maribor od dr\u017eave pri\u010dakujejo, da se bo na te\u017eave kmetov pravilno in pravo\u010dasno odzvala. Kot je povedal direktor mariborskega zavoda Stane Klemen\u010di\u010d, je bila na njihovem obmo\u010dju \u017ee razporeditev zimskih padavin skromna, spomladansko-poletne padavine pa precej odstopajo od dolgoletnega povpre\u010dja. \u00bbUgotavljamo, da je povpre\u010dje pomanjkanja padavin prese\u017eeno za 45 do 48 odstotkov, kar zagotovo zelo vpliva na vegetacijo. Prizadete so predvsem tiste rastline, ki imajo manj obse\u017een koreninski sistem, hkrati pa je stanje precej odvisno tudi od tipa tal,\u00ab je dejal Klemen\u010di\u010d. Velike izpade pridelka v Podravju ugotavljajo predvsem\u00a0...\" \/>\n<meta property=\"og:url\" content=\"https:\/\/hudo.com\/si\/aktualno\/vrocinski-val-in-ekstremna-susa-skodo-povzrocata-tudi-v-podravju\/\" \/>\n<meta property=\"og:site_name\" content=\"Hudo Slovenija\" \/>\n<meta property=\"article:publisher\" content=\"https:\/\/www.facebook.com\/hudo.si\" \/>\n<meta property=\"article:published_time\" content=\"2017-08-04T08:14:00+00:00\" \/>\n<meta property=\"og:image\" content=\"https:\/\/hudo.com\/si\/wp-content\/uploads\/sites\/2\/2017\/08\/480x290_Delo_Foto-20130802093115-21580900.jpeg\" \/>\n\t<meta property=\"og:image:width\" content=\"480\" \/>\n\t<meta property=\"og:image:height\" content=\"290\" \/>\n\t<meta property=\"og:image:type\" content=\"image\/jpeg\" \/>\n<meta name=\"author\" content=\"hudo\" \/>\n<meta name=\"twitter:card\" content=\"summary_large_image\" \/>\n<meta name=\"twitter:creator\" content=\"@hudo_si\" \/>\n<meta name=\"twitter:site\" content=\"@hudo_si\" \/>\n<meta name=\"twitter:label1\" content=\"Written by\" \/>\n\t<meta name=\"twitter:data1\" content=\"hudo\" \/>\n\t<meta name=\"twitter:label2\" content=\"Est. reading time\" \/>\n\t<meta name=\"twitter:data2\" content=\"1 minuta\" \/>\n<script type=\"application\/ld+json\" class=\"yoast-schema-graph\">{\"@context\":\"https:\/\/schema.org\",\"@graph\":[{\"@type\":\"Article\",\"@id\":\"https:\/\/hudo.com\/si\/aktualno\/vrocinski-val-in-ekstremna-susa-skodo-povzrocata-tudi-v-podravju\/#article\",\"isPartOf\":{\"@id\":\"https:\/\/hudo.com\/si\/aktualno\/vrocinski-val-in-ekstremna-susa-skodo-povzrocata-tudi-v-podravju\/\"},\"author\":{\"name\":\"hudo\",\"@id\":\"https:\/\/hudo.com\/si\/#\/schema\/person\/601cf3379633985b20f7e50f2bb47707\"},\"headline\":\"Vro\u010dinski val in ekstremna su\u0161a \u0161kodo povzro\u010data tudi v Podravju\",\"datePublished\":\"2017-08-04T08:14:00+00:00\",\"dateModified\":\"2017-08-04T08:14:00+00:00\",\"mainEntityOfPage\":{\"@id\":\"https:\/\/hudo.com\/si\/aktualno\/vrocinski-val-in-ekstremna-susa-skodo-povzrocata-tudi-v-podravju\/\"},\"wordCount\":164,\"publisher\":{\"@id\":\"https:\/\/hudo.com\/si\/#organization\"},\"articleSection\":[\"Aktualno\"],\"inLanguage\":\"sl-SI\"},{\"@type\":\"WebPage\",\"@id\":\"https:\/\/hudo.com\/si\/aktualno\/vrocinski-val-in-ekstremna-susa-skodo-povzrocata-tudi-v-podravju\/\",\"url\":\"https:\/\/hudo.com\/si\/aktualno\/vrocinski-val-in-ekstremna-susa-skodo-povzrocata-tudi-v-podravju\/\",\"name\":\"Vro\u010dinski val in ekstremna su\u0161a \u0161kodo povzro\u010data tudi v Podravju - Hudo Slovenija\",\"isPartOf\":{\"@id\":\"https:\/\/hudo.com\/si\/#website\"},\"datePublished\":\"2017-08-04T08:14:00+00:00\",\"dateModified\":\"2017-08-04T08:14:00+00:00\",\"breadcrumb\":{\"@id\":\"https:\/\/hudo.com\/si\/aktualno\/vrocinski-val-in-ekstremna-susa-skodo-povzrocata-tudi-v-podravju\/#breadcrumb\"},\"inLanguage\":\"sl-SI\",\"potentialAction\":[{\"@type\":\"ReadAction\",\"target\":[\"https:\/\/hudo.com\/si\/aktualno\/vrocinski-val-in-ekstremna-susa-skodo-povzrocata-tudi-v-podravju\/\"]}]},{\"@type\":\"BreadcrumbList\",\"@id\":\"https:\/\/hudo.com\/si\/aktualno\/vrocinski-val-in-ekstremna-susa-skodo-povzrocata-tudi-v-podravju\/#breadcrumb\",\"itemListElement\":[{\"@type\":\"ListItem\",\"position\":1,\"name\":\"Home\",\"item\":\"https:\/\/hudo.com\/si\/\"},{\"@type\":\"ListItem\",\"position\":2,\"name\":\"Vro\u010dinski val in ekstremna su\u0161a \u0161kodo povzro\u010data tudi v Podravju\"}]},{\"@type\":\"WebSite\",\"@id\":\"https:\/\/hudo.com\/si\/#website\",\"url\":\"https:\/\/hudo.com\/si\/\",\"name\":\"Hudo Slovenija\",\"description\":\"Vse novice iz Slovenije in sveta\",\"publisher\":{\"@id\":\"https:\/\/hudo.com\/si\/#organization\"},\"potentialAction\":[{\"@type\":\"SearchAction\",\"target\":{\"@type\":\"EntryPoint\",\"urlTemplate\":\"https:\/\/hudo.com\/si\/?s={search_term_string}\"},\"query-input\":\"required name=search_term_string\"}],\"inLanguage\":\"sl-SI\"},{\"@type\":\"Organization\",\"@id\":\"https:\/\/hudo.com\/si\/#organization\",\"name\":\"VSN Media\",\"url\":\"https:\/\/hudo.com\/si\/\",\"logo\":{\"@type\":\"ImageObject\",\"inLanguage\":\"sl-SI\",\"@id\":\"https:\/\/hudo.com\/si\/#\/schema\/logo\/image\/\",\"url\":\"https:\/\/hudo.com\/si\/wp-content\/uploads\/sites\/2\/2021\/03\/hudo-app-2.png\",\"contentUrl\":\"https:\/\/hudo.com\/si\/wp-content\/uploads\/sites\/2\/2021\/03\/hudo-app-2.png\",\"width\":2185,\"height\":2167,\"caption\":\"VSN Media\"},\"image\":{\"@id\":\"https:\/\/hudo.com\/si\/#\/schema\/logo\/image\/\"},\"sameAs\":[\"https:\/\/www.facebook.com\/hudo.si\",\"https:\/\/twitter.com\/hudo_si\"]},{\"@type\":\"Person\",\"@id\":\"https:\/\/hudo.com\/si\/#\/schema\/person\/601cf3379633985b20f7e50f2bb47707\",\"name\":\"hudo\",\"image\":{\"@type\":\"ImageObject\",\"inLanguage\":\"sl-SI\",\"@id\":\"https:\/\/hudo.com\/si\/#\/schema\/person\/image\/\",\"url\":\"https:\/\/secure.gravatar.com\/avatar\/c4ca25fa72cace7a696b52ff5db9e095?s=96&d=mm&r=g\",\"contentUrl\":\"https:\/\/secure.gravatar.com\/avatar\/c4ca25fa72cace7a696b52ff5db9e095?s=96&d=mm&r=g\",\"caption\":\"hudo\"},\"url\":\"https:\/\/hudo.com\/si\/author\/hudo\/\"}]}<\/script>\n<!-- \/ Yoast SEO plugin. -->","yoast_head_json":{"title":"Vro\u010dinski val in ekstremna su\u0161a \u0161kodo povzro\u010data tudi v Podravju - Hudo Slovenija","robots":{"index":"index","follow":"follow","max-snippet":"max-snippet:-1","max-image-preview":"max-image-preview:large","max-video-preview":"max-video-preview:-1"},"canonical":"https:\/\/hudo.com\/si\/aktualno\/vrocinski-val-in-ekstremna-susa-skodo-povzrocata-tudi-v-podravju\/","og_locale":"sl_SI","og_type":"article","og_title":"Vro\u010dinski val in ekstremna su\u0161a \u0161kodo povzro\u010data tudi v Podravju - Hudo Slovenija","og_description":"Kategorija: Slovenija Fri, 04 Aug 2017 12:14:00 +0200 Maribor - Vro\u010dinski val in ekstremne su\u0161ne razmere so se te dni za\u010dele zaostrovati tudi v Podravju, kjer so v nekaterih delih lokalne padavine stanje sicer za\u010dasno popravile, a so se kmetijska tla zaradi vro\u010dine v nekaj dneh spet izsu\u0161ila. Na Kmetijsko-gozdarskem zavodu Maribor od dr\u017eave pri\u010dakujejo, da se bo na te\u017eave kmetov pravilno in pravo\u010dasno odzvala. Kot je povedal direktor mariborskega zavoda Stane Klemen\u010di\u010d, je bila na njihovem obmo\u010dju \u017ee razporeditev zimskih padavin skromna, spomladansko-poletne padavine pa precej odstopajo od dolgoletnega povpre\u010dja. \u00bbUgotavljamo, da je povpre\u010dje pomanjkanja padavin prese\u017eeno za 45 do 48 odstotkov, kar zagotovo zelo vpliva na vegetacijo. Prizadete so predvsem tiste rastline, ki imajo manj obse\u017een koreninski sistem, hkrati pa je stanje precej odvisno tudi od tipa tal,\u00ab je dejal Klemen\u010di\u010d. Velike izpade pridelka v Podravju ugotavljajo predvsem\u00a0...","og_url":"https:\/\/hudo.com\/si\/aktualno\/vrocinski-val-in-ekstremna-susa-skodo-povzrocata-tudi-v-podravju\/","og_site_name":"Hudo Slovenija","article_publisher":"https:\/\/www.facebook.com\/hudo.si","article_published_time":"2017-08-04T08:14:00+00:00","og_image":[{"width":480,"height":290,"url":"https:\/\/hudo.com\/si\/wp-content\/uploads\/sites\/2\/2017\/08\/480x290_Delo_Foto-20130802093115-21580900.jpeg","type":"image\/jpeg"}],"author":"hudo","twitter_card":"summary_large_image","twitter_creator":"@hudo_si","twitter_site":"@hudo_si","twitter_misc":{"Written by":"hudo","Est. reading time":"1 minuta"},"schema":{"@context":"https:\/\/schema.org","@graph":[{"@type":"Article","@id":"https:\/\/hudo.com\/si\/aktualno\/vrocinski-val-in-ekstremna-susa-skodo-povzrocata-tudi-v-podravju\/#article","isPartOf":{"@id":"https:\/\/hudo.com\/si\/aktualno\/vrocinski-val-in-ekstremna-susa-skodo-povzrocata-tudi-v-podravju\/"},"author":{"name":"hudo","@id":"https:\/\/hudo.com\/si\/#\/schema\/person\/601cf3379633985b20f7e50f2bb47707"},"headline":"Vro\u010dinski val in ekstremna su\u0161a \u0161kodo povzro\u010data tudi v Podravju","datePublished":"2017-08-04T08:14:00+00:00","dateModified":"2017-08-04T08:14:00+00:00","mainEntityOfPage":{"@id":"https:\/\/hudo.com\/si\/aktualno\/vrocinski-val-in-ekstremna-susa-skodo-povzrocata-tudi-v-podravju\/"},"wordCount":164,"publisher":{"@id":"https:\/\/hudo.com\/si\/#organization"},"articleSection":["Aktualno"],"inLanguage":"sl-SI"},{"@type":"WebPage","@id":"https:\/\/hudo.com\/si\/aktualno\/vrocinski-val-in-ekstremna-susa-skodo-povzrocata-tudi-v-podravju\/","url":"https:\/\/hudo.com\/si\/aktualno\/vrocinski-val-in-ekstremna-susa-skodo-povzrocata-tudi-v-podravju\/","name":"Vro\u010dinski val in ekstremna su\u0161a \u0161kodo povzro\u010data tudi v Podravju - Hudo Slovenija","isPartOf":{"@id":"https:\/\/hudo.com\/si\/#website"},"datePublished":"2017-08-04T08:14:00+00:00","dateModified":"2017-08-04T08:14:00+00:00","breadcrumb":{"@id":"https:\/\/hudo.com\/si\/aktualno\/vrocinski-val-in-ekstremna-susa-skodo-povzrocata-tudi-v-podravju\/#breadcrumb"},"inLanguage":"sl-SI","potentialAction":[{"@type":"ReadAction","target":["https:\/\/hudo.com\/si\/aktualno\/vrocinski-val-in-ekstremna-susa-skodo-povzrocata-tudi-v-podravju\/"]}]},{"@type":"BreadcrumbList","@id":"https:\/\/hudo.com\/si\/aktualno\/vrocinski-val-in-ekstremna-susa-skodo-povzrocata-tudi-v-podravju\/#breadcrumb","itemListElement":[{"@type":"ListItem","position":1,"name":"Home","item":"https:\/\/hudo.com\/si\/"},{"@type":"ListItem","position":2,"name":"Vro\u010dinski val in ekstremna su\u0161a \u0161kodo povzro\u010data tudi v Podravju"}]},{"@type":"WebSite","@id":"https:\/\/hudo.com\/si\/#website","url":"https:\/\/hudo.com\/si\/","name":"Hudo Slovenija","description":"Vse novice iz Slovenije in sveta","publisher":{"@id":"https:\/\/hudo.com\/si\/#organization"},"potentialAction":[{"@type":"SearchAction","target":{"@type":"EntryPoint","urlTemplate":"https:\/\/hudo.com\/si\/?s={search_term_string}"},"query-input":"required name=search_term_string"}],"inLanguage":"sl-SI"},{"@type":"Organization","@id":"https:\/\/hudo.com\/si\/#organization","name":"VSN Media","url":"https:\/\/hudo.com\/si\/","logo":{"@type":"ImageObject","inLanguage":"sl-SI","@id":"https:\/\/hudo.com\/si\/#\/schema\/logo\/image\/","url":"https:\/\/hudo.com\/si\/wp-content\/uploads\/sites\/2\/2021\/03\/hudo-app-2.png","contentUrl":"https:\/\/hudo.com\/si\/wp-content\/uploads\/sites\/2\/2021\/03\/hudo-app-2.png","width":2185,"height":2167,"caption":"VSN Media"},"image":{"@id":"https:\/\/hudo.com\/si\/#\/schema\/logo\/image\/"},"sameAs":["https:\/\/www.facebook.com\/hudo.si","https:\/\/twitter.com\/hudo_si"]},{"@type":"Person","@id":"https:\/\/hudo.com\/si\/#\/schema\/person\/601cf3379633985b20f7e50f2bb47707","name":"hudo","image":{"@type":"ImageObject","inLanguage":"sl-SI","@id":"https:\/\/hudo.com\/si\/#\/schema\/person\/image\/","url":"https:\/\/secure.gravatar.com\/avatar\/c4ca25fa72cace7a696b52ff5db9e095?s=96&d=mm&r=g","contentUrl":"https:\/\/secure.gravatar.com\/avatar\/c4ca25fa72cace7a696b52ff5db9e095?s=96&d=mm&r=g","caption":"hudo"},"url":"https:\/\/hudo.com\/si\/author\/hudo\/"}]}},"amp_enabled":true,"_links":{"self":[{"href":"https:\/\/hudo.com\/si\/wp-json\/wp\/v2\/posts\/284250"}],"collection":[{"href":"https:\/\/hudo.com\/si\/wp-json\/wp\/v2\/posts"}],"about":[{"href":"https:\/\/hudo.com\/si\/wp-json\/wp\/v2\/types\/post"}],"author":[{"embeddable":true,"href":"https:\/\/hudo.com\/si\/wp-json\/wp\/v2\/users\/1"}],"replies":[{"embeddable":true,"href":"https:\/\/hudo.com\/si\/wp-json\/wp\/v2\/comments?post=284250"}],"version-history":[{"count":0,"href":"https:\/\/hudo.com\/si\/wp-json\/wp\/v2\/posts\/284250\/revisions"}],"wp:attachment":[{"href":"https:\/\/hudo.com\/si\/wp-json\/wp\/v2\/media?parent=284250"}],"wp:term":[{"taxonomy":"category","embeddable":true,"href":"https:\/\/hudo.com\/si\/wp-json\/wp\/v2\/categories?post=284250"},{"taxonomy":"post_tag","embeddable":true,"href":"https:\/\/hudo.com\/si\/wp-json\/wp\/v2\/tags?post=284250"},{"taxonomy":"source","embeddable":true,"href":"https:\/\/hudo.com\/si\/wp-json\/wp\/v2\/source?post=284250"},{"taxonomy":"supertag","embeddable":true,"href":"https:\/\/hudo.com\/si\/wp-json\/wp\/v2\/supertag?post=284250"}],"curies":[{"name":"wp","href":"https:\/\/api.w.org\/{rel}","templated":true}]}}