{"id":28458,"date":"2016-04-13T11:24:00","date_gmt":"2016-04-13T09:24:00","guid":{"rendered":"http:\/\/hudo.com\/si\/2016\/04\/13\/v-slovenijo-do-konca-aprila-deset-eritrejcev\/"},"modified":"2016-04-13T11:24:00","modified_gmt":"2016-04-13T09:24:00","slug":"v-slovenijo-do-konca-aprila-deset-eritrejcev","status":"publish","type":"post","link":"https:\/\/hudo.com\/si\/aktualno\/v-slovenijo-do-konca-aprila-deset-eritrejcev\/","title":{"rendered":"V Slovenijo do konca aprila deset Eritrejcev"},"content":{"rendered":"<p>Kategorija: Slovenija Wed, 13 Apr 2016 13:24:00 +0200  Ljubljana \u2212 Na ministrstvu za notranje zadeve so nam povedali, da bo pri\u0161lo deset dr\u017eavljanov Eritreje, in sicer devet mo\u0161kih in ena \u017eenska, ki so zdaj v Italiji. Pri\u010dakujejo jih najkasneje v 14 dneh. Najprej bodo nastanjeni v azilnem domu, po priznanju statusa begunca pa se bodo preselili v integracijske hi\u0161e. Slovenija je \u017ee pred \u010dasom obvestila Gr\u010dijo in Italijo, da lahko v okviru na\u010drta premestitve sprejme do 40 ljudi na mesec. Italija se je odzvala, iz Gr\u010dije, kamor so prav tako poslali osnovne parametre, kakor se je izrazil Bo\u0161tjan \u0160efic, dr\u017eavni sekretar na ministrstvu za notranje zadeve, pa \u0161e nimajo nobenih odgovorov, tako da \u0161e ni znano, niti kdaj niti koliko ljudi naj bi premestili od tam.Na\u0161a dr\u017eava naj bi, po na\u010drtu o premestitvi EU, v obdobju dveh let sprejela\u00a0&#8230;<\/p>\n","protected":false},"excerpt":{"rendered":"<p>Kategorija: Slovenija Wed, 13 Apr 2016 13:24:00 +0200  Ljubljana \u2212 Na ministrstvu za notranje zadeve so nam povedali, da bo pri\u0161lo deset dr\u017eavljanov Eritreje, in sicer devet mo\u0161kih in ena \u017eenska, ki so zdaj v Italiji. Pri\u010dakujejo jih najkasneje v 14 dneh. Najprej bodo nastanjeni v azilnem domu, po priznanju statusa begunca pa se bodo preselili v integracijske hi\u0161e. Slovenija je \u017ee pred \u010dasom obvestila Gr\u010dijo in Italijo, da lahko v okviru na\u010drta premestitve sprejme do 40 ljudi na mesec. Italija se je odzvala, iz Gr\u010dije, kamor so prav tako poslali osnovne parametre, kakor se je izrazil Bo\u0161tjan \u0160efic, dr\u017eavni sekretar na ministrstvu za notranje zadeve, pa \u0161e nimajo nobenih odgovorov, tako da \u0161e ni znano, niti kdaj niti koliko ljudi naj bi premestili od tam.Na\u0161a dr\u017eava naj bi, po na\u010drtu o premestitvi EU, v obdobju dveh let sprejela\u00a0&#8230;<\/p>\n","protected":false},"author":1,"featured_media":0,"comment_status":"closed","ping_status":"closed","sticky":false,"template":"","format":"standard","meta":{"footnotes":""},"categories":[1179],"tags":[],"source":[4511],"supertag":[],"acf":[],"yoast_head":"<!-- This site is optimized with the Yoast SEO plugin v21.3 - https:\/\/yoast.com\/wordpress\/plugins\/seo\/ -->\n<title>V Slovenijo do konca aprila deset Eritrejcev - Hudo Slovenija<\/title>\n<meta name=\"robots\" content=\"index, follow, max-snippet:-1, max-image-preview:large, max-video-preview:-1\" \/>\n<link rel=\"canonical\" href=\"https:\/\/hudo.com\/si\/aktualno\/v-slovenijo-do-konca-aprila-deset-eritrejcev\/\" \/>\n<meta property=\"og:locale\" content=\"sl_SI\" \/>\n<meta property=\"og:type\" content=\"article\" \/>\n<meta property=\"og:title\" content=\"V Slovenijo do konca aprila deset Eritrejcev - Hudo Slovenija\" \/>\n<meta property=\"og:description\" content=\"Kategorija: Slovenija Wed, 13 Apr 2016 13:24:00 +0200 Ljubljana \u2212 Na ministrstvu za notranje zadeve so nam povedali, da bo pri\u0161lo deset dr\u017eavljanov Eritreje, in sicer devet mo\u0161kih in ena \u017eenska, ki so zdaj v Italiji. Pri\u010dakujejo jih najkasneje v 14 dneh. Najprej bodo nastanjeni v azilnem domu, po priznanju statusa begunca pa se bodo preselili v integracijske hi\u0161e. Slovenija je \u017ee pred \u010dasom obvestila Gr\u010dijo in Italijo, da lahko v okviru na\u010drta premestitve sprejme do 40 ljudi na mesec. Italija se je odzvala, iz Gr\u010dije, kamor so prav tako poslali osnovne parametre, kakor se je izrazil Bo\u0161tjan \u0160efic, dr\u017eavni sekretar na ministrstvu za notranje zadeve, pa \u0161e nimajo nobenih odgovorov, tako da \u0161e ni znano, niti kdaj niti koliko ljudi naj bi premestili od tam.Na\u0161a dr\u017eava naj bi, po na\u010drtu o premestitvi EU, v obdobju dveh let sprejela\u00a0...\" \/>\n<meta property=\"og:url\" content=\"https:\/\/hudo.com\/si\/aktualno\/v-slovenijo-do-konca-aprila-deset-eritrejcev\/\" \/>\n<meta property=\"og:site_name\" content=\"Hudo Slovenija\" \/>\n<meta property=\"article:publisher\" content=\"https:\/\/www.facebook.com\/hudo.si\" \/>\n<meta property=\"article:published_time\" content=\"2016-04-13T09:24:00+00:00\" \/>\n<meta property=\"og:image\" content=\"https:\/\/hudo.com\/si\/wp-content\/uploads\/sites\/2\/2016\/04\/480x290_Reuters_Pictures-20160302100025-47918600.jpeg\" \/>\n\t<meta property=\"og:image:width\" content=\"480\" \/>\n\t<meta property=\"og:image:height\" content=\"290\" \/>\n\t<meta property=\"og:image:type\" content=\"image\/jpeg\" \/>\n<meta name=\"author\" content=\"hudo\" \/>\n<meta name=\"twitter:card\" content=\"summary_large_image\" \/>\n<meta name=\"twitter:creator\" content=\"@hudo_si\" \/>\n<meta name=\"twitter:site\" content=\"@hudo_si\" \/>\n<meta name=\"twitter:label1\" content=\"Written by\" \/>\n\t<meta name=\"twitter:data1\" content=\"hudo\" \/>\n\t<meta name=\"twitter:label2\" content=\"Est. reading time\" \/>\n\t<meta name=\"twitter:data2\" content=\"1 minuta\" \/>\n<script type=\"application\/ld+json\" class=\"yoast-schema-graph\">{\"@context\":\"https:\/\/schema.org\",\"@graph\":[{\"@type\":\"Article\",\"@id\":\"https:\/\/hudo.com\/si\/aktualno\/v-slovenijo-do-konca-aprila-deset-eritrejcev\/#article\",\"isPartOf\":{\"@id\":\"https:\/\/hudo.com\/si\/aktualno\/v-slovenijo-do-konca-aprila-deset-eritrejcev\/\"},\"author\":{\"name\":\"hudo\",\"@id\":\"https:\/\/hudo.com\/si\/#\/schema\/person\/601cf3379633985b20f7e50f2bb47707\"},\"headline\":\"V Slovenijo do konca aprila deset Eritrejcev\",\"datePublished\":\"2016-04-13T09:24:00+00:00\",\"dateModified\":\"2016-04-13T09:24:00+00:00\",\"mainEntityOfPage\":{\"@id\":\"https:\/\/hudo.com\/si\/aktualno\/v-slovenijo-do-konca-aprila-deset-eritrejcev\/\"},\"wordCount\":153,\"publisher\":{\"@id\":\"https:\/\/hudo.com\/si\/#organization\"},\"articleSection\":[\"Aktualno\"],\"inLanguage\":\"sl-SI\"},{\"@type\":\"WebPage\",\"@id\":\"https:\/\/hudo.com\/si\/aktualno\/v-slovenijo-do-konca-aprila-deset-eritrejcev\/\",\"url\":\"https:\/\/hudo.com\/si\/aktualno\/v-slovenijo-do-konca-aprila-deset-eritrejcev\/\",\"name\":\"V Slovenijo do konca aprila deset Eritrejcev - Hudo Slovenija\",\"isPartOf\":{\"@id\":\"https:\/\/hudo.com\/si\/#website\"},\"datePublished\":\"2016-04-13T09:24:00+00:00\",\"dateModified\":\"2016-04-13T09:24:00+00:00\",\"breadcrumb\":{\"@id\":\"https:\/\/hudo.com\/si\/aktualno\/v-slovenijo-do-konca-aprila-deset-eritrejcev\/#breadcrumb\"},\"inLanguage\":\"sl-SI\",\"potentialAction\":[{\"@type\":\"ReadAction\",\"target\":[\"https:\/\/hudo.com\/si\/aktualno\/v-slovenijo-do-konca-aprila-deset-eritrejcev\/\"]}]},{\"@type\":\"BreadcrumbList\",\"@id\":\"https:\/\/hudo.com\/si\/aktualno\/v-slovenijo-do-konca-aprila-deset-eritrejcev\/#breadcrumb\",\"itemListElement\":[{\"@type\":\"ListItem\",\"position\":1,\"name\":\"Home\",\"item\":\"https:\/\/hudo.com\/si\/\"},{\"@type\":\"ListItem\",\"position\":2,\"name\":\"V Slovenijo do konca aprila deset Eritrejcev\"}]},{\"@type\":\"WebSite\",\"@id\":\"https:\/\/hudo.com\/si\/#website\",\"url\":\"https:\/\/hudo.com\/si\/\",\"name\":\"Hudo Slovenija\",\"description\":\"Vse novice iz Slovenije in sveta\",\"publisher\":{\"@id\":\"https:\/\/hudo.com\/si\/#organization\"},\"potentialAction\":[{\"@type\":\"SearchAction\",\"target\":{\"@type\":\"EntryPoint\",\"urlTemplate\":\"https:\/\/hudo.com\/si\/?s={search_term_string}\"},\"query-input\":\"required name=search_term_string\"}],\"inLanguage\":\"sl-SI\"},{\"@type\":\"Organization\",\"@id\":\"https:\/\/hudo.com\/si\/#organization\",\"name\":\"VSN Media\",\"url\":\"https:\/\/hudo.com\/si\/\",\"logo\":{\"@type\":\"ImageObject\",\"inLanguage\":\"sl-SI\",\"@id\":\"https:\/\/hudo.com\/si\/#\/schema\/logo\/image\/\",\"url\":\"https:\/\/hudo.com\/si\/wp-content\/uploads\/sites\/2\/2021\/03\/hudo-app-2.png\",\"contentUrl\":\"https:\/\/hudo.com\/si\/wp-content\/uploads\/sites\/2\/2021\/03\/hudo-app-2.png\",\"width\":2185,\"height\":2167,\"caption\":\"VSN Media\"},\"image\":{\"@id\":\"https:\/\/hudo.com\/si\/#\/schema\/logo\/image\/\"},\"sameAs\":[\"https:\/\/www.facebook.com\/hudo.si\",\"https:\/\/twitter.com\/hudo_si\"]},{\"@type\":\"Person\",\"@id\":\"https:\/\/hudo.com\/si\/#\/schema\/person\/601cf3379633985b20f7e50f2bb47707\",\"name\":\"hudo\",\"image\":{\"@type\":\"ImageObject\",\"inLanguage\":\"sl-SI\",\"@id\":\"https:\/\/hudo.com\/si\/#\/schema\/person\/image\/\",\"url\":\"https:\/\/secure.gravatar.com\/avatar\/c4ca25fa72cace7a696b52ff5db9e095?s=96&d=mm&r=g\",\"contentUrl\":\"https:\/\/secure.gravatar.com\/avatar\/c4ca25fa72cace7a696b52ff5db9e095?s=96&d=mm&r=g\",\"caption\":\"hudo\"},\"url\":\"https:\/\/hudo.com\/si\/author\/hudo\/\"}]}<\/script>\n<!-- \/ Yoast SEO plugin. -->","yoast_head_json":{"title":"V Slovenijo do konca aprila deset Eritrejcev - Hudo Slovenija","robots":{"index":"index","follow":"follow","max-snippet":"max-snippet:-1","max-image-preview":"max-image-preview:large","max-video-preview":"max-video-preview:-1"},"canonical":"https:\/\/hudo.com\/si\/aktualno\/v-slovenijo-do-konca-aprila-deset-eritrejcev\/","og_locale":"sl_SI","og_type":"article","og_title":"V Slovenijo do konca aprila deset Eritrejcev - Hudo Slovenija","og_description":"Kategorija: Slovenija Wed, 13 Apr 2016 13:24:00 +0200 Ljubljana \u2212 Na ministrstvu za notranje zadeve so nam povedali, da bo pri\u0161lo deset dr\u017eavljanov Eritreje, in sicer devet mo\u0161kih in ena \u017eenska, ki so zdaj v Italiji. Pri\u010dakujejo jih najkasneje v 14 dneh. Najprej bodo nastanjeni v azilnem domu, po priznanju statusa begunca pa se bodo preselili v integracijske hi\u0161e. Slovenija je \u017ee pred \u010dasom obvestila Gr\u010dijo in Italijo, da lahko v okviru na\u010drta premestitve sprejme do 40 ljudi na mesec. Italija se je odzvala, iz Gr\u010dije, kamor so prav tako poslali osnovne parametre, kakor se je izrazil Bo\u0161tjan \u0160efic, dr\u017eavni sekretar na ministrstvu za notranje zadeve, pa \u0161e nimajo nobenih odgovorov, tako da \u0161e ni znano, niti kdaj niti koliko ljudi naj bi premestili od tam.Na\u0161a dr\u017eava naj bi, po na\u010drtu o premestitvi EU, v obdobju dveh let sprejela\u00a0...","og_url":"https:\/\/hudo.com\/si\/aktualno\/v-slovenijo-do-konca-aprila-deset-eritrejcev\/","og_site_name":"Hudo Slovenija","article_publisher":"https:\/\/www.facebook.com\/hudo.si","article_published_time":"2016-04-13T09:24:00+00:00","og_image":[{"width":480,"height":290,"url":"https:\/\/hudo.com\/si\/wp-content\/uploads\/sites\/2\/2016\/04\/480x290_Reuters_Pictures-20160302100025-47918600.jpeg","type":"image\/jpeg"}],"author":"hudo","twitter_card":"summary_large_image","twitter_creator":"@hudo_si","twitter_site":"@hudo_si","twitter_misc":{"Written by":"hudo","Est. reading time":"1 minuta"},"schema":{"@context":"https:\/\/schema.org","@graph":[{"@type":"Article","@id":"https:\/\/hudo.com\/si\/aktualno\/v-slovenijo-do-konca-aprila-deset-eritrejcev\/#article","isPartOf":{"@id":"https:\/\/hudo.com\/si\/aktualno\/v-slovenijo-do-konca-aprila-deset-eritrejcev\/"},"author":{"name":"hudo","@id":"https:\/\/hudo.com\/si\/#\/schema\/person\/601cf3379633985b20f7e50f2bb47707"},"headline":"V Slovenijo do konca aprila deset Eritrejcev","datePublished":"2016-04-13T09:24:00+00:00","dateModified":"2016-04-13T09:24:00+00:00","mainEntityOfPage":{"@id":"https:\/\/hudo.com\/si\/aktualno\/v-slovenijo-do-konca-aprila-deset-eritrejcev\/"},"wordCount":153,"publisher":{"@id":"https:\/\/hudo.com\/si\/#organization"},"articleSection":["Aktualno"],"inLanguage":"sl-SI"},{"@type":"WebPage","@id":"https:\/\/hudo.com\/si\/aktualno\/v-slovenijo-do-konca-aprila-deset-eritrejcev\/","url":"https:\/\/hudo.com\/si\/aktualno\/v-slovenijo-do-konca-aprila-deset-eritrejcev\/","name":"V Slovenijo do konca aprila deset Eritrejcev - Hudo Slovenija","isPartOf":{"@id":"https:\/\/hudo.com\/si\/#website"},"datePublished":"2016-04-13T09:24:00+00:00","dateModified":"2016-04-13T09:24:00+00:00","breadcrumb":{"@id":"https:\/\/hudo.com\/si\/aktualno\/v-slovenijo-do-konca-aprila-deset-eritrejcev\/#breadcrumb"},"inLanguage":"sl-SI","potentialAction":[{"@type":"ReadAction","target":["https:\/\/hudo.com\/si\/aktualno\/v-slovenijo-do-konca-aprila-deset-eritrejcev\/"]}]},{"@type":"BreadcrumbList","@id":"https:\/\/hudo.com\/si\/aktualno\/v-slovenijo-do-konca-aprila-deset-eritrejcev\/#breadcrumb","itemListElement":[{"@type":"ListItem","position":1,"name":"Home","item":"https:\/\/hudo.com\/si\/"},{"@type":"ListItem","position":2,"name":"V Slovenijo do konca aprila deset Eritrejcev"}]},{"@type":"WebSite","@id":"https:\/\/hudo.com\/si\/#website","url":"https:\/\/hudo.com\/si\/","name":"Hudo Slovenija","description":"Vse novice iz Slovenije in sveta","publisher":{"@id":"https:\/\/hudo.com\/si\/#organization"},"potentialAction":[{"@type":"SearchAction","target":{"@type":"EntryPoint","urlTemplate":"https:\/\/hudo.com\/si\/?s={search_term_string}"},"query-input":"required name=search_term_string"}],"inLanguage":"sl-SI"},{"@type":"Organization","@id":"https:\/\/hudo.com\/si\/#organization","name":"VSN Media","url":"https:\/\/hudo.com\/si\/","logo":{"@type":"ImageObject","inLanguage":"sl-SI","@id":"https:\/\/hudo.com\/si\/#\/schema\/logo\/image\/","url":"https:\/\/hudo.com\/si\/wp-content\/uploads\/sites\/2\/2021\/03\/hudo-app-2.png","contentUrl":"https:\/\/hudo.com\/si\/wp-content\/uploads\/sites\/2\/2021\/03\/hudo-app-2.png","width":2185,"height":2167,"caption":"VSN Media"},"image":{"@id":"https:\/\/hudo.com\/si\/#\/schema\/logo\/image\/"},"sameAs":["https:\/\/www.facebook.com\/hudo.si","https:\/\/twitter.com\/hudo_si"]},{"@type":"Person","@id":"https:\/\/hudo.com\/si\/#\/schema\/person\/601cf3379633985b20f7e50f2bb47707","name":"hudo","image":{"@type":"ImageObject","inLanguage":"sl-SI","@id":"https:\/\/hudo.com\/si\/#\/schema\/person\/image\/","url":"https:\/\/secure.gravatar.com\/avatar\/c4ca25fa72cace7a696b52ff5db9e095?s=96&d=mm&r=g","contentUrl":"https:\/\/secure.gravatar.com\/avatar\/c4ca25fa72cace7a696b52ff5db9e095?s=96&d=mm&r=g","caption":"hudo"},"url":"https:\/\/hudo.com\/si\/author\/hudo\/"}]}},"amp_enabled":true,"_links":{"self":[{"href":"https:\/\/hudo.com\/si\/wp-json\/wp\/v2\/posts\/28458"}],"collection":[{"href":"https:\/\/hudo.com\/si\/wp-json\/wp\/v2\/posts"}],"about":[{"href":"https:\/\/hudo.com\/si\/wp-json\/wp\/v2\/types\/post"}],"author":[{"embeddable":true,"href":"https:\/\/hudo.com\/si\/wp-json\/wp\/v2\/users\/1"}],"replies":[{"embeddable":true,"href":"https:\/\/hudo.com\/si\/wp-json\/wp\/v2\/comments?post=28458"}],"version-history":[{"count":0,"href":"https:\/\/hudo.com\/si\/wp-json\/wp\/v2\/posts\/28458\/revisions"}],"wp:attachment":[{"href":"https:\/\/hudo.com\/si\/wp-json\/wp\/v2\/media?parent=28458"}],"wp:term":[{"taxonomy":"category","embeddable":true,"href":"https:\/\/hudo.com\/si\/wp-json\/wp\/v2\/categories?post=28458"},{"taxonomy":"post_tag","embeddable":true,"href":"https:\/\/hudo.com\/si\/wp-json\/wp\/v2\/tags?post=28458"},{"taxonomy":"source","embeddable":true,"href":"https:\/\/hudo.com\/si\/wp-json\/wp\/v2\/source?post=28458"},{"taxonomy":"supertag","embeddable":true,"href":"https:\/\/hudo.com\/si\/wp-json\/wp\/v2\/supertag?post=28458"}],"curies":[{"name":"wp","href":"https:\/\/api.w.org\/{rel}","templated":true}]}}